{"id":9946,"date":"2017-05-24T21:55:57","date_gmt":"2017-05-25T02:55:57","guid":{"rendered":"http:\/\/www.dev.nitu.mx\/?p=9946"},"modified":"2017-05-24T23:49:09","modified_gmt":"2017-05-25T04:49:09","slug":"proposiciones-de-sct-afectaran-negativamente-a-la-aviacion-advierte-cofece","status":"publish","type":"post","link":"https:\/\/nitu.mx\/index.php\/2017\/05\/24\/proposiciones-de-sct-afectaran-negativamente-a-la-aviacion-advierte-cofece\/","title":{"rendered":"Proposiciones de SCT afectar\u00e1n negativamente a la aviaci\u00f3n, advierte Cofece"},"content":{"rendered":"<p>La Comisi\u00f3n Federal de Competencia Econ\u00f3mica (Cofece) expres\u00f3 que los anteproyectos de la Secretar\u00eda de Comunicaciones (SCT) sobre slots y demoras por las que autoridades podr\u00edan multar a las aerol\u00edneas, resultar\u00edan en incertidumbre y poca transparencia. (<a title=\"Por retrasos, aerol\u00edneas pierden 18% de derechos de slots en AICM\" href=\"http:\/\/www.dev.nitu.mx\/index.php\/2017\/04\/17\/por-retrasos-aerolineas-pierden-18-de-derechos-de-slots-en-aicm\/\" rel=\"bookmark\">Por retrasos, aerol\u00edneas pierden 18% de derechos de slots en AICM<\/a>).<\/p>\n<p>La SCT elabor\u00f3 los anteproyectos &#8220;Decreto por el que se reforma y adiciona el Reglamento de la Ley de Aeropuertos&#8221; y &#8220;las Bases Generales para la Asignaci\u00f3n de Horarios de Aterrizaje y Despegue en Aeropuertos en Condiciones de Saturaci\u00f3n&#8221;, refiere Expansion.mx.<\/p>\n<p>Estas modificaciones propuestas al reglamento buscan crear un \u201cCoordinador de horarios\u201d que se encargue de supervisar, evaluar y calificar el cumplimiento de los slots en aeropuertos con condiciones de saturaci\u00f3n, as\u00ed como un \u201cSubcomit\u00e9 de Demoras\u201d, que ser\u00eda el encargado de determinar a los responsables y causas de las demoras o cancelaciones de dichos horarios, de acuerdo con el comunicado.<\/p>\n<p>Sin embargo, a partir de un an\u00e1lisis que realiz\u00f3 de los proyectos, el regulador detect\u00f3 &#8220;inconsistencias y espacios de discrecionalidad a favor de las autoridades aeroportuarias en las modificaciones planteadas por la SCT, lo que resultar\u00eda en incertidumbre y poca transparencia en los procedimientos normados por los anteproyectos presentados&#8221;, se lee en el comunicado del regulador.<\/p>\n<p>Estos son los argumentos que la Cofece da al respecto:<\/p>\n<p>Las atribuciones del &#8220;Coordinador de horarios&#8221; son limitadas y podr\u00edan estar desapegadas a las funciones previstas en las directrices mundiales de slots.<\/p>\n<p>Los anteproyectos no tienen reglas claras que garanticen la independencia t\u00e9cnica y financiera de este coordinador con las aerol\u00edneas, y las entidades gubernamentales y aeroportuarias.<\/p>\n<p>El dise\u00f1o de la toma de decisiones, que est\u00e1n sujetas a otros \u00f3rganos vinculados al aeropuerto, incumple el elemento central de independencia.<\/p>\n<p>Sobre que el &#8220;subcomit\u00e9 de demoras&#8221; tenga la facultad para determinar a los responsables por cancelaciones o demoras, la Cofece considera que es m\u00e1s eficiente si ella tiene la atribuci\u00f3n para determinar esto, as\u00ed como para asignar horarios.<\/p>\n<p>Con las propuestas de la SCT, se establecen criterios de selecci\u00f3n de los horarios m\u00e1s atractivos, a favor de los actuales operadores a\u00e9reos en detrimento de futuros entrantes. Asimismo, no son lo suficientemente claras para limitar posibles abusos en la conservaci\u00f3n de horarios no utilizados adecuadamente.<\/p>\n","protected":false},"excerpt":{"rendered":"<p>La Comisi\u00f3n Federal de Competencia Econ\u00f3mica (Cofece) expres\u00f3 que los anteproyectos de la Secretar\u00eda de Comunicaciones (SCT) sobre slots y demoras por las que autoridades podr\u00edan multar a las aerol\u00edneas, resultar\u00edan en incertidumbre y poca transparencia. (Por retrasos, aerol\u00edneas pierden 18% de derechos de slots en AICM). La SCT elabor\u00f3 los anteproyectos &#8220;Decreto por el [&hellip;]<\/p>\n","protected":false},"author":17,"featured_media":7483,"comment_status":"open","ping_status":"open","sticky":false,"template":"","format":"standard","meta":{"footnotes":""},"categories":[29,6],"tags":[765,68,700],"yoast_head":"<!-- This site is optimized with the Yoast SEO plugin v22.2 - https:\/\/yoast.com\/wordpress\/plugins\/seo\/ -->\n<title>Proposiciones de SCT afectar\u00e1n negativamente a la aviaci\u00f3n, advierte Cofece - Nitu - Noticias de la Industria Turistica<\/title>\n<meta name=\"description\" content=\"La Cofece expres\u00f3 que los anteproyectos de la SCT sobre slots y demoras, resultar\u00edan en incertidumbre y poca transparencia.\" \/>\n<meta name=\"robots\" content=\"index, follow, max-snippet:-1, max-image-preview:large, max-video-preview:-1\" \/>\n<link rel=\"canonical\" href=\"https:\/\/nitu.mx\/index.php\/2017\/05\/24\/proposiciones-de-sct-afectaran-negativamente-a-la-aviacion-advierte-cofece\/\" \/>\n<meta name=\"twitter:card\" content=\"summary_large_image\" \/>\n<meta name=\"twitter:title\" content=\"Proposiciones de SCT afectar\u00e1n negativamente a la aviaci\u00f3n, advierte Cofece - Nitu - Noticias de la Industria Turistica\" \/>\n<meta name=\"twitter:description\" content=\"La Cofece expres\u00f3 que los anteproyectos de la SCT sobre slots y demoras, resultar\u00edan en incertidumbre y poca transparencia.\" \/>\n<meta name=\"twitter:image\" content=\"https:\/\/nitu.mx\/wp-content\/uploads\/2017\/03\/Pista-saturada-AICM.jpg\" \/>\n<meta name=\"twitter:creator\" content=\"@NITUmx\" \/>\n<meta name=\"twitter:site\" content=\"@Arturo_Medina_G\" \/>\n<meta name=\"twitter:label1\" content=\"Escrito por\" \/>\n\t<meta name=\"twitter:data1\" content=\"Redacci\u00f3n\" \/>\n\t<meta name=\"twitter:label2\" content=\"Tiempo de lectura\" \/>\n\t<meta name=\"twitter:data2\" content=\"2 minutos\" \/>\n<script type=\"application\/ld+json\" class=\"yoast-schema-graph\">{\"@context\":\"https:\/\/schema.org\",\"@graph\":[{\"@type\":\"Article\",\"@id\":\"https:\/\/nitu.mx\/index.php\/2017\/05\/24\/proposiciones-de-sct-afectaran-negativamente-a-la-aviacion-advierte-cofece\/#article\",\"isPartOf\":{\"@id\":\"https:\/\/nitu.mx\/index.php\/2017\/05\/24\/proposiciones-de-sct-afectaran-negativamente-a-la-aviacion-advierte-cofece\/\"},\"author\":{\"name\":\"Redacci\u00f3n\",\"@id\":\"https:\/\/nitu.mx\/#\/schema\/person\/4a28fe9bd65924f7c90623773daf1b0b\"},\"headline\":\"Proposiciones de SCT afectar\u00e1n negativamente a la aviaci\u00f3n, advierte Cofece\",\"datePublished\":\"2017-05-25T02:55:57+00:00\",\"dateModified\":\"2017-05-25T04:49:09+00:00\",\"mainEntityOfPage\":{\"@id\":\"https:\/\/nitu.mx\/index.php\/2017\/05\/24\/proposiciones-de-sct-afectaran-negativamente-a-la-aviacion-advierte-cofece\/\"},\"wordCount\":403,\"commentCount\":0,\"publisher\":{\"@id\":\"https:\/\/nitu.mx\/#\/schema\/person\/ae7a53426417292d3dd07b45a33e01bc\"},\"image\":{\"@id\":\"https:\/\/nitu.mx\/index.php\/2017\/05\/24\/proposiciones-de-sct-afectaran-negativamente-a-la-aviacion-advierte-cofece\/#primaryimage\"},\"thumbnailUrl\":\"https:\/\/nitu.mx\/wp-content\/uploads\/2017\/03\/Pista-saturada-AICM.jpg\",\"keywords\":[\"Comisi\u00f3n Federal de Competencia Econ\u00f3mica (Cofece)\",\"M\u00e9xico\",\"Secretar\u00eda de Comunicaciones y Transportes (SCT)\"],\"articleSection\":[\"Aerol\u00edneas\",\"M\u00e9xico\"],\"inLanguage\":\"es-MX\",\"potentialAction\":[{\"@type\":\"CommentAction\",\"name\":\"Comment\",\"target\":[\"https:\/\/nitu.mx\/index.php\/2017\/05\/24\/proposiciones-de-sct-afectaran-negativamente-a-la-aviacion-advierte-cofece\/#respond\"]}]},{\"@type\":\"WebPage\",\"@id\":\"https:\/\/nitu.mx\/index.php\/2017\/05\/24\/proposiciones-de-sct-afectaran-negativamente-a-la-aviacion-advierte-cofece\/\",\"url\":\"https:\/\/nitu.mx\/index.php\/2017\/05\/24\/proposiciones-de-sct-afectaran-negativamente-a-la-aviacion-advierte-cofece\/\",\"name\":\"Proposiciones de SCT afectar\u00e1n negativamente a la aviaci\u00f3n, advierte Cofece - Nitu - Noticias de la Industria Turistica\",\"isPartOf\":{\"@id\":\"https:\/\/nitu.mx\/#website\"},\"primaryImageOfPage\":{\"@id\":\"https:\/\/nitu.mx\/index.php\/2017\/05\/24\/proposiciones-de-sct-afectaran-negativamente-a-la-aviacion-advierte-cofece\/#primaryimage\"},\"image\":{\"@id\":\"https:\/\/nitu.mx\/index.php\/2017\/05\/24\/proposiciones-de-sct-afectaran-negativamente-a-la-aviacion-advierte-cofece\/#primaryimage\"},\"thumbnailUrl\":\"https:\/\/nitu.mx\/wp-content\/uploads\/2017\/03\/Pista-saturada-AICM.jpg\",\"datePublished\":\"2017-05-25T02:55:57+00:00\",\"dateModified\":\"2017-05-25T04:49:09+00:00\",\"description\":\"La Cofece expres\u00f3 que los anteproyectos de la SCT sobre slots y demoras, resultar\u00edan en incertidumbre y poca transparencia.\",\"breadcrumb\":{\"@id\":\"https:\/\/nitu.mx\/index.php\/2017\/05\/24\/proposiciones-de-sct-afectaran-negativamente-a-la-aviacion-advierte-cofece\/#breadcrumb\"},\"inLanguage\":\"es-MX\",\"potentialAction\":[{\"@type\":\"ReadAction\",\"target\":[\"https:\/\/nitu.mx\/index.php\/2017\/05\/24\/proposiciones-de-sct-afectaran-negativamente-a-la-aviacion-advierte-cofece\/\"]}]},{\"@type\":\"ImageObject\",\"inLanguage\":\"es-MX\",\"@id\":\"https:\/\/nitu.mx\/index.php\/2017\/05\/24\/proposiciones-de-sct-afectaran-negativamente-a-la-aviacion-advierte-cofece\/#primaryimage\",\"url\":\"https:\/\/nitu.mx\/wp-content\/uploads\/2017\/03\/Pista-saturada-AICM.jpg\",\"contentUrl\":\"https:\/\/nitu.mx\/wp-content\/uploads\/2017\/03\/Pista-saturada-AICM.jpg\",\"width\":850,\"height\":480,\"caption\":\"slots aicm cofece\"},{\"@type\":\"BreadcrumbList\",\"@id\":\"https:\/\/nitu.mx\/index.php\/2017\/05\/24\/proposiciones-de-sct-afectaran-negativamente-a-la-aviacion-advierte-cofece\/#breadcrumb\",\"itemListElement\":[{\"@type\":\"ListItem\",\"position\":1,\"name\":\"Inicio\",\"item\":\"https:\/\/nitu.mx\/\"},{\"@type\":\"ListItem\",\"position\":2,\"name\":\"Proposiciones de SCT afectar\u00e1n negativamente a la aviaci\u00f3n, advierte Cofece\"}]},{\"@type\":\"WebSite\",\"@id\":\"https:\/\/nitu.mx\/#website\",\"url\":\"https:\/\/nitu.mx\/\",\"name\":\"Nitu - Noticias de la Industria Turistica\",\"description\":\"Noticias de la Industria Turistica\",\"publisher\":{\"@id\":\"https:\/\/nitu.mx\/#\/schema\/person\/ae7a53426417292d3dd07b45a33e01bc\"},\"alternateName\":\"Noticias de la Industria Turistica\",\"potentialAction\":[{\"@type\":\"SearchAction\",\"target\":{\"@type\":\"EntryPoint\",\"urlTemplate\":\"https:\/\/nitu.mx\/?s={search_term_string}\"},\"query-input\":\"required name=search_term_string\"}],\"inLanguage\":\"es-MX\"},{\"@type\":[\"Person\",\"Organization\"],\"@id\":\"https:\/\/nitu.mx\/#\/schema\/person\/ae7a53426417292d3dd07b45a33e01bc\",\"name\":\"Arturo Medina\",\"image\":{\"@type\":\"ImageObject\",\"inLanguage\":\"es-MX\",\"@id\":\"https:\/\/nitu.mx\/#\/schema\/person\/image\/\",\"url\":\"https:\/\/nitu.mx\/wp-content\/uploads\/2024\/04\/4A315622-1904-4D5C-B022-878CDC840E04-90x90-1.jpeg\",\"contentUrl\":\"https:\/\/nitu.mx\/wp-content\/uploads\/2024\/04\/4A315622-1904-4D5C-B022-878CDC840E04-90x90-1.jpeg\",\"width\":90,\"height\":90,\"caption\":\"Arturo Medina\"},\"logo\":{\"@id\":\"https:\/\/nitu.mx\/#\/schema\/person\/image\/\"},\"description\":\"Director NITU.mx, Egresado de la Escuela de Periodismo Carlos Septi\u00e9n Garc\u00eda. Periodista y analista especializado en turismo desde hace 35 a\u00f1os, radicado en Canc\u00fan Q.Roo. arturo@nitu.mx\",\"sameAs\":[\"https:\/\/nitu.mx\",\"https:\/\/www.facebook.com\/NITUmx\/\",\"medinacancun\",\"https:\/\/twitter.com\/@Arturo_Medina_G\"]},{\"@type\":\"Person\",\"@id\":\"https:\/\/nitu.mx\/#\/schema\/person\/4a28fe9bd65924f7c90623773daf1b0b\",\"name\":\"Redacci\u00f3n\",\"image\":{\"@type\":\"ImageObject\",\"inLanguage\":\"es-MX\",\"@id\":\"https:\/\/nitu.mx\/#\/schema\/person\/image\/\",\"url\":\"https:\/\/secure.gravatar.com\/avatar\/5dd011c8ccfc5cd7e4c81e42252aab38?s=96&d=mm&r=g\",\"contentUrl\":\"https:\/\/secure.gravatar.com\/avatar\/5dd011c8ccfc5cd7e4c81e42252aab38?s=96&d=mm&r=g\",\"caption\":\"Redacci\u00f3n\"},\"url\":\"https:\/\/nitu.mx\/index.php\/author\/redaccion\/\"}]}<\/script>\n<!-- \/ Yoast SEO plugin. -->","yoast_head_json":{"title":"Proposiciones de SCT afectar\u00e1n negativamente a la aviaci\u00f3n, advierte Cofece - Nitu - Noticias de la Industria Turistica","description":"La Cofece expres\u00f3 que los anteproyectos de la SCT sobre slots y demoras, resultar\u00edan en incertidumbre y poca transparencia.","robots":{"index":"index","follow":"follow","max-snippet":"max-snippet:-1","max-image-preview":"max-image-preview:large","max-video-preview":"max-video-preview:-1"},"canonical":"https:\/\/nitu.mx\/index.php\/2017\/05\/24\/proposiciones-de-sct-afectaran-negativamente-a-la-aviacion-advierte-cofece\/","twitter_card":"summary_large_image","twitter_title":"Proposiciones de SCT afectar\u00e1n negativamente a la aviaci\u00f3n, advierte Cofece - Nitu - Noticias de la Industria Turistica","twitter_description":"La Cofece expres\u00f3 que los anteproyectos de la SCT sobre slots y demoras, resultar\u00edan en incertidumbre y poca transparencia.","twitter_image":"https:\/\/nitu.mx\/wp-content\/uploads\/2017\/03\/Pista-saturada-AICM.jpg","twitter_creator":"@NITUmx","twitter_site":"@Arturo_Medina_G","twitter_misc":{"Escrito por":"Redacci\u00f3n","Tiempo de lectura":"2 minutos"},"schema":{"@context":"https:\/\/schema.org","@graph":[{"@type":"Article","@id":"https:\/\/nitu.mx\/index.php\/2017\/05\/24\/proposiciones-de-sct-afectaran-negativamente-a-la-aviacion-advierte-cofece\/#article","isPartOf":{"@id":"https:\/\/nitu.mx\/index.php\/2017\/05\/24\/proposiciones-de-sct-afectaran-negativamente-a-la-aviacion-advierte-cofece\/"},"author":{"name":"Redacci\u00f3n","@id":"https:\/\/nitu.mx\/#\/schema\/person\/4a28fe9bd65924f7c90623773daf1b0b"},"headline":"Proposiciones de SCT afectar\u00e1n negativamente a la aviaci\u00f3n, advierte Cofece","datePublished":"2017-05-25T02:55:57+00:00","dateModified":"2017-05-25T04:49:09+00:00","mainEntityOfPage":{"@id":"https:\/\/nitu.mx\/index.php\/2017\/05\/24\/proposiciones-de-sct-afectaran-negativamente-a-la-aviacion-advierte-cofece\/"},"wordCount":403,"commentCount":0,"publisher":{"@id":"https:\/\/nitu.mx\/#\/schema\/person\/ae7a53426417292d3dd07b45a33e01bc"},"image":{"@id":"https:\/\/nitu.mx\/index.php\/2017\/05\/24\/proposiciones-de-sct-afectaran-negativamente-a-la-aviacion-advierte-cofece\/#primaryimage"},"thumbnailUrl":"https:\/\/nitu.mx\/wp-content\/uploads\/2017\/03\/Pista-saturada-AICM.jpg","keywords":["Comisi\u00f3n Federal de Competencia Econ\u00f3mica (Cofece)","M\u00e9xico","Secretar\u00eda de Comunicaciones y Transportes (SCT)"],"articleSection":["Aerol\u00edneas","M\u00e9xico"],"inLanguage":"es-MX","potentialAction":[{"@type":"CommentAction","name":"Comment","target":["https:\/\/nitu.mx\/index.php\/2017\/05\/24\/proposiciones-de-sct-afectaran-negativamente-a-la-aviacion-advierte-cofece\/#respond"]}]},{"@type":"WebPage","@id":"https:\/\/nitu.mx\/index.php\/2017\/05\/24\/proposiciones-de-sct-afectaran-negativamente-a-la-aviacion-advierte-cofece\/","url":"https:\/\/nitu.mx\/index.php\/2017\/05\/24\/proposiciones-de-sct-afectaran-negativamente-a-la-aviacion-advierte-cofece\/","name":"Proposiciones de SCT afectar\u00e1n negativamente a la aviaci\u00f3n, advierte Cofece - Nitu - Noticias de la Industria Turistica","isPartOf":{"@id":"https:\/\/nitu.mx\/#website"},"primaryImageOfPage":{"@id":"https:\/\/nitu.mx\/index.php\/2017\/05\/24\/proposiciones-de-sct-afectaran-negativamente-a-la-aviacion-advierte-cofece\/#primaryimage"},"image":{"@id":"https:\/\/nitu.mx\/index.php\/2017\/05\/24\/proposiciones-de-sct-afectaran-negativamente-a-la-aviacion-advierte-cofece\/#primaryimage"},"thumbnailUrl":"https:\/\/nitu.mx\/wp-content\/uploads\/2017\/03\/Pista-saturada-AICM.jpg","datePublished":"2017-05-25T02:55:57+00:00","dateModified":"2017-05-25T04:49:09+00:00","description":"La Cofece expres\u00f3 que los anteproyectos de la SCT sobre slots y demoras, resultar\u00edan en incertidumbre y poca transparencia.","breadcrumb":{"@id":"https:\/\/nitu.mx\/index.php\/2017\/05\/24\/proposiciones-de-sct-afectaran-negativamente-a-la-aviacion-advierte-cofece\/#breadcrumb"},"inLanguage":"es-MX","potentialAction":[{"@type":"ReadAction","target":["https:\/\/nitu.mx\/index.php\/2017\/05\/24\/proposiciones-de-sct-afectaran-negativamente-a-la-aviacion-advierte-cofece\/"]}]},{"@type":"ImageObject","inLanguage":"es-MX","@id":"https:\/\/nitu.mx\/index.php\/2017\/05\/24\/proposiciones-de-sct-afectaran-negativamente-a-la-aviacion-advierte-cofece\/#primaryimage","url":"https:\/\/nitu.mx\/wp-content\/uploads\/2017\/03\/Pista-saturada-AICM.jpg","contentUrl":"https:\/\/nitu.mx\/wp-content\/uploads\/2017\/03\/Pista-saturada-AICM.jpg","width":850,"height":480,"caption":"slots aicm cofece"},{"@type":"BreadcrumbList","@id":"https:\/\/nitu.mx\/index.php\/2017\/05\/24\/proposiciones-de-sct-afectaran-negativamente-a-la-aviacion-advierte-cofece\/#breadcrumb","itemListElement":[{"@type":"ListItem","position":1,"name":"Inicio","item":"https:\/\/nitu.mx\/"},{"@type":"ListItem","position":2,"name":"Proposiciones de SCT afectar\u00e1n negativamente a la aviaci\u00f3n, advierte Cofece"}]},{"@type":"WebSite","@id":"https:\/\/nitu.mx\/#website","url":"https:\/\/nitu.mx\/","name":"Nitu - Noticias de la Industria Turistica","description":"Noticias de la Industria Turistica","publisher":{"@id":"https:\/\/nitu.mx\/#\/schema\/person\/ae7a53426417292d3dd07b45a33e01bc"},"alternateName":"Noticias de la Industria Turistica","potentialAction":[{"@type":"SearchAction","target":{"@type":"EntryPoint","urlTemplate":"https:\/\/nitu.mx\/?s={search_term_string}"},"query-input":"required name=search_term_string"}],"inLanguage":"es-MX"},{"@type":["Person","Organization"],"@id":"https:\/\/nitu.mx\/#\/schema\/person\/ae7a53426417292d3dd07b45a33e01bc","name":"Arturo Medina","image":{"@type":"ImageObject","inLanguage":"es-MX","@id":"https:\/\/nitu.mx\/#\/schema\/person\/image\/","url":"https:\/\/nitu.mx\/wp-content\/uploads\/2024\/04\/4A315622-1904-4D5C-B022-878CDC840E04-90x90-1.jpeg","contentUrl":"https:\/\/nitu.mx\/wp-content\/uploads\/2024\/04\/4A315622-1904-4D5C-B022-878CDC840E04-90x90-1.jpeg","width":90,"height":90,"caption":"Arturo Medina"},"logo":{"@id":"https:\/\/nitu.mx\/#\/schema\/person\/image\/"},"description":"Director NITU.mx, Egresado de la Escuela de Periodismo Carlos Septi\u00e9n Garc\u00eda. Periodista y analista especializado en turismo desde hace 35 a\u00f1os, radicado en Canc\u00fan Q.Roo. arturo@nitu.mx","sameAs":["https:\/\/nitu.mx","https:\/\/www.facebook.com\/NITUmx\/","medinacancun","https:\/\/twitter.com\/@Arturo_Medina_G"]},{"@type":"Person","@id":"https:\/\/nitu.mx\/#\/schema\/person\/4a28fe9bd65924f7c90623773daf1b0b","name":"Redacci\u00f3n","image":{"@type":"ImageObject","inLanguage":"es-MX","@id":"https:\/\/nitu.mx\/#\/schema\/person\/image\/","url":"https:\/\/secure.gravatar.com\/avatar\/5dd011c8ccfc5cd7e4c81e42252aab38?s=96&d=mm&r=g","contentUrl":"https:\/\/secure.gravatar.com\/avatar\/5dd011c8ccfc5cd7e4c81e42252aab38?s=96&d=mm&r=g","caption":"Redacci\u00f3n"},"url":"https:\/\/nitu.mx\/index.php\/author\/redaccion\/"}]}},"views":207,"_links":{"self":[{"href":"https:\/\/nitu.mx\/index.php\/wp-json\/wp\/v2\/posts\/9946"}],"collection":[{"href":"https:\/\/nitu.mx\/index.php\/wp-json\/wp\/v2\/posts"}],"about":[{"href":"https:\/\/nitu.mx\/index.php\/wp-json\/wp\/v2\/types\/post"}],"author":[{"embeddable":true,"href":"https:\/\/nitu.mx\/index.php\/wp-json\/wp\/v2\/users\/17"}],"replies":[{"embeddable":true,"href":"https:\/\/nitu.mx\/index.php\/wp-json\/wp\/v2\/comments?post=9946"}],"version-history":[{"count":3,"href":"https:\/\/nitu.mx\/index.php\/wp-json\/wp\/v2\/posts\/9946\/revisions"}],"predecessor-version":[{"id":9956,"href":"https:\/\/nitu.mx\/index.php\/wp-json\/wp\/v2\/posts\/9946\/revisions\/9956"}],"wp:featuredmedia":[{"embeddable":true,"href":"https:\/\/nitu.mx\/index.php\/wp-json\/wp\/v2\/media\/7483"}],"wp:attachment":[{"href":"https:\/\/nitu.mx\/index.php\/wp-json\/wp\/v2\/media?parent=9946"}],"wp:term":[{"taxonomy":"category","embeddable":true,"href":"https:\/\/nitu.mx\/index.php\/wp-json\/wp\/v2\/categories?post=9946"},{"taxonomy":"post_tag","embeddable":true,"href":"https:\/\/nitu.mx\/index.php\/wp-json\/wp\/v2\/tags?post=9946"}],"curies":[{"name":"wp","href":"https:\/\/api.w.org\/{rel}","templated":true}]}}