{"id":9929,"date":"2017-05-23T23:09:00","date_gmt":"2017-05-24T04:09:00","guid":{"rendered":"http:\/\/www.dev.nitu.mx\/?p=9929"},"modified":"2017-05-23T23:56:20","modified_gmt":"2017-05-24T04:56:20","slug":"se-reunen-secretarios-de-turismo-del-pais-con-hector-flores-santana","status":"publish","type":"post","link":"https:\/\/nitu.mx\/index.php\/2017\/05\/23\/se-reunen-secretarios-de-turismo-del-pais-con-hector-flores-santana\/","title":{"rendered":"Se reunir\u00e1n secretarios de turismo del pa\u00eds con H\u00e9ctor Flores Santana"},"content":{"rendered":"<p>Este jueves el titular del Consejo de Promoci\u00f3n Tur\u00edstica (CPTM), H\u00e9ctor Flores Santana, estar\u00e1 recibiendo a los secretarios de turismo del pa\u00eds.<\/p>\n<p>De entre los principales temas de su agenda, destaca el poder establecer la estrategia de promoci\u00f3n e inversi\u00f3n tur\u00edstica para el pr\u00f3ximo ejercicio de cada uno de los estados.<\/p>\n<p>As\u00ed como recibir informaci\u00f3n sobre las reglas de operaci\u00f3n en materia de inversi\u00f3n en infraestructura tur\u00edstica.<\/p>\n<p>A la cita tambi\u00e9n asistir\u00e1n el secretario de Turismo federal, Enrique de la Madrid, los subsecretarios de Sectur, directivos del CPTM y representantes de los destinos tur\u00edsticos de todo M\u00e9xico.<\/p>\n<p>Esta reuni\u00f3n tambi\u00e9n servir\u00e1 para dar la bienvenida formalmente al nuevo titular del CPTM, y para que Flores Santana se presente con la gran mayor\u00eda.\u00a0(<a title=\"La nueva \u201ccabeza\u201d del CPTM H\u00e9ctor Flores Santana\" href=\"http:\/\/www.dev.nitu.mx\/index.php\/2017\/04\/24\/presentamos-a-hector-flores-santana\/\" rel=\"bookmark\">La nueva \u201ccabeza\u201d del CPTM H\u00e9ctor Flores Santana<\/a>)<\/p>\n<p>La reuni\u00f3n ser\u00e1 una antesala para compartir y establecer la visi\u00f3n de planeaci\u00f3n estrat\u00e9gica en materia de promoci\u00f3n tur\u00edstica nacional e internacional de los destinos de M\u00e9xico, y la forma en que trabajar\u00e1n los estados con los convenios de Sectur federal para los proyectos tur\u00edsticos.<\/p>\n<p>Recordemos que H\u00e9ctor Flores llega al CPTM con un panorama de incertidumbre y de falta de recursos, propiciado de los compromisos contra\u00eddos en eventos de gran formato como F\u00f3rmula Uno, Cirque du Soleil y la NFL.<\/p>\n<p>Por lo pronto la f\u00f3rmula que le ha dado resultado son los programas coperativos en donde los estados aportan cierta cantidad de recursos y el organismo multiplica esos fondos.<\/p>\n","protected":false},"excerpt":{"rendered":"<p>Este jueves el titular del Consejo de Promoci\u00f3n Tur\u00edstica (CPTM), H\u00e9ctor Flores Santana, estar\u00e1 recibiendo a los secretarios de turismo del pa\u00eds. De entre los principales temas de su agenda, destaca el poder establecer la estrategia de promoci\u00f3n e inversi\u00f3n tur\u00edstica para el pr\u00f3ximo ejercicio de cada uno de los estados. As\u00ed como recibir informaci\u00f3n [&hellip;]<\/p>\n","protected":false},"author":17,"featured_media":9583,"comment_status":"open","ping_status":"open","sticky":false,"template":"","format":"standard","meta":{"footnotes":""},"categories":[12,6],"tags":[241,176,287,93],"yoast_head":"<!-- This site is optimized with the Yoast SEO plugin v22.2 - https:\/\/yoast.com\/wordpress\/plugins\/seo\/ -->\n<title>Se reunir\u00e1n secretarios de turismo del pa\u00eds con H\u00e9ctor Flores Santana - Nitu - Noticias de la Industria Turistica<\/title>\n<meta name=\"description\" content=\"Este jueves el titular del Consejo de Promoci\u00f3n Tur\u00edstica (CPTM), H\u00e9ctor Flores Santana, estar\u00e1 recibiendo a los secretarios de turismo del pa\u00eds.\" \/>\n<meta name=\"robots\" content=\"index, follow, max-snippet:-1, max-image-preview:large, max-video-preview:-1\" \/>\n<link rel=\"canonical\" href=\"https:\/\/nitu.mx\/index.php\/2017\/05\/23\/se-reunen-secretarios-de-turismo-del-pais-con-hector-flores-santana\/\" \/>\n<meta name=\"twitter:card\" content=\"summary_large_image\" \/>\n<meta name=\"twitter:title\" content=\"Se reunir\u00e1n secretarios de turismo del pa\u00eds con H\u00e9ctor Flores Santana - Nitu - Noticias de la Industria Turistica\" \/>\n<meta name=\"twitter:description\" content=\"Este jueves el titular del Consejo de Promoci\u00f3n Tur\u00edstica (CPTM), H\u00e9ctor Flores Santana, estar\u00e1 recibiendo a los secretarios de turismo del pa\u00eds.\" \/>\n<meta name=\"twitter:image\" content=\"https:\/\/nitu.mx\/wp-content\/uploads\/2017\/05\/H\u00e9ctor-Flores-Santana-Enrique-de-la-Madrid.jpg\" \/>\n<meta name=\"twitter:creator\" content=\"@NITUmx\" \/>\n<meta name=\"twitter:site\" content=\"@Arturo_Medina_G\" \/>\n<meta name=\"twitter:label1\" content=\"Escrito por\" \/>\n\t<meta name=\"twitter:data1\" content=\"Redacci\u00f3n\" \/>\n\t<meta name=\"twitter:label2\" content=\"Tiempo de lectura\" \/>\n\t<meta name=\"twitter:data2\" content=\"1 minuto\" \/>\n<script type=\"application\/ld+json\" class=\"yoast-schema-graph\">{\"@context\":\"https:\/\/schema.org\",\"@graph\":[{\"@type\":\"Article\",\"@id\":\"https:\/\/nitu.mx\/index.php\/2017\/05\/23\/se-reunen-secretarios-de-turismo-del-pais-con-hector-flores-santana\/#article\",\"isPartOf\":{\"@id\":\"https:\/\/nitu.mx\/index.php\/2017\/05\/23\/se-reunen-secretarios-de-turismo-del-pais-con-hector-flores-santana\/\"},\"author\":{\"name\":\"Redacci\u00f3n\",\"@id\":\"https:\/\/nitu.mx\/#\/schema\/person\/4a28fe9bd65924f7c90623773daf1b0b\"},\"headline\":\"Se reunir\u00e1n secretarios de turismo del pa\u00eds con H\u00e9ctor Flores Santana\",\"datePublished\":\"2017-05-24T04:09:00+00:00\",\"dateModified\":\"2017-05-24T04:56:20+00:00\",\"mainEntityOfPage\":{\"@id\":\"https:\/\/nitu.mx\/index.php\/2017\/05\/23\/se-reunen-secretarios-de-turismo-del-pais-con-hector-flores-santana\/\"},\"wordCount\":287,\"commentCount\":0,\"publisher\":{\"@id\":\"https:\/\/nitu.mx\/#\/schema\/person\/ae7a53426417292d3dd07b45a33e01bc\"},\"image\":{\"@id\":\"https:\/\/nitu.mx\/index.php\/2017\/05\/23\/se-reunen-secretarios-de-turismo-del-pais-con-hector-flores-santana\/#primaryimage\"},\"thumbnailUrl\":\"https:\/\/nitu.mx\/wp-content\/uploads\/2017\/05\/H\u00e9ctor-Flores-Santana-Enrique-de-la-Madrid.jpg\",\"keywords\":[\"CPTM\",\"Enrique de la Madrid\",\"H\u00e9ctor Flores Santana\",\"Sectur\"],\"articleSection\":[\"Marketing\",\"M\u00e9xico\"],\"inLanguage\":\"es-MX\",\"potentialAction\":[{\"@type\":\"CommentAction\",\"name\":\"Comment\",\"target\":[\"https:\/\/nitu.mx\/index.php\/2017\/05\/23\/se-reunen-secretarios-de-turismo-del-pais-con-hector-flores-santana\/#respond\"]}]},{\"@type\":\"WebPage\",\"@id\":\"https:\/\/nitu.mx\/index.php\/2017\/05\/23\/se-reunen-secretarios-de-turismo-del-pais-con-hector-flores-santana\/\",\"url\":\"https:\/\/nitu.mx\/index.php\/2017\/05\/23\/se-reunen-secretarios-de-turismo-del-pais-con-hector-flores-santana\/\",\"name\":\"Se reunir\u00e1n secretarios de turismo del pa\u00eds con H\u00e9ctor Flores Santana - Nitu - Noticias de la Industria Turistica\",\"isPartOf\":{\"@id\":\"https:\/\/nitu.mx\/#website\"},\"primaryImageOfPage\":{\"@id\":\"https:\/\/nitu.mx\/index.php\/2017\/05\/23\/se-reunen-secretarios-de-turismo-del-pais-con-hector-flores-santana\/#primaryimage\"},\"image\":{\"@id\":\"https:\/\/nitu.mx\/index.php\/2017\/05\/23\/se-reunen-secretarios-de-turismo-del-pais-con-hector-flores-santana\/#primaryimage\"},\"thumbnailUrl\":\"https:\/\/nitu.mx\/wp-content\/uploads\/2017\/05\/H\u00e9ctor-Flores-Santana-Enrique-de-la-Madrid.jpg\",\"datePublished\":\"2017-05-24T04:09:00+00:00\",\"dateModified\":\"2017-05-24T04:56:20+00:00\",\"description\":\"Este jueves el titular del Consejo de Promoci\u00f3n Tur\u00edstica (CPTM), H\u00e9ctor Flores Santana, estar\u00e1 recibiendo a los secretarios de turismo del pa\u00eds.\",\"breadcrumb\":{\"@id\":\"https:\/\/nitu.mx\/index.php\/2017\/05\/23\/se-reunen-secretarios-de-turismo-del-pais-con-hector-flores-santana\/#breadcrumb\"},\"inLanguage\":\"es-MX\",\"potentialAction\":[{\"@type\":\"ReadAction\",\"target\":[\"https:\/\/nitu.mx\/index.php\/2017\/05\/23\/se-reunen-secretarios-de-turismo-del-pais-con-hector-flores-santana\/\"]}]},{\"@type\":\"ImageObject\",\"inLanguage\":\"es-MX\",\"@id\":\"https:\/\/nitu.mx\/index.php\/2017\/05\/23\/se-reunen-secretarios-de-turismo-del-pais-con-hector-flores-santana\/#primaryimage\",\"url\":\"https:\/\/nitu.mx\/wp-content\/uploads\/2017\/05\/H\u00e9ctor-Flores-Santana-Enrique-de-la-Madrid.jpg\",\"contentUrl\":\"https:\/\/nitu.mx\/wp-content\/uploads\/2017\/05\/H\u00e9ctor-Flores-Santana-Enrique-de-la-Madrid.jpg\",\"width\":850,\"height\":480,\"caption\":\"H\u00e9ctor Flores Santana-Enrique de la Madrid, cptm\"},{\"@type\":\"BreadcrumbList\",\"@id\":\"https:\/\/nitu.mx\/index.php\/2017\/05\/23\/se-reunen-secretarios-de-turismo-del-pais-con-hector-flores-santana\/#breadcrumb\",\"itemListElement\":[{\"@type\":\"ListItem\",\"position\":1,\"name\":\"Inicio\",\"item\":\"https:\/\/nitu.mx\/\"},{\"@type\":\"ListItem\",\"position\":2,\"name\":\"Se reunir\u00e1n secretarios de turismo del pa\u00eds con H\u00e9ctor Flores Santana\"}]},{\"@type\":\"WebSite\",\"@id\":\"https:\/\/nitu.mx\/#website\",\"url\":\"https:\/\/nitu.mx\/\",\"name\":\"Nitu - Noticias de la Industria Turistica\",\"description\":\"Noticias de la Industria Turistica\",\"publisher\":{\"@id\":\"https:\/\/nitu.mx\/#\/schema\/person\/ae7a53426417292d3dd07b45a33e01bc\"},\"alternateName\":\"Noticias de la Industria Turistica\",\"potentialAction\":[{\"@type\":\"SearchAction\",\"target\":{\"@type\":\"EntryPoint\",\"urlTemplate\":\"https:\/\/nitu.mx\/?s={search_term_string}\"},\"query-input\":\"required name=search_term_string\"}],\"inLanguage\":\"es-MX\"},{\"@type\":[\"Person\",\"Organization\"],\"@id\":\"https:\/\/nitu.mx\/#\/schema\/person\/ae7a53426417292d3dd07b45a33e01bc\",\"name\":\"Arturo Medina\",\"image\":{\"@type\":\"ImageObject\",\"inLanguage\":\"es-MX\",\"@id\":\"https:\/\/nitu.mx\/#\/schema\/person\/image\/\",\"url\":\"https:\/\/nitu.mx\/wp-content\/uploads\/2024\/04\/4A315622-1904-4D5C-B022-878CDC840E04-90x90-1.jpeg\",\"contentUrl\":\"https:\/\/nitu.mx\/wp-content\/uploads\/2024\/04\/4A315622-1904-4D5C-B022-878CDC840E04-90x90-1.jpeg\",\"width\":90,\"height\":90,\"caption\":\"Arturo Medina\"},\"logo\":{\"@id\":\"https:\/\/nitu.mx\/#\/schema\/person\/image\/\"},\"description\":\"Director NITU.mx, Egresado de la Escuela de Periodismo Carlos Septi\u00e9n Garc\u00eda. Periodista y analista especializado en turismo desde hace 35 a\u00f1os, radicado en Canc\u00fan Q.Roo. arturo@nitu.mx\",\"sameAs\":[\"https:\/\/nitu.mx\",\"https:\/\/www.facebook.com\/NITUmx\/\",\"medinacancun\",\"https:\/\/twitter.com\/@Arturo_Medina_G\"]},{\"@type\":\"Person\",\"@id\":\"https:\/\/nitu.mx\/#\/schema\/person\/4a28fe9bd65924f7c90623773daf1b0b\",\"name\":\"Redacci\u00f3n\",\"image\":{\"@type\":\"ImageObject\",\"inLanguage\":\"es-MX\",\"@id\":\"https:\/\/nitu.mx\/#\/schema\/person\/image\/\",\"url\":\"https:\/\/secure.gravatar.com\/avatar\/5dd011c8ccfc5cd7e4c81e42252aab38?s=96&d=mm&r=g\",\"contentUrl\":\"https:\/\/secure.gravatar.com\/avatar\/5dd011c8ccfc5cd7e4c81e42252aab38?s=96&d=mm&r=g\",\"caption\":\"Redacci\u00f3n\"},\"url\":\"https:\/\/nitu.mx\/index.php\/author\/redaccion\/\"}]}<\/script>\n<!-- \/ Yoast SEO plugin. -->","yoast_head_json":{"title":"Se reunir\u00e1n secretarios de turismo del pa\u00eds con H\u00e9ctor Flores Santana - Nitu - Noticias de la Industria Turistica","description":"Este jueves el titular del Consejo de Promoci\u00f3n Tur\u00edstica (CPTM), H\u00e9ctor Flores Santana, estar\u00e1 recibiendo a los secretarios de turismo del pa\u00eds.","robots":{"index":"index","follow":"follow","max-snippet":"max-snippet:-1","max-image-preview":"max-image-preview:large","max-video-preview":"max-video-preview:-1"},"canonical":"https:\/\/nitu.mx\/index.php\/2017\/05\/23\/se-reunen-secretarios-de-turismo-del-pais-con-hector-flores-santana\/","twitter_card":"summary_large_image","twitter_title":"Se reunir\u00e1n secretarios de turismo del pa\u00eds con H\u00e9ctor Flores Santana - Nitu - Noticias de la Industria Turistica","twitter_description":"Este jueves el titular del Consejo de Promoci\u00f3n Tur\u00edstica (CPTM), H\u00e9ctor Flores Santana, estar\u00e1 recibiendo a los secretarios de turismo del pa\u00eds.","twitter_image":"https:\/\/nitu.mx\/wp-content\/uploads\/2017\/05\/H\u00e9ctor-Flores-Santana-Enrique-de-la-Madrid.jpg","twitter_creator":"@NITUmx","twitter_site":"@Arturo_Medina_G","twitter_misc":{"Escrito por":"Redacci\u00f3n","Tiempo de lectura":"1 minuto"},"schema":{"@context":"https:\/\/schema.org","@graph":[{"@type":"Article","@id":"https:\/\/nitu.mx\/index.php\/2017\/05\/23\/se-reunen-secretarios-de-turismo-del-pais-con-hector-flores-santana\/#article","isPartOf":{"@id":"https:\/\/nitu.mx\/index.php\/2017\/05\/23\/se-reunen-secretarios-de-turismo-del-pais-con-hector-flores-santana\/"},"author":{"name":"Redacci\u00f3n","@id":"https:\/\/nitu.mx\/#\/schema\/person\/4a28fe9bd65924f7c90623773daf1b0b"},"headline":"Se reunir\u00e1n secretarios de turismo del pa\u00eds con H\u00e9ctor Flores Santana","datePublished":"2017-05-24T04:09:00+00:00","dateModified":"2017-05-24T04:56:20+00:00","mainEntityOfPage":{"@id":"https:\/\/nitu.mx\/index.php\/2017\/05\/23\/se-reunen-secretarios-de-turismo-del-pais-con-hector-flores-santana\/"},"wordCount":287,"commentCount":0,"publisher":{"@id":"https:\/\/nitu.mx\/#\/schema\/person\/ae7a53426417292d3dd07b45a33e01bc"},"image":{"@id":"https:\/\/nitu.mx\/index.php\/2017\/05\/23\/se-reunen-secretarios-de-turismo-del-pais-con-hector-flores-santana\/#primaryimage"},"thumbnailUrl":"https:\/\/nitu.mx\/wp-content\/uploads\/2017\/05\/H\u00e9ctor-Flores-Santana-Enrique-de-la-Madrid.jpg","keywords":["CPTM","Enrique de la Madrid","H\u00e9ctor Flores Santana","Sectur"],"articleSection":["Marketing","M\u00e9xico"],"inLanguage":"es-MX","potentialAction":[{"@type":"CommentAction","name":"Comment","target":["https:\/\/nitu.mx\/index.php\/2017\/05\/23\/se-reunen-secretarios-de-turismo-del-pais-con-hector-flores-santana\/#respond"]}]},{"@type":"WebPage","@id":"https:\/\/nitu.mx\/index.php\/2017\/05\/23\/se-reunen-secretarios-de-turismo-del-pais-con-hector-flores-santana\/","url":"https:\/\/nitu.mx\/index.php\/2017\/05\/23\/se-reunen-secretarios-de-turismo-del-pais-con-hector-flores-santana\/","name":"Se reunir\u00e1n secretarios de turismo del pa\u00eds con H\u00e9ctor Flores Santana - Nitu - Noticias de la Industria Turistica","isPartOf":{"@id":"https:\/\/nitu.mx\/#website"},"primaryImageOfPage":{"@id":"https:\/\/nitu.mx\/index.php\/2017\/05\/23\/se-reunen-secretarios-de-turismo-del-pais-con-hector-flores-santana\/#primaryimage"},"image":{"@id":"https:\/\/nitu.mx\/index.php\/2017\/05\/23\/se-reunen-secretarios-de-turismo-del-pais-con-hector-flores-santana\/#primaryimage"},"thumbnailUrl":"https:\/\/nitu.mx\/wp-content\/uploads\/2017\/05\/H\u00e9ctor-Flores-Santana-Enrique-de-la-Madrid.jpg","datePublished":"2017-05-24T04:09:00+00:00","dateModified":"2017-05-24T04:56:20+00:00","description":"Este jueves el titular del Consejo de Promoci\u00f3n Tur\u00edstica (CPTM), H\u00e9ctor Flores Santana, estar\u00e1 recibiendo a los secretarios de turismo del pa\u00eds.","breadcrumb":{"@id":"https:\/\/nitu.mx\/index.php\/2017\/05\/23\/se-reunen-secretarios-de-turismo-del-pais-con-hector-flores-santana\/#breadcrumb"},"inLanguage":"es-MX","potentialAction":[{"@type":"ReadAction","target":["https:\/\/nitu.mx\/index.php\/2017\/05\/23\/se-reunen-secretarios-de-turismo-del-pais-con-hector-flores-santana\/"]}]},{"@type":"ImageObject","inLanguage":"es-MX","@id":"https:\/\/nitu.mx\/index.php\/2017\/05\/23\/se-reunen-secretarios-de-turismo-del-pais-con-hector-flores-santana\/#primaryimage","url":"https:\/\/nitu.mx\/wp-content\/uploads\/2017\/05\/H\u00e9ctor-Flores-Santana-Enrique-de-la-Madrid.jpg","contentUrl":"https:\/\/nitu.mx\/wp-content\/uploads\/2017\/05\/H\u00e9ctor-Flores-Santana-Enrique-de-la-Madrid.jpg","width":850,"height":480,"caption":"H\u00e9ctor Flores Santana-Enrique de la Madrid, cptm"},{"@type":"BreadcrumbList","@id":"https:\/\/nitu.mx\/index.php\/2017\/05\/23\/se-reunen-secretarios-de-turismo-del-pais-con-hector-flores-santana\/#breadcrumb","itemListElement":[{"@type":"ListItem","position":1,"name":"Inicio","item":"https:\/\/nitu.mx\/"},{"@type":"ListItem","position":2,"name":"Se reunir\u00e1n secretarios de turismo del pa\u00eds con H\u00e9ctor Flores Santana"}]},{"@type":"WebSite","@id":"https:\/\/nitu.mx\/#website","url":"https:\/\/nitu.mx\/","name":"Nitu - Noticias de la Industria Turistica","description":"Noticias de la Industria Turistica","publisher":{"@id":"https:\/\/nitu.mx\/#\/schema\/person\/ae7a53426417292d3dd07b45a33e01bc"},"alternateName":"Noticias de la Industria Turistica","potentialAction":[{"@type":"SearchAction","target":{"@type":"EntryPoint","urlTemplate":"https:\/\/nitu.mx\/?s={search_term_string}"},"query-input":"required name=search_term_string"}],"inLanguage":"es-MX"},{"@type":["Person","Organization"],"@id":"https:\/\/nitu.mx\/#\/schema\/person\/ae7a53426417292d3dd07b45a33e01bc","name":"Arturo Medina","image":{"@type":"ImageObject","inLanguage":"es-MX","@id":"https:\/\/nitu.mx\/#\/schema\/person\/image\/","url":"https:\/\/nitu.mx\/wp-content\/uploads\/2024\/04\/4A315622-1904-4D5C-B022-878CDC840E04-90x90-1.jpeg","contentUrl":"https:\/\/nitu.mx\/wp-content\/uploads\/2024\/04\/4A315622-1904-4D5C-B022-878CDC840E04-90x90-1.jpeg","width":90,"height":90,"caption":"Arturo Medina"},"logo":{"@id":"https:\/\/nitu.mx\/#\/schema\/person\/image\/"},"description":"Director NITU.mx, Egresado de la Escuela de Periodismo Carlos Septi\u00e9n Garc\u00eda. Periodista y analista especializado en turismo desde hace 35 a\u00f1os, radicado en Canc\u00fan Q.Roo. arturo@nitu.mx","sameAs":["https:\/\/nitu.mx","https:\/\/www.facebook.com\/NITUmx\/","medinacancun","https:\/\/twitter.com\/@Arturo_Medina_G"]},{"@type":"Person","@id":"https:\/\/nitu.mx\/#\/schema\/person\/4a28fe9bd65924f7c90623773daf1b0b","name":"Redacci\u00f3n","image":{"@type":"ImageObject","inLanguage":"es-MX","@id":"https:\/\/nitu.mx\/#\/schema\/person\/image\/","url":"https:\/\/secure.gravatar.com\/avatar\/5dd011c8ccfc5cd7e4c81e42252aab38?s=96&d=mm&r=g","contentUrl":"https:\/\/secure.gravatar.com\/avatar\/5dd011c8ccfc5cd7e4c81e42252aab38?s=96&d=mm&r=g","caption":"Redacci\u00f3n"},"url":"https:\/\/nitu.mx\/index.php\/author\/redaccion\/"}]}},"views":388,"_links":{"self":[{"href":"https:\/\/nitu.mx\/index.php\/wp-json\/wp\/v2\/posts\/9929"}],"collection":[{"href":"https:\/\/nitu.mx\/index.php\/wp-json\/wp\/v2\/posts"}],"about":[{"href":"https:\/\/nitu.mx\/index.php\/wp-json\/wp\/v2\/types\/post"}],"author":[{"embeddable":true,"href":"https:\/\/nitu.mx\/index.php\/wp-json\/wp\/v2\/users\/17"}],"replies":[{"embeddable":true,"href":"https:\/\/nitu.mx\/index.php\/wp-json\/wp\/v2\/comments?post=9929"}],"version-history":[{"count":4,"href":"https:\/\/nitu.mx\/index.php\/wp-json\/wp\/v2\/posts\/9929\/revisions"}],"predecessor-version":[{"id":9944,"href":"https:\/\/nitu.mx\/index.php\/wp-json\/wp\/v2\/posts\/9929\/revisions\/9944"}],"wp:featuredmedia":[{"embeddable":true,"href":"https:\/\/nitu.mx\/index.php\/wp-json\/wp\/v2\/media\/9583"}],"wp:attachment":[{"href":"https:\/\/nitu.mx\/index.php\/wp-json\/wp\/v2\/media?parent=9929"}],"wp:term":[{"taxonomy":"category","embeddable":true,"href":"https:\/\/nitu.mx\/index.php\/wp-json\/wp\/v2\/categories?post=9929"},{"taxonomy":"post_tag","embeddable":true,"href":"https:\/\/nitu.mx\/index.php\/wp-json\/wp\/v2\/tags?post=9929"}],"curies":[{"name":"wp","href":"https:\/\/api.w.org\/{rel}","templated":true}]}}