{"id":9665,"date":"2017-05-15T22:18:25","date_gmt":"2017-05-16T03:18:25","guid":{"rendered":"http:\/\/www.dev.nitu.mx\/?p=9665"},"modified":"2017-05-16T00:18:32","modified_gmt":"2017-05-16T05:18:32","slug":"tras-6-meses-de-retraso-inicia-ruta-miami-merida-de-american-airlines","status":"publish","type":"post","link":"https:\/\/nitu.mx\/index.php\/2017\/05\/15\/tras-6-meses-de-retraso-inicia-ruta-miami-merida-de-american-airlines\/","title":{"rendered":"Tras 6 meses de retraso inicia ruta Miami-M\u00e9rida de American Airlines"},"content":{"rendered":"<p>La compa\u00f1\u00eda American Airlines anunci\u00f3 que ser\u00e1 este 2 de junio cuando se realice su primer vuelo, tras retrasar seis meses el inicio de la ruta Miami-M\u00e9rida-Miami, debido a procesos administrativos necesarios para operar la ruta, inform\u00f3 el titular de la Secretar\u00eda de Fomento Tur\u00edstico de Yucat\u00e1n, Sa\u00fal Ancona Salazar.<\/p>\n<p>El Aeropuerto Internacional \u201cManuel Crescencio Rej\u00f3n\u201d, recibir\u00e1 siete vuelos diarios en temporada alta, y con una frecuencia de cinco d\u00edas a la semana, exceptuando martes y mi\u00e9rcoles en baja, refiere Milenio Novedades.<\/p>\n<p>En su momento, la directora general de American Airlines M\u00e9xico, dijo que la empresa estaba muy emocionada con el lanzamiento de la nueva ruta \u201cya que ofreceremos a nuestros clientes internacionales acceso a cinco destinos mexicanos sin escalas, desde nuestro centro de conexiones en Miami\u201d.<\/p>\n<p>M\u00e9rida es uno de los destinos en el que m\u00e1s se han interesado las aerol\u00edneas norteamericanas, como se dijo en <em><strong>NITU.mx<\/strong><\/em>.\u00a0(<a title=\"Aerol\u00edneas de EU ya tienen nuevas rutas a Los Cabos, Puerto Vallarta, Canc\u00fan y M\u00e9rida\" href=\"http:\/\/www.dev.nitu.mx\/index.php\/2016\/12\/14\/aerolineas-de-eu-ya-tiene-nuevas-rutas-a-los-cabos-puerto-vallarta-cancun-y-merida\/\" rel=\"bookmark\">Aerol\u00edneas de EU ya tienen nuevas rutas a Los Cabos, Puerto Vallarta, Canc\u00fan y M\u00e9rida<\/a>).<\/p>\n","protected":false},"excerpt":{"rendered":"<p>La compa\u00f1\u00eda American Airlines anunci\u00f3 que ser\u00e1 este 2 de junio cuando se realice su primer vuelo, tras retrasar seis meses el inicio de la ruta Miami-M\u00e9rida-Miami, debido a procesos administrativos necesarios para operar la ruta, inform\u00f3 el titular de la Secretar\u00eda de Fomento Tur\u00edstico de Yucat\u00e1n, Sa\u00fal Ancona Salazar. El Aeropuerto Internacional \u201cManuel Crescencio [&hellip;]<\/p>\n","protected":false},"author":17,"featured_media":9678,"comment_status":"open","ping_status":"open","sticky":false,"template":"","format":"standard","meta":{"footnotes":""},"categories":[29,5],"tags":[481,301,154,2668],"yoast_head":"<!-- This site is optimized with the Yoast SEO plugin v22.2 - https:\/\/yoast.com\/wordpress\/plugins\/seo\/ -->\n<title>Tras 6 meses de retraso inicia ruta Miami-M\u00e9rida de American Airlines - Nitu - Noticias de la Industria Turistica<\/title>\n<meta name=\"description\" content=\"American Airlines anunci\u00f3 que ser\u00e1 este 2 de junio cuando se realice su primer vuelo, tras retrasar seis meses el inicio de la ruta Miami-M\u00e9rida-Miami.\" \/>\n<meta name=\"robots\" content=\"index, follow, max-snippet:-1, max-image-preview:large, max-video-preview:-1\" \/>\n<link rel=\"canonical\" href=\"https:\/\/nitu.mx\/index.php\/2017\/05\/15\/tras-6-meses-de-retraso-inicia-ruta-miami-merida-de-american-airlines\/\" \/>\n<meta name=\"twitter:card\" content=\"summary_large_image\" \/>\n<meta name=\"twitter:title\" content=\"Tras 6 meses de retraso inicia ruta Miami-M\u00e9rida de American Airlines - Nitu - Noticias de la Industria Turistica\" \/>\n<meta name=\"twitter:description\" content=\"American Airlines anunci\u00f3 que ser\u00e1 este 2 de junio cuando se realice su primer vuelo, tras retrasar seis meses el inicio de la ruta Miami-M\u00e9rida-Miami.\" \/>\n<meta name=\"twitter:image\" content=\"https:\/\/nitu.mx\/wp-content\/uploads\/2017\/05\/American-Airlines-2.jpg\" \/>\n<meta name=\"twitter:creator\" content=\"@NITUmx\" \/>\n<meta name=\"twitter:site\" content=\"@Arturo_Medina_G\" \/>\n<meta name=\"twitter:label1\" content=\"Escrito por\" \/>\n\t<meta name=\"twitter:data1\" content=\"Redacci\u00f3n\" \/>\n\t<meta name=\"twitter:label2\" content=\"Tiempo de lectura\" \/>\n\t<meta name=\"twitter:data2\" content=\"1 minuto\" \/>\n<script type=\"application\/ld+json\" class=\"yoast-schema-graph\">{\"@context\":\"https:\/\/schema.org\",\"@graph\":[{\"@type\":\"Article\",\"@id\":\"https:\/\/nitu.mx\/index.php\/2017\/05\/15\/tras-6-meses-de-retraso-inicia-ruta-miami-merida-de-american-airlines\/#article\",\"isPartOf\":{\"@id\":\"https:\/\/nitu.mx\/index.php\/2017\/05\/15\/tras-6-meses-de-retraso-inicia-ruta-miami-merida-de-american-airlines\/\"},\"author\":{\"name\":\"Redacci\u00f3n\",\"@id\":\"https:\/\/nitu.mx\/#\/schema\/person\/4a28fe9bd65924f7c90623773daf1b0b\"},\"headline\":\"Tras 6 meses de retraso inicia ruta Miami-M\u00e9rida de American Airlines\",\"datePublished\":\"2017-05-16T03:18:25+00:00\",\"dateModified\":\"2017-05-16T05:18:32+00:00\",\"mainEntityOfPage\":{\"@id\":\"https:\/\/nitu.mx\/index.php\/2017\/05\/15\/tras-6-meses-de-retraso-inicia-ruta-miami-merida-de-american-airlines\/\"},\"wordCount\":190,\"commentCount\":0,\"publisher\":{\"@id\":\"https:\/\/nitu.mx\/#\/schema\/person\/ae7a53426417292d3dd07b45a33e01bc\"},\"image\":{\"@id\":\"https:\/\/nitu.mx\/index.php\/2017\/05\/15\/tras-6-meses-de-retraso-inicia-ruta-miami-merida-de-american-airlines\/#primaryimage\"},\"thumbnailUrl\":\"https:\/\/nitu.mx\/wp-content\/uploads\/2017\/05\/American-Airlines-2.jpg\",\"keywords\":[\"American AIrlines\",\"M\u00e9rida\",\"Miami\",\"Sa\u00fal Ancona Salazar\"],\"articleSection\":[\"Aerol\u00edneas\",\"Destinos\"],\"inLanguage\":\"es-MX\",\"potentialAction\":[{\"@type\":\"CommentAction\",\"name\":\"Comment\",\"target\":[\"https:\/\/nitu.mx\/index.php\/2017\/05\/15\/tras-6-meses-de-retraso-inicia-ruta-miami-merida-de-american-airlines\/#respond\"]}]},{\"@type\":\"WebPage\",\"@id\":\"https:\/\/nitu.mx\/index.php\/2017\/05\/15\/tras-6-meses-de-retraso-inicia-ruta-miami-merida-de-american-airlines\/\",\"url\":\"https:\/\/nitu.mx\/index.php\/2017\/05\/15\/tras-6-meses-de-retraso-inicia-ruta-miami-merida-de-american-airlines\/\",\"name\":\"Tras 6 meses de retraso inicia ruta Miami-M\u00e9rida de American Airlines - Nitu - Noticias de la Industria Turistica\",\"isPartOf\":{\"@id\":\"https:\/\/nitu.mx\/#website\"},\"primaryImageOfPage\":{\"@id\":\"https:\/\/nitu.mx\/index.php\/2017\/05\/15\/tras-6-meses-de-retraso-inicia-ruta-miami-merida-de-american-airlines\/#primaryimage\"},\"image\":{\"@id\":\"https:\/\/nitu.mx\/index.php\/2017\/05\/15\/tras-6-meses-de-retraso-inicia-ruta-miami-merida-de-american-airlines\/#primaryimage\"},\"thumbnailUrl\":\"https:\/\/nitu.mx\/wp-content\/uploads\/2017\/05\/American-Airlines-2.jpg\",\"datePublished\":\"2017-05-16T03:18:25+00:00\",\"dateModified\":\"2017-05-16T05:18:32+00:00\",\"description\":\"American Airlines anunci\u00f3 que ser\u00e1 este 2 de junio cuando se realice su primer vuelo, tras retrasar seis meses el inicio de la ruta Miami-M\u00e9rida-Miami.\",\"breadcrumb\":{\"@id\":\"https:\/\/nitu.mx\/index.php\/2017\/05\/15\/tras-6-meses-de-retraso-inicia-ruta-miami-merida-de-american-airlines\/#breadcrumb\"},\"inLanguage\":\"es-MX\",\"potentialAction\":[{\"@type\":\"ReadAction\",\"target\":[\"https:\/\/nitu.mx\/index.php\/2017\/05\/15\/tras-6-meses-de-retraso-inicia-ruta-miami-merida-de-american-airlines\/\"]}]},{\"@type\":\"ImageObject\",\"inLanguage\":\"es-MX\",\"@id\":\"https:\/\/nitu.mx\/index.php\/2017\/05\/15\/tras-6-meses-de-retraso-inicia-ruta-miami-merida-de-american-airlines\/#primaryimage\",\"url\":\"https:\/\/nitu.mx\/wp-content\/uploads\/2017\/05\/American-Airlines-2.jpg\",\"contentUrl\":\"https:\/\/nitu.mx\/wp-content\/uploads\/2017\/05\/American-Airlines-2.jpg\",\"width\":780,\"height\":480,\"caption\":\"American Airlines\"},{\"@type\":\"BreadcrumbList\",\"@id\":\"https:\/\/nitu.mx\/index.php\/2017\/05\/15\/tras-6-meses-de-retraso-inicia-ruta-miami-merida-de-american-airlines\/#breadcrumb\",\"itemListElement\":[{\"@type\":\"ListItem\",\"position\":1,\"name\":\"Inicio\",\"item\":\"https:\/\/nitu.mx\/\"},{\"@type\":\"ListItem\",\"position\":2,\"name\":\"Tras 6 meses de retraso inicia ruta Miami-M\u00e9rida de American Airlines\"}]},{\"@type\":\"WebSite\",\"@id\":\"https:\/\/nitu.mx\/#website\",\"url\":\"https:\/\/nitu.mx\/\",\"name\":\"Nitu - Noticias de la Industria Turistica\",\"description\":\"Noticias de la Industria Turistica\",\"publisher\":{\"@id\":\"https:\/\/nitu.mx\/#\/schema\/person\/ae7a53426417292d3dd07b45a33e01bc\"},\"alternateName\":\"Noticias de la Industria Turistica\",\"potentialAction\":[{\"@type\":\"SearchAction\",\"target\":{\"@type\":\"EntryPoint\",\"urlTemplate\":\"https:\/\/nitu.mx\/?s={search_term_string}\"},\"query-input\":\"required name=search_term_string\"}],\"inLanguage\":\"es-MX\"},{\"@type\":[\"Person\",\"Organization\"],\"@id\":\"https:\/\/nitu.mx\/#\/schema\/person\/ae7a53426417292d3dd07b45a33e01bc\",\"name\":\"Arturo Medina\",\"image\":{\"@type\":\"ImageObject\",\"inLanguage\":\"es-MX\",\"@id\":\"https:\/\/nitu.mx\/#\/schema\/person\/image\/\",\"url\":\"https:\/\/nitu.mx\/wp-content\/uploads\/2024\/04\/4A315622-1904-4D5C-B022-878CDC840E04-90x90-1.jpeg\",\"contentUrl\":\"https:\/\/nitu.mx\/wp-content\/uploads\/2024\/04\/4A315622-1904-4D5C-B022-878CDC840E04-90x90-1.jpeg\",\"width\":90,\"height\":90,\"caption\":\"Arturo Medina\"},\"logo\":{\"@id\":\"https:\/\/nitu.mx\/#\/schema\/person\/image\/\"},\"description\":\"Director NITU.mx, Egresado de la Escuela de Periodismo Carlos Septi\u00e9n Garc\u00eda. Periodista y analista especializado en turismo desde hace 35 a\u00f1os, radicado en Canc\u00fan Q.Roo. arturo@nitu.mx\",\"sameAs\":[\"https:\/\/nitu.mx\",\"https:\/\/www.facebook.com\/NITUmx\/\",\"medinacancun\",\"https:\/\/twitter.com\/@Arturo_Medina_G\"]},{\"@type\":\"Person\",\"@id\":\"https:\/\/nitu.mx\/#\/schema\/person\/4a28fe9bd65924f7c90623773daf1b0b\",\"name\":\"Redacci\u00f3n\",\"image\":{\"@type\":\"ImageObject\",\"inLanguage\":\"es-MX\",\"@id\":\"https:\/\/nitu.mx\/#\/schema\/person\/image\/\",\"url\":\"https:\/\/secure.gravatar.com\/avatar\/5dd011c8ccfc5cd7e4c81e42252aab38?s=96&d=mm&r=g\",\"contentUrl\":\"https:\/\/secure.gravatar.com\/avatar\/5dd011c8ccfc5cd7e4c81e42252aab38?s=96&d=mm&r=g\",\"caption\":\"Redacci\u00f3n\"},\"url\":\"https:\/\/nitu.mx\/index.php\/author\/redaccion\/\"}]}<\/script>\n<!-- \/ Yoast SEO plugin. -->","yoast_head_json":{"title":"Tras 6 meses de retraso inicia ruta Miami-M\u00e9rida de American Airlines - Nitu - Noticias de la Industria Turistica","description":"American Airlines anunci\u00f3 que ser\u00e1 este 2 de junio cuando se realice su primer vuelo, tras retrasar seis meses el inicio de la ruta Miami-M\u00e9rida-Miami.","robots":{"index":"index","follow":"follow","max-snippet":"max-snippet:-1","max-image-preview":"max-image-preview:large","max-video-preview":"max-video-preview:-1"},"canonical":"https:\/\/nitu.mx\/index.php\/2017\/05\/15\/tras-6-meses-de-retraso-inicia-ruta-miami-merida-de-american-airlines\/","twitter_card":"summary_large_image","twitter_title":"Tras 6 meses de retraso inicia ruta Miami-M\u00e9rida de American Airlines - Nitu - Noticias de la Industria Turistica","twitter_description":"American Airlines anunci\u00f3 que ser\u00e1 este 2 de junio cuando se realice su primer vuelo, tras retrasar seis meses el inicio de la ruta Miami-M\u00e9rida-Miami.","twitter_image":"https:\/\/nitu.mx\/wp-content\/uploads\/2017\/05\/American-Airlines-2.jpg","twitter_creator":"@NITUmx","twitter_site":"@Arturo_Medina_G","twitter_misc":{"Escrito por":"Redacci\u00f3n","Tiempo de lectura":"1 minuto"},"schema":{"@context":"https:\/\/schema.org","@graph":[{"@type":"Article","@id":"https:\/\/nitu.mx\/index.php\/2017\/05\/15\/tras-6-meses-de-retraso-inicia-ruta-miami-merida-de-american-airlines\/#article","isPartOf":{"@id":"https:\/\/nitu.mx\/index.php\/2017\/05\/15\/tras-6-meses-de-retraso-inicia-ruta-miami-merida-de-american-airlines\/"},"author":{"name":"Redacci\u00f3n","@id":"https:\/\/nitu.mx\/#\/schema\/person\/4a28fe9bd65924f7c90623773daf1b0b"},"headline":"Tras 6 meses de retraso inicia ruta Miami-M\u00e9rida de American Airlines","datePublished":"2017-05-16T03:18:25+00:00","dateModified":"2017-05-16T05:18:32+00:00","mainEntityOfPage":{"@id":"https:\/\/nitu.mx\/index.php\/2017\/05\/15\/tras-6-meses-de-retraso-inicia-ruta-miami-merida-de-american-airlines\/"},"wordCount":190,"commentCount":0,"publisher":{"@id":"https:\/\/nitu.mx\/#\/schema\/person\/ae7a53426417292d3dd07b45a33e01bc"},"image":{"@id":"https:\/\/nitu.mx\/index.php\/2017\/05\/15\/tras-6-meses-de-retraso-inicia-ruta-miami-merida-de-american-airlines\/#primaryimage"},"thumbnailUrl":"https:\/\/nitu.mx\/wp-content\/uploads\/2017\/05\/American-Airlines-2.jpg","keywords":["American AIrlines","M\u00e9rida","Miami","Sa\u00fal Ancona Salazar"],"articleSection":["Aerol\u00edneas","Destinos"],"inLanguage":"es-MX","potentialAction":[{"@type":"CommentAction","name":"Comment","target":["https:\/\/nitu.mx\/index.php\/2017\/05\/15\/tras-6-meses-de-retraso-inicia-ruta-miami-merida-de-american-airlines\/#respond"]}]},{"@type":"WebPage","@id":"https:\/\/nitu.mx\/index.php\/2017\/05\/15\/tras-6-meses-de-retraso-inicia-ruta-miami-merida-de-american-airlines\/","url":"https:\/\/nitu.mx\/index.php\/2017\/05\/15\/tras-6-meses-de-retraso-inicia-ruta-miami-merida-de-american-airlines\/","name":"Tras 6 meses de retraso inicia ruta Miami-M\u00e9rida de American Airlines - Nitu - Noticias de la Industria Turistica","isPartOf":{"@id":"https:\/\/nitu.mx\/#website"},"primaryImageOfPage":{"@id":"https:\/\/nitu.mx\/index.php\/2017\/05\/15\/tras-6-meses-de-retraso-inicia-ruta-miami-merida-de-american-airlines\/#primaryimage"},"image":{"@id":"https:\/\/nitu.mx\/index.php\/2017\/05\/15\/tras-6-meses-de-retraso-inicia-ruta-miami-merida-de-american-airlines\/#primaryimage"},"thumbnailUrl":"https:\/\/nitu.mx\/wp-content\/uploads\/2017\/05\/American-Airlines-2.jpg","datePublished":"2017-05-16T03:18:25+00:00","dateModified":"2017-05-16T05:18:32+00:00","description":"American Airlines anunci\u00f3 que ser\u00e1 este 2 de junio cuando se realice su primer vuelo, tras retrasar seis meses el inicio de la ruta Miami-M\u00e9rida-Miami.","breadcrumb":{"@id":"https:\/\/nitu.mx\/index.php\/2017\/05\/15\/tras-6-meses-de-retraso-inicia-ruta-miami-merida-de-american-airlines\/#breadcrumb"},"inLanguage":"es-MX","potentialAction":[{"@type":"ReadAction","target":["https:\/\/nitu.mx\/index.php\/2017\/05\/15\/tras-6-meses-de-retraso-inicia-ruta-miami-merida-de-american-airlines\/"]}]},{"@type":"ImageObject","inLanguage":"es-MX","@id":"https:\/\/nitu.mx\/index.php\/2017\/05\/15\/tras-6-meses-de-retraso-inicia-ruta-miami-merida-de-american-airlines\/#primaryimage","url":"https:\/\/nitu.mx\/wp-content\/uploads\/2017\/05\/American-Airlines-2.jpg","contentUrl":"https:\/\/nitu.mx\/wp-content\/uploads\/2017\/05\/American-Airlines-2.jpg","width":780,"height":480,"caption":"American Airlines"},{"@type":"BreadcrumbList","@id":"https:\/\/nitu.mx\/index.php\/2017\/05\/15\/tras-6-meses-de-retraso-inicia-ruta-miami-merida-de-american-airlines\/#breadcrumb","itemListElement":[{"@type":"ListItem","position":1,"name":"Inicio","item":"https:\/\/nitu.mx\/"},{"@type":"ListItem","position":2,"name":"Tras 6 meses de retraso inicia ruta Miami-M\u00e9rida de American Airlines"}]},{"@type":"WebSite","@id":"https:\/\/nitu.mx\/#website","url":"https:\/\/nitu.mx\/","name":"Nitu - Noticias de la Industria Turistica","description":"Noticias de la Industria Turistica","publisher":{"@id":"https:\/\/nitu.mx\/#\/schema\/person\/ae7a53426417292d3dd07b45a33e01bc"},"alternateName":"Noticias de la Industria Turistica","potentialAction":[{"@type":"SearchAction","target":{"@type":"EntryPoint","urlTemplate":"https:\/\/nitu.mx\/?s={search_term_string}"},"query-input":"required name=search_term_string"}],"inLanguage":"es-MX"},{"@type":["Person","Organization"],"@id":"https:\/\/nitu.mx\/#\/schema\/person\/ae7a53426417292d3dd07b45a33e01bc","name":"Arturo Medina","image":{"@type":"ImageObject","inLanguage":"es-MX","@id":"https:\/\/nitu.mx\/#\/schema\/person\/image\/","url":"https:\/\/nitu.mx\/wp-content\/uploads\/2024\/04\/4A315622-1904-4D5C-B022-878CDC840E04-90x90-1.jpeg","contentUrl":"https:\/\/nitu.mx\/wp-content\/uploads\/2024\/04\/4A315622-1904-4D5C-B022-878CDC840E04-90x90-1.jpeg","width":90,"height":90,"caption":"Arturo Medina"},"logo":{"@id":"https:\/\/nitu.mx\/#\/schema\/person\/image\/"},"description":"Director NITU.mx, Egresado de la Escuela de Periodismo Carlos Septi\u00e9n Garc\u00eda. Periodista y analista especializado en turismo desde hace 35 a\u00f1os, radicado en Canc\u00fan Q.Roo. arturo@nitu.mx","sameAs":["https:\/\/nitu.mx","https:\/\/www.facebook.com\/NITUmx\/","medinacancun","https:\/\/twitter.com\/@Arturo_Medina_G"]},{"@type":"Person","@id":"https:\/\/nitu.mx\/#\/schema\/person\/4a28fe9bd65924f7c90623773daf1b0b","name":"Redacci\u00f3n","image":{"@type":"ImageObject","inLanguage":"es-MX","@id":"https:\/\/nitu.mx\/#\/schema\/person\/image\/","url":"https:\/\/secure.gravatar.com\/avatar\/5dd011c8ccfc5cd7e4c81e42252aab38?s=96&d=mm&r=g","contentUrl":"https:\/\/secure.gravatar.com\/avatar\/5dd011c8ccfc5cd7e4c81e42252aab38?s=96&d=mm&r=g","caption":"Redacci\u00f3n"},"url":"https:\/\/nitu.mx\/index.php\/author\/redaccion\/"}]}},"views":249,"_links":{"self":[{"href":"https:\/\/nitu.mx\/index.php\/wp-json\/wp\/v2\/posts\/9665"}],"collection":[{"href":"https:\/\/nitu.mx\/index.php\/wp-json\/wp\/v2\/posts"}],"about":[{"href":"https:\/\/nitu.mx\/index.php\/wp-json\/wp\/v2\/types\/post"}],"author":[{"embeddable":true,"href":"https:\/\/nitu.mx\/index.php\/wp-json\/wp\/v2\/users\/17"}],"replies":[{"embeddable":true,"href":"https:\/\/nitu.mx\/index.php\/wp-json\/wp\/v2\/comments?post=9665"}],"version-history":[{"count":4,"href":"https:\/\/nitu.mx\/index.php\/wp-json\/wp\/v2\/posts\/9665\/revisions"}],"predecessor-version":[{"id":9679,"href":"https:\/\/nitu.mx\/index.php\/wp-json\/wp\/v2\/posts\/9665\/revisions\/9679"}],"wp:featuredmedia":[{"embeddable":true,"href":"https:\/\/nitu.mx\/index.php\/wp-json\/wp\/v2\/media\/9678"}],"wp:attachment":[{"href":"https:\/\/nitu.mx\/index.php\/wp-json\/wp\/v2\/media?parent=9665"}],"wp:term":[{"taxonomy":"category","embeddable":true,"href":"https:\/\/nitu.mx\/index.php\/wp-json\/wp\/v2\/categories?post=9665"},{"taxonomy":"post_tag","embeddable":true,"href":"https:\/\/nitu.mx\/index.php\/wp-json\/wp\/v2\/tags?post=9665"}],"curies":[{"name":"wp","href":"https:\/\/api.w.org\/{rel}","templated":true}]}}