{"id":9611,"date":"2017-05-13T01:05:07","date_gmt":"2017-05-13T06:05:07","guid":{"rendered":"http:\/\/www.dev.nitu.mx\/?p=9611"},"modified":"2017-05-14T22:11:11","modified_gmt":"2017-05-15T03:11:11","slug":"magnicharters-llegara-cozumel-dos-vuelos-verano","status":"publish","type":"post","link":"https:\/\/nitu.mx\/index.php\/2017\/05\/13\/magnicharters-llegara-cozumel-dos-vuelos-verano\/","title":{"rendered":"Magnicharters llegar\u00e1 a Cozumel con dos vuelos para el verano"},"content":{"rendered":"<p>La aerol\u00ednea Magnicharters\u00a0 llegar\u00e1 a Cozumel para la temporada vacacional de verano con dos frecuencias semanales, tal y como lo hiciera en 2016, con el prop\u00f3sito de aumentar el \u00edndice de ocupaciones en el destino.<\/p>\n<p>El administrador del Aeropuerto Internacional de Cozumel, Juan Pablo Garc\u00eda, inform\u00f3 que esta aerol\u00ednea arribar\u00e1 por segundo a\u00f1o consecutivo para los meses de julio y agosto, trascendiendo que los primeros vuelos hacia esta isla vienen ya llenos, por lo que prev\u00e9 que esa buena ocupaci\u00f3n persista, informa Galu Comunicaci\u00f3n.<\/p>\n<p>Coment\u00f3 que la compa\u00f1\u00eda a\u00e9rea volar\u00e1 a la isla de Cozumel en conexi\u00f3n hacia la Ciudad de M\u00e9xico y viceversa, por lo que la llegada de los vuelos al cien por cierto, se ver\u00e1 reflejada en las actividades tur\u00edsticas al anticipar una importante ocupaci\u00f3n hotelera.<\/p>\n<p>El administrador a\u00f1adi\u00f3 que ser\u00eda posible abrir de nuevo la conexi\u00f3n para las vacaciones de semana santa del pr\u00f3ximo a\u00f1o, siempre y cuando haya la demanda necesaria por parte de los pasajeros.<\/p>\n<p>\u201cUna vez concluida esa fase habr\u00e1 un an\u00e1lisis con la finalidad de conocer si hay posibilidad de volar para el periodo de Semana Santa de 2018, todo depende de la demanda e inter\u00e9s que haya por conocer y visitar el destino por parte del turismo nacional\u201d concluy\u00f3.<\/p>\n<p>Esta isla tambi\u00e9n es el principal destino de cruceros de M\u00e9xico y del mundo, como se ha reportado en <em><strong>NITU.mx<\/strong><\/em>.\u00a0(<a title=\"M\u00e1s de 20 cruceros atracar\u00e1n en Cozumel esta semana\" href=\"http:\/\/www.dev.nitu.mx\/index.php\/2017\/04\/17\/mas-de-20-cruceros-atracaran-en-cozumel-esta-semana\/\" rel=\"bookmark\">M\u00e1s de 20 cruceros atracar\u00e1n en Cozumel esta semana<\/a>).<\/p>\n","protected":false},"excerpt":{"rendered":"<p>La aerol\u00ednea Magnicharters\u00a0 llegar\u00e1 a Cozumel para la temporada vacacional de verano con dos frecuencias semanales, tal y como lo hiciera en 2016, con el prop\u00f3sito de aumentar el \u00edndice de ocupaciones en el destino. El administrador del Aeropuerto Internacional de Cozumel, Juan Pablo Garc\u00eda, inform\u00f3 que esta aerol\u00ednea arribar\u00e1 por segundo a\u00f1o consecutivo para [&hellip;]<\/p>\n","protected":false},"author":17,"featured_media":9645,"comment_status":"open","ping_status":"open","sticky":false,"template":"","format":"standard","meta":{"footnotes":""},"categories":[29,5],"tags":[4218,110,4219,1339,3024],"yoast_head":"<!-- This site is optimized with the Yoast SEO plugin v22.2 - https:\/\/yoast.com\/wordpress\/plugins\/seo\/ -->\n<title>Magnicharters llegar\u00e1 a Cozumel con dos vuelos para el verano - Nitu - Noticias de la Industria Turistica<\/title>\n<meta name=\"description\" content=\"La aerol\u00ednea Magnicharters llegar\u00e1 a Cozumel para la temporada vacacional de verano con dos frecuencias semanales, tal y como lo hiciera en 2016.\" \/>\n<meta name=\"robots\" content=\"index, follow, max-snippet:-1, max-image-preview:large, max-video-preview:-1\" \/>\n<link rel=\"canonical\" href=\"https:\/\/nitu.mx\/index.php\/2017\/05\/13\/magnicharters-llegara-cozumel-dos-vuelos-verano\/\" \/>\n<meta name=\"twitter:card\" content=\"summary_large_image\" \/>\n<meta name=\"twitter:title\" content=\"Magnicharters llegar\u00e1 a Cozumel con dos vuelos para el verano - Nitu - Noticias de la Industria Turistica\" \/>\n<meta name=\"twitter:description\" content=\"La aerol\u00ednea Magnicharters llegar\u00e1 a Cozumel para la temporada vacacional de verano con dos frecuencias semanales, tal y como lo hiciera en 2016.\" \/>\n<meta name=\"twitter:image\" content=\"https:\/\/nitu.mx\/wp-content\/uploads\/2017\/05\/Magnicharters.jpg\" \/>\n<meta name=\"twitter:creator\" content=\"@NITUmx\" \/>\n<meta name=\"twitter:site\" content=\"@Arturo_Medina_G\" \/>\n<meta name=\"twitter:label1\" content=\"Escrito por\" \/>\n\t<meta name=\"twitter:data1\" content=\"Redacci\u00f3n\" \/>\n\t<meta name=\"twitter:label2\" content=\"Tiempo de lectura\" \/>\n\t<meta name=\"twitter:data2\" content=\"1 minuto\" \/>\n<script type=\"application\/ld+json\" class=\"yoast-schema-graph\">{\"@context\":\"https:\/\/schema.org\",\"@graph\":[{\"@type\":\"Article\",\"@id\":\"https:\/\/nitu.mx\/index.php\/2017\/05\/13\/magnicharters-llegara-cozumel-dos-vuelos-verano\/#article\",\"isPartOf\":{\"@id\":\"https:\/\/nitu.mx\/index.php\/2017\/05\/13\/magnicharters-llegara-cozumel-dos-vuelos-verano\/\"},\"author\":{\"name\":\"Redacci\u00f3n\",\"@id\":\"https:\/\/nitu.mx\/#\/schema\/person\/4a28fe9bd65924f7c90623773daf1b0b\"},\"headline\":\"Magnicharters llegar\u00e1 a Cozumel con dos vuelos para el verano\",\"datePublished\":\"2017-05-13T06:05:07+00:00\",\"dateModified\":\"2017-05-15T03:11:11+00:00\",\"mainEntityOfPage\":{\"@id\":\"https:\/\/nitu.mx\/index.php\/2017\/05\/13\/magnicharters-llegara-cozumel-dos-vuelos-verano\/\"},\"wordCount\":269,\"commentCount\":0,\"publisher\":{\"@id\":\"https:\/\/nitu.mx\/#\/schema\/person\/ae7a53426417292d3dd07b45a33e01bc\"},\"image\":{\"@id\":\"https:\/\/nitu.mx\/index.php\/2017\/05\/13\/magnicharters-llegara-cozumel-dos-vuelos-verano\/#primaryimage\"},\"thumbnailUrl\":\"https:\/\/nitu.mx\/wp-content\/uploads\/2017\/05\/Magnicharters.jpg\",\"keywords\":[\"Administrador del Aeropuerto Internacional de Cozumel\",\"Cozumel\",\"Juan Pablo Garc\u00eda\",\"Magnicharters\",\"verano\"],\"articleSection\":[\"Aerol\u00edneas\",\"Destinos\"],\"inLanguage\":\"es-MX\",\"potentialAction\":[{\"@type\":\"CommentAction\",\"name\":\"Comment\",\"target\":[\"https:\/\/nitu.mx\/index.php\/2017\/05\/13\/magnicharters-llegara-cozumel-dos-vuelos-verano\/#respond\"]}]},{\"@type\":\"WebPage\",\"@id\":\"https:\/\/nitu.mx\/index.php\/2017\/05\/13\/magnicharters-llegara-cozumel-dos-vuelos-verano\/\",\"url\":\"https:\/\/nitu.mx\/index.php\/2017\/05\/13\/magnicharters-llegara-cozumel-dos-vuelos-verano\/\",\"name\":\"Magnicharters llegar\u00e1 a Cozumel con dos vuelos para el verano - Nitu - Noticias de la Industria Turistica\",\"isPartOf\":{\"@id\":\"https:\/\/nitu.mx\/#website\"},\"primaryImageOfPage\":{\"@id\":\"https:\/\/nitu.mx\/index.php\/2017\/05\/13\/magnicharters-llegara-cozumel-dos-vuelos-verano\/#primaryimage\"},\"image\":{\"@id\":\"https:\/\/nitu.mx\/index.php\/2017\/05\/13\/magnicharters-llegara-cozumel-dos-vuelos-verano\/#primaryimage\"},\"thumbnailUrl\":\"https:\/\/nitu.mx\/wp-content\/uploads\/2017\/05\/Magnicharters.jpg\",\"datePublished\":\"2017-05-13T06:05:07+00:00\",\"dateModified\":\"2017-05-15T03:11:11+00:00\",\"description\":\"La aerol\u00ednea Magnicharters llegar\u00e1 a Cozumel para la temporada vacacional de verano con dos frecuencias semanales, tal y como lo hiciera en 2016.\",\"breadcrumb\":{\"@id\":\"https:\/\/nitu.mx\/index.php\/2017\/05\/13\/magnicharters-llegara-cozumel-dos-vuelos-verano\/#breadcrumb\"},\"inLanguage\":\"es-MX\",\"potentialAction\":[{\"@type\":\"ReadAction\",\"target\":[\"https:\/\/nitu.mx\/index.php\/2017\/05\/13\/magnicharters-llegara-cozumel-dos-vuelos-verano\/\"]}]},{\"@type\":\"ImageObject\",\"inLanguage\":\"es-MX\",\"@id\":\"https:\/\/nitu.mx\/index.php\/2017\/05\/13\/magnicharters-llegara-cozumel-dos-vuelos-verano\/#primaryimage\",\"url\":\"https:\/\/nitu.mx\/wp-content\/uploads\/2017\/05\/Magnicharters.jpg\",\"contentUrl\":\"https:\/\/nitu.mx\/wp-content\/uploads\/2017\/05\/Magnicharters.jpg\",\"width\":850,\"height\":480,\"caption\":\"Magnicharters\"},{\"@type\":\"BreadcrumbList\",\"@id\":\"https:\/\/nitu.mx\/index.php\/2017\/05\/13\/magnicharters-llegara-cozumel-dos-vuelos-verano\/#breadcrumb\",\"itemListElement\":[{\"@type\":\"ListItem\",\"position\":1,\"name\":\"Inicio\",\"item\":\"https:\/\/nitu.mx\/\"},{\"@type\":\"ListItem\",\"position\":2,\"name\":\"Magnicharters llegar\u00e1 a Cozumel con dos vuelos para el verano\"}]},{\"@type\":\"WebSite\",\"@id\":\"https:\/\/nitu.mx\/#website\",\"url\":\"https:\/\/nitu.mx\/\",\"name\":\"Nitu - Noticias de la Industria Turistica\",\"description\":\"Noticias de la Industria Turistica\",\"publisher\":{\"@id\":\"https:\/\/nitu.mx\/#\/schema\/person\/ae7a53426417292d3dd07b45a33e01bc\"},\"alternateName\":\"Noticias de la Industria Turistica\",\"potentialAction\":[{\"@type\":\"SearchAction\",\"target\":{\"@type\":\"EntryPoint\",\"urlTemplate\":\"https:\/\/nitu.mx\/?s={search_term_string}\"},\"query-input\":\"required name=search_term_string\"}],\"inLanguage\":\"es-MX\"},{\"@type\":[\"Person\",\"Organization\"],\"@id\":\"https:\/\/nitu.mx\/#\/schema\/person\/ae7a53426417292d3dd07b45a33e01bc\",\"name\":\"Arturo Medina\",\"image\":{\"@type\":\"ImageObject\",\"inLanguage\":\"es-MX\",\"@id\":\"https:\/\/nitu.mx\/#\/schema\/person\/image\/\",\"url\":\"https:\/\/nitu.mx\/wp-content\/uploads\/2024\/04\/4A315622-1904-4D5C-B022-878CDC840E04-90x90-1.jpeg\",\"contentUrl\":\"https:\/\/nitu.mx\/wp-content\/uploads\/2024\/04\/4A315622-1904-4D5C-B022-878CDC840E04-90x90-1.jpeg\",\"width\":90,\"height\":90,\"caption\":\"Arturo Medina\"},\"logo\":{\"@id\":\"https:\/\/nitu.mx\/#\/schema\/person\/image\/\"},\"description\":\"Director NITU.mx, Egresado de la Escuela de Periodismo Carlos Septi\u00e9n Garc\u00eda. Periodista y analista especializado en turismo desde hace 35 a\u00f1os, radicado en Canc\u00fan Q.Roo. arturo@nitu.mx\",\"sameAs\":[\"https:\/\/nitu.mx\",\"https:\/\/www.facebook.com\/NITUmx\/\",\"medinacancun\",\"https:\/\/twitter.com\/@Arturo_Medina_G\"]},{\"@type\":\"Person\",\"@id\":\"https:\/\/nitu.mx\/#\/schema\/person\/4a28fe9bd65924f7c90623773daf1b0b\",\"name\":\"Redacci\u00f3n\",\"image\":{\"@type\":\"ImageObject\",\"inLanguage\":\"es-MX\",\"@id\":\"https:\/\/nitu.mx\/#\/schema\/person\/image\/\",\"url\":\"https:\/\/secure.gravatar.com\/avatar\/5dd011c8ccfc5cd7e4c81e42252aab38?s=96&d=mm&r=g\",\"contentUrl\":\"https:\/\/secure.gravatar.com\/avatar\/5dd011c8ccfc5cd7e4c81e42252aab38?s=96&d=mm&r=g\",\"caption\":\"Redacci\u00f3n\"},\"url\":\"https:\/\/nitu.mx\/index.php\/author\/redaccion\/\"}]}<\/script>\n<!-- \/ Yoast SEO plugin. -->","yoast_head_json":{"title":"Magnicharters llegar\u00e1 a Cozumel con dos vuelos para el verano - Nitu - Noticias de la Industria Turistica","description":"La aerol\u00ednea Magnicharters llegar\u00e1 a Cozumel para la temporada vacacional de verano con dos frecuencias semanales, tal y como lo hiciera en 2016.","robots":{"index":"index","follow":"follow","max-snippet":"max-snippet:-1","max-image-preview":"max-image-preview:large","max-video-preview":"max-video-preview:-1"},"canonical":"https:\/\/nitu.mx\/index.php\/2017\/05\/13\/magnicharters-llegara-cozumel-dos-vuelos-verano\/","twitter_card":"summary_large_image","twitter_title":"Magnicharters llegar\u00e1 a Cozumel con dos vuelos para el verano - Nitu - Noticias de la Industria Turistica","twitter_description":"La aerol\u00ednea Magnicharters llegar\u00e1 a Cozumel para la temporada vacacional de verano con dos frecuencias semanales, tal y como lo hiciera en 2016.","twitter_image":"https:\/\/nitu.mx\/wp-content\/uploads\/2017\/05\/Magnicharters.jpg","twitter_creator":"@NITUmx","twitter_site":"@Arturo_Medina_G","twitter_misc":{"Escrito por":"Redacci\u00f3n","Tiempo de lectura":"1 minuto"},"schema":{"@context":"https:\/\/schema.org","@graph":[{"@type":"Article","@id":"https:\/\/nitu.mx\/index.php\/2017\/05\/13\/magnicharters-llegara-cozumel-dos-vuelos-verano\/#article","isPartOf":{"@id":"https:\/\/nitu.mx\/index.php\/2017\/05\/13\/magnicharters-llegara-cozumel-dos-vuelos-verano\/"},"author":{"name":"Redacci\u00f3n","@id":"https:\/\/nitu.mx\/#\/schema\/person\/4a28fe9bd65924f7c90623773daf1b0b"},"headline":"Magnicharters llegar\u00e1 a Cozumel con dos vuelos para el verano","datePublished":"2017-05-13T06:05:07+00:00","dateModified":"2017-05-15T03:11:11+00:00","mainEntityOfPage":{"@id":"https:\/\/nitu.mx\/index.php\/2017\/05\/13\/magnicharters-llegara-cozumel-dos-vuelos-verano\/"},"wordCount":269,"commentCount":0,"publisher":{"@id":"https:\/\/nitu.mx\/#\/schema\/person\/ae7a53426417292d3dd07b45a33e01bc"},"image":{"@id":"https:\/\/nitu.mx\/index.php\/2017\/05\/13\/magnicharters-llegara-cozumel-dos-vuelos-verano\/#primaryimage"},"thumbnailUrl":"https:\/\/nitu.mx\/wp-content\/uploads\/2017\/05\/Magnicharters.jpg","keywords":["Administrador del Aeropuerto Internacional de Cozumel","Cozumel","Juan Pablo Garc\u00eda","Magnicharters","verano"],"articleSection":["Aerol\u00edneas","Destinos"],"inLanguage":"es-MX","potentialAction":[{"@type":"CommentAction","name":"Comment","target":["https:\/\/nitu.mx\/index.php\/2017\/05\/13\/magnicharters-llegara-cozumel-dos-vuelos-verano\/#respond"]}]},{"@type":"WebPage","@id":"https:\/\/nitu.mx\/index.php\/2017\/05\/13\/magnicharters-llegara-cozumel-dos-vuelos-verano\/","url":"https:\/\/nitu.mx\/index.php\/2017\/05\/13\/magnicharters-llegara-cozumel-dos-vuelos-verano\/","name":"Magnicharters llegar\u00e1 a Cozumel con dos vuelos para el verano - Nitu - Noticias de la Industria Turistica","isPartOf":{"@id":"https:\/\/nitu.mx\/#website"},"primaryImageOfPage":{"@id":"https:\/\/nitu.mx\/index.php\/2017\/05\/13\/magnicharters-llegara-cozumel-dos-vuelos-verano\/#primaryimage"},"image":{"@id":"https:\/\/nitu.mx\/index.php\/2017\/05\/13\/magnicharters-llegara-cozumel-dos-vuelos-verano\/#primaryimage"},"thumbnailUrl":"https:\/\/nitu.mx\/wp-content\/uploads\/2017\/05\/Magnicharters.jpg","datePublished":"2017-05-13T06:05:07+00:00","dateModified":"2017-05-15T03:11:11+00:00","description":"La aerol\u00ednea Magnicharters llegar\u00e1 a Cozumel para la temporada vacacional de verano con dos frecuencias semanales, tal y como lo hiciera en 2016.","breadcrumb":{"@id":"https:\/\/nitu.mx\/index.php\/2017\/05\/13\/magnicharters-llegara-cozumel-dos-vuelos-verano\/#breadcrumb"},"inLanguage":"es-MX","potentialAction":[{"@type":"ReadAction","target":["https:\/\/nitu.mx\/index.php\/2017\/05\/13\/magnicharters-llegara-cozumel-dos-vuelos-verano\/"]}]},{"@type":"ImageObject","inLanguage":"es-MX","@id":"https:\/\/nitu.mx\/index.php\/2017\/05\/13\/magnicharters-llegara-cozumel-dos-vuelos-verano\/#primaryimage","url":"https:\/\/nitu.mx\/wp-content\/uploads\/2017\/05\/Magnicharters.jpg","contentUrl":"https:\/\/nitu.mx\/wp-content\/uploads\/2017\/05\/Magnicharters.jpg","width":850,"height":480,"caption":"Magnicharters"},{"@type":"BreadcrumbList","@id":"https:\/\/nitu.mx\/index.php\/2017\/05\/13\/magnicharters-llegara-cozumel-dos-vuelos-verano\/#breadcrumb","itemListElement":[{"@type":"ListItem","position":1,"name":"Inicio","item":"https:\/\/nitu.mx\/"},{"@type":"ListItem","position":2,"name":"Magnicharters llegar\u00e1 a Cozumel con dos vuelos para el verano"}]},{"@type":"WebSite","@id":"https:\/\/nitu.mx\/#website","url":"https:\/\/nitu.mx\/","name":"Nitu - Noticias de la Industria Turistica","description":"Noticias de la Industria Turistica","publisher":{"@id":"https:\/\/nitu.mx\/#\/schema\/person\/ae7a53426417292d3dd07b45a33e01bc"},"alternateName":"Noticias de la Industria Turistica","potentialAction":[{"@type":"SearchAction","target":{"@type":"EntryPoint","urlTemplate":"https:\/\/nitu.mx\/?s={search_term_string}"},"query-input":"required name=search_term_string"}],"inLanguage":"es-MX"},{"@type":["Person","Organization"],"@id":"https:\/\/nitu.mx\/#\/schema\/person\/ae7a53426417292d3dd07b45a33e01bc","name":"Arturo Medina","image":{"@type":"ImageObject","inLanguage":"es-MX","@id":"https:\/\/nitu.mx\/#\/schema\/person\/image\/","url":"https:\/\/nitu.mx\/wp-content\/uploads\/2024\/04\/4A315622-1904-4D5C-B022-878CDC840E04-90x90-1.jpeg","contentUrl":"https:\/\/nitu.mx\/wp-content\/uploads\/2024\/04\/4A315622-1904-4D5C-B022-878CDC840E04-90x90-1.jpeg","width":90,"height":90,"caption":"Arturo Medina"},"logo":{"@id":"https:\/\/nitu.mx\/#\/schema\/person\/image\/"},"description":"Director NITU.mx, Egresado de la Escuela de Periodismo Carlos Septi\u00e9n Garc\u00eda. Periodista y analista especializado en turismo desde hace 35 a\u00f1os, radicado en Canc\u00fan Q.Roo. arturo@nitu.mx","sameAs":["https:\/\/nitu.mx","https:\/\/www.facebook.com\/NITUmx\/","medinacancun","https:\/\/twitter.com\/@Arturo_Medina_G"]},{"@type":"Person","@id":"https:\/\/nitu.mx\/#\/schema\/person\/4a28fe9bd65924f7c90623773daf1b0b","name":"Redacci\u00f3n","image":{"@type":"ImageObject","inLanguage":"es-MX","@id":"https:\/\/nitu.mx\/#\/schema\/person\/image\/","url":"https:\/\/secure.gravatar.com\/avatar\/5dd011c8ccfc5cd7e4c81e42252aab38?s=96&d=mm&r=g","contentUrl":"https:\/\/secure.gravatar.com\/avatar\/5dd011c8ccfc5cd7e4c81e42252aab38?s=96&d=mm&r=g","caption":"Redacci\u00f3n"},"url":"https:\/\/nitu.mx\/index.php\/author\/redaccion\/"}]}},"views":523,"_links":{"self":[{"href":"https:\/\/nitu.mx\/index.php\/wp-json\/wp\/v2\/posts\/9611"}],"collection":[{"href":"https:\/\/nitu.mx\/index.php\/wp-json\/wp\/v2\/posts"}],"about":[{"href":"https:\/\/nitu.mx\/index.php\/wp-json\/wp\/v2\/types\/post"}],"author":[{"embeddable":true,"href":"https:\/\/nitu.mx\/index.php\/wp-json\/wp\/v2\/users\/17"}],"replies":[{"embeddable":true,"href":"https:\/\/nitu.mx\/index.php\/wp-json\/wp\/v2\/comments?post=9611"}],"version-history":[{"count":4,"href":"https:\/\/nitu.mx\/index.php\/wp-json\/wp\/v2\/posts\/9611\/revisions"}],"predecessor-version":[{"id":9647,"href":"https:\/\/nitu.mx\/index.php\/wp-json\/wp\/v2\/posts\/9611\/revisions\/9647"}],"wp:featuredmedia":[{"embeddable":true,"href":"https:\/\/nitu.mx\/index.php\/wp-json\/wp\/v2\/media\/9645"}],"wp:attachment":[{"href":"https:\/\/nitu.mx\/index.php\/wp-json\/wp\/v2\/media?parent=9611"}],"wp:term":[{"taxonomy":"category","embeddable":true,"href":"https:\/\/nitu.mx\/index.php\/wp-json\/wp\/v2\/categories?post=9611"},{"taxonomy":"post_tag","embeddable":true,"href":"https:\/\/nitu.mx\/index.php\/wp-json\/wp\/v2\/tags?post=9611"}],"curies":[{"name":"wp","href":"https:\/\/api.w.org\/{rel}","templated":true}]}}