{"id":9460,"date":"2017-05-09T00:26:38","date_gmt":"2017-05-09T05:26:38","guid":{"rendered":"http:\/\/www.dev.nitu.mx\/?p=9460"},"modified":"2017-05-09T00:28:48","modified_gmt":"2017-05-09T05:28:48","slug":"de-la-madrid-visita-canada-y-presenta-video-promocional","status":"publish","type":"post","link":"https:\/\/nitu.mx\/index.php\/2017\/05\/09\/de-la-madrid-visita-canada-y-presenta-video-promocional\/","title":{"rendered":"De la Madrid visita Canad\u00e1 y presenta video promocional"},"content":{"rendered":"<p>El secretario de Turismo, Enrique de la Madrid, visit\u00f3 la semana pasada Otawa, Canad\u00e1 y frente a representantes de la industria tur\u00edstica de ese pa\u00eds present\u00f3 un video que apela a las emociones para reforzar la cercan\u00eda con Canad\u00e1. Adem\u00e1s de anunciar un nuevo vuelo de Aerom\u00e9xico con ese pa\u00eds.<\/p>\n<p>Con el incremento de la conectividad a\u00e9rea, de hecho Aerom\u00e9xico pondr\u00e1 en marcha el pr\u00f3ximo mes una nueva ruta entre la Ciudad de M\u00e9xico y Calgary, el pron\u00f3stico este a\u00f1o es que habr\u00e1 un aumento de dos d\u00edgitos, es decir, alrededor de 170 mil canadienses m\u00e1s para llegar a alrededor de 1.9 millones, de visitantes de ese pa\u00eds a territorio nacional, se\u00f1ala Dinero en Imagen.<\/p>\n<p>\u201cQuerido Canad\u00e1, dice al inicio el video, vengo a reconocer que siempre has sido mi mejor amigo; nuestras banderas siempre han ondeado en paz y siempre hemos buscado soluciones juntos\u201d.<\/p>\n<p>Entre nuestros pa\u00edses, abunda, se mueven peque\u00f1as viajeras, se refiere a las mariposas monarcas, y otras imponentes tambi\u00e9n, haciendo alusi\u00f3n a las ballenas. Nosotros aprendemos y cuidamos de ellas.<\/p>\n<p>Los mexicanos somos apasionados, prosigue, y los canadienses energ\u00e9ticos y pol\u00edticamente correctos, y les gusta competir por la gloria de ganar. A los canadienses les gusta mezclar, refiere sobre la gastronom\u00eda, y a los mexicanos sazonar con picante; apreciamos los paisajes y la buena pl\u00e1tica.<\/p>\n<p>Somos la simbiosis perfecta, dice la voz en off del video, y a\u00f1ade: \u201cMi querido amigo, es tiempo de conectar y crecer juntos; te estar\u00e9 esperando durante tus fr\u00edos inviernos y te prometo que te visitar\u00e9 en el verano. Tu amigo, M\u00e9xico\u201d.<\/p>\n<p>Un mensaje en formato de carta con unas im\u00e1genes impactantes de la cultura, la naturaleza y las personas, que fue recibido con entusiasmo por algunos de los operadores mayoristas, ejecutivos de aerol\u00edneas y autoridades tur\u00edsticas m\u00e1s importantes de Canad\u00e1.<\/p>\n<p>Las cifras van a la alza despu\u00e9s de que la llegada de canadienses se hab\u00eda estancado el a\u00f1o pasado con un incremento de 1.7 por ciento; el promedio de los primeros tres meses de 2017 fue de casi 10 por ciento, y marzo contra marzo de 17 por ciento.<\/p>\n<p>Mientras que el flujo de mexicanos hacia aquel pa\u00eds, tambi\u00e9n tiene alta expectativa como se ha informado en <em><strong>NITU.mx<\/strong><\/em>.\u00a0(<a title=\"Estiman crecimiento de 20 por ciento de viajeros mexicanos a Canad\u00e1\" href=\"http:\/\/www.dev.nitu.mx\/index.php\/2017\/02\/07\/estiman-crecimiento-20-ciento-viajeros-mexicanos-canada\/\" rel=\"bookmark\">Estiman crecimiento de 20 por ciento de viajeros mexicanos a Canad\u00e1<\/a>).<\/p>\n","protected":false},"excerpt":{"rendered":"<p>El secretario de Turismo, Enrique de la Madrid, visit\u00f3 la semana pasada Otawa, Canad\u00e1 y frente a representantes de la industria tur\u00edstica de ese pa\u00eds present\u00f3 un video que apela a las emociones para reforzar la cercan\u00eda con Canad\u00e1. Adem\u00e1s de anunciar un nuevo vuelo de Aerom\u00e9xico con ese pa\u00eds. Con el incremento de la [&hellip;]<\/p>\n","protected":false},"author":17,"featured_media":9484,"comment_status":"open","ping_status":"open","sticky":false,"template":"","format":"standard","meta":{"footnotes":""},"categories":[29,6],"tags":[30,1031,176,3183,4163,175],"yoast_head":"<!-- This site is optimized with the Yoast SEO plugin v22.2 - https:\/\/yoast.com\/wordpress\/plugins\/seo\/ -->\n<title>De la Madrid visita Canad\u00e1 y presenta video promocional - Nitu - Noticias de la Industria Turistica<\/title>\n<meta name=\"description\" content=\"Enrique de la Madrid present\u00f3 un video, a representantes tur\u00edsticos de Canad\u00e1, que apela a las emociones para reforzar la cercan\u00eda.\" \/>\n<meta name=\"robots\" content=\"index, follow, max-snippet:-1, max-image-preview:large, max-video-preview:-1\" \/>\n<link rel=\"canonical\" href=\"https:\/\/nitu.mx\/index.php\/2017\/05\/09\/de-la-madrid-visita-canada-y-presenta-video-promocional\/\" \/>\n<meta name=\"twitter:card\" content=\"summary_large_image\" \/>\n<meta name=\"twitter:title\" content=\"De la Madrid visita Canad\u00e1 y presenta video promocional - Nitu - Noticias de la Industria Turistica\" \/>\n<meta name=\"twitter:description\" content=\"Enrique de la Madrid present\u00f3 un video, a representantes tur\u00edsticos de Canad\u00e1, que apela a las emociones para reforzar la cercan\u00eda.\" \/>\n<meta name=\"twitter:image\" content=\"https:\/\/nitu.mx\/wp-content\/uploads\/2017\/05\/Gira-Canada-10.jpg\" \/>\n<meta name=\"twitter:creator\" content=\"@NITUmx\" \/>\n<meta name=\"twitter:site\" content=\"@Arturo_Medina_G\" \/>\n<meta name=\"twitter:label1\" content=\"Escrito por\" \/>\n\t<meta name=\"twitter:data1\" content=\"Redacci\u00f3n\" \/>\n\t<meta name=\"twitter:label2\" content=\"Tiempo de lectura\" \/>\n\t<meta name=\"twitter:data2\" content=\"2 minutos\" \/>\n<script type=\"application\/ld+json\" class=\"yoast-schema-graph\">{\"@context\":\"https:\/\/schema.org\",\"@graph\":[{\"@type\":\"Article\",\"@id\":\"https:\/\/nitu.mx\/index.php\/2017\/05\/09\/de-la-madrid-visita-canada-y-presenta-video-promocional\/#article\",\"isPartOf\":{\"@id\":\"https:\/\/nitu.mx\/index.php\/2017\/05\/09\/de-la-madrid-visita-canada-y-presenta-video-promocional\/\"},\"author\":{\"name\":\"Redacci\u00f3n\",\"@id\":\"https:\/\/nitu.mx\/#\/schema\/person\/4a28fe9bd65924f7c90623773daf1b0b\"},\"headline\":\"De la Madrid visita Canad\u00e1 y presenta video promocional\",\"datePublished\":\"2017-05-09T05:26:38+00:00\",\"dateModified\":\"2017-05-09T05:28:48+00:00\",\"mainEntityOfPage\":{\"@id\":\"https:\/\/nitu.mx\/index.php\/2017\/05\/09\/de-la-madrid-visita-canada-y-presenta-video-promocional\/\"},\"wordCount\":418,\"commentCount\":0,\"publisher\":{\"@id\":\"https:\/\/nitu.mx\/#\/schema\/person\/ae7a53426417292d3dd07b45a33e01bc\"},\"image\":{\"@id\":\"https:\/\/nitu.mx\/index.php\/2017\/05\/09\/de-la-madrid-visita-canada-y-presenta-video-promocional\/#primaryimage\"},\"thumbnailUrl\":\"https:\/\/nitu.mx\/wp-content\/uploads\/2017\/05\/Gira-Canada-10.jpg\",\"keywords\":[\"Aerom\u00e9xico\",\"Canad\u00e1\",\"Enrique de la Madrid\",\"Industria Tur\u00edstica\",\"Otawa\",\"Secretario de Turismo\"],\"articleSection\":[\"Aerol\u00edneas\",\"M\u00e9xico\"],\"inLanguage\":\"es-MX\",\"potentialAction\":[{\"@type\":\"CommentAction\",\"name\":\"Comment\",\"target\":[\"https:\/\/nitu.mx\/index.php\/2017\/05\/09\/de-la-madrid-visita-canada-y-presenta-video-promocional\/#respond\"]}]},{\"@type\":\"WebPage\",\"@id\":\"https:\/\/nitu.mx\/index.php\/2017\/05\/09\/de-la-madrid-visita-canada-y-presenta-video-promocional\/\",\"url\":\"https:\/\/nitu.mx\/index.php\/2017\/05\/09\/de-la-madrid-visita-canada-y-presenta-video-promocional\/\",\"name\":\"De la Madrid visita Canad\u00e1 y presenta video promocional - Nitu - Noticias de la Industria Turistica\",\"isPartOf\":{\"@id\":\"https:\/\/nitu.mx\/#website\"},\"primaryImageOfPage\":{\"@id\":\"https:\/\/nitu.mx\/index.php\/2017\/05\/09\/de-la-madrid-visita-canada-y-presenta-video-promocional\/#primaryimage\"},\"image\":{\"@id\":\"https:\/\/nitu.mx\/index.php\/2017\/05\/09\/de-la-madrid-visita-canada-y-presenta-video-promocional\/#primaryimage\"},\"thumbnailUrl\":\"https:\/\/nitu.mx\/wp-content\/uploads\/2017\/05\/Gira-Canada-10.jpg\",\"datePublished\":\"2017-05-09T05:26:38+00:00\",\"dateModified\":\"2017-05-09T05:28:48+00:00\",\"description\":\"Enrique de la Madrid present\u00f3 un video, a representantes tur\u00edsticos de Canad\u00e1, que apela a las emociones para reforzar la cercan\u00eda.\",\"breadcrumb\":{\"@id\":\"https:\/\/nitu.mx\/index.php\/2017\/05\/09\/de-la-madrid-visita-canada-y-presenta-video-promocional\/#breadcrumb\"},\"inLanguage\":\"es-MX\",\"potentialAction\":[{\"@type\":\"ReadAction\",\"target\":[\"https:\/\/nitu.mx\/index.php\/2017\/05\/09\/de-la-madrid-visita-canada-y-presenta-video-promocional\/\"]}]},{\"@type\":\"ImageObject\",\"inLanguage\":\"es-MX\",\"@id\":\"https:\/\/nitu.mx\/index.php\/2017\/05\/09\/de-la-madrid-visita-canada-y-presenta-video-promocional\/#primaryimage\",\"url\":\"https:\/\/nitu.mx\/wp-content\/uploads\/2017\/05\/Gira-Canada-10.jpg\",\"contentUrl\":\"https:\/\/nitu.mx\/wp-content\/uploads\/2017\/05\/Gira-Canada-10.jpg\",\"width\":850,\"height\":480,\"caption\":\"Gira Canad\u00e1\"},{\"@type\":\"BreadcrumbList\",\"@id\":\"https:\/\/nitu.mx\/index.php\/2017\/05\/09\/de-la-madrid-visita-canada-y-presenta-video-promocional\/#breadcrumb\",\"itemListElement\":[{\"@type\":\"ListItem\",\"position\":1,\"name\":\"Inicio\",\"item\":\"https:\/\/nitu.mx\/\"},{\"@type\":\"ListItem\",\"position\":2,\"name\":\"De la Madrid visita Canad\u00e1 y presenta video promocional\"}]},{\"@type\":\"WebSite\",\"@id\":\"https:\/\/nitu.mx\/#website\",\"url\":\"https:\/\/nitu.mx\/\",\"name\":\"Nitu - Noticias de la Industria Turistica\",\"description\":\"Noticias de la Industria Turistica\",\"publisher\":{\"@id\":\"https:\/\/nitu.mx\/#\/schema\/person\/ae7a53426417292d3dd07b45a33e01bc\"},\"alternateName\":\"Noticias de la Industria Turistica\",\"potentialAction\":[{\"@type\":\"SearchAction\",\"target\":{\"@type\":\"EntryPoint\",\"urlTemplate\":\"https:\/\/nitu.mx\/?s={search_term_string}\"},\"query-input\":\"required name=search_term_string\"}],\"inLanguage\":\"es-MX\"},{\"@type\":[\"Person\",\"Organization\"],\"@id\":\"https:\/\/nitu.mx\/#\/schema\/person\/ae7a53426417292d3dd07b45a33e01bc\",\"name\":\"Arturo Medina\",\"image\":{\"@type\":\"ImageObject\",\"inLanguage\":\"es-MX\",\"@id\":\"https:\/\/nitu.mx\/#\/schema\/person\/image\/\",\"url\":\"https:\/\/nitu.mx\/wp-content\/uploads\/2024\/04\/4A315622-1904-4D5C-B022-878CDC840E04-90x90-1.jpeg\",\"contentUrl\":\"https:\/\/nitu.mx\/wp-content\/uploads\/2024\/04\/4A315622-1904-4D5C-B022-878CDC840E04-90x90-1.jpeg\",\"width\":90,\"height\":90,\"caption\":\"Arturo Medina\"},\"logo\":{\"@id\":\"https:\/\/nitu.mx\/#\/schema\/person\/image\/\"},\"description\":\"Director NITU.mx, Egresado de la Escuela de Periodismo Carlos Septi\u00e9n Garc\u00eda. Periodista y analista especializado en turismo desde hace 35 a\u00f1os, radicado en Canc\u00fan Q.Roo. arturo@nitu.mx\",\"sameAs\":[\"https:\/\/nitu.mx\",\"https:\/\/www.facebook.com\/NITUmx\/\",\"medinacancun\",\"https:\/\/twitter.com\/@Arturo_Medina_G\"]},{\"@type\":\"Person\",\"@id\":\"https:\/\/nitu.mx\/#\/schema\/person\/4a28fe9bd65924f7c90623773daf1b0b\",\"name\":\"Redacci\u00f3n\",\"image\":{\"@type\":\"ImageObject\",\"inLanguage\":\"es-MX\",\"@id\":\"https:\/\/nitu.mx\/#\/schema\/person\/image\/\",\"url\":\"https:\/\/secure.gravatar.com\/avatar\/5dd011c8ccfc5cd7e4c81e42252aab38?s=96&d=mm&r=g\",\"contentUrl\":\"https:\/\/secure.gravatar.com\/avatar\/5dd011c8ccfc5cd7e4c81e42252aab38?s=96&d=mm&r=g\",\"caption\":\"Redacci\u00f3n\"},\"url\":\"https:\/\/nitu.mx\/index.php\/author\/redaccion\/\"}]}<\/script>\n<!-- \/ Yoast SEO plugin. -->","yoast_head_json":{"title":"De la Madrid visita Canad\u00e1 y presenta video promocional - Nitu - Noticias de la Industria Turistica","description":"Enrique de la Madrid present\u00f3 un video, a representantes tur\u00edsticos de Canad\u00e1, que apela a las emociones para reforzar la cercan\u00eda.","robots":{"index":"index","follow":"follow","max-snippet":"max-snippet:-1","max-image-preview":"max-image-preview:large","max-video-preview":"max-video-preview:-1"},"canonical":"https:\/\/nitu.mx\/index.php\/2017\/05\/09\/de-la-madrid-visita-canada-y-presenta-video-promocional\/","twitter_card":"summary_large_image","twitter_title":"De la Madrid visita Canad\u00e1 y presenta video promocional - Nitu - Noticias de la Industria Turistica","twitter_description":"Enrique de la Madrid present\u00f3 un video, a representantes tur\u00edsticos de Canad\u00e1, que apela a las emociones para reforzar la cercan\u00eda.","twitter_image":"https:\/\/nitu.mx\/wp-content\/uploads\/2017\/05\/Gira-Canada-10.jpg","twitter_creator":"@NITUmx","twitter_site":"@Arturo_Medina_G","twitter_misc":{"Escrito por":"Redacci\u00f3n","Tiempo de lectura":"2 minutos"},"schema":{"@context":"https:\/\/schema.org","@graph":[{"@type":"Article","@id":"https:\/\/nitu.mx\/index.php\/2017\/05\/09\/de-la-madrid-visita-canada-y-presenta-video-promocional\/#article","isPartOf":{"@id":"https:\/\/nitu.mx\/index.php\/2017\/05\/09\/de-la-madrid-visita-canada-y-presenta-video-promocional\/"},"author":{"name":"Redacci\u00f3n","@id":"https:\/\/nitu.mx\/#\/schema\/person\/4a28fe9bd65924f7c90623773daf1b0b"},"headline":"De la Madrid visita Canad\u00e1 y presenta video promocional","datePublished":"2017-05-09T05:26:38+00:00","dateModified":"2017-05-09T05:28:48+00:00","mainEntityOfPage":{"@id":"https:\/\/nitu.mx\/index.php\/2017\/05\/09\/de-la-madrid-visita-canada-y-presenta-video-promocional\/"},"wordCount":418,"commentCount":0,"publisher":{"@id":"https:\/\/nitu.mx\/#\/schema\/person\/ae7a53426417292d3dd07b45a33e01bc"},"image":{"@id":"https:\/\/nitu.mx\/index.php\/2017\/05\/09\/de-la-madrid-visita-canada-y-presenta-video-promocional\/#primaryimage"},"thumbnailUrl":"https:\/\/nitu.mx\/wp-content\/uploads\/2017\/05\/Gira-Canada-10.jpg","keywords":["Aerom\u00e9xico","Canad\u00e1","Enrique de la Madrid","Industria Tur\u00edstica","Otawa","Secretario de Turismo"],"articleSection":["Aerol\u00edneas","M\u00e9xico"],"inLanguage":"es-MX","potentialAction":[{"@type":"CommentAction","name":"Comment","target":["https:\/\/nitu.mx\/index.php\/2017\/05\/09\/de-la-madrid-visita-canada-y-presenta-video-promocional\/#respond"]}]},{"@type":"WebPage","@id":"https:\/\/nitu.mx\/index.php\/2017\/05\/09\/de-la-madrid-visita-canada-y-presenta-video-promocional\/","url":"https:\/\/nitu.mx\/index.php\/2017\/05\/09\/de-la-madrid-visita-canada-y-presenta-video-promocional\/","name":"De la Madrid visita Canad\u00e1 y presenta video promocional - Nitu - Noticias de la Industria Turistica","isPartOf":{"@id":"https:\/\/nitu.mx\/#website"},"primaryImageOfPage":{"@id":"https:\/\/nitu.mx\/index.php\/2017\/05\/09\/de-la-madrid-visita-canada-y-presenta-video-promocional\/#primaryimage"},"image":{"@id":"https:\/\/nitu.mx\/index.php\/2017\/05\/09\/de-la-madrid-visita-canada-y-presenta-video-promocional\/#primaryimage"},"thumbnailUrl":"https:\/\/nitu.mx\/wp-content\/uploads\/2017\/05\/Gira-Canada-10.jpg","datePublished":"2017-05-09T05:26:38+00:00","dateModified":"2017-05-09T05:28:48+00:00","description":"Enrique de la Madrid present\u00f3 un video, a representantes tur\u00edsticos de Canad\u00e1, que apela a las emociones para reforzar la cercan\u00eda.","breadcrumb":{"@id":"https:\/\/nitu.mx\/index.php\/2017\/05\/09\/de-la-madrid-visita-canada-y-presenta-video-promocional\/#breadcrumb"},"inLanguage":"es-MX","potentialAction":[{"@type":"ReadAction","target":["https:\/\/nitu.mx\/index.php\/2017\/05\/09\/de-la-madrid-visita-canada-y-presenta-video-promocional\/"]}]},{"@type":"ImageObject","inLanguage":"es-MX","@id":"https:\/\/nitu.mx\/index.php\/2017\/05\/09\/de-la-madrid-visita-canada-y-presenta-video-promocional\/#primaryimage","url":"https:\/\/nitu.mx\/wp-content\/uploads\/2017\/05\/Gira-Canada-10.jpg","contentUrl":"https:\/\/nitu.mx\/wp-content\/uploads\/2017\/05\/Gira-Canada-10.jpg","width":850,"height":480,"caption":"Gira Canad\u00e1"},{"@type":"BreadcrumbList","@id":"https:\/\/nitu.mx\/index.php\/2017\/05\/09\/de-la-madrid-visita-canada-y-presenta-video-promocional\/#breadcrumb","itemListElement":[{"@type":"ListItem","position":1,"name":"Inicio","item":"https:\/\/nitu.mx\/"},{"@type":"ListItem","position":2,"name":"De la Madrid visita Canad\u00e1 y presenta video promocional"}]},{"@type":"WebSite","@id":"https:\/\/nitu.mx\/#website","url":"https:\/\/nitu.mx\/","name":"Nitu - Noticias de la Industria Turistica","description":"Noticias de la Industria Turistica","publisher":{"@id":"https:\/\/nitu.mx\/#\/schema\/person\/ae7a53426417292d3dd07b45a33e01bc"},"alternateName":"Noticias de la Industria Turistica","potentialAction":[{"@type":"SearchAction","target":{"@type":"EntryPoint","urlTemplate":"https:\/\/nitu.mx\/?s={search_term_string}"},"query-input":"required name=search_term_string"}],"inLanguage":"es-MX"},{"@type":["Person","Organization"],"@id":"https:\/\/nitu.mx\/#\/schema\/person\/ae7a53426417292d3dd07b45a33e01bc","name":"Arturo Medina","image":{"@type":"ImageObject","inLanguage":"es-MX","@id":"https:\/\/nitu.mx\/#\/schema\/person\/image\/","url":"https:\/\/nitu.mx\/wp-content\/uploads\/2024\/04\/4A315622-1904-4D5C-B022-878CDC840E04-90x90-1.jpeg","contentUrl":"https:\/\/nitu.mx\/wp-content\/uploads\/2024\/04\/4A315622-1904-4D5C-B022-878CDC840E04-90x90-1.jpeg","width":90,"height":90,"caption":"Arturo Medina"},"logo":{"@id":"https:\/\/nitu.mx\/#\/schema\/person\/image\/"},"description":"Director NITU.mx, Egresado de la Escuela de Periodismo Carlos Septi\u00e9n Garc\u00eda. Periodista y analista especializado en turismo desde hace 35 a\u00f1os, radicado en Canc\u00fan Q.Roo. arturo@nitu.mx","sameAs":["https:\/\/nitu.mx","https:\/\/www.facebook.com\/NITUmx\/","medinacancun","https:\/\/twitter.com\/@Arturo_Medina_G"]},{"@type":"Person","@id":"https:\/\/nitu.mx\/#\/schema\/person\/4a28fe9bd65924f7c90623773daf1b0b","name":"Redacci\u00f3n","image":{"@type":"ImageObject","inLanguage":"es-MX","@id":"https:\/\/nitu.mx\/#\/schema\/person\/image\/","url":"https:\/\/secure.gravatar.com\/avatar\/5dd011c8ccfc5cd7e4c81e42252aab38?s=96&d=mm&r=g","contentUrl":"https:\/\/secure.gravatar.com\/avatar\/5dd011c8ccfc5cd7e4c81e42252aab38?s=96&d=mm&r=g","caption":"Redacci\u00f3n"},"url":"https:\/\/nitu.mx\/index.php\/author\/redaccion\/"}]}},"views":217,"_links":{"self":[{"href":"https:\/\/nitu.mx\/index.php\/wp-json\/wp\/v2\/posts\/9460"}],"collection":[{"href":"https:\/\/nitu.mx\/index.php\/wp-json\/wp\/v2\/posts"}],"about":[{"href":"https:\/\/nitu.mx\/index.php\/wp-json\/wp\/v2\/types\/post"}],"author":[{"embeddable":true,"href":"https:\/\/nitu.mx\/index.php\/wp-json\/wp\/v2\/users\/17"}],"replies":[{"embeddable":true,"href":"https:\/\/nitu.mx\/index.php\/wp-json\/wp\/v2\/comments?post=9460"}],"version-history":[{"count":3,"href":"https:\/\/nitu.mx\/index.php\/wp-json\/wp\/v2\/posts\/9460\/revisions"}],"predecessor-version":[{"id":9485,"href":"https:\/\/nitu.mx\/index.php\/wp-json\/wp\/v2\/posts\/9460\/revisions\/9485"}],"wp:featuredmedia":[{"embeddable":true,"href":"https:\/\/nitu.mx\/index.php\/wp-json\/wp\/v2\/media\/9484"}],"wp:attachment":[{"href":"https:\/\/nitu.mx\/index.php\/wp-json\/wp\/v2\/media?parent=9460"}],"wp:term":[{"taxonomy":"category","embeddable":true,"href":"https:\/\/nitu.mx\/index.php\/wp-json\/wp\/v2\/categories?post=9460"},{"taxonomy":"post_tag","embeddable":true,"href":"https:\/\/nitu.mx\/index.php\/wp-json\/wp\/v2\/tags?post=9460"}],"curies":[{"name":"wp","href":"https:\/\/api.w.org\/{rel}","templated":true}]}}