{"id":9415,"date":"2017-05-07T22:33:12","date_gmt":"2017-05-08T03:33:12","guid":{"rendered":"http:\/\/www.dev.nitu.mx\/?p=9415"},"modified":"2017-05-08T00:33:00","modified_gmt":"2017-05-08T05:33:00","slug":"olivera-aeropuerto-san-miguel-allende","status":"publish","type":"post","link":"https:\/\/nitu.mx\/index.php\/2017\/05\/07\/olivera-aeropuerto-san-miguel-allende\/","title":{"rendered":"Aclara Olivera detalles del aeropuerto de San Miguel de Allende"},"content":{"rendered":"<p>Tras las inquietudes que aquejaban a habitantes y ejidatarios de las zonas aleda\u00f1as al aer\u00f3dromo de San Miguel de Allende, el cual dar\u00e1 paso al aeropuerto, el secretario de Turismo estatal Fernando Olivera Rocha, aclar\u00f3 para <em><strong>NITU.mx<\/strong><\/em>, que el gobierno municipal es el encargado de escuchar dichas inquietudes y aclarar que la nueva terminal a\u00e9rea no ser\u00e1 de alto impacto y s\u00ed traer\u00e1 beneficios a la regi\u00f3n.\u00a0(<a title=\"Anuncian construcci\u00f3n de aeropuerto en San Miguel de Allende\" href=\"http:\/\/www.dev.nitu.mx\/index.php\/2017\/03\/31\/anuncian-construccion-de-aeropuerto-en-san-miguel-de-allende\/\" rel=\"bookmark\">Anuncian construcci\u00f3n de aeropuerto en San Miguel de Allende<\/a>)<\/p>\n<p>En entrevista, el funcionario estatal detall\u00f3 que es \u201cimportante recordar que la zona ya llevaba muchos a\u00f1os funcionando como aer\u00f3dromo, por lo que no se est\u00e1 creando o modificando un espacio, solamente se adecuar\u00e1 su operaci\u00f3n. Por sus caracter\u00edsticas ya no ten\u00eda operaciones, pero una vez funcionando no crecer\u00e1 mucho\u201d.<\/p>\n<p>Olivera Rocha dijo que no se trata de un aeropuerto masivo, sino que fortalecer\u00e1 principalmente la aviaci\u00f3n privada, en primera instancia, y la llegada de ciertas rutas regionales en segundo lugar. Coment\u00f3 que el tipo de avi\u00f3n que podr\u00eda aterrizar, son tipo Embraer 45, con un m\u00e1ximo de 48 pasajeros, pero destac\u00f3 que este tipo de naves la tienen aerol\u00edneas como TAR, Aerocalafia, United y Delta, lo que eleva la posibilidad de crecimiento, pero hasta cierto nivel.<\/p>\n<p>Agreg\u00f3 que en cuanto a destinos, ha habido inter\u00e9s por conectar Los Cabos, Monterrey, Toluca y Houston, adem\u00e1s de que en la parte comercial, favorece a la regi\u00f3n noreste del estado, al facilitar la llegada a Dolores Hidalgo, Mineral de Pozos, entre otros.<\/p>\n<p>\u201cEl aeropuerto en San Miguel (de Allende) ser\u00e1 una ventaja cualitativa, m\u00e1s que una cuesti\u00f3n masiva, porque la misma infraestructura no da para m\u00e1s\u201d, aclar\u00f3 el secretario de Turismo de Guanajuato. Respecto a la licitaci\u00f3n, coment\u00f3 que se espera est\u00e9 lista este mes, con lo que se iniciar\u00eda la modificaci\u00f3n de la pista y la construcci\u00f3n del edificio terminal y los hangares; y por otro lado se har\u00eda la invitaci\u00f3n formal a las aerol\u00edneas que deseen llegar.<\/p>\n<p>La inversi\u00f3n estimada para este proyecto es de 400 millones de pesos, y la operaci\u00f3n estar\u00eda disponible a cualquier grupo aeroportuario, una vez abierta la licitaci\u00f3n; concluy\u00f3 diciendo que aunque el Grupo Aeroportuario del Pac\u00edfico (GAP), que opera el Aeropuerto Internacional del Baj\u00edo, no ha mostrado su inter\u00e9s en participar, no se descarta su participaci\u00f3n, aunque aclar\u00f3 que todos los proyectos son bienvenidos.<\/p>\n","protected":false},"excerpt":{"rendered":"<p>Tras las inquietudes que aquejaban a habitantes y ejidatarios de las zonas aleda\u00f1as al aer\u00f3dromo de San Miguel de Allende, el cual dar\u00e1 paso al aeropuerto, el secretario de Turismo estatal Fernando Olivera Rocha, aclar\u00f3 para NITU.mx, que el gobierno municipal es el encargado de escuchar dichas inquietudes y aclarar que la nueva terminal a\u00e9rea [&hellip;]<\/p>\n","protected":false},"author":5,"featured_media":9425,"comment_status":"open","ping_status":"open","sticky":false,"template":"","format":"standard","meta":{"footnotes":""},"categories":[29,5],"tags":[4149,534,3292,382,238,2646],"yoast_head":"<!-- This site is optimized with the Yoast SEO plugin v22.2 - https:\/\/yoast.com\/wordpress\/plugins\/seo\/ -->\n<title>Aclara Olivera detalles del aeropuerto de San Miguel de Allende - Nitu - Noticias de la Industria Turistica<\/title>\n<meta name=\"description\" content=\"El secretario de Turismo del estado de Guanajuato aclara que la nueva terminal aeroportuaria de San Miguel de Allende ser\u00e1 beneficiosa para la regi\u00f3n.\" \/>\n<meta name=\"robots\" content=\"index, follow, max-snippet:-1, max-image-preview:large, max-video-preview:-1\" \/>\n<link rel=\"canonical\" href=\"https:\/\/nitu.mx\/index.php\/2017\/05\/07\/olivera-aeropuerto-san-miguel-allende\/\" \/>\n<meta name=\"twitter:card\" content=\"summary_large_image\" \/>\n<meta name=\"twitter:title\" content=\"Aclara Olivera detalles del aeropuerto de San Miguel de Allende - Nitu - Noticias de la Industria Turistica\" \/>\n<meta name=\"twitter:description\" content=\"El secretario de Turismo del estado de Guanajuato aclara que la nueva terminal aeroportuaria de San Miguel de Allende ser\u00e1 beneficiosa para la regi\u00f3n.\" \/>\n<meta name=\"twitter:image\" content=\"https:\/\/nitu.mx\/wp-content\/uploads\/2017\/05\/aeropuerto-SMA.jpg\" \/>\n<meta name=\"twitter:creator\" content=\"@NITUmx\" \/>\n<meta name=\"twitter:site\" content=\"@Arturo_Medina_G\" \/>\n<meta name=\"twitter:label1\" content=\"Escrito por\" \/>\n\t<meta name=\"twitter:data1\" content=\"Mari Soto\" \/>\n\t<meta name=\"twitter:label2\" content=\"Tiempo de lectura\" \/>\n\t<meta name=\"twitter:data2\" content=\"2 minutos\" \/>\n<script type=\"application\/ld+json\" class=\"yoast-schema-graph\">{\"@context\":\"https:\/\/schema.org\",\"@graph\":[{\"@type\":\"Article\",\"@id\":\"https:\/\/nitu.mx\/index.php\/2017\/05\/07\/olivera-aeropuerto-san-miguel-allende\/#article\",\"isPartOf\":{\"@id\":\"https:\/\/nitu.mx\/index.php\/2017\/05\/07\/olivera-aeropuerto-san-miguel-allende\/\"},\"author\":{\"name\":\"Mari Soto\",\"@id\":\"https:\/\/nitu.mx\/#\/schema\/person\/afc52e313e27e660739556d421d3d6b4\"},\"headline\":\"Aclara Olivera detalles del aeropuerto de San Miguel de Allende\",\"datePublished\":\"2017-05-08T03:33:12+00:00\",\"dateModified\":\"2017-05-08T05:33:00+00:00\",\"mainEntityOfPage\":{\"@id\":\"https:\/\/nitu.mx\/index.php\/2017\/05\/07\/olivera-aeropuerto-san-miguel-allende\/\"},\"wordCount\":430,\"commentCount\":0,\"publisher\":{\"@id\":\"https:\/\/nitu.mx\/#\/schema\/person\/ae7a53426417292d3dd07b45a33e01bc\"},\"image\":{\"@id\":\"https:\/\/nitu.mx\/index.php\/2017\/05\/07\/olivera-aeropuerto-san-miguel-allende\/#primaryimage\"},\"thumbnailUrl\":\"https:\/\/nitu.mx\/wp-content\/uploads\/2017\/05\/aeropuerto-SMA.jpg\",\"keywords\":[\"Aerocalafia\",\"Delta\",\"Fernando Olivera\",\"San Miguel de Allende\",\"TAR\",\"United\"],\"articleSection\":[\"Aerol\u00edneas\",\"Destinos\"],\"inLanguage\":\"es-MX\",\"potentialAction\":[{\"@type\":\"CommentAction\",\"name\":\"Comment\",\"target\":[\"https:\/\/nitu.mx\/index.php\/2017\/05\/07\/olivera-aeropuerto-san-miguel-allende\/#respond\"]}]},{\"@type\":\"WebPage\",\"@id\":\"https:\/\/nitu.mx\/index.php\/2017\/05\/07\/olivera-aeropuerto-san-miguel-allende\/\",\"url\":\"https:\/\/nitu.mx\/index.php\/2017\/05\/07\/olivera-aeropuerto-san-miguel-allende\/\",\"name\":\"Aclara Olivera detalles del aeropuerto de San Miguel de Allende - Nitu - Noticias de la Industria Turistica\",\"isPartOf\":{\"@id\":\"https:\/\/nitu.mx\/#website\"},\"primaryImageOfPage\":{\"@id\":\"https:\/\/nitu.mx\/index.php\/2017\/05\/07\/olivera-aeropuerto-san-miguel-allende\/#primaryimage\"},\"image\":{\"@id\":\"https:\/\/nitu.mx\/index.php\/2017\/05\/07\/olivera-aeropuerto-san-miguel-allende\/#primaryimage\"},\"thumbnailUrl\":\"https:\/\/nitu.mx\/wp-content\/uploads\/2017\/05\/aeropuerto-SMA.jpg\",\"datePublished\":\"2017-05-08T03:33:12+00:00\",\"dateModified\":\"2017-05-08T05:33:00+00:00\",\"description\":\"El secretario de Turismo del estado de Guanajuato aclara que la nueva terminal aeroportuaria de San Miguel de Allende ser\u00e1 beneficiosa para la regi\u00f3n.\",\"breadcrumb\":{\"@id\":\"https:\/\/nitu.mx\/index.php\/2017\/05\/07\/olivera-aeropuerto-san-miguel-allende\/#breadcrumb\"},\"inLanguage\":\"es-MX\",\"potentialAction\":[{\"@type\":\"ReadAction\",\"target\":[\"https:\/\/nitu.mx\/index.php\/2017\/05\/07\/olivera-aeropuerto-san-miguel-allende\/\"]}]},{\"@type\":\"ImageObject\",\"inLanguage\":\"es-MX\",\"@id\":\"https:\/\/nitu.mx\/index.php\/2017\/05\/07\/olivera-aeropuerto-san-miguel-allende\/#primaryimage\",\"url\":\"https:\/\/nitu.mx\/wp-content\/uploads\/2017\/05\/aeropuerto-SMA.jpg\",\"contentUrl\":\"https:\/\/nitu.mx\/wp-content\/uploads\/2017\/05\/aeropuerto-SMA.jpg\",\"width\":850,\"height\":480,\"caption\":\"Fernando Olivera aeropuerto San Miguel de Allende\"},{\"@type\":\"BreadcrumbList\",\"@id\":\"https:\/\/nitu.mx\/index.php\/2017\/05\/07\/olivera-aeropuerto-san-miguel-allende\/#breadcrumb\",\"itemListElement\":[{\"@type\":\"ListItem\",\"position\":1,\"name\":\"Inicio\",\"item\":\"https:\/\/nitu.mx\/\"},{\"@type\":\"ListItem\",\"position\":2,\"name\":\"Aclara Olivera detalles del aeropuerto de San Miguel de Allende\"}]},{\"@type\":\"WebSite\",\"@id\":\"https:\/\/nitu.mx\/#website\",\"url\":\"https:\/\/nitu.mx\/\",\"name\":\"Nitu - Noticias de la Industria Turistica\",\"description\":\"Noticias de la Industria Turistica\",\"publisher\":{\"@id\":\"https:\/\/nitu.mx\/#\/schema\/person\/ae7a53426417292d3dd07b45a33e01bc\"},\"alternateName\":\"Noticias de la Industria Turistica\",\"potentialAction\":[{\"@type\":\"SearchAction\",\"target\":{\"@type\":\"EntryPoint\",\"urlTemplate\":\"https:\/\/nitu.mx\/?s={search_term_string}\"},\"query-input\":\"required name=search_term_string\"}],\"inLanguage\":\"es-MX\"},{\"@type\":[\"Person\",\"Organization\"],\"@id\":\"https:\/\/nitu.mx\/#\/schema\/person\/ae7a53426417292d3dd07b45a33e01bc\",\"name\":\"Arturo Medina\",\"image\":{\"@type\":\"ImageObject\",\"inLanguage\":\"es-MX\",\"@id\":\"https:\/\/nitu.mx\/#\/schema\/person\/image\/\",\"url\":\"https:\/\/nitu.mx\/wp-content\/uploads\/2024\/04\/4A315622-1904-4D5C-B022-878CDC840E04-90x90-1.jpeg\",\"contentUrl\":\"https:\/\/nitu.mx\/wp-content\/uploads\/2024\/04\/4A315622-1904-4D5C-B022-878CDC840E04-90x90-1.jpeg\",\"width\":90,\"height\":90,\"caption\":\"Arturo Medina\"},\"logo\":{\"@id\":\"https:\/\/nitu.mx\/#\/schema\/person\/image\/\"},\"description\":\"Director NITU.mx, Egresado de la Escuela de Periodismo Carlos Septi\u00e9n Garc\u00eda. Periodista y analista especializado en turismo desde hace 35 a\u00f1os, radicado en Canc\u00fan Q.Roo. arturo@nitu.mx\",\"sameAs\":[\"https:\/\/nitu.mx\",\"https:\/\/www.facebook.com\/NITUmx\/\",\"medinacancun\",\"https:\/\/twitter.com\/@Arturo_Medina_G\"]},{\"@type\":\"Person\",\"@id\":\"https:\/\/nitu.mx\/#\/schema\/person\/afc52e313e27e660739556d421d3d6b4\",\"name\":\"Mari Soto\",\"image\":{\"@type\":\"ImageObject\",\"inLanguage\":\"es-MX\",\"@id\":\"https:\/\/nitu.mx\/#\/schema\/person\/image\/\",\"url\":\"https:\/\/secure.gravatar.com\/avatar\/2619c282a180a20d89fcaea82a6736e2?s=96&d=mm&r=g\",\"contentUrl\":\"https:\/\/secure.gravatar.com\/avatar\/2619c282a180a20d89fcaea82a6736e2?s=96&d=mm&r=g\",\"caption\":\"Mari Soto\"},\"sameAs\":[\"https:\/\/nitu.mx\"],\"url\":\"https:\/\/nitu.mx\/index.php\/author\/guadalupe\/\"}]}<\/script>\n<!-- \/ Yoast SEO plugin. -->","yoast_head_json":{"title":"Aclara Olivera detalles del aeropuerto de San Miguel de Allende - Nitu - Noticias de la Industria Turistica","description":"El secretario de Turismo del estado de Guanajuato aclara que la nueva terminal aeroportuaria de San Miguel de Allende ser\u00e1 beneficiosa para la regi\u00f3n.","robots":{"index":"index","follow":"follow","max-snippet":"max-snippet:-1","max-image-preview":"max-image-preview:large","max-video-preview":"max-video-preview:-1"},"canonical":"https:\/\/nitu.mx\/index.php\/2017\/05\/07\/olivera-aeropuerto-san-miguel-allende\/","twitter_card":"summary_large_image","twitter_title":"Aclara Olivera detalles del aeropuerto de San Miguel de Allende - Nitu - Noticias de la Industria Turistica","twitter_description":"El secretario de Turismo del estado de Guanajuato aclara que la nueva terminal aeroportuaria de San Miguel de Allende ser\u00e1 beneficiosa para la regi\u00f3n.","twitter_image":"https:\/\/nitu.mx\/wp-content\/uploads\/2017\/05\/aeropuerto-SMA.jpg","twitter_creator":"@NITUmx","twitter_site":"@Arturo_Medina_G","twitter_misc":{"Escrito por":"Mari Soto","Tiempo de lectura":"2 minutos"},"schema":{"@context":"https:\/\/schema.org","@graph":[{"@type":"Article","@id":"https:\/\/nitu.mx\/index.php\/2017\/05\/07\/olivera-aeropuerto-san-miguel-allende\/#article","isPartOf":{"@id":"https:\/\/nitu.mx\/index.php\/2017\/05\/07\/olivera-aeropuerto-san-miguel-allende\/"},"author":{"name":"Mari Soto","@id":"https:\/\/nitu.mx\/#\/schema\/person\/afc52e313e27e660739556d421d3d6b4"},"headline":"Aclara Olivera detalles del aeropuerto de San Miguel de Allende","datePublished":"2017-05-08T03:33:12+00:00","dateModified":"2017-05-08T05:33:00+00:00","mainEntityOfPage":{"@id":"https:\/\/nitu.mx\/index.php\/2017\/05\/07\/olivera-aeropuerto-san-miguel-allende\/"},"wordCount":430,"commentCount":0,"publisher":{"@id":"https:\/\/nitu.mx\/#\/schema\/person\/ae7a53426417292d3dd07b45a33e01bc"},"image":{"@id":"https:\/\/nitu.mx\/index.php\/2017\/05\/07\/olivera-aeropuerto-san-miguel-allende\/#primaryimage"},"thumbnailUrl":"https:\/\/nitu.mx\/wp-content\/uploads\/2017\/05\/aeropuerto-SMA.jpg","keywords":["Aerocalafia","Delta","Fernando Olivera","San Miguel de Allende","TAR","United"],"articleSection":["Aerol\u00edneas","Destinos"],"inLanguage":"es-MX","potentialAction":[{"@type":"CommentAction","name":"Comment","target":["https:\/\/nitu.mx\/index.php\/2017\/05\/07\/olivera-aeropuerto-san-miguel-allende\/#respond"]}]},{"@type":"WebPage","@id":"https:\/\/nitu.mx\/index.php\/2017\/05\/07\/olivera-aeropuerto-san-miguel-allende\/","url":"https:\/\/nitu.mx\/index.php\/2017\/05\/07\/olivera-aeropuerto-san-miguel-allende\/","name":"Aclara Olivera detalles del aeropuerto de San Miguel de Allende - Nitu - Noticias de la Industria Turistica","isPartOf":{"@id":"https:\/\/nitu.mx\/#website"},"primaryImageOfPage":{"@id":"https:\/\/nitu.mx\/index.php\/2017\/05\/07\/olivera-aeropuerto-san-miguel-allende\/#primaryimage"},"image":{"@id":"https:\/\/nitu.mx\/index.php\/2017\/05\/07\/olivera-aeropuerto-san-miguel-allende\/#primaryimage"},"thumbnailUrl":"https:\/\/nitu.mx\/wp-content\/uploads\/2017\/05\/aeropuerto-SMA.jpg","datePublished":"2017-05-08T03:33:12+00:00","dateModified":"2017-05-08T05:33:00+00:00","description":"El secretario de Turismo del estado de Guanajuato aclara que la nueva terminal aeroportuaria de San Miguel de Allende ser\u00e1 beneficiosa para la regi\u00f3n.","breadcrumb":{"@id":"https:\/\/nitu.mx\/index.php\/2017\/05\/07\/olivera-aeropuerto-san-miguel-allende\/#breadcrumb"},"inLanguage":"es-MX","potentialAction":[{"@type":"ReadAction","target":["https:\/\/nitu.mx\/index.php\/2017\/05\/07\/olivera-aeropuerto-san-miguel-allende\/"]}]},{"@type":"ImageObject","inLanguage":"es-MX","@id":"https:\/\/nitu.mx\/index.php\/2017\/05\/07\/olivera-aeropuerto-san-miguel-allende\/#primaryimage","url":"https:\/\/nitu.mx\/wp-content\/uploads\/2017\/05\/aeropuerto-SMA.jpg","contentUrl":"https:\/\/nitu.mx\/wp-content\/uploads\/2017\/05\/aeropuerto-SMA.jpg","width":850,"height":480,"caption":"Fernando Olivera aeropuerto San Miguel de Allende"},{"@type":"BreadcrumbList","@id":"https:\/\/nitu.mx\/index.php\/2017\/05\/07\/olivera-aeropuerto-san-miguel-allende\/#breadcrumb","itemListElement":[{"@type":"ListItem","position":1,"name":"Inicio","item":"https:\/\/nitu.mx\/"},{"@type":"ListItem","position":2,"name":"Aclara Olivera detalles del aeropuerto de San Miguel de Allende"}]},{"@type":"WebSite","@id":"https:\/\/nitu.mx\/#website","url":"https:\/\/nitu.mx\/","name":"Nitu - Noticias de la Industria Turistica","description":"Noticias de la Industria Turistica","publisher":{"@id":"https:\/\/nitu.mx\/#\/schema\/person\/ae7a53426417292d3dd07b45a33e01bc"},"alternateName":"Noticias de la Industria Turistica","potentialAction":[{"@type":"SearchAction","target":{"@type":"EntryPoint","urlTemplate":"https:\/\/nitu.mx\/?s={search_term_string}"},"query-input":"required name=search_term_string"}],"inLanguage":"es-MX"},{"@type":["Person","Organization"],"@id":"https:\/\/nitu.mx\/#\/schema\/person\/ae7a53426417292d3dd07b45a33e01bc","name":"Arturo Medina","image":{"@type":"ImageObject","inLanguage":"es-MX","@id":"https:\/\/nitu.mx\/#\/schema\/person\/image\/","url":"https:\/\/nitu.mx\/wp-content\/uploads\/2024\/04\/4A315622-1904-4D5C-B022-878CDC840E04-90x90-1.jpeg","contentUrl":"https:\/\/nitu.mx\/wp-content\/uploads\/2024\/04\/4A315622-1904-4D5C-B022-878CDC840E04-90x90-1.jpeg","width":90,"height":90,"caption":"Arturo Medina"},"logo":{"@id":"https:\/\/nitu.mx\/#\/schema\/person\/image\/"},"description":"Director NITU.mx, Egresado de la Escuela de Periodismo Carlos Septi\u00e9n Garc\u00eda. Periodista y analista especializado en turismo desde hace 35 a\u00f1os, radicado en Canc\u00fan Q.Roo. arturo@nitu.mx","sameAs":["https:\/\/nitu.mx","https:\/\/www.facebook.com\/NITUmx\/","medinacancun","https:\/\/twitter.com\/@Arturo_Medina_G"]},{"@type":"Person","@id":"https:\/\/nitu.mx\/#\/schema\/person\/afc52e313e27e660739556d421d3d6b4","name":"Mari Soto","image":{"@type":"ImageObject","inLanguage":"es-MX","@id":"https:\/\/nitu.mx\/#\/schema\/person\/image\/","url":"https:\/\/secure.gravatar.com\/avatar\/2619c282a180a20d89fcaea82a6736e2?s=96&d=mm&r=g","contentUrl":"https:\/\/secure.gravatar.com\/avatar\/2619c282a180a20d89fcaea82a6736e2?s=96&d=mm&r=g","caption":"Mari Soto"},"sameAs":["https:\/\/nitu.mx"],"url":"https:\/\/nitu.mx\/index.php\/author\/guadalupe\/"}]}},"views":479,"_links":{"self":[{"href":"https:\/\/nitu.mx\/index.php\/wp-json\/wp\/v2\/posts\/9415"}],"collection":[{"href":"https:\/\/nitu.mx\/index.php\/wp-json\/wp\/v2\/posts"}],"about":[{"href":"https:\/\/nitu.mx\/index.php\/wp-json\/wp\/v2\/types\/post"}],"author":[{"embeddable":true,"href":"https:\/\/nitu.mx\/index.php\/wp-json\/wp\/v2\/users\/5"}],"replies":[{"embeddable":true,"href":"https:\/\/nitu.mx\/index.php\/wp-json\/wp\/v2\/comments?post=9415"}],"version-history":[{"count":2,"href":"https:\/\/nitu.mx\/index.php\/wp-json\/wp\/v2\/posts\/9415\/revisions"}],"predecessor-version":[{"id":9435,"href":"https:\/\/nitu.mx\/index.php\/wp-json\/wp\/v2\/posts\/9415\/revisions\/9435"}],"wp:featuredmedia":[{"embeddable":true,"href":"https:\/\/nitu.mx\/index.php\/wp-json\/wp\/v2\/media\/9425"}],"wp:attachment":[{"href":"https:\/\/nitu.mx\/index.php\/wp-json\/wp\/v2\/media?parent=9415"}],"wp:term":[{"taxonomy":"category","embeddable":true,"href":"https:\/\/nitu.mx\/index.php\/wp-json\/wp\/v2\/categories?post=9415"},{"taxonomy":"post_tag","embeddable":true,"href":"https:\/\/nitu.mx\/index.php\/wp-json\/wp\/v2\/tags?post=9415"}],"curies":[{"name":"wp","href":"https:\/\/api.w.org\/{rel}","templated":true}]}}