{"id":9077,"date":"2017-04-25T00:49:34","date_gmt":"2017-04-25T05:49:34","guid":{"rendered":"http:\/\/www.dev.nitu.mx\/?p=9077"},"modified":"2017-04-25T16:28:09","modified_gmt":"2017-04-25T21:28:09","slug":"arranca-en-riviera-maya-el-evento-markethub-americas-de-hotelbeds","status":"publish","type":"post","link":"https:\/\/nitu.mx\/index.php\/2017\/04\/25\/arranca-en-riviera-maya-el-evento-markethub-americas-de-hotelbeds\/","title":{"rendered":"Arranca en Riviera Maya el evento MarketHub Americas de Hotelbeds"},"content":{"rendered":"<p>Con m\u00e1s de 500 participantes entre socios comerciales y operadores mayoristas de todo el pa\u00eds y Latinoam\u00e9rica, arranc\u00f3 el evento MarketHub Americas 2017 de Hotelbeds, el cual contar\u00e1 con dos d\u00edas de interesantes seminarios y ponencias, por parte de los socios comerciales del banco de camas n\u00famero uno del mundo.<\/p>\n<p>Encabezados por San Turner, Gerente de Ventas Globales el equipo de Hotelbeds, viaj\u00f3 a Riviera Maya con todo su equipo para reunirse con los\u00a0profesionales de la industria, en un ambiente relajado que les permitir\u00e1 \u00a0identificar nuevas oportunidades de negocio y llevar el networking a otro nivel.<\/p>\n<p>Bajo el lema Powered by Data, Driven by People, el evento con intensas jornadas de trabajo, tendr\u00e1 lugar en el Hotel Hard Rock Riviera Maya.<\/p>\n<p>Entre las\u00a0empresas participantes que estar\u00e1n dando a conocer sus productos y servicios de primera mano a los agentes, destaca la participaci\u00f3n de los Hoteles Hard Rock, Palladium, Wynn Las Vegas, Atlantis Paradise, Playa Hoteles, Best Western, Nickelodeon y Universal Orlando Resorts, as\u00ed como Grupo Posadas, RIU, Hyatt, Hilton, adem\u00e1s de los destinos de Bahamas, Xcaret, Tampa Bay y Kissimmee entre otros.<\/p>\n<p>Cabe destacar que la compa\u00f1\u00eda con sede en Palma de Mallorca, conecta a m\u00e1s de 35 mil agentes de viajes en 120 mercados de origen en todo el mundo, con proveedores de m\u00e1s de 180 pa\u00edses, representando un total de 120 mil hoteles, 20 mil rutas de traslado y 12 mil actividades.<\/p>\n<p>Recientemente Tourico holidays se uni\u00f3 a esta compa\u00f1\u00eda, para fortalecer una de las unidades de negocio, como lo dimos a conocer en <em><strong>NITU.mx<\/strong><\/em>.\u00a0(<a title=\"Tourico Holidays se une a Hotelbeds\" href=\"http:\/\/www.dev.nitu.mx\/index.php\/2017\/02\/07\/tourico-holidays-se-une-a-hotelbeds\/\" rel=\"bookmark\">Tourico Holidays se une a Hotelbeds<\/a>).<\/p>\n","protected":false},"excerpt":{"rendered":"<p>Con m\u00e1s de 500 participantes entre socios comerciales y operadores mayoristas de todo el pa\u00eds y Latinoam\u00e9rica, arranc\u00f3 el evento MarketHub Americas 2017 de Hotelbeds, el cual contar\u00e1 con dos d\u00edas de interesantes seminarios y ponencias, por parte de los socios comerciales del banco de camas n\u00famero uno del mundo. Encabezados por San Turner, Gerente [&hellip;]<\/p>\n","protected":false},"author":17,"featured_media":9084,"comment_status":"open","ping_status":"open","sticky":false,"template":"","format":"standard","meta":{"footnotes":""},"categories":[2,6],"tags":[757,3028,80],"yoast_head":"<!-- This site is optimized with the Yoast SEO plugin v22.2 - https:\/\/yoast.com\/wordpress\/plugins\/seo\/ -->\n<title>Arranca en Riviera Maya el evento MarketHub Americas de Hotelbeds - Nitu - Noticias de la Industria Turistica<\/title>\n<meta name=\"description\" content=\"Arranc\u00f3 el MarketHub Americas 2017 de Hotelbeds, el cual contar\u00e1 con dos d\u00edas de interesantes seminarios y ponencias, por parte de los socios comerciales.\" \/>\n<meta name=\"robots\" content=\"index, follow, max-snippet:-1, max-image-preview:large, max-video-preview:-1\" \/>\n<link rel=\"canonical\" href=\"https:\/\/nitu.mx\/index.php\/2017\/04\/25\/arranca-en-riviera-maya-el-evento-markethub-americas-de-hotelbeds\/\" \/>\n<meta name=\"twitter:card\" content=\"summary_large_image\" \/>\n<meta name=\"twitter:title\" content=\"Arranca en Riviera Maya el evento MarketHub Americas de Hotelbeds - Nitu - Noticias de la Industria Turistica\" \/>\n<meta name=\"twitter:description\" content=\"Arranc\u00f3 el MarketHub Americas 2017 de Hotelbeds, el cual contar\u00e1 con dos d\u00edas de interesantes seminarios y ponencias, por parte de los socios comerciales.\" \/>\n<meta name=\"twitter:image\" content=\"https:\/\/nitu.mx\/wp-content\/uploads\/2017\/04\/Hotelbeds2017.jpg\" \/>\n<meta name=\"twitter:creator\" content=\"@NITUmx\" \/>\n<meta name=\"twitter:site\" content=\"@Arturo_Medina_G\" \/>\n<meta name=\"twitter:label1\" content=\"Escrito por\" \/>\n\t<meta name=\"twitter:data1\" content=\"Redacci\u00f3n\" \/>\n\t<meta name=\"twitter:label2\" content=\"Tiempo de lectura\" \/>\n\t<meta name=\"twitter:data2\" content=\"1 minuto\" \/>\n<script type=\"application\/ld+json\" class=\"yoast-schema-graph\">{\"@context\":\"https:\/\/schema.org\",\"@graph\":[{\"@type\":\"Article\",\"@id\":\"https:\/\/nitu.mx\/index.php\/2017\/04\/25\/arranca-en-riviera-maya-el-evento-markethub-americas-de-hotelbeds\/#article\",\"isPartOf\":{\"@id\":\"https:\/\/nitu.mx\/index.php\/2017\/04\/25\/arranca-en-riviera-maya-el-evento-markethub-americas-de-hotelbeds\/\"},\"author\":{\"name\":\"Redacci\u00f3n\",\"@id\":\"https:\/\/nitu.mx\/#\/schema\/person\/4a28fe9bd65924f7c90623773daf1b0b\"},\"headline\":\"Arranca en Riviera Maya el evento MarketHub Americas de Hotelbeds\",\"datePublished\":\"2017-04-25T05:49:34+00:00\",\"dateModified\":\"2017-04-25T21:28:09+00:00\",\"mainEntityOfPage\":{\"@id\":\"https:\/\/nitu.mx\/index.php\/2017\/04\/25\/arranca-en-riviera-maya-el-evento-markethub-americas-de-hotelbeds\/\"},\"wordCount\":281,\"commentCount\":0,\"publisher\":{\"@id\":\"https:\/\/nitu.mx\/#\/schema\/person\/ae7a53426417292d3dd07b45a33e01bc\"},\"image\":{\"@id\":\"https:\/\/nitu.mx\/index.php\/2017\/04\/25\/arranca-en-riviera-maya-el-evento-markethub-americas-de-hotelbeds\/#primaryimage\"},\"thumbnailUrl\":\"https:\/\/nitu.mx\/wp-content\/uploads\/2017\/04\/Hotelbeds2017.jpg\",\"keywords\":[\"Hotelbeds\",\"Joan Vil\u00e0\",\"Riviera Maya\"],\"articleSection\":[\"Hoteles\",\"M\u00e9xico\"],\"inLanguage\":\"es-MX\",\"potentialAction\":[{\"@type\":\"CommentAction\",\"name\":\"Comment\",\"target\":[\"https:\/\/nitu.mx\/index.php\/2017\/04\/25\/arranca-en-riviera-maya-el-evento-markethub-americas-de-hotelbeds\/#respond\"]}]},{\"@type\":\"WebPage\",\"@id\":\"https:\/\/nitu.mx\/index.php\/2017\/04\/25\/arranca-en-riviera-maya-el-evento-markethub-americas-de-hotelbeds\/\",\"url\":\"https:\/\/nitu.mx\/index.php\/2017\/04\/25\/arranca-en-riviera-maya-el-evento-markethub-americas-de-hotelbeds\/\",\"name\":\"Arranca en Riviera Maya el evento MarketHub Americas de Hotelbeds - Nitu - Noticias de la Industria Turistica\",\"isPartOf\":{\"@id\":\"https:\/\/nitu.mx\/#website\"},\"primaryImageOfPage\":{\"@id\":\"https:\/\/nitu.mx\/index.php\/2017\/04\/25\/arranca-en-riviera-maya-el-evento-markethub-americas-de-hotelbeds\/#primaryimage\"},\"image\":{\"@id\":\"https:\/\/nitu.mx\/index.php\/2017\/04\/25\/arranca-en-riviera-maya-el-evento-markethub-americas-de-hotelbeds\/#primaryimage\"},\"thumbnailUrl\":\"https:\/\/nitu.mx\/wp-content\/uploads\/2017\/04\/Hotelbeds2017.jpg\",\"datePublished\":\"2017-04-25T05:49:34+00:00\",\"dateModified\":\"2017-04-25T21:28:09+00:00\",\"description\":\"Arranc\u00f3 el MarketHub Americas 2017 de Hotelbeds, el cual contar\u00e1 con dos d\u00edas de interesantes seminarios y ponencias, por parte de los socios comerciales.\",\"breadcrumb\":{\"@id\":\"https:\/\/nitu.mx\/index.php\/2017\/04\/25\/arranca-en-riviera-maya-el-evento-markethub-americas-de-hotelbeds\/#breadcrumb\"},\"inLanguage\":\"es-MX\",\"potentialAction\":[{\"@type\":\"ReadAction\",\"target\":[\"https:\/\/nitu.mx\/index.php\/2017\/04\/25\/arranca-en-riviera-maya-el-evento-markethub-americas-de-hotelbeds\/\"]}]},{\"@type\":\"ImageObject\",\"inLanguage\":\"es-MX\",\"@id\":\"https:\/\/nitu.mx\/index.php\/2017\/04\/25\/arranca-en-riviera-maya-el-evento-markethub-americas-de-hotelbeds\/#primaryimage\",\"url\":\"https:\/\/nitu.mx\/wp-content\/uploads\/2017\/04\/Hotelbeds2017.jpg\",\"contentUrl\":\"https:\/\/nitu.mx\/wp-content\/uploads\/2017\/04\/Hotelbeds2017.jpg\",\"width\":850,\"height\":480,\"caption\":\"Hotelbeds\"},{\"@type\":\"BreadcrumbList\",\"@id\":\"https:\/\/nitu.mx\/index.php\/2017\/04\/25\/arranca-en-riviera-maya-el-evento-markethub-americas-de-hotelbeds\/#breadcrumb\",\"itemListElement\":[{\"@type\":\"ListItem\",\"position\":1,\"name\":\"Inicio\",\"item\":\"https:\/\/nitu.mx\/\"},{\"@type\":\"ListItem\",\"position\":2,\"name\":\"Arranca en Riviera Maya el evento MarketHub Americas de Hotelbeds\"}]},{\"@type\":\"WebSite\",\"@id\":\"https:\/\/nitu.mx\/#website\",\"url\":\"https:\/\/nitu.mx\/\",\"name\":\"Nitu - Noticias de la Industria Turistica\",\"description\":\"Noticias de la Industria Turistica\",\"publisher\":{\"@id\":\"https:\/\/nitu.mx\/#\/schema\/person\/ae7a53426417292d3dd07b45a33e01bc\"},\"alternateName\":\"Noticias de la Industria Turistica\",\"potentialAction\":[{\"@type\":\"SearchAction\",\"target\":{\"@type\":\"EntryPoint\",\"urlTemplate\":\"https:\/\/nitu.mx\/?s={search_term_string}\"},\"query-input\":\"required name=search_term_string\"}],\"inLanguage\":\"es-MX\"},{\"@type\":[\"Person\",\"Organization\"],\"@id\":\"https:\/\/nitu.mx\/#\/schema\/person\/ae7a53426417292d3dd07b45a33e01bc\",\"name\":\"Arturo Medina\",\"image\":{\"@type\":\"ImageObject\",\"inLanguage\":\"es-MX\",\"@id\":\"https:\/\/nitu.mx\/#\/schema\/person\/image\/\",\"url\":\"https:\/\/nitu.mx\/wp-content\/uploads\/2024\/04\/4A315622-1904-4D5C-B022-878CDC840E04-90x90-1.jpeg\",\"contentUrl\":\"https:\/\/nitu.mx\/wp-content\/uploads\/2024\/04\/4A315622-1904-4D5C-B022-878CDC840E04-90x90-1.jpeg\",\"width\":90,\"height\":90,\"caption\":\"Arturo Medina\"},\"logo\":{\"@id\":\"https:\/\/nitu.mx\/#\/schema\/person\/image\/\"},\"description\":\"Director NITU.mx, Egresado de la Escuela de Periodismo Carlos Septi\u00e9n Garc\u00eda. Periodista y analista especializado en turismo desde hace 35 a\u00f1os, radicado en Canc\u00fan Q.Roo. arturo@nitu.mx\",\"sameAs\":[\"https:\/\/nitu.mx\",\"https:\/\/www.facebook.com\/NITUmx\/\",\"medinacancun\",\"https:\/\/twitter.com\/@Arturo_Medina_G\"]},{\"@type\":\"Person\",\"@id\":\"https:\/\/nitu.mx\/#\/schema\/person\/4a28fe9bd65924f7c90623773daf1b0b\",\"name\":\"Redacci\u00f3n\",\"image\":{\"@type\":\"ImageObject\",\"inLanguage\":\"es-MX\",\"@id\":\"https:\/\/nitu.mx\/#\/schema\/person\/image\/\",\"url\":\"https:\/\/secure.gravatar.com\/avatar\/5dd011c8ccfc5cd7e4c81e42252aab38?s=96&d=mm&r=g\",\"contentUrl\":\"https:\/\/secure.gravatar.com\/avatar\/5dd011c8ccfc5cd7e4c81e42252aab38?s=96&d=mm&r=g\",\"caption\":\"Redacci\u00f3n\"},\"url\":\"https:\/\/nitu.mx\/index.php\/author\/redaccion\/\"}]}<\/script>\n<!-- \/ Yoast SEO plugin. -->","yoast_head_json":{"title":"Arranca en Riviera Maya el evento MarketHub Americas de Hotelbeds - Nitu - Noticias de la Industria Turistica","description":"Arranc\u00f3 el MarketHub Americas 2017 de Hotelbeds, el cual contar\u00e1 con dos d\u00edas de interesantes seminarios y ponencias, por parte de los socios comerciales.","robots":{"index":"index","follow":"follow","max-snippet":"max-snippet:-1","max-image-preview":"max-image-preview:large","max-video-preview":"max-video-preview:-1"},"canonical":"https:\/\/nitu.mx\/index.php\/2017\/04\/25\/arranca-en-riviera-maya-el-evento-markethub-americas-de-hotelbeds\/","twitter_card":"summary_large_image","twitter_title":"Arranca en Riviera Maya el evento MarketHub Americas de Hotelbeds - Nitu - Noticias de la Industria Turistica","twitter_description":"Arranc\u00f3 el MarketHub Americas 2017 de Hotelbeds, el cual contar\u00e1 con dos d\u00edas de interesantes seminarios y ponencias, por parte de los socios comerciales.","twitter_image":"https:\/\/nitu.mx\/wp-content\/uploads\/2017\/04\/Hotelbeds2017.jpg","twitter_creator":"@NITUmx","twitter_site":"@Arturo_Medina_G","twitter_misc":{"Escrito por":"Redacci\u00f3n","Tiempo de lectura":"1 minuto"},"schema":{"@context":"https:\/\/schema.org","@graph":[{"@type":"Article","@id":"https:\/\/nitu.mx\/index.php\/2017\/04\/25\/arranca-en-riviera-maya-el-evento-markethub-americas-de-hotelbeds\/#article","isPartOf":{"@id":"https:\/\/nitu.mx\/index.php\/2017\/04\/25\/arranca-en-riviera-maya-el-evento-markethub-americas-de-hotelbeds\/"},"author":{"name":"Redacci\u00f3n","@id":"https:\/\/nitu.mx\/#\/schema\/person\/4a28fe9bd65924f7c90623773daf1b0b"},"headline":"Arranca en Riviera Maya el evento MarketHub Americas de Hotelbeds","datePublished":"2017-04-25T05:49:34+00:00","dateModified":"2017-04-25T21:28:09+00:00","mainEntityOfPage":{"@id":"https:\/\/nitu.mx\/index.php\/2017\/04\/25\/arranca-en-riviera-maya-el-evento-markethub-americas-de-hotelbeds\/"},"wordCount":281,"commentCount":0,"publisher":{"@id":"https:\/\/nitu.mx\/#\/schema\/person\/ae7a53426417292d3dd07b45a33e01bc"},"image":{"@id":"https:\/\/nitu.mx\/index.php\/2017\/04\/25\/arranca-en-riviera-maya-el-evento-markethub-americas-de-hotelbeds\/#primaryimage"},"thumbnailUrl":"https:\/\/nitu.mx\/wp-content\/uploads\/2017\/04\/Hotelbeds2017.jpg","keywords":["Hotelbeds","Joan Vil\u00e0","Riviera Maya"],"articleSection":["Hoteles","M\u00e9xico"],"inLanguage":"es-MX","potentialAction":[{"@type":"CommentAction","name":"Comment","target":["https:\/\/nitu.mx\/index.php\/2017\/04\/25\/arranca-en-riviera-maya-el-evento-markethub-americas-de-hotelbeds\/#respond"]}]},{"@type":"WebPage","@id":"https:\/\/nitu.mx\/index.php\/2017\/04\/25\/arranca-en-riviera-maya-el-evento-markethub-americas-de-hotelbeds\/","url":"https:\/\/nitu.mx\/index.php\/2017\/04\/25\/arranca-en-riviera-maya-el-evento-markethub-americas-de-hotelbeds\/","name":"Arranca en Riviera Maya el evento MarketHub Americas de Hotelbeds - Nitu - Noticias de la Industria Turistica","isPartOf":{"@id":"https:\/\/nitu.mx\/#website"},"primaryImageOfPage":{"@id":"https:\/\/nitu.mx\/index.php\/2017\/04\/25\/arranca-en-riviera-maya-el-evento-markethub-americas-de-hotelbeds\/#primaryimage"},"image":{"@id":"https:\/\/nitu.mx\/index.php\/2017\/04\/25\/arranca-en-riviera-maya-el-evento-markethub-americas-de-hotelbeds\/#primaryimage"},"thumbnailUrl":"https:\/\/nitu.mx\/wp-content\/uploads\/2017\/04\/Hotelbeds2017.jpg","datePublished":"2017-04-25T05:49:34+00:00","dateModified":"2017-04-25T21:28:09+00:00","description":"Arranc\u00f3 el MarketHub Americas 2017 de Hotelbeds, el cual contar\u00e1 con dos d\u00edas de interesantes seminarios y ponencias, por parte de los socios comerciales.","breadcrumb":{"@id":"https:\/\/nitu.mx\/index.php\/2017\/04\/25\/arranca-en-riviera-maya-el-evento-markethub-americas-de-hotelbeds\/#breadcrumb"},"inLanguage":"es-MX","potentialAction":[{"@type":"ReadAction","target":["https:\/\/nitu.mx\/index.php\/2017\/04\/25\/arranca-en-riviera-maya-el-evento-markethub-americas-de-hotelbeds\/"]}]},{"@type":"ImageObject","inLanguage":"es-MX","@id":"https:\/\/nitu.mx\/index.php\/2017\/04\/25\/arranca-en-riviera-maya-el-evento-markethub-americas-de-hotelbeds\/#primaryimage","url":"https:\/\/nitu.mx\/wp-content\/uploads\/2017\/04\/Hotelbeds2017.jpg","contentUrl":"https:\/\/nitu.mx\/wp-content\/uploads\/2017\/04\/Hotelbeds2017.jpg","width":850,"height":480,"caption":"Hotelbeds"},{"@type":"BreadcrumbList","@id":"https:\/\/nitu.mx\/index.php\/2017\/04\/25\/arranca-en-riviera-maya-el-evento-markethub-americas-de-hotelbeds\/#breadcrumb","itemListElement":[{"@type":"ListItem","position":1,"name":"Inicio","item":"https:\/\/nitu.mx\/"},{"@type":"ListItem","position":2,"name":"Arranca en Riviera Maya el evento MarketHub Americas de Hotelbeds"}]},{"@type":"WebSite","@id":"https:\/\/nitu.mx\/#website","url":"https:\/\/nitu.mx\/","name":"Nitu - Noticias de la Industria Turistica","description":"Noticias de la Industria Turistica","publisher":{"@id":"https:\/\/nitu.mx\/#\/schema\/person\/ae7a53426417292d3dd07b45a33e01bc"},"alternateName":"Noticias de la Industria Turistica","potentialAction":[{"@type":"SearchAction","target":{"@type":"EntryPoint","urlTemplate":"https:\/\/nitu.mx\/?s={search_term_string}"},"query-input":"required name=search_term_string"}],"inLanguage":"es-MX"},{"@type":["Person","Organization"],"@id":"https:\/\/nitu.mx\/#\/schema\/person\/ae7a53426417292d3dd07b45a33e01bc","name":"Arturo Medina","image":{"@type":"ImageObject","inLanguage":"es-MX","@id":"https:\/\/nitu.mx\/#\/schema\/person\/image\/","url":"https:\/\/nitu.mx\/wp-content\/uploads\/2024\/04\/4A315622-1904-4D5C-B022-878CDC840E04-90x90-1.jpeg","contentUrl":"https:\/\/nitu.mx\/wp-content\/uploads\/2024\/04\/4A315622-1904-4D5C-B022-878CDC840E04-90x90-1.jpeg","width":90,"height":90,"caption":"Arturo Medina"},"logo":{"@id":"https:\/\/nitu.mx\/#\/schema\/person\/image\/"},"description":"Director NITU.mx, Egresado de la Escuela de Periodismo Carlos Septi\u00e9n Garc\u00eda. Periodista y analista especializado en turismo desde hace 35 a\u00f1os, radicado en Canc\u00fan Q.Roo. arturo@nitu.mx","sameAs":["https:\/\/nitu.mx","https:\/\/www.facebook.com\/NITUmx\/","medinacancun","https:\/\/twitter.com\/@Arturo_Medina_G"]},{"@type":"Person","@id":"https:\/\/nitu.mx\/#\/schema\/person\/4a28fe9bd65924f7c90623773daf1b0b","name":"Redacci\u00f3n","image":{"@type":"ImageObject","inLanguage":"es-MX","@id":"https:\/\/nitu.mx\/#\/schema\/person\/image\/","url":"https:\/\/secure.gravatar.com\/avatar\/5dd011c8ccfc5cd7e4c81e42252aab38?s=96&d=mm&r=g","contentUrl":"https:\/\/secure.gravatar.com\/avatar\/5dd011c8ccfc5cd7e4c81e42252aab38?s=96&d=mm&r=g","caption":"Redacci\u00f3n"},"url":"https:\/\/nitu.mx\/index.php\/author\/redaccion\/"}]}},"views":246,"_links":{"self":[{"href":"https:\/\/nitu.mx\/index.php\/wp-json\/wp\/v2\/posts\/9077"}],"collection":[{"href":"https:\/\/nitu.mx\/index.php\/wp-json\/wp\/v2\/posts"}],"about":[{"href":"https:\/\/nitu.mx\/index.php\/wp-json\/wp\/v2\/types\/post"}],"author":[{"embeddable":true,"href":"https:\/\/nitu.mx\/index.php\/wp-json\/wp\/v2\/users\/17"}],"replies":[{"embeddable":true,"href":"https:\/\/nitu.mx\/index.php\/wp-json\/wp\/v2\/comments?post=9077"}],"version-history":[{"count":8,"href":"https:\/\/nitu.mx\/index.php\/wp-json\/wp\/v2\/posts\/9077\/revisions"}],"predecessor-version":[{"id":9094,"href":"https:\/\/nitu.mx\/index.php\/wp-json\/wp\/v2\/posts\/9077\/revisions\/9094"}],"wp:featuredmedia":[{"embeddable":true,"href":"https:\/\/nitu.mx\/index.php\/wp-json\/wp\/v2\/media\/9084"}],"wp:attachment":[{"href":"https:\/\/nitu.mx\/index.php\/wp-json\/wp\/v2\/media?parent=9077"}],"wp:term":[{"taxonomy":"category","embeddable":true,"href":"https:\/\/nitu.mx\/index.php\/wp-json\/wp\/v2\/categories?post=9077"},{"taxonomy":"post_tag","embeddable":true,"href":"https:\/\/nitu.mx\/index.php\/wp-json\/wp\/v2\/tags?post=9077"}],"curies":[{"name":"wp","href":"https:\/\/api.w.org\/{rel}","templated":true}]}}