{"id":9049,"date":"2017-04-24T21:41:20","date_gmt":"2017-04-25T02:41:20","guid":{"rendered":"http:\/\/www.dev.nitu.mx\/?p=9049"},"modified":"2017-04-25T00:54:57","modified_gmt":"2017-04-25T05:54:57","slug":"grupo-hotelero-santa-fe-hospeda-alza-de-20-en-ventas-totales-del-1t17","status":"publish","type":"post","link":"https:\/\/nitu.mx\/index.php\/2017\/04\/24\/grupo-hotelero-santa-fe-hospeda-alza-de-20-en-ventas-totales-del-1t17\/","title":{"rendered":"Grupo Hotelero Santa Fe \u2018hospeda\u2019 alza de 20% en ventas totales del 1T17"},"content":{"rendered":"<p>La empresa Grupo Hotelero Santa Fe se benefici\u00f3 de una mayor actividad tur\u00edstica en el pa\u00eds, tarifas m\u00e1s altas y la expansi\u00f3n de su oferta de cuartos.<\/p>\n<p>De acuerdo con su informe a la BMV, las utilidades de la firma antes de intereses, impuestos, depreciaci\u00f3n y amortizaci\u00f3n entre enero y marzo de 2017, se ubicaron en 151 millones de pesos, desde los 129 millones del mismo lapso de un a\u00f1o antes.<\/p>\n<p>La tarifa promedio diaria por habitaci\u00f3n en los hoteles se elev\u00f3 en dicho periodo 6.8 por ciento anual, al ascender a mil 493 pesos. La firma opera hoteles de la marca Hilton y Krystal, principalmente.<\/p>\n<p>\u201cDe acuerdo con informaci\u00f3n p\u00fablica, el tr\u00e1fico de pasajeros, en los aeropuertos del pa\u00eds ha ido en aumento en los \u00faltimos meses\u201d, se\u00f1al\u00f3 Francisco Zinser, director general de la empresa, se\u00f1ala El Financiero.<\/p>\n<p>El grupo sigue apostando por el turismo de alto nivel, al enfocar sus proyectos en ese nicho, como se se\u00f1al\u00f3 en <em><strong>NITU.mx<\/strong><\/em>.\u00a0(<a title=\"Grupo Hotelero Santa Fe expande su concepto Gran Turismo en BCS y Nayarit\" href=\"http:\/\/www.dev.nitu.mx\/index.php\/2017\/02\/22\/grupo-hotelero-santa-fe-expande-su-concepto-gran-turismo-en-bcs-y-nayarit\/\" rel=\"bookmark\">Grupo Hotelero Santa Fe expande su concepto Gran Turismo en BCS y Nayarit<\/a>).<\/p>\n","protected":false},"excerpt":{"rendered":"<p>La empresa Grupo Hotelero Santa Fe se benefici\u00f3 de una mayor actividad tur\u00edstica en el pa\u00eds, tarifas m\u00e1s altas y la expansi\u00f3n de su oferta de cuartos. De acuerdo con su informe a la BMV, las utilidades de la firma antes de intereses, impuestos, depreciaci\u00f3n y amortizaci\u00f3n entre enero y marzo de 2017, se ubicaron [&hellip;]<\/p>\n","protected":false},"author":17,"featured_media":9062,"comment_status":"open","ping_status":"open","sticky":false,"template":"","format":"standard","meta":{"footnotes":""},"categories":[2,6],"tags":[1395,219,4002,4004],"yoast_head":"<!-- This site is optimized with the Yoast SEO plugin v22.2 - https:\/\/yoast.com\/wordpress\/plugins\/seo\/ -->\n<title>Grupo Hotelero Santa Fe \u2018hospeda\u2019 alza de 20% en ventas totales del 1T17 - Nitu - Noticias de la Industria Turistica<\/title>\n<meta name=\"description\" content=\"La empresa Grupo Hotelero Santa Fe se benefici\u00f3 de una mayor actividad tur\u00edstica en el pa\u00eds, tarifas m\u00e1s altas y la expansi\u00f3n de su oferta de cuartos.\" \/>\n<meta name=\"robots\" content=\"index, follow, max-snippet:-1, max-image-preview:large, max-video-preview:-1\" \/>\n<link rel=\"canonical\" href=\"https:\/\/nitu.mx\/index.php\/2017\/04\/24\/grupo-hotelero-santa-fe-hospeda-alza-de-20-en-ventas-totales-del-1t17\/\" \/>\n<meta name=\"twitter:card\" content=\"summary_large_image\" \/>\n<meta name=\"twitter:title\" content=\"Grupo Hotelero Santa Fe \u2018hospeda\u2019 alza de 20% en ventas totales del 1T17 - Nitu - Noticias de la Industria Turistica\" \/>\n<meta name=\"twitter:description\" content=\"La empresa Grupo Hotelero Santa Fe se benefici\u00f3 de una mayor actividad tur\u00edstica en el pa\u00eds, tarifas m\u00e1s altas y la expansi\u00f3n de su oferta de cuartos.\" \/>\n<meta name=\"twitter:image\" content=\"https:\/\/nitu.mx\/wp-content\/uploads\/2017\/04\/hilton-Guadalajara.jpg\" \/>\n<meta name=\"twitter:creator\" content=\"@NITUmx\" \/>\n<meta name=\"twitter:site\" content=\"@Arturo_Medina_G\" \/>\n<meta name=\"twitter:label1\" content=\"Escrito por\" \/>\n\t<meta name=\"twitter:data1\" content=\"Redacci\u00f3n\" \/>\n\t<meta name=\"twitter:label2\" content=\"Tiempo de lectura\" \/>\n\t<meta name=\"twitter:data2\" content=\"1 minuto\" \/>\n<script type=\"application\/ld+json\" class=\"yoast-schema-graph\">{\"@context\":\"https:\/\/schema.org\",\"@graph\":[{\"@type\":\"Article\",\"@id\":\"https:\/\/nitu.mx\/index.php\/2017\/04\/24\/grupo-hotelero-santa-fe-hospeda-alza-de-20-en-ventas-totales-del-1t17\/#article\",\"isPartOf\":{\"@id\":\"https:\/\/nitu.mx\/index.php\/2017\/04\/24\/grupo-hotelero-santa-fe-hospeda-alza-de-20-en-ventas-totales-del-1t17\/\"},\"author\":{\"name\":\"Redacci\u00f3n\",\"@id\":\"https:\/\/nitu.mx\/#\/schema\/person\/4a28fe9bd65924f7c90623773daf1b0b\"},\"headline\":\"Grupo Hotelero Santa Fe \u2018hospeda\u2019 alza de 20% en ventas totales del 1T17\",\"datePublished\":\"2017-04-25T02:41:20+00:00\",\"dateModified\":\"2017-04-25T05:54:57+00:00\",\"mainEntityOfPage\":{\"@id\":\"https:\/\/nitu.mx\/index.php\/2017\/04\/24\/grupo-hotelero-santa-fe-hospeda-alza-de-20-en-ventas-totales-del-1t17\/\"},\"wordCount\":197,\"commentCount\":0,\"publisher\":{\"@id\":\"https:\/\/nitu.mx\/#\/schema\/person\/ae7a53426417292d3dd07b45a33e01bc\"},\"image\":{\"@id\":\"https:\/\/nitu.mx\/index.php\/2017\/04\/24\/grupo-hotelero-santa-fe-hospeda-alza-de-20-en-ventas-totales-del-1t17\/#primaryimage\"},\"thumbnailUrl\":\"https:\/\/nitu.mx\/wp-content\/uploads\/2017\/04\/hilton-Guadalajara.jpg\",\"keywords\":[\"Grupo Hotelero Santa Fe\",\"Hilton\",\"Hoteles Santa Fe\",\"Kristal Grand\"],\"articleSection\":[\"Hoteles\",\"M\u00e9xico\"],\"inLanguage\":\"es-MX\",\"potentialAction\":[{\"@type\":\"CommentAction\",\"name\":\"Comment\",\"target\":[\"https:\/\/nitu.mx\/index.php\/2017\/04\/24\/grupo-hotelero-santa-fe-hospeda-alza-de-20-en-ventas-totales-del-1t17\/#respond\"]}]},{\"@type\":\"WebPage\",\"@id\":\"https:\/\/nitu.mx\/index.php\/2017\/04\/24\/grupo-hotelero-santa-fe-hospeda-alza-de-20-en-ventas-totales-del-1t17\/\",\"url\":\"https:\/\/nitu.mx\/index.php\/2017\/04\/24\/grupo-hotelero-santa-fe-hospeda-alza-de-20-en-ventas-totales-del-1t17\/\",\"name\":\"Grupo Hotelero Santa Fe \u2018hospeda\u2019 alza de 20% en ventas totales del 1T17 - Nitu - Noticias de la Industria Turistica\",\"isPartOf\":{\"@id\":\"https:\/\/nitu.mx\/#website\"},\"primaryImageOfPage\":{\"@id\":\"https:\/\/nitu.mx\/index.php\/2017\/04\/24\/grupo-hotelero-santa-fe-hospeda-alza-de-20-en-ventas-totales-del-1t17\/#primaryimage\"},\"image\":{\"@id\":\"https:\/\/nitu.mx\/index.php\/2017\/04\/24\/grupo-hotelero-santa-fe-hospeda-alza-de-20-en-ventas-totales-del-1t17\/#primaryimage\"},\"thumbnailUrl\":\"https:\/\/nitu.mx\/wp-content\/uploads\/2017\/04\/hilton-Guadalajara.jpg\",\"datePublished\":\"2017-04-25T02:41:20+00:00\",\"dateModified\":\"2017-04-25T05:54:57+00:00\",\"description\":\"La empresa Grupo Hotelero Santa Fe se benefici\u00f3 de una mayor actividad tur\u00edstica en el pa\u00eds, tarifas m\u00e1s altas y la expansi\u00f3n de su oferta de cuartos.\",\"breadcrumb\":{\"@id\":\"https:\/\/nitu.mx\/index.php\/2017\/04\/24\/grupo-hotelero-santa-fe-hospeda-alza-de-20-en-ventas-totales-del-1t17\/#breadcrumb\"},\"inLanguage\":\"es-MX\",\"potentialAction\":[{\"@type\":\"ReadAction\",\"target\":[\"https:\/\/nitu.mx\/index.php\/2017\/04\/24\/grupo-hotelero-santa-fe-hospeda-alza-de-20-en-ventas-totales-del-1t17\/\"]}]},{\"@type\":\"ImageObject\",\"inLanguage\":\"es-MX\",\"@id\":\"https:\/\/nitu.mx\/index.php\/2017\/04\/24\/grupo-hotelero-santa-fe-hospeda-alza-de-20-en-ventas-totales-del-1t17\/#primaryimage\",\"url\":\"https:\/\/nitu.mx\/wp-content\/uploads\/2017\/04\/hilton-Guadalajara.jpg\",\"contentUrl\":\"https:\/\/nitu.mx\/wp-content\/uploads\/2017\/04\/hilton-Guadalajara.jpg\",\"width\":850,\"height\":480,\"caption\":\"Grupo Hotelero Santa Fe\"},{\"@type\":\"BreadcrumbList\",\"@id\":\"https:\/\/nitu.mx\/index.php\/2017\/04\/24\/grupo-hotelero-santa-fe-hospeda-alza-de-20-en-ventas-totales-del-1t17\/#breadcrumb\",\"itemListElement\":[{\"@type\":\"ListItem\",\"position\":1,\"name\":\"Inicio\",\"item\":\"https:\/\/nitu.mx\/\"},{\"@type\":\"ListItem\",\"position\":2,\"name\":\"Grupo Hotelero Santa Fe \u2018hospeda\u2019 alza de 20% en ventas totales del 1T17\"}]},{\"@type\":\"WebSite\",\"@id\":\"https:\/\/nitu.mx\/#website\",\"url\":\"https:\/\/nitu.mx\/\",\"name\":\"Nitu - Noticias de la Industria Turistica\",\"description\":\"Noticias de la Industria Turistica\",\"publisher\":{\"@id\":\"https:\/\/nitu.mx\/#\/schema\/person\/ae7a53426417292d3dd07b45a33e01bc\"},\"alternateName\":\"Noticias de la Industria Turistica\",\"potentialAction\":[{\"@type\":\"SearchAction\",\"target\":{\"@type\":\"EntryPoint\",\"urlTemplate\":\"https:\/\/nitu.mx\/?s={search_term_string}\"},\"query-input\":\"required name=search_term_string\"}],\"inLanguage\":\"es-MX\"},{\"@type\":[\"Person\",\"Organization\"],\"@id\":\"https:\/\/nitu.mx\/#\/schema\/person\/ae7a53426417292d3dd07b45a33e01bc\",\"name\":\"Arturo Medina\",\"image\":{\"@type\":\"ImageObject\",\"inLanguage\":\"es-MX\",\"@id\":\"https:\/\/nitu.mx\/#\/schema\/person\/image\/\",\"url\":\"https:\/\/nitu.mx\/wp-content\/uploads\/2024\/04\/4A315622-1904-4D5C-B022-878CDC840E04-90x90-1.jpeg\",\"contentUrl\":\"https:\/\/nitu.mx\/wp-content\/uploads\/2024\/04\/4A315622-1904-4D5C-B022-878CDC840E04-90x90-1.jpeg\",\"width\":90,\"height\":90,\"caption\":\"Arturo Medina\"},\"logo\":{\"@id\":\"https:\/\/nitu.mx\/#\/schema\/person\/image\/\"},\"description\":\"Director NITU.mx, Egresado de la Escuela de Periodismo Carlos Septi\u00e9n Garc\u00eda. Periodista y analista especializado en turismo desde hace 35 a\u00f1os, radicado en Canc\u00fan Q.Roo. arturo@nitu.mx\",\"sameAs\":[\"https:\/\/nitu.mx\",\"https:\/\/www.facebook.com\/NITUmx\/\",\"medinacancun\",\"https:\/\/twitter.com\/@Arturo_Medina_G\"]},{\"@type\":\"Person\",\"@id\":\"https:\/\/nitu.mx\/#\/schema\/person\/4a28fe9bd65924f7c90623773daf1b0b\",\"name\":\"Redacci\u00f3n\",\"image\":{\"@type\":\"ImageObject\",\"inLanguage\":\"es-MX\",\"@id\":\"https:\/\/nitu.mx\/#\/schema\/person\/image\/\",\"url\":\"https:\/\/secure.gravatar.com\/avatar\/5dd011c8ccfc5cd7e4c81e42252aab38?s=96&d=mm&r=g\",\"contentUrl\":\"https:\/\/secure.gravatar.com\/avatar\/5dd011c8ccfc5cd7e4c81e42252aab38?s=96&d=mm&r=g\",\"caption\":\"Redacci\u00f3n\"},\"url\":\"https:\/\/nitu.mx\/index.php\/author\/redaccion\/\"}]}<\/script>\n<!-- \/ Yoast SEO plugin. -->","yoast_head_json":{"title":"Grupo Hotelero Santa Fe \u2018hospeda\u2019 alza de 20% en ventas totales del 1T17 - Nitu - Noticias de la Industria Turistica","description":"La empresa Grupo Hotelero Santa Fe se benefici\u00f3 de una mayor actividad tur\u00edstica en el pa\u00eds, tarifas m\u00e1s altas y la expansi\u00f3n de su oferta de cuartos.","robots":{"index":"index","follow":"follow","max-snippet":"max-snippet:-1","max-image-preview":"max-image-preview:large","max-video-preview":"max-video-preview:-1"},"canonical":"https:\/\/nitu.mx\/index.php\/2017\/04\/24\/grupo-hotelero-santa-fe-hospeda-alza-de-20-en-ventas-totales-del-1t17\/","twitter_card":"summary_large_image","twitter_title":"Grupo Hotelero Santa Fe \u2018hospeda\u2019 alza de 20% en ventas totales del 1T17 - Nitu - Noticias de la Industria Turistica","twitter_description":"La empresa Grupo Hotelero Santa Fe se benefici\u00f3 de una mayor actividad tur\u00edstica en el pa\u00eds, tarifas m\u00e1s altas y la expansi\u00f3n de su oferta de cuartos.","twitter_image":"https:\/\/nitu.mx\/wp-content\/uploads\/2017\/04\/hilton-Guadalajara.jpg","twitter_creator":"@NITUmx","twitter_site":"@Arturo_Medina_G","twitter_misc":{"Escrito por":"Redacci\u00f3n","Tiempo de lectura":"1 minuto"},"schema":{"@context":"https:\/\/schema.org","@graph":[{"@type":"Article","@id":"https:\/\/nitu.mx\/index.php\/2017\/04\/24\/grupo-hotelero-santa-fe-hospeda-alza-de-20-en-ventas-totales-del-1t17\/#article","isPartOf":{"@id":"https:\/\/nitu.mx\/index.php\/2017\/04\/24\/grupo-hotelero-santa-fe-hospeda-alza-de-20-en-ventas-totales-del-1t17\/"},"author":{"name":"Redacci\u00f3n","@id":"https:\/\/nitu.mx\/#\/schema\/person\/4a28fe9bd65924f7c90623773daf1b0b"},"headline":"Grupo Hotelero Santa Fe \u2018hospeda\u2019 alza de 20% en ventas totales del 1T17","datePublished":"2017-04-25T02:41:20+00:00","dateModified":"2017-04-25T05:54:57+00:00","mainEntityOfPage":{"@id":"https:\/\/nitu.mx\/index.php\/2017\/04\/24\/grupo-hotelero-santa-fe-hospeda-alza-de-20-en-ventas-totales-del-1t17\/"},"wordCount":197,"commentCount":0,"publisher":{"@id":"https:\/\/nitu.mx\/#\/schema\/person\/ae7a53426417292d3dd07b45a33e01bc"},"image":{"@id":"https:\/\/nitu.mx\/index.php\/2017\/04\/24\/grupo-hotelero-santa-fe-hospeda-alza-de-20-en-ventas-totales-del-1t17\/#primaryimage"},"thumbnailUrl":"https:\/\/nitu.mx\/wp-content\/uploads\/2017\/04\/hilton-Guadalajara.jpg","keywords":["Grupo Hotelero Santa Fe","Hilton","Hoteles Santa Fe","Kristal Grand"],"articleSection":["Hoteles","M\u00e9xico"],"inLanguage":"es-MX","potentialAction":[{"@type":"CommentAction","name":"Comment","target":["https:\/\/nitu.mx\/index.php\/2017\/04\/24\/grupo-hotelero-santa-fe-hospeda-alza-de-20-en-ventas-totales-del-1t17\/#respond"]}]},{"@type":"WebPage","@id":"https:\/\/nitu.mx\/index.php\/2017\/04\/24\/grupo-hotelero-santa-fe-hospeda-alza-de-20-en-ventas-totales-del-1t17\/","url":"https:\/\/nitu.mx\/index.php\/2017\/04\/24\/grupo-hotelero-santa-fe-hospeda-alza-de-20-en-ventas-totales-del-1t17\/","name":"Grupo Hotelero Santa Fe \u2018hospeda\u2019 alza de 20% en ventas totales del 1T17 - Nitu - Noticias de la Industria Turistica","isPartOf":{"@id":"https:\/\/nitu.mx\/#website"},"primaryImageOfPage":{"@id":"https:\/\/nitu.mx\/index.php\/2017\/04\/24\/grupo-hotelero-santa-fe-hospeda-alza-de-20-en-ventas-totales-del-1t17\/#primaryimage"},"image":{"@id":"https:\/\/nitu.mx\/index.php\/2017\/04\/24\/grupo-hotelero-santa-fe-hospeda-alza-de-20-en-ventas-totales-del-1t17\/#primaryimage"},"thumbnailUrl":"https:\/\/nitu.mx\/wp-content\/uploads\/2017\/04\/hilton-Guadalajara.jpg","datePublished":"2017-04-25T02:41:20+00:00","dateModified":"2017-04-25T05:54:57+00:00","description":"La empresa Grupo Hotelero Santa Fe se benefici\u00f3 de una mayor actividad tur\u00edstica en el pa\u00eds, tarifas m\u00e1s altas y la expansi\u00f3n de su oferta de cuartos.","breadcrumb":{"@id":"https:\/\/nitu.mx\/index.php\/2017\/04\/24\/grupo-hotelero-santa-fe-hospeda-alza-de-20-en-ventas-totales-del-1t17\/#breadcrumb"},"inLanguage":"es-MX","potentialAction":[{"@type":"ReadAction","target":["https:\/\/nitu.mx\/index.php\/2017\/04\/24\/grupo-hotelero-santa-fe-hospeda-alza-de-20-en-ventas-totales-del-1t17\/"]}]},{"@type":"ImageObject","inLanguage":"es-MX","@id":"https:\/\/nitu.mx\/index.php\/2017\/04\/24\/grupo-hotelero-santa-fe-hospeda-alza-de-20-en-ventas-totales-del-1t17\/#primaryimage","url":"https:\/\/nitu.mx\/wp-content\/uploads\/2017\/04\/hilton-Guadalajara.jpg","contentUrl":"https:\/\/nitu.mx\/wp-content\/uploads\/2017\/04\/hilton-Guadalajara.jpg","width":850,"height":480,"caption":"Grupo Hotelero Santa Fe"},{"@type":"BreadcrumbList","@id":"https:\/\/nitu.mx\/index.php\/2017\/04\/24\/grupo-hotelero-santa-fe-hospeda-alza-de-20-en-ventas-totales-del-1t17\/#breadcrumb","itemListElement":[{"@type":"ListItem","position":1,"name":"Inicio","item":"https:\/\/nitu.mx\/"},{"@type":"ListItem","position":2,"name":"Grupo Hotelero Santa Fe \u2018hospeda\u2019 alza de 20% en ventas totales del 1T17"}]},{"@type":"WebSite","@id":"https:\/\/nitu.mx\/#website","url":"https:\/\/nitu.mx\/","name":"Nitu - Noticias de la Industria Turistica","description":"Noticias de la Industria Turistica","publisher":{"@id":"https:\/\/nitu.mx\/#\/schema\/person\/ae7a53426417292d3dd07b45a33e01bc"},"alternateName":"Noticias de la Industria Turistica","potentialAction":[{"@type":"SearchAction","target":{"@type":"EntryPoint","urlTemplate":"https:\/\/nitu.mx\/?s={search_term_string}"},"query-input":"required name=search_term_string"}],"inLanguage":"es-MX"},{"@type":["Person","Organization"],"@id":"https:\/\/nitu.mx\/#\/schema\/person\/ae7a53426417292d3dd07b45a33e01bc","name":"Arturo Medina","image":{"@type":"ImageObject","inLanguage":"es-MX","@id":"https:\/\/nitu.mx\/#\/schema\/person\/image\/","url":"https:\/\/nitu.mx\/wp-content\/uploads\/2024\/04\/4A315622-1904-4D5C-B022-878CDC840E04-90x90-1.jpeg","contentUrl":"https:\/\/nitu.mx\/wp-content\/uploads\/2024\/04\/4A315622-1904-4D5C-B022-878CDC840E04-90x90-1.jpeg","width":90,"height":90,"caption":"Arturo Medina"},"logo":{"@id":"https:\/\/nitu.mx\/#\/schema\/person\/image\/"},"description":"Director NITU.mx, Egresado de la Escuela de Periodismo Carlos Septi\u00e9n Garc\u00eda. Periodista y analista especializado en turismo desde hace 35 a\u00f1os, radicado en Canc\u00fan Q.Roo. arturo@nitu.mx","sameAs":["https:\/\/nitu.mx","https:\/\/www.facebook.com\/NITUmx\/","medinacancun","https:\/\/twitter.com\/@Arturo_Medina_G"]},{"@type":"Person","@id":"https:\/\/nitu.mx\/#\/schema\/person\/4a28fe9bd65924f7c90623773daf1b0b","name":"Redacci\u00f3n","image":{"@type":"ImageObject","inLanguage":"es-MX","@id":"https:\/\/nitu.mx\/#\/schema\/person\/image\/","url":"https:\/\/secure.gravatar.com\/avatar\/5dd011c8ccfc5cd7e4c81e42252aab38?s=96&d=mm&r=g","contentUrl":"https:\/\/secure.gravatar.com\/avatar\/5dd011c8ccfc5cd7e4c81e42252aab38?s=96&d=mm&r=g","caption":"Redacci\u00f3n"},"url":"https:\/\/nitu.mx\/index.php\/author\/redaccion\/"}]}},"views":222,"_links":{"self":[{"href":"https:\/\/nitu.mx\/index.php\/wp-json\/wp\/v2\/posts\/9049"}],"collection":[{"href":"https:\/\/nitu.mx\/index.php\/wp-json\/wp\/v2\/posts"}],"about":[{"href":"https:\/\/nitu.mx\/index.php\/wp-json\/wp\/v2\/types\/post"}],"author":[{"embeddable":true,"href":"https:\/\/nitu.mx\/index.php\/wp-json\/wp\/v2\/users\/17"}],"replies":[{"embeddable":true,"href":"https:\/\/nitu.mx\/index.php\/wp-json\/wp\/v2\/comments?post=9049"}],"version-history":[{"count":3,"href":"https:\/\/nitu.mx\/index.php\/wp-json\/wp\/v2\/posts\/9049\/revisions"}],"predecessor-version":[{"id":9063,"href":"https:\/\/nitu.mx\/index.php\/wp-json\/wp\/v2\/posts\/9049\/revisions\/9063"}],"wp:featuredmedia":[{"embeddable":true,"href":"https:\/\/nitu.mx\/index.php\/wp-json\/wp\/v2\/media\/9062"}],"wp:attachment":[{"href":"https:\/\/nitu.mx\/index.php\/wp-json\/wp\/v2\/media?parent=9049"}],"wp:term":[{"taxonomy":"category","embeddable":true,"href":"https:\/\/nitu.mx\/index.php\/wp-json\/wp\/v2\/categories?post=9049"},{"taxonomy":"post_tag","embeddable":true,"href":"https:\/\/nitu.mx\/index.php\/wp-json\/wp\/v2\/tags?post=9049"}],"curies":[{"name":"wp","href":"https:\/\/api.w.org\/{rel}","templated":true}]}}