{"id":9047,"date":"2017-04-24T23:44:24","date_gmt":"2017-04-25T04:44:24","guid":{"rendered":"http:\/\/www.dev.nitu.mx\/?p=9047"},"modified":"2017-04-25T00:55:19","modified_gmt":"2017-04-25T05:55:19","slug":"presentamos-a-hector-flores-santana","status":"publish","type":"post","link":"https:\/\/nitu.mx\/index.php\/2017\/04\/24\/presentamos-a-hector-flores-santana\/","title":{"rendered":"La nueva &#8220;cabeza&#8221; del CPTM H\u00e9ctor Flores Santana"},"content":{"rendered":"<p>Como informara <em><strong>NITU.mx,<\/strong><\/em> la Secretar\u00eda de Turismo (Sectur) anunci\u00f3 la tarde del viernes que la directora general del Consejo de Promoci\u00f3n Tur\u00edstica de M\u00e9xico (CPTM), Lourdes Berho, decidi\u00f3 reintegrarse a su empresa y entidades del sector privado y social en alta direcci\u00f3n, por lo que a partir del pr\u00f3ximo 1 de mayo, ser\u00e1 H\u00e9ctor Flores quien se desempe\u00f1ar\u00e1 como nuevo titular de esta dependencia, cuyo objetivo es enfocarse en la promoci\u00f3n tur\u00edstica del pa\u00eds.\u00a0(<a title=\"Sorpresiva salida de Lourdes Berho del CPTM\" href=\"http:\/\/www.dev.nitu.mx\/index.php\/2017\/04\/21\/sorpresiva-salida-lourdes-berho-del-cptm\/\" rel=\"bookmark\">Sorpresiva salida de Lourdes Berho del CPTM<\/a>).<\/p>\n<p>H\u00e9ctor Flores Santana fue encargado del despacho en Sectur el \u00faltimo a\u00f1o del gobierno de Ernesto Zedillo, cuando \u00d3scar Espinosa se separ\u00f3 de ese cargo. Despu\u00e9s ha sido un consultor que ha mantenido al turismo como uno de los focos de su actividad, y fue contratado por Claudia Ruiz Massieu, extitular de Sectur, para reestructurar al sector, al principio de este gobierno.<\/p>\n<p>Tambi\u00e9n dise\u00f1\u00f3 el organigrama y los procesos que hoy operan en el CPTM, y fue uno de los candidatos a ocupar la direcci\u00f3n general de Fonatur a la salida de H\u00e9ctor G\u00f3mez Barraza; aunque el presidente Enrique Pe\u00f1a opt\u00f3 por Miguel Alonso Reyes.<\/p>\n<p>Flores Santana tiene una red de relaciones importante, no s\u00f3lo con autoridades estatales y federales, sino tambi\u00e9n con algunos de los empresarios clave de la actividad tur\u00edstica en M\u00e9xico. Ciertamente no es un experto en mercadotecnia, pero las principales decisiones presupuestales ya han sido tomadas para el resto de la administraci\u00f3n; precisamente para los llamados proyectos de alto impacto.<\/p>\n<p>De acuerdo con informaci\u00f3n recabada en la Asociaci\u00f3n de Secretarios Estatales de Turismo (Asetur), que preside Fernando Olivera desde esta semana, como lo revelamos en NITU.mx, (<a title=\"Trauwitz Echeguren entrega estafeta a Olivera Rocha\" href=\"http:\/\/www.dev.nitu.mx\/index.php\/2017\/04\/23\/trauwitz-echeguren-entrega-estafeta-a-olivera-rocha\/\" rel=\"bookmark\">Trauwitz Echeguren entrega estafeta a Olivera Rocha<\/a>), Berho marc\u00f3 un precedente positivo al liberar en el primer bimestre de este a\u00f1o las cartas compromiso para la publicidad cooperativa con los estados.<\/p>\n<p>Tambi\u00e9n estableci\u00f3 una relaci\u00f3n fluida con los titulares de turismo, por lo que consideraron que ser\u00eda un retroceso que estos avances se revirtieran con la llegada del nuevo director general.<\/p>\n","protected":false},"excerpt":{"rendered":"<p>Como informara NITU.mx, la Secretar\u00eda de Turismo (Sectur) anunci\u00f3 la tarde del viernes que la directora general del Consejo de Promoci\u00f3n Tur\u00edstica de M\u00e9xico (CPTM), Lourdes Berho, decidi\u00f3 reintegrarse a su empresa y entidades del sector privado y social en alta direcci\u00f3n, por lo que a partir del pr\u00f3ximo 1 de mayo, ser\u00e1 H\u00e9ctor Flores [&hellip;]<\/p>\n","protected":false},"author":17,"featured_media":9066,"comment_status":"open","ping_status":"open","sticky":false,"template":"","format":"standard","meta":{"footnotes":""},"categories":[12,6],"tags":[4009,893,3292,287,4001,93],"yoast_head":"<!-- This site is optimized with the Yoast SEO plugin v22.2 - https:\/\/yoast.com\/wordpress\/plugins\/seo\/ -->\n<title>La nueva &quot;cabeza&quot; del CPTM H\u00e9ctor Flores Santana - Nitu - Noticias de la Industria Turistica<\/title>\n<meta name=\"description\" content=\"Lourdes Berho, decidi\u00f3 reintegrarse a su empresa por lo que a partir del pr\u00f3ximo 1 de mayo, ser\u00e1 H\u00e9ctor Flores el nuevo titular del CPTM.\" \/>\n<meta name=\"robots\" content=\"index, follow, max-snippet:-1, max-image-preview:large, max-video-preview:-1\" \/>\n<link rel=\"canonical\" href=\"https:\/\/nitu.mx\/index.php\/2017\/04\/24\/presentamos-a-hector-flores-santana\/\" \/>\n<meta name=\"twitter:card\" content=\"summary_large_image\" \/>\n<meta name=\"twitter:title\" content=\"La nueva &quot;cabeza&quot; del CPTM H\u00e9ctor Flores Santana - Nitu - Noticias de la Industria Turistica\" \/>\n<meta name=\"twitter:description\" content=\"Lourdes Berho, decidi\u00f3 reintegrarse a su empresa por lo que a partir del pr\u00f3ximo 1 de mayo, ser\u00e1 H\u00e9ctor Flores el nuevo titular del CPTM.\" \/>\n<meta name=\"twitter:image\" content=\"https:\/\/nitu.mx\/wp-content\/uploads\/2017\/04\/hector-flores-santana.jpg\" \/>\n<meta name=\"twitter:creator\" content=\"@NITUmx\" \/>\n<meta name=\"twitter:site\" content=\"@Arturo_Medina_G\" \/>\n<meta name=\"twitter:label1\" content=\"Escrito por\" \/>\n\t<meta name=\"twitter:data1\" content=\"Redacci\u00f3n\" \/>\n\t<meta name=\"twitter:label2\" content=\"Tiempo de lectura\" \/>\n\t<meta name=\"twitter:data2\" content=\"2 minutos\" \/>\n<script type=\"application\/ld+json\" class=\"yoast-schema-graph\">{\"@context\":\"https:\/\/schema.org\",\"@graph\":[{\"@type\":\"Article\",\"@id\":\"https:\/\/nitu.mx\/index.php\/2017\/04\/24\/presentamos-a-hector-flores-santana\/#article\",\"isPartOf\":{\"@id\":\"https:\/\/nitu.mx\/index.php\/2017\/04\/24\/presentamos-a-hector-flores-santana\/\"},\"author\":{\"name\":\"Redacci\u00f3n\",\"@id\":\"https:\/\/nitu.mx\/#\/schema\/person\/4a28fe9bd65924f7c90623773daf1b0b\"},\"headline\":\"La nueva &#8220;cabeza&#8221; del CPTM H\u00e9ctor Flores Santana\",\"datePublished\":\"2017-04-25T04:44:24+00:00\",\"dateModified\":\"2017-04-25T05:55:19+00:00\",\"mainEntityOfPage\":{\"@id\":\"https:\/\/nitu.mx\/index.php\/2017\/04\/24\/presentamos-a-hector-flores-santana\/\"},\"wordCount\":372,\"commentCount\":0,\"publisher\":{\"@id\":\"https:\/\/nitu.mx\/#\/schema\/person\/ae7a53426417292d3dd07b45a33e01bc\"},\"image\":{\"@id\":\"https:\/\/nitu.mx\/index.php\/2017\/04\/24\/presentamos-a-hector-flores-santana\/#primaryimage\"},\"thumbnailUrl\":\"https:\/\/nitu.mx\/wp-content\/uploads\/2017\/04\/hector-flores-santana.jpg\",\"keywords\":[\"Asociaci\u00f3n de Secretarios Estatales de Turismo (Asetur)\",\"Ernesto Zedillo\",\"Fernando Olivera\",\"H\u00e9ctor Flores Santana\",\"\u00d3scar Espinosa\",\"Sectur\"],\"articleSection\":[\"Marketing\",\"M\u00e9xico\"],\"inLanguage\":\"es-MX\",\"potentialAction\":[{\"@type\":\"CommentAction\",\"name\":\"Comment\",\"target\":[\"https:\/\/nitu.mx\/index.php\/2017\/04\/24\/presentamos-a-hector-flores-santana\/#respond\"]}]},{\"@type\":\"WebPage\",\"@id\":\"https:\/\/nitu.mx\/index.php\/2017\/04\/24\/presentamos-a-hector-flores-santana\/\",\"url\":\"https:\/\/nitu.mx\/index.php\/2017\/04\/24\/presentamos-a-hector-flores-santana\/\",\"name\":\"La nueva \\\"cabeza\\\" del CPTM H\u00e9ctor Flores Santana - Nitu - Noticias de la Industria Turistica\",\"isPartOf\":{\"@id\":\"https:\/\/nitu.mx\/#website\"},\"primaryImageOfPage\":{\"@id\":\"https:\/\/nitu.mx\/index.php\/2017\/04\/24\/presentamos-a-hector-flores-santana\/#primaryimage\"},\"image\":{\"@id\":\"https:\/\/nitu.mx\/index.php\/2017\/04\/24\/presentamos-a-hector-flores-santana\/#primaryimage\"},\"thumbnailUrl\":\"https:\/\/nitu.mx\/wp-content\/uploads\/2017\/04\/hector-flores-santana.jpg\",\"datePublished\":\"2017-04-25T04:44:24+00:00\",\"dateModified\":\"2017-04-25T05:55:19+00:00\",\"description\":\"Lourdes Berho, decidi\u00f3 reintegrarse a su empresa por lo que a partir del pr\u00f3ximo 1 de mayo, ser\u00e1 H\u00e9ctor Flores el nuevo titular del CPTM.\",\"breadcrumb\":{\"@id\":\"https:\/\/nitu.mx\/index.php\/2017\/04\/24\/presentamos-a-hector-flores-santana\/#breadcrumb\"},\"inLanguage\":\"es-MX\",\"potentialAction\":[{\"@type\":\"ReadAction\",\"target\":[\"https:\/\/nitu.mx\/index.php\/2017\/04\/24\/presentamos-a-hector-flores-santana\/\"]}]},{\"@type\":\"ImageObject\",\"inLanguage\":\"es-MX\",\"@id\":\"https:\/\/nitu.mx\/index.php\/2017\/04\/24\/presentamos-a-hector-flores-santana\/#primaryimage\",\"url\":\"https:\/\/nitu.mx\/wp-content\/uploads\/2017\/04\/hector-flores-santana.jpg\",\"contentUrl\":\"https:\/\/nitu.mx\/wp-content\/uploads\/2017\/04\/hector-flores-santana.jpg\",\"width\":850,\"height\":480,\"caption\":\"h\u00e9ctor flores santana\"},{\"@type\":\"BreadcrumbList\",\"@id\":\"https:\/\/nitu.mx\/index.php\/2017\/04\/24\/presentamos-a-hector-flores-santana\/#breadcrumb\",\"itemListElement\":[{\"@type\":\"ListItem\",\"position\":1,\"name\":\"Inicio\",\"item\":\"https:\/\/nitu.mx\/\"},{\"@type\":\"ListItem\",\"position\":2,\"name\":\"La nueva &#8220;cabeza&#8221; del CPTM H\u00e9ctor Flores Santana\"}]},{\"@type\":\"WebSite\",\"@id\":\"https:\/\/nitu.mx\/#website\",\"url\":\"https:\/\/nitu.mx\/\",\"name\":\"Nitu - Noticias de la Industria Turistica\",\"description\":\"Noticias de la Industria Turistica\",\"publisher\":{\"@id\":\"https:\/\/nitu.mx\/#\/schema\/person\/ae7a53426417292d3dd07b45a33e01bc\"},\"alternateName\":\"Noticias de la Industria Turistica\",\"potentialAction\":[{\"@type\":\"SearchAction\",\"target\":{\"@type\":\"EntryPoint\",\"urlTemplate\":\"https:\/\/nitu.mx\/?s={search_term_string}\"},\"query-input\":\"required name=search_term_string\"}],\"inLanguage\":\"es-MX\"},{\"@type\":[\"Person\",\"Organization\"],\"@id\":\"https:\/\/nitu.mx\/#\/schema\/person\/ae7a53426417292d3dd07b45a33e01bc\",\"name\":\"Arturo Medina\",\"image\":{\"@type\":\"ImageObject\",\"inLanguage\":\"es-MX\",\"@id\":\"https:\/\/nitu.mx\/#\/schema\/person\/image\/\",\"url\":\"https:\/\/nitu.mx\/wp-content\/uploads\/2024\/04\/4A315622-1904-4D5C-B022-878CDC840E04-90x90-1.jpeg\",\"contentUrl\":\"https:\/\/nitu.mx\/wp-content\/uploads\/2024\/04\/4A315622-1904-4D5C-B022-878CDC840E04-90x90-1.jpeg\",\"width\":90,\"height\":90,\"caption\":\"Arturo Medina\"},\"logo\":{\"@id\":\"https:\/\/nitu.mx\/#\/schema\/person\/image\/\"},\"description\":\"Director NITU.mx, Egresado de la Escuela de Periodismo Carlos Septi\u00e9n Garc\u00eda. Periodista y analista especializado en turismo desde hace 35 a\u00f1os, radicado en Canc\u00fan Q.Roo. arturo@nitu.mx\",\"sameAs\":[\"https:\/\/nitu.mx\",\"https:\/\/www.facebook.com\/NITUmx\/\",\"medinacancun\",\"https:\/\/twitter.com\/@Arturo_Medina_G\"]},{\"@type\":\"Person\",\"@id\":\"https:\/\/nitu.mx\/#\/schema\/person\/4a28fe9bd65924f7c90623773daf1b0b\",\"name\":\"Redacci\u00f3n\",\"image\":{\"@type\":\"ImageObject\",\"inLanguage\":\"es-MX\",\"@id\":\"https:\/\/nitu.mx\/#\/schema\/person\/image\/\",\"url\":\"https:\/\/secure.gravatar.com\/avatar\/5dd011c8ccfc5cd7e4c81e42252aab38?s=96&d=mm&r=g\",\"contentUrl\":\"https:\/\/secure.gravatar.com\/avatar\/5dd011c8ccfc5cd7e4c81e42252aab38?s=96&d=mm&r=g\",\"caption\":\"Redacci\u00f3n\"},\"url\":\"https:\/\/nitu.mx\/index.php\/author\/redaccion\/\"}]}<\/script>\n<!-- \/ Yoast SEO plugin. -->","yoast_head_json":{"title":"La nueva \"cabeza\" del CPTM H\u00e9ctor Flores Santana - Nitu - Noticias de la Industria Turistica","description":"Lourdes Berho, decidi\u00f3 reintegrarse a su empresa por lo que a partir del pr\u00f3ximo 1 de mayo, ser\u00e1 H\u00e9ctor Flores el nuevo titular del CPTM.","robots":{"index":"index","follow":"follow","max-snippet":"max-snippet:-1","max-image-preview":"max-image-preview:large","max-video-preview":"max-video-preview:-1"},"canonical":"https:\/\/nitu.mx\/index.php\/2017\/04\/24\/presentamos-a-hector-flores-santana\/","twitter_card":"summary_large_image","twitter_title":"La nueva \"cabeza\" del CPTM H\u00e9ctor Flores Santana - Nitu - Noticias de la Industria Turistica","twitter_description":"Lourdes Berho, decidi\u00f3 reintegrarse a su empresa por lo que a partir del pr\u00f3ximo 1 de mayo, ser\u00e1 H\u00e9ctor Flores el nuevo titular del CPTM.","twitter_image":"https:\/\/nitu.mx\/wp-content\/uploads\/2017\/04\/hector-flores-santana.jpg","twitter_creator":"@NITUmx","twitter_site":"@Arturo_Medina_G","twitter_misc":{"Escrito por":"Redacci\u00f3n","Tiempo de lectura":"2 minutos"},"schema":{"@context":"https:\/\/schema.org","@graph":[{"@type":"Article","@id":"https:\/\/nitu.mx\/index.php\/2017\/04\/24\/presentamos-a-hector-flores-santana\/#article","isPartOf":{"@id":"https:\/\/nitu.mx\/index.php\/2017\/04\/24\/presentamos-a-hector-flores-santana\/"},"author":{"name":"Redacci\u00f3n","@id":"https:\/\/nitu.mx\/#\/schema\/person\/4a28fe9bd65924f7c90623773daf1b0b"},"headline":"La nueva &#8220;cabeza&#8221; del CPTM H\u00e9ctor Flores Santana","datePublished":"2017-04-25T04:44:24+00:00","dateModified":"2017-04-25T05:55:19+00:00","mainEntityOfPage":{"@id":"https:\/\/nitu.mx\/index.php\/2017\/04\/24\/presentamos-a-hector-flores-santana\/"},"wordCount":372,"commentCount":0,"publisher":{"@id":"https:\/\/nitu.mx\/#\/schema\/person\/ae7a53426417292d3dd07b45a33e01bc"},"image":{"@id":"https:\/\/nitu.mx\/index.php\/2017\/04\/24\/presentamos-a-hector-flores-santana\/#primaryimage"},"thumbnailUrl":"https:\/\/nitu.mx\/wp-content\/uploads\/2017\/04\/hector-flores-santana.jpg","keywords":["Asociaci\u00f3n de Secretarios Estatales de Turismo (Asetur)","Ernesto Zedillo","Fernando Olivera","H\u00e9ctor Flores Santana","\u00d3scar Espinosa","Sectur"],"articleSection":["Marketing","M\u00e9xico"],"inLanguage":"es-MX","potentialAction":[{"@type":"CommentAction","name":"Comment","target":["https:\/\/nitu.mx\/index.php\/2017\/04\/24\/presentamos-a-hector-flores-santana\/#respond"]}]},{"@type":"WebPage","@id":"https:\/\/nitu.mx\/index.php\/2017\/04\/24\/presentamos-a-hector-flores-santana\/","url":"https:\/\/nitu.mx\/index.php\/2017\/04\/24\/presentamos-a-hector-flores-santana\/","name":"La nueva \"cabeza\" del CPTM H\u00e9ctor Flores Santana - Nitu - Noticias de la Industria Turistica","isPartOf":{"@id":"https:\/\/nitu.mx\/#website"},"primaryImageOfPage":{"@id":"https:\/\/nitu.mx\/index.php\/2017\/04\/24\/presentamos-a-hector-flores-santana\/#primaryimage"},"image":{"@id":"https:\/\/nitu.mx\/index.php\/2017\/04\/24\/presentamos-a-hector-flores-santana\/#primaryimage"},"thumbnailUrl":"https:\/\/nitu.mx\/wp-content\/uploads\/2017\/04\/hector-flores-santana.jpg","datePublished":"2017-04-25T04:44:24+00:00","dateModified":"2017-04-25T05:55:19+00:00","description":"Lourdes Berho, decidi\u00f3 reintegrarse a su empresa por lo que a partir del pr\u00f3ximo 1 de mayo, ser\u00e1 H\u00e9ctor Flores el nuevo titular del CPTM.","breadcrumb":{"@id":"https:\/\/nitu.mx\/index.php\/2017\/04\/24\/presentamos-a-hector-flores-santana\/#breadcrumb"},"inLanguage":"es-MX","potentialAction":[{"@type":"ReadAction","target":["https:\/\/nitu.mx\/index.php\/2017\/04\/24\/presentamos-a-hector-flores-santana\/"]}]},{"@type":"ImageObject","inLanguage":"es-MX","@id":"https:\/\/nitu.mx\/index.php\/2017\/04\/24\/presentamos-a-hector-flores-santana\/#primaryimage","url":"https:\/\/nitu.mx\/wp-content\/uploads\/2017\/04\/hector-flores-santana.jpg","contentUrl":"https:\/\/nitu.mx\/wp-content\/uploads\/2017\/04\/hector-flores-santana.jpg","width":850,"height":480,"caption":"h\u00e9ctor flores santana"},{"@type":"BreadcrumbList","@id":"https:\/\/nitu.mx\/index.php\/2017\/04\/24\/presentamos-a-hector-flores-santana\/#breadcrumb","itemListElement":[{"@type":"ListItem","position":1,"name":"Inicio","item":"https:\/\/nitu.mx\/"},{"@type":"ListItem","position":2,"name":"La nueva &#8220;cabeza&#8221; del CPTM H\u00e9ctor Flores Santana"}]},{"@type":"WebSite","@id":"https:\/\/nitu.mx\/#website","url":"https:\/\/nitu.mx\/","name":"Nitu - Noticias de la Industria Turistica","description":"Noticias de la Industria Turistica","publisher":{"@id":"https:\/\/nitu.mx\/#\/schema\/person\/ae7a53426417292d3dd07b45a33e01bc"},"alternateName":"Noticias de la Industria Turistica","potentialAction":[{"@type":"SearchAction","target":{"@type":"EntryPoint","urlTemplate":"https:\/\/nitu.mx\/?s={search_term_string}"},"query-input":"required name=search_term_string"}],"inLanguage":"es-MX"},{"@type":["Person","Organization"],"@id":"https:\/\/nitu.mx\/#\/schema\/person\/ae7a53426417292d3dd07b45a33e01bc","name":"Arturo Medina","image":{"@type":"ImageObject","inLanguage":"es-MX","@id":"https:\/\/nitu.mx\/#\/schema\/person\/image\/","url":"https:\/\/nitu.mx\/wp-content\/uploads\/2024\/04\/4A315622-1904-4D5C-B022-878CDC840E04-90x90-1.jpeg","contentUrl":"https:\/\/nitu.mx\/wp-content\/uploads\/2024\/04\/4A315622-1904-4D5C-B022-878CDC840E04-90x90-1.jpeg","width":90,"height":90,"caption":"Arturo Medina"},"logo":{"@id":"https:\/\/nitu.mx\/#\/schema\/person\/image\/"},"description":"Director NITU.mx, Egresado de la Escuela de Periodismo Carlos Septi\u00e9n Garc\u00eda. Periodista y analista especializado en turismo desde hace 35 a\u00f1os, radicado en Canc\u00fan Q.Roo. arturo@nitu.mx","sameAs":["https:\/\/nitu.mx","https:\/\/www.facebook.com\/NITUmx\/","medinacancun","https:\/\/twitter.com\/@Arturo_Medina_G"]},{"@type":"Person","@id":"https:\/\/nitu.mx\/#\/schema\/person\/4a28fe9bd65924f7c90623773daf1b0b","name":"Redacci\u00f3n","image":{"@type":"ImageObject","inLanguage":"es-MX","@id":"https:\/\/nitu.mx\/#\/schema\/person\/image\/","url":"https:\/\/secure.gravatar.com\/avatar\/5dd011c8ccfc5cd7e4c81e42252aab38?s=96&d=mm&r=g","contentUrl":"https:\/\/secure.gravatar.com\/avatar\/5dd011c8ccfc5cd7e4c81e42252aab38?s=96&d=mm&r=g","caption":"Redacci\u00f3n"},"url":"https:\/\/nitu.mx\/index.php\/author\/redaccion\/"}]}},"views":479,"_links":{"self":[{"href":"https:\/\/nitu.mx\/index.php\/wp-json\/wp\/v2\/posts\/9047"}],"collection":[{"href":"https:\/\/nitu.mx\/index.php\/wp-json\/wp\/v2\/posts"}],"about":[{"href":"https:\/\/nitu.mx\/index.php\/wp-json\/wp\/v2\/types\/post"}],"author":[{"embeddable":true,"href":"https:\/\/nitu.mx\/index.php\/wp-json\/wp\/v2\/users\/17"}],"replies":[{"embeddable":true,"href":"https:\/\/nitu.mx\/index.php\/wp-json\/wp\/v2\/comments?post=9047"}],"version-history":[{"count":5,"href":"https:\/\/nitu.mx\/index.php\/wp-json\/wp\/v2\/posts\/9047\/revisions"}],"predecessor-version":[{"id":9072,"href":"https:\/\/nitu.mx\/index.php\/wp-json\/wp\/v2\/posts\/9047\/revisions\/9072"}],"wp:featuredmedia":[{"embeddable":true,"href":"https:\/\/nitu.mx\/index.php\/wp-json\/wp\/v2\/media\/9066"}],"wp:attachment":[{"href":"https:\/\/nitu.mx\/index.php\/wp-json\/wp\/v2\/media?parent=9047"}],"wp:term":[{"taxonomy":"category","embeddable":true,"href":"https:\/\/nitu.mx\/index.php\/wp-json\/wp\/v2\/categories?post=9047"},{"taxonomy":"post_tag","embeddable":true,"href":"https:\/\/nitu.mx\/index.php\/wp-json\/wp\/v2\/tags?post=9047"}],"curies":[{"name":"wp","href":"https:\/\/api.w.org\/{rel}","templated":true}]}}