{"id":9014,"date":"2017-04-22T00:50:45","date_gmt":"2017-04-22T05:50:45","guid":{"rendered":"http:\/\/www.dev.nitu.mx\/?p=9014"},"modified":"2017-04-22T03:00:53","modified_gmt":"2017-04-22T08:00:53","slug":"fonatur-pone-ojo-turismo-cultural","status":"publish","type":"post","link":"https:\/\/nitu.mx\/index.php\/2017\/04\/22\/fonatur-pone-ojo-turismo-cultural\/","title":{"rendered":"A sus 43 a\u00f1os Fonatur pone el ojo en el turismo cultural"},"content":{"rendered":"<p>El director del Fondo Nacional de Fomento al Turismo (Fonatur), Miguel Alonso Reyes, anunci\u00f3 este viernes que siguiendo las instrucciones del presidente Enrique Pe\u00f1a Nieto, y del secretario de Turismo, Enrique de la Madrid, la dependencia promover\u00e1 la diversificaci\u00f3n del producto tur\u00edstico cultural, con lo que se abrir\u00e1 el \u201cabanico de oportunidades del sector\u201d.<\/p>\n<p>Durante la conmemoraci\u00f3n del 43 aniversario del Fonatur, en la que estuvieron presentes ex directores del organismo, el titular de la Sectur, as\u00ed como empresarios del ramo e invitados especiales, Alonso Reyes destac\u00f3 que para lograr consolidar el nuevo modelo del organismo, es necesario crear un producto atractivo para que la iniciativa privada se sienta motivada de participar, como se hizo con siete Centros Integralmente Planeados (CIP).<\/p>\n<p>Al hacer un recuento hist\u00f3rico de los or\u00edgenes del Fonatur, se record\u00f3 que en 1974 no exist\u00eda una pol\u00edtica tur\u00edstica en forma, y los empresarios no ten\u00edan un rumbo muy claro de c\u00f3mo y d\u00f3nde hacer sus inversiones, y por ende eran escasas. El desarrollo de los CIP, que deton\u00f3 los destinos de playa como Canc\u00fan, Ixtapa y Los Cabos, fueron resultado de un proyecto correctamente estructurado, mismo que ahora se piensa aplicar en otros nichos.<\/p>\n<p>Rom\u00e1rico Arroyo, ex director del organismo y quien fue calificado en el evento como el decano del Fonatur, destac\u00f3 que el reto consiste en convencer a la iniciativa privada, como lo fue hace 43 a\u00f1os; y enfatiz\u00f3 tajantemente que la tarea tanto del Fonatur, como los dem\u00e1s \u00f3rdenes de gobierno enfocados al turismo es \u201cfacilitar, facilitar y facilitar\u201d.<\/p>\n<p>Por su parte, el secretario de Turismo, Enrique de la Madrid, reiter\u00f3 que todo M\u00e9xico tiene potencial tur\u00edstico, no s\u00f3lo por sus riquezas naturales y culturales, sino por la humildad, modestia y solidaridad de su gente, aspectos que son muy reconocidos por el turista. Insisti\u00f3 en la necesidad de facilitar viajes, por lo que trabajar\u00e1 de manera espec\u00edfica en tres aspectos fundamentales: migraci\u00f3n, diversificaci\u00f3n de mercados, y complementar el turismo de sol y playa con otros productos.<\/p>\n<p>En el evento se \u00a0reconoci\u00f3 la contribuci\u00f3n de los ex directores Kemil A. Rizk Aziz, John McCarthy, Miguel G\u00f3mez Mont, Adriana P\u00e9rez Quesnel, Enrique Carrillo Lavat, H\u00e9ctor G\u00f3mez Barraza, y en su memoria a Antonio Enr\u00edquez Savignac, Mario Moya Palencia y Mario Ram\u00f3n Beteta, as\u00ed como\u00a0tambi\u00e9n a los ex titulares del organismo Jos\u00e9 Antonio Murillo Hern\u00e1ndez, Jos\u00e9 Luis Vives, Enrique Del Val, Jacques Rogozinzki, y Alfredo del Mazo Gonz\u00e1lez.<\/p>\n<p>Alonso Reyes reiter\u00f3 en esta celebraci\u00f3n, el impulso a otros sectores, como ya lo hab\u00edamos adelantado en <em><strong>NITU.mx<\/strong><\/em>.\u00a0(<a title=\"Fonatur apoyar\u00e1 ciudades coloniales\" href=\"http:\/\/www.dev.nitu.mx\/index.php\/2017\/03\/01\/fonatur-apoyara-ciudades-coloniales\/\" rel=\"bookmark\">Fonatur apoyar\u00e1 ciudades coloniales<\/a>).<\/p>\n","protected":false},"excerpt":{"rendered":"<p>El director del Fondo Nacional de Fomento al Turismo (Fonatur), Miguel Alonso Reyes, anunci\u00f3 este viernes que siguiendo las instrucciones del presidente Enrique Pe\u00f1a Nieto, y del secretario de Turismo, Enrique de la Madrid, la dependencia promover\u00e1 la diversificaci\u00f3n del producto tur\u00edstico cultural, con lo que se abrir\u00e1 el \u201cabanico de oportunidades del sector\u201d. Durante [&hellip;]<\/p>\n","protected":false},"author":5,"featured_media":9015,"comment_status":"open","ping_status":"open","sticky":false,"template":"","format":"standard","meta":{"footnotes":""},"categories":[12,6],"tags":[176,429,1961,359],"yoast_head":"<!-- This site is optimized with the Yoast SEO plugin v22.2 - https:\/\/yoast.com\/wordpress\/plugins\/seo\/ -->\n<title>A sus 43 a\u00f1os Fonatur pone el ojo en el turismo cultural - Nitu - Noticias de la Industria Turistica<\/title>\n<meta name=\"description\" content=\"El director del Fonatur anunci\u00f3 que promover\u00e1 la diversificaci\u00f3n del turismo cultural, con lo que se abrir\u00e1 el \u201cabanico de oportunidades del sector\u201d.\" \/>\n<meta name=\"robots\" content=\"index, follow, max-snippet:-1, max-image-preview:large, max-video-preview:-1\" \/>\n<link rel=\"canonical\" href=\"https:\/\/nitu.mx\/index.php\/2017\/04\/22\/fonatur-pone-ojo-turismo-cultural\/\" \/>\n<meta name=\"twitter:card\" content=\"summary_large_image\" \/>\n<meta name=\"twitter:title\" content=\"A sus 43 a\u00f1os Fonatur pone el ojo en el turismo cultural - Nitu - Noticias de la Industria Turistica\" \/>\n<meta name=\"twitter:description\" content=\"El director del Fonatur anunci\u00f3 que promover\u00e1 la diversificaci\u00f3n del turismo cultural, con lo que se abrir\u00e1 el \u201cabanico de oportunidades del sector\u201d.\" \/>\n<meta name=\"twitter:image\" content=\"https:\/\/nitu.mx\/wp-content\/uploads\/2017\/04\/aniv.fonatur06.jpg\" \/>\n<meta name=\"twitter:creator\" content=\"@NITUmx\" \/>\n<meta name=\"twitter:site\" content=\"@Arturo_Medina_G\" \/>\n<meta name=\"twitter:label1\" content=\"Escrito por\" \/>\n\t<meta name=\"twitter:data1\" content=\"Mari Soto\" \/>\n\t<meta name=\"twitter:label2\" content=\"Tiempo de lectura\" \/>\n\t<meta name=\"twitter:data2\" content=\"2 minutos\" \/>\n<script type=\"application\/ld+json\" class=\"yoast-schema-graph\">{\"@context\":\"https:\/\/schema.org\",\"@graph\":[{\"@type\":\"Article\",\"@id\":\"https:\/\/nitu.mx\/index.php\/2017\/04\/22\/fonatur-pone-ojo-turismo-cultural\/#article\",\"isPartOf\":{\"@id\":\"https:\/\/nitu.mx\/index.php\/2017\/04\/22\/fonatur-pone-ojo-turismo-cultural\/\"},\"author\":{\"name\":\"Mari Soto\",\"@id\":\"https:\/\/nitu.mx\/#\/schema\/person\/afc52e313e27e660739556d421d3d6b4\"},\"headline\":\"A sus 43 a\u00f1os Fonatur pone el ojo en el turismo cultural\",\"datePublished\":\"2017-04-22T05:50:45+00:00\",\"dateModified\":\"2017-04-22T08:00:53+00:00\",\"mainEntityOfPage\":{\"@id\":\"https:\/\/nitu.mx\/index.php\/2017\/04\/22\/fonatur-pone-ojo-turismo-cultural\/\"},\"wordCount\":468,\"commentCount\":0,\"publisher\":{\"@id\":\"https:\/\/nitu.mx\/#\/schema\/person\/ae7a53426417292d3dd07b45a33e01bc\"},\"image\":{\"@id\":\"https:\/\/nitu.mx\/index.php\/2017\/04\/22\/fonatur-pone-ojo-turismo-cultural\/#primaryimage\"},\"thumbnailUrl\":\"https:\/\/nitu.mx\/wp-content\/uploads\/2017\/04\/aniv.fonatur06.jpg\",\"keywords\":[\"Enrique de la Madrid\",\"Fondo Nacional de Fomento al Turismo (Fonatur)\",\"Miguel Alonso Reyes\",\"Secretar\u00eda de Turismo (Sectur)\"],\"articleSection\":[\"Marketing\",\"M\u00e9xico\"],\"inLanguage\":\"es-MX\",\"potentialAction\":[{\"@type\":\"CommentAction\",\"name\":\"Comment\",\"target\":[\"https:\/\/nitu.mx\/index.php\/2017\/04\/22\/fonatur-pone-ojo-turismo-cultural\/#respond\"]}]},{\"@type\":\"WebPage\",\"@id\":\"https:\/\/nitu.mx\/index.php\/2017\/04\/22\/fonatur-pone-ojo-turismo-cultural\/\",\"url\":\"https:\/\/nitu.mx\/index.php\/2017\/04\/22\/fonatur-pone-ojo-turismo-cultural\/\",\"name\":\"A sus 43 a\u00f1os Fonatur pone el ojo en el turismo cultural - Nitu - Noticias de la Industria Turistica\",\"isPartOf\":{\"@id\":\"https:\/\/nitu.mx\/#website\"},\"primaryImageOfPage\":{\"@id\":\"https:\/\/nitu.mx\/index.php\/2017\/04\/22\/fonatur-pone-ojo-turismo-cultural\/#primaryimage\"},\"image\":{\"@id\":\"https:\/\/nitu.mx\/index.php\/2017\/04\/22\/fonatur-pone-ojo-turismo-cultural\/#primaryimage\"},\"thumbnailUrl\":\"https:\/\/nitu.mx\/wp-content\/uploads\/2017\/04\/aniv.fonatur06.jpg\",\"datePublished\":\"2017-04-22T05:50:45+00:00\",\"dateModified\":\"2017-04-22T08:00:53+00:00\",\"description\":\"El director del Fonatur anunci\u00f3 que promover\u00e1 la diversificaci\u00f3n del turismo cultural, con lo que se abrir\u00e1 el \u201cabanico de oportunidades del sector\u201d.\",\"breadcrumb\":{\"@id\":\"https:\/\/nitu.mx\/index.php\/2017\/04\/22\/fonatur-pone-ojo-turismo-cultural\/#breadcrumb\"},\"inLanguage\":\"es-MX\",\"potentialAction\":[{\"@type\":\"ReadAction\",\"target\":[\"https:\/\/nitu.mx\/index.php\/2017\/04\/22\/fonatur-pone-ojo-turismo-cultural\/\"]}]},{\"@type\":\"ImageObject\",\"inLanguage\":\"es-MX\",\"@id\":\"https:\/\/nitu.mx\/index.php\/2017\/04\/22\/fonatur-pone-ojo-turismo-cultural\/#primaryimage\",\"url\":\"https:\/\/nitu.mx\/wp-content\/uploads\/2017\/04\/aniv.fonatur06.jpg\",\"contentUrl\":\"https:\/\/nitu.mx\/wp-content\/uploads\/2017\/04\/aniv.fonatur06.jpg\",\"width\":850,\"height\":480,\"caption\":\"Fonatur\"},{\"@type\":\"BreadcrumbList\",\"@id\":\"https:\/\/nitu.mx\/index.php\/2017\/04\/22\/fonatur-pone-ojo-turismo-cultural\/#breadcrumb\",\"itemListElement\":[{\"@type\":\"ListItem\",\"position\":1,\"name\":\"Inicio\",\"item\":\"https:\/\/nitu.mx\/\"},{\"@type\":\"ListItem\",\"position\":2,\"name\":\"A sus 43 a\u00f1os Fonatur pone el ojo en el turismo cultural\"}]},{\"@type\":\"WebSite\",\"@id\":\"https:\/\/nitu.mx\/#website\",\"url\":\"https:\/\/nitu.mx\/\",\"name\":\"Nitu - Noticias de la Industria Turistica\",\"description\":\"Noticias de la Industria Turistica\",\"publisher\":{\"@id\":\"https:\/\/nitu.mx\/#\/schema\/person\/ae7a53426417292d3dd07b45a33e01bc\"},\"alternateName\":\"Noticias de la Industria Turistica\",\"potentialAction\":[{\"@type\":\"SearchAction\",\"target\":{\"@type\":\"EntryPoint\",\"urlTemplate\":\"https:\/\/nitu.mx\/?s={search_term_string}\"},\"query-input\":\"required name=search_term_string\"}],\"inLanguage\":\"es-MX\"},{\"@type\":[\"Person\",\"Organization\"],\"@id\":\"https:\/\/nitu.mx\/#\/schema\/person\/ae7a53426417292d3dd07b45a33e01bc\",\"name\":\"Arturo Medina\",\"image\":{\"@type\":\"ImageObject\",\"inLanguage\":\"es-MX\",\"@id\":\"https:\/\/nitu.mx\/#\/schema\/person\/image\/\",\"url\":\"https:\/\/nitu.mx\/wp-content\/uploads\/2024\/04\/4A315622-1904-4D5C-B022-878CDC840E04-90x90-1.jpeg\",\"contentUrl\":\"https:\/\/nitu.mx\/wp-content\/uploads\/2024\/04\/4A315622-1904-4D5C-B022-878CDC840E04-90x90-1.jpeg\",\"width\":90,\"height\":90,\"caption\":\"Arturo Medina\"},\"logo\":{\"@id\":\"https:\/\/nitu.mx\/#\/schema\/person\/image\/\"},\"description\":\"Director NITU.mx, Egresado de la Escuela de Periodismo Carlos Septi\u00e9n Garc\u00eda. Periodista y analista especializado en turismo desde hace 35 a\u00f1os, radicado en Canc\u00fan Q.Roo. arturo@nitu.mx\",\"sameAs\":[\"https:\/\/nitu.mx\",\"https:\/\/www.facebook.com\/NITUmx\/\",\"medinacancun\",\"https:\/\/twitter.com\/@Arturo_Medina_G\"]},{\"@type\":\"Person\",\"@id\":\"https:\/\/nitu.mx\/#\/schema\/person\/afc52e313e27e660739556d421d3d6b4\",\"name\":\"Mari Soto\",\"image\":{\"@type\":\"ImageObject\",\"inLanguage\":\"es-MX\",\"@id\":\"https:\/\/nitu.mx\/#\/schema\/person\/image\/\",\"url\":\"https:\/\/secure.gravatar.com\/avatar\/2619c282a180a20d89fcaea82a6736e2?s=96&d=mm&r=g\",\"contentUrl\":\"https:\/\/secure.gravatar.com\/avatar\/2619c282a180a20d89fcaea82a6736e2?s=96&d=mm&r=g\",\"caption\":\"Mari Soto\"},\"sameAs\":[\"https:\/\/nitu.mx\"],\"url\":\"https:\/\/nitu.mx\/index.php\/author\/guadalupe\/\"}]}<\/script>\n<!-- \/ Yoast SEO plugin. -->","yoast_head_json":{"title":"A sus 43 a\u00f1os Fonatur pone el ojo en el turismo cultural - Nitu - Noticias de la Industria Turistica","description":"El director del Fonatur anunci\u00f3 que promover\u00e1 la diversificaci\u00f3n del turismo cultural, con lo que se abrir\u00e1 el \u201cabanico de oportunidades del sector\u201d.","robots":{"index":"index","follow":"follow","max-snippet":"max-snippet:-1","max-image-preview":"max-image-preview:large","max-video-preview":"max-video-preview:-1"},"canonical":"https:\/\/nitu.mx\/index.php\/2017\/04\/22\/fonatur-pone-ojo-turismo-cultural\/","twitter_card":"summary_large_image","twitter_title":"A sus 43 a\u00f1os Fonatur pone el ojo en el turismo cultural - Nitu - Noticias de la Industria Turistica","twitter_description":"El director del Fonatur anunci\u00f3 que promover\u00e1 la diversificaci\u00f3n del turismo cultural, con lo que se abrir\u00e1 el \u201cabanico de oportunidades del sector\u201d.","twitter_image":"https:\/\/nitu.mx\/wp-content\/uploads\/2017\/04\/aniv.fonatur06.jpg","twitter_creator":"@NITUmx","twitter_site":"@Arturo_Medina_G","twitter_misc":{"Escrito por":"Mari Soto","Tiempo de lectura":"2 minutos"},"schema":{"@context":"https:\/\/schema.org","@graph":[{"@type":"Article","@id":"https:\/\/nitu.mx\/index.php\/2017\/04\/22\/fonatur-pone-ojo-turismo-cultural\/#article","isPartOf":{"@id":"https:\/\/nitu.mx\/index.php\/2017\/04\/22\/fonatur-pone-ojo-turismo-cultural\/"},"author":{"name":"Mari Soto","@id":"https:\/\/nitu.mx\/#\/schema\/person\/afc52e313e27e660739556d421d3d6b4"},"headline":"A sus 43 a\u00f1os Fonatur pone el ojo en el turismo cultural","datePublished":"2017-04-22T05:50:45+00:00","dateModified":"2017-04-22T08:00:53+00:00","mainEntityOfPage":{"@id":"https:\/\/nitu.mx\/index.php\/2017\/04\/22\/fonatur-pone-ojo-turismo-cultural\/"},"wordCount":468,"commentCount":0,"publisher":{"@id":"https:\/\/nitu.mx\/#\/schema\/person\/ae7a53426417292d3dd07b45a33e01bc"},"image":{"@id":"https:\/\/nitu.mx\/index.php\/2017\/04\/22\/fonatur-pone-ojo-turismo-cultural\/#primaryimage"},"thumbnailUrl":"https:\/\/nitu.mx\/wp-content\/uploads\/2017\/04\/aniv.fonatur06.jpg","keywords":["Enrique de la Madrid","Fondo Nacional de Fomento al Turismo (Fonatur)","Miguel Alonso Reyes","Secretar\u00eda de Turismo (Sectur)"],"articleSection":["Marketing","M\u00e9xico"],"inLanguage":"es-MX","potentialAction":[{"@type":"CommentAction","name":"Comment","target":["https:\/\/nitu.mx\/index.php\/2017\/04\/22\/fonatur-pone-ojo-turismo-cultural\/#respond"]}]},{"@type":"WebPage","@id":"https:\/\/nitu.mx\/index.php\/2017\/04\/22\/fonatur-pone-ojo-turismo-cultural\/","url":"https:\/\/nitu.mx\/index.php\/2017\/04\/22\/fonatur-pone-ojo-turismo-cultural\/","name":"A sus 43 a\u00f1os Fonatur pone el ojo en el turismo cultural - Nitu - Noticias de la Industria Turistica","isPartOf":{"@id":"https:\/\/nitu.mx\/#website"},"primaryImageOfPage":{"@id":"https:\/\/nitu.mx\/index.php\/2017\/04\/22\/fonatur-pone-ojo-turismo-cultural\/#primaryimage"},"image":{"@id":"https:\/\/nitu.mx\/index.php\/2017\/04\/22\/fonatur-pone-ojo-turismo-cultural\/#primaryimage"},"thumbnailUrl":"https:\/\/nitu.mx\/wp-content\/uploads\/2017\/04\/aniv.fonatur06.jpg","datePublished":"2017-04-22T05:50:45+00:00","dateModified":"2017-04-22T08:00:53+00:00","description":"El director del Fonatur anunci\u00f3 que promover\u00e1 la diversificaci\u00f3n del turismo cultural, con lo que se abrir\u00e1 el \u201cabanico de oportunidades del sector\u201d.","breadcrumb":{"@id":"https:\/\/nitu.mx\/index.php\/2017\/04\/22\/fonatur-pone-ojo-turismo-cultural\/#breadcrumb"},"inLanguage":"es-MX","potentialAction":[{"@type":"ReadAction","target":["https:\/\/nitu.mx\/index.php\/2017\/04\/22\/fonatur-pone-ojo-turismo-cultural\/"]}]},{"@type":"ImageObject","inLanguage":"es-MX","@id":"https:\/\/nitu.mx\/index.php\/2017\/04\/22\/fonatur-pone-ojo-turismo-cultural\/#primaryimage","url":"https:\/\/nitu.mx\/wp-content\/uploads\/2017\/04\/aniv.fonatur06.jpg","contentUrl":"https:\/\/nitu.mx\/wp-content\/uploads\/2017\/04\/aniv.fonatur06.jpg","width":850,"height":480,"caption":"Fonatur"},{"@type":"BreadcrumbList","@id":"https:\/\/nitu.mx\/index.php\/2017\/04\/22\/fonatur-pone-ojo-turismo-cultural\/#breadcrumb","itemListElement":[{"@type":"ListItem","position":1,"name":"Inicio","item":"https:\/\/nitu.mx\/"},{"@type":"ListItem","position":2,"name":"A sus 43 a\u00f1os Fonatur pone el ojo en el turismo cultural"}]},{"@type":"WebSite","@id":"https:\/\/nitu.mx\/#website","url":"https:\/\/nitu.mx\/","name":"Nitu - Noticias de la Industria Turistica","description":"Noticias de la Industria Turistica","publisher":{"@id":"https:\/\/nitu.mx\/#\/schema\/person\/ae7a53426417292d3dd07b45a33e01bc"},"alternateName":"Noticias de la Industria Turistica","potentialAction":[{"@type":"SearchAction","target":{"@type":"EntryPoint","urlTemplate":"https:\/\/nitu.mx\/?s={search_term_string}"},"query-input":"required name=search_term_string"}],"inLanguage":"es-MX"},{"@type":["Person","Organization"],"@id":"https:\/\/nitu.mx\/#\/schema\/person\/ae7a53426417292d3dd07b45a33e01bc","name":"Arturo Medina","image":{"@type":"ImageObject","inLanguage":"es-MX","@id":"https:\/\/nitu.mx\/#\/schema\/person\/image\/","url":"https:\/\/nitu.mx\/wp-content\/uploads\/2024\/04\/4A315622-1904-4D5C-B022-878CDC840E04-90x90-1.jpeg","contentUrl":"https:\/\/nitu.mx\/wp-content\/uploads\/2024\/04\/4A315622-1904-4D5C-B022-878CDC840E04-90x90-1.jpeg","width":90,"height":90,"caption":"Arturo Medina"},"logo":{"@id":"https:\/\/nitu.mx\/#\/schema\/person\/image\/"},"description":"Director NITU.mx, Egresado de la Escuela de Periodismo Carlos Septi\u00e9n Garc\u00eda. Periodista y analista especializado en turismo desde hace 35 a\u00f1os, radicado en Canc\u00fan Q.Roo. arturo@nitu.mx","sameAs":["https:\/\/nitu.mx","https:\/\/www.facebook.com\/NITUmx\/","medinacancun","https:\/\/twitter.com\/@Arturo_Medina_G"]},{"@type":"Person","@id":"https:\/\/nitu.mx\/#\/schema\/person\/afc52e313e27e660739556d421d3d6b4","name":"Mari Soto","image":{"@type":"ImageObject","inLanguage":"es-MX","@id":"https:\/\/nitu.mx\/#\/schema\/person\/image\/","url":"https:\/\/secure.gravatar.com\/avatar\/2619c282a180a20d89fcaea82a6736e2?s=96&d=mm&r=g","contentUrl":"https:\/\/secure.gravatar.com\/avatar\/2619c282a180a20d89fcaea82a6736e2?s=96&d=mm&r=g","caption":"Mari Soto"},"sameAs":["https:\/\/nitu.mx"],"url":"https:\/\/nitu.mx\/index.php\/author\/guadalupe\/"}]}},"views":238,"_links":{"self":[{"href":"https:\/\/nitu.mx\/index.php\/wp-json\/wp\/v2\/posts\/9014"}],"collection":[{"href":"https:\/\/nitu.mx\/index.php\/wp-json\/wp\/v2\/posts"}],"about":[{"href":"https:\/\/nitu.mx\/index.php\/wp-json\/wp\/v2\/types\/post"}],"author":[{"embeddable":true,"href":"https:\/\/nitu.mx\/index.php\/wp-json\/wp\/v2\/users\/5"}],"replies":[{"embeddable":true,"href":"https:\/\/nitu.mx\/index.php\/wp-json\/wp\/v2\/comments?post=9014"}],"version-history":[{"count":3,"href":"https:\/\/nitu.mx\/index.php\/wp-json\/wp\/v2\/posts\/9014\/revisions"}],"predecessor-version":[{"id":9018,"href":"https:\/\/nitu.mx\/index.php\/wp-json\/wp\/v2\/posts\/9014\/revisions\/9018"}],"wp:featuredmedia":[{"embeddable":true,"href":"https:\/\/nitu.mx\/index.php\/wp-json\/wp\/v2\/media\/9015"}],"wp:attachment":[{"href":"https:\/\/nitu.mx\/index.php\/wp-json\/wp\/v2\/media?parent=9014"}],"wp:term":[{"taxonomy":"category","embeddable":true,"href":"https:\/\/nitu.mx\/index.php\/wp-json\/wp\/v2\/categories?post=9014"},{"taxonomy":"post_tag","embeddable":true,"href":"https:\/\/nitu.mx\/index.php\/wp-json\/wp\/v2\/tags?post=9014"}],"curies":[{"name":"wp","href":"https:\/\/api.w.org\/{rel}","templated":true}]}}