{"id":8969,"date":"2017-04-20T21:38:04","date_gmt":"2017-04-21T02:38:04","guid":{"rendered":"http:\/\/www.dev.nitu.mx\/?p=8969"},"modified":"2017-04-20T23:57:02","modified_gmt":"2017-04-21T04:57:02","slug":"nueva-imagen-denuncia-uber-cabify-ante-la-pgr","status":"publish","type":"post","link":"https:\/\/nitu.mx\/index.php\/2017\/04\/20\/nueva-imagen-denuncia-uber-cabify-ante-la-pgr\/","title":{"rendered":"Nueva Imagen denuncia a Uber y Cabify ante la PGR"},"content":{"rendered":"<p>La empresa Nueva Imagen, una de las cinco que tiene concesi\u00f3n para operar el servicio de taxis en el Aeropuerto Internacional de la Ciudad de M\u00e9xico (AICM), present\u00f3 una denuncia ante la Procuradur\u00eda General de la Rep\u00fablica (PGR) en contra de las plataformas de transportaci\u00f3n Uber y Cabify.<\/p>\n<p>El presidente de este organismo, Carlos Tepale, reitera que la operaci\u00f3n de estas empresas, representan una competencia desleal, pues trabajan sin la necesidad de ajustarse a los requisitos como el resto de los transportistas regularizados.<\/p>\n<p>Estas empresas, que operan a trav\u00e9s de aplicaciones m\u00f3viles, no cumplen con el registro legal, ni las autorizaciones correspondientes para brindar el servicio de taxis, de acuerdo con el representante legal de Nueva Imagen, Joaqu\u00edn Ortega Esquivel, por lo que se gir\u00f3 esta denuncia, que tambi\u00e9n implica a la Secretar\u00eda de Comunicaciones y Transportes y a la Polic\u00eda Federal, al acusarlas de omisi\u00f3n y abuso de autoridad, al tolerar y permitir que las unidades de las compa\u00f1\u00edas irregulares, operen sin contar con los permisos oficiales.<\/p>\n<p>Ortega destac\u00f3 tambi\u00e9n que en el caso de Uber, no cuenta con oficina fiscal, y no reporta a la Secretar\u00eda de Hacienda y Cr\u00e9dito P\u00fablico, los ingresos generados por 128 mil viajes que hace esta empresa a nivel nacional; motivo por el cual, tambi\u00e9n se levant\u00f3 una denuncia ante la Procuradur\u00eda Fiscal de la Federaci\u00f3n (PFF), para detectar alg\u00fan fraude fiscal; producto de las omisiones sus declaraciones de ingresos, y por ende de una importante suma de impuestos que deber\u00eda pagar.<\/p>\n<p>La denuncia ante la PGR ya se encuentra en poder de un coordinador de asesores del titular de la dependencia, Ra\u00fal Cervantes Andrade, se\u00f1al\u00f3 Joaqu\u00edn Ortega.<\/p>\n<p>Nueva Imagen ha sido la empresa que opera el servicio de taxis en el AICM, que m\u00e1s ha alzado la voz en cuanto a la merma que generan Uber y Cabify, aunque las otras cuatro compa\u00f1\u00edas, Sitio 300, Porto Taxi Ejecutivo, Confort y Yellow Cab, tambi\u00e9n han externado de manera conjunta su inconformidad ante las autoridades federales, pues son \u00e9stas ante quienes est\u00e1n registradas.<\/p>\n<p>En terminales a\u00e9reas como la de Canc\u00fan, la exigencia de los transportistas ha tenido eco, como lo hemos informado en <em><strong>NITU.mx<\/strong><\/em>.\u00a0(<a title=\"La PFP iniciar\u00eda operativos en el aeropuerto de Canc\u00fan vs. Uber\" href=\"http:\/\/www.dev.nitu.mx\/index.php\/2016\/10\/11\/la-policia-federal-preventiva-iniciara-operativos-en-el-aeropuerto-vs-uber\/\" rel=\"bookmark\">La PFP iniciar\u00eda operativos en el aeropuerto de Canc\u00fan vs. Uber<\/a>).<\/p>\n","protected":false},"excerpt":{"rendered":"<p>La empresa Nueva Imagen, una de las cinco que tiene concesi\u00f3n para operar el servicio de taxis en el Aeropuerto Internacional de la Ciudad de M\u00e9xico (AICM), present\u00f3 una denuncia ante la Procuradur\u00eda General de la Rep\u00fablica (PGR) en contra de las plataformas de transportaci\u00f3n Uber y Cabify. El presidente de este organismo, Carlos Tepale, [&hellip;]<\/p>\n","protected":false},"author":5,"featured_media":8970,"comment_status":"open","ping_status":"open","sticky":false,"template":"","format":"standard","meta":{"footnotes":""},"categories":[5,6],"tags":[294,781,590,3978,3980,591,3977,593,288,3979],"yoast_head":"<!-- This site is optimized with the Yoast SEO plugin v22.2 - https:\/\/yoast.com\/wordpress\/plugins\/seo\/ -->\n<title>Nueva Imagen denuncia a Uber y Cabify ante la PGR - Nitu - Noticias de la Industria Turistica<\/title>\n<meta name=\"description\" content=\"Nueva Imagen, concesionaria de taxis en el AICM, present\u00f3 una denuncia ante la PGR en contra de las plataformas de transportaci\u00f3n Uber y Cabify.\" \/>\n<meta name=\"robots\" content=\"index, follow, max-snippet:-1, max-image-preview:large, max-video-preview:-1\" \/>\n<link rel=\"canonical\" href=\"https:\/\/nitu.mx\/index.php\/2017\/04\/20\/nueva-imagen-denuncia-uber-cabify-ante-la-pgr\/\" \/>\n<meta name=\"twitter:card\" content=\"summary_large_image\" \/>\n<meta name=\"twitter:title\" content=\"Nueva Imagen denuncia a Uber y Cabify ante la PGR - Nitu - Noticias de la Industria Turistica\" \/>\n<meta name=\"twitter:description\" content=\"Nueva Imagen, concesionaria de taxis en el AICM, present\u00f3 una denuncia ante la PGR en contra de las plataformas de transportaci\u00f3n Uber y Cabify.\" \/>\n<meta name=\"twitter:image\" content=\"https:\/\/nitu.mx\/wp-content\/uploads\/2017\/04\/Nueva-Imagen-y-Sitio-300.jpg\" \/>\n<meta name=\"twitter:creator\" content=\"@NITUmx\" \/>\n<meta name=\"twitter:site\" content=\"@Arturo_Medina_G\" \/>\n<meta name=\"twitter:label1\" content=\"Escrito por\" \/>\n\t<meta name=\"twitter:data1\" content=\"Mari Soto\" \/>\n\t<meta name=\"twitter:label2\" content=\"Tiempo de lectura\" \/>\n\t<meta name=\"twitter:data2\" content=\"2 minutos\" \/>\n<script type=\"application\/ld+json\" class=\"yoast-schema-graph\">{\"@context\":\"https:\/\/schema.org\",\"@graph\":[{\"@type\":\"Article\",\"@id\":\"https:\/\/nitu.mx\/index.php\/2017\/04\/20\/nueva-imagen-denuncia-uber-cabify-ante-la-pgr\/#article\",\"isPartOf\":{\"@id\":\"https:\/\/nitu.mx\/index.php\/2017\/04\/20\/nueva-imagen-denuncia-uber-cabify-ante-la-pgr\/\"},\"author\":{\"name\":\"Mari Soto\",\"@id\":\"https:\/\/nitu.mx\/#\/schema\/person\/afc52e313e27e660739556d421d3d6b4\"},\"headline\":\"Nueva Imagen denuncia a Uber y Cabify ante la PGR\",\"datePublished\":\"2017-04-21T02:38:04+00:00\",\"dateModified\":\"2017-04-21T04:57:02+00:00\",\"mainEntityOfPage\":{\"@id\":\"https:\/\/nitu.mx\/index.php\/2017\/04\/20\/nueva-imagen-denuncia-uber-cabify-ante-la-pgr\/\"},\"wordCount\":414,\"commentCount\":0,\"publisher\":{\"@id\":\"https:\/\/nitu.mx\/#\/schema\/person\/ae7a53426417292d3dd07b45a33e01bc\"},\"image\":{\"@id\":\"https:\/\/nitu.mx\/index.php\/2017\/04\/20\/nueva-imagen-denuncia-uber-cabify-ante-la-pgr\/#primaryimage\"},\"thumbnailUrl\":\"https:\/\/nitu.mx\/wp-content\/uploads\/2017\/04\/Nueva-Imagen-y-Sitio-300.jpg\",\"keywords\":[\"AICM\",\"Cabify\",\"Carlos Tepale\",\"Confort\",\"Joaqu\u00edn Ortega Esquivel\",\"Nueva Imagen\",\"Porto Taxi Ejecutivo\",\"Sitio 300\",\"Uber\",\"Yellow Cab\"],\"articleSection\":[\"Destinos\",\"M\u00e9xico\"],\"inLanguage\":\"es-MX\",\"potentialAction\":[{\"@type\":\"CommentAction\",\"name\":\"Comment\",\"target\":[\"https:\/\/nitu.mx\/index.php\/2017\/04\/20\/nueva-imagen-denuncia-uber-cabify-ante-la-pgr\/#respond\"]}]},{\"@type\":\"WebPage\",\"@id\":\"https:\/\/nitu.mx\/index.php\/2017\/04\/20\/nueva-imagen-denuncia-uber-cabify-ante-la-pgr\/\",\"url\":\"https:\/\/nitu.mx\/index.php\/2017\/04\/20\/nueva-imagen-denuncia-uber-cabify-ante-la-pgr\/\",\"name\":\"Nueva Imagen denuncia a Uber y Cabify ante la PGR - Nitu - Noticias de la Industria Turistica\",\"isPartOf\":{\"@id\":\"https:\/\/nitu.mx\/#website\"},\"primaryImageOfPage\":{\"@id\":\"https:\/\/nitu.mx\/index.php\/2017\/04\/20\/nueva-imagen-denuncia-uber-cabify-ante-la-pgr\/#primaryimage\"},\"image\":{\"@id\":\"https:\/\/nitu.mx\/index.php\/2017\/04\/20\/nueva-imagen-denuncia-uber-cabify-ante-la-pgr\/#primaryimage\"},\"thumbnailUrl\":\"https:\/\/nitu.mx\/wp-content\/uploads\/2017\/04\/Nueva-Imagen-y-Sitio-300.jpg\",\"datePublished\":\"2017-04-21T02:38:04+00:00\",\"dateModified\":\"2017-04-21T04:57:02+00:00\",\"description\":\"Nueva Imagen, concesionaria de taxis en el AICM, present\u00f3 una denuncia ante la PGR en contra de las plataformas de transportaci\u00f3n Uber y Cabify.\",\"breadcrumb\":{\"@id\":\"https:\/\/nitu.mx\/index.php\/2017\/04\/20\/nueva-imagen-denuncia-uber-cabify-ante-la-pgr\/#breadcrumb\"},\"inLanguage\":\"es-MX\",\"potentialAction\":[{\"@type\":\"ReadAction\",\"target\":[\"https:\/\/nitu.mx\/index.php\/2017\/04\/20\/nueva-imagen-denuncia-uber-cabify-ante-la-pgr\/\"]}]},{\"@type\":\"ImageObject\",\"inLanguage\":\"es-MX\",\"@id\":\"https:\/\/nitu.mx\/index.php\/2017\/04\/20\/nueva-imagen-denuncia-uber-cabify-ante-la-pgr\/#primaryimage\",\"url\":\"https:\/\/nitu.mx\/wp-content\/uploads\/2017\/04\/Nueva-Imagen-y-Sitio-300.jpg\",\"contentUrl\":\"https:\/\/nitu.mx\/wp-content\/uploads\/2017\/04\/Nueva-Imagen-y-Sitio-300.jpg\",\"width\":850,\"height\":480,\"caption\":\"Nueva Imagen\"},{\"@type\":\"BreadcrumbList\",\"@id\":\"https:\/\/nitu.mx\/index.php\/2017\/04\/20\/nueva-imagen-denuncia-uber-cabify-ante-la-pgr\/#breadcrumb\",\"itemListElement\":[{\"@type\":\"ListItem\",\"position\":1,\"name\":\"Inicio\",\"item\":\"https:\/\/nitu.mx\/\"},{\"@type\":\"ListItem\",\"position\":2,\"name\":\"Nueva Imagen denuncia a Uber y Cabify ante la PGR\"}]},{\"@type\":\"WebSite\",\"@id\":\"https:\/\/nitu.mx\/#website\",\"url\":\"https:\/\/nitu.mx\/\",\"name\":\"Nitu - Noticias de la Industria Turistica\",\"description\":\"Noticias de la Industria Turistica\",\"publisher\":{\"@id\":\"https:\/\/nitu.mx\/#\/schema\/person\/ae7a53426417292d3dd07b45a33e01bc\"},\"alternateName\":\"Noticias de la Industria Turistica\",\"potentialAction\":[{\"@type\":\"SearchAction\",\"target\":{\"@type\":\"EntryPoint\",\"urlTemplate\":\"https:\/\/nitu.mx\/?s={search_term_string}\"},\"query-input\":\"required name=search_term_string\"}],\"inLanguage\":\"es-MX\"},{\"@type\":[\"Person\",\"Organization\"],\"@id\":\"https:\/\/nitu.mx\/#\/schema\/person\/ae7a53426417292d3dd07b45a33e01bc\",\"name\":\"Arturo Medina\",\"image\":{\"@type\":\"ImageObject\",\"inLanguage\":\"es-MX\",\"@id\":\"https:\/\/nitu.mx\/#\/schema\/person\/image\/\",\"url\":\"https:\/\/nitu.mx\/wp-content\/uploads\/2024\/04\/4A315622-1904-4D5C-B022-878CDC840E04-90x90-1.jpeg\",\"contentUrl\":\"https:\/\/nitu.mx\/wp-content\/uploads\/2024\/04\/4A315622-1904-4D5C-B022-878CDC840E04-90x90-1.jpeg\",\"width\":90,\"height\":90,\"caption\":\"Arturo Medina\"},\"logo\":{\"@id\":\"https:\/\/nitu.mx\/#\/schema\/person\/image\/\"},\"description\":\"Director NITU.mx, Egresado de la Escuela de Periodismo Carlos Septi\u00e9n Garc\u00eda. Periodista y analista especializado en turismo desde hace 35 a\u00f1os, radicado en Canc\u00fan Q.Roo. arturo@nitu.mx\",\"sameAs\":[\"https:\/\/nitu.mx\",\"https:\/\/www.facebook.com\/NITUmx\/\",\"medinacancun\",\"https:\/\/twitter.com\/@Arturo_Medina_G\"]},{\"@type\":\"Person\",\"@id\":\"https:\/\/nitu.mx\/#\/schema\/person\/afc52e313e27e660739556d421d3d6b4\",\"name\":\"Mari Soto\",\"image\":{\"@type\":\"ImageObject\",\"inLanguage\":\"es-MX\",\"@id\":\"https:\/\/nitu.mx\/#\/schema\/person\/image\/\",\"url\":\"https:\/\/secure.gravatar.com\/avatar\/2619c282a180a20d89fcaea82a6736e2?s=96&d=mm&r=g\",\"contentUrl\":\"https:\/\/secure.gravatar.com\/avatar\/2619c282a180a20d89fcaea82a6736e2?s=96&d=mm&r=g\",\"caption\":\"Mari Soto\"},\"sameAs\":[\"https:\/\/nitu.mx\"],\"url\":\"https:\/\/nitu.mx\/index.php\/author\/guadalupe\/\"}]}<\/script>\n<!-- \/ Yoast SEO plugin. -->","yoast_head_json":{"title":"Nueva Imagen denuncia a Uber y Cabify ante la PGR - Nitu - Noticias de la Industria Turistica","description":"Nueva Imagen, concesionaria de taxis en el AICM, present\u00f3 una denuncia ante la PGR en contra de las plataformas de transportaci\u00f3n Uber y Cabify.","robots":{"index":"index","follow":"follow","max-snippet":"max-snippet:-1","max-image-preview":"max-image-preview:large","max-video-preview":"max-video-preview:-1"},"canonical":"https:\/\/nitu.mx\/index.php\/2017\/04\/20\/nueva-imagen-denuncia-uber-cabify-ante-la-pgr\/","twitter_card":"summary_large_image","twitter_title":"Nueva Imagen denuncia a Uber y Cabify ante la PGR - Nitu - Noticias de la Industria Turistica","twitter_description":"Nueva Imagen, concesionaria de taxis en el AICM, present\u00f3 una denuncia ante la PGR en contra de las plataformas de transportaci\u00f3n Uber y Cabify.","twitter_image":"https:\/\/nitu.mx\/wp-content\/uploads\/2017\/04\/Nueva-Imagen-y-Sitio-300.jpg","twitter_creator":"@NITUmx","twitter_site":"@Arturo_Medina_G","twitter_misc":{"Escrito por":"Mari Soto","Tiempo de lectura":"2 minutos"},"schema":{"@context":"https:\/\/schema.org","@graph":[{"@type":"Article","@id":"https:\/\/nitu.mx\/index.php\/2017\/04\/20\/nueva-imagen-denuncia-uber-cabify-ante-la-pgr\/#article","isPartOf":{"@id":"https:\/\/nitu.mx\/index.php\/2017\/04\/20\/nueva-imagen-denuncia-uber-cabify-ante-la-pgr\/"},"author":{"name":"Mari Soto","@id":"https:\/\/nitu.mx\/#\/schema\/person\/afc52e313e27e660739556d421d3d6b4"},"headline":"Nueva Imagen denuncia a Uber y Cabify ante la PGR","datePublished":"2017-04-21T02:38:04+00:00","dateModified":"2017-04-21T04:57:02+00:00","mainEntityOfPage":{"@id":"https:\/\/nitu.mx\/index.php\/2017\/04\/20\/nueva-imagen-denuncia-uber-cabify-ante-la-pgr\/"},"wordCount":414,"commentCount":0,"publisher":{"@id":"https:\/\/nitu.mx\/#\/schema\/person\/ae7a53426417292d3dd07b45a33e01bc"},"image":{"@id":"https:\/\/nitu.mx\/index.php\/2017\/04\/20\/nueva-imagen-denuncia-uber-cabify-ante-la-pgr\/#primaryimage"},"thumbnailUrl":"https:\/\/nitu.mx\/wp-content\/uploads\/2017\/04\/Nueva-Imagen-y-Sitio-300.jpg","keywords":["AICM","Cabify","Carlos Tepale","Confort","Joaqu\u00edn Ortega Esquivel","Nueva Imagen","Porto Taxi Ejecutivo","Sitio 300","Uber","Yellow Cab"],"articleSection":["Destinos","M\u00e9xico"],"inLanguage":"es-MX","potentialAction":[{"@type":"CommentAction","name":"Comment","target":["https:\/\/nitu.mx\/index.php\/2017\/04\/20\/nueva-imagen-denuncia-uber-cabify-ante-la-pgr\/#respond"]}]},{"@type":"WebPage","@id":"https:\/\/nitu.mx\/index.php\/2017\/04\/20\/nueva-imagen-denuncia-uber-cabify-ante-la-pgr\/","url":"https:\/\/nitu.mx\/index.php\/2017\/04\/20\/nueva-imagen-denuncia-uber-cabify-ante-la-pgr\/","name":"Nueva Imagen denuncia a Uber y Cabify ante la PGR - Nitu - Noticias de la Industria Turistica","isPartOf":{"@id":"https:\/\/nitu.mx\/#website"},"primaryImageOfPage":{"@id":"https:\/\/nitu.mx\/index.php\/2017\/04\/20\/nueva-imagen-denuncia-uber-cabify-ante-la-pgr\/#primaryimage"},"image":{"@id":"https:\/\/nitu.mx\/index.php\/2017\/04\/20\/nueva-imagen-denuncia-uber-cabify-ante-la-pgr\/#primaryimage"},"thumbnailUrl":"https:\/\/nitu.mx\/wp-content\/uploads\/2017\/04\/Nueva-Imagen-y-Sitio-300.jpg","datePublished":"2017-04-21T02:38:04+00:00","dateModified":"2017-04-21T04:57:02+00:00","description":"Nueva Imagen, concesionaria de taxis en el AICM, present\u00f3 una denuncia ante la PGR en contra de las plataformas de transportaci\u00f3n Uber y Cabify.","breadcrumb":{"@id":"https:\/\/nitu.mx\/index.php\/2017\/04\/20\/nueva-imagen-denuncia-uber-cabify-ante-la-pgr\/#breadcrumb"},"inLanguage":"es-MX","potentialAction":[{"@type":"ReadAction","target":["https:\/\/nitu.mx\/index.php\/2017\/04\/20\/nueva-imagen-denuncia-uber-cabify-ante-la-pgr\/"]}]},{"@type":"ImageObject","inLanguage":"es-MX","@id":"https:\/\/nitu.mx\/index.php\/2017\/04\/20\/nueva-imagen-denuncia-uber-cabify-ante-la-pgr\/#primaryimage","url":"https:\/\/nitu.mx\/wp-content\/uploads\/2017\/04\/Nueva-Imagen-y-Sitio-300.jpg","contentUrl":"https:\/\/nitu.mx\/wp-content\/uploads\/2017\/04\/Nueva-Imagen-y-Sitio-300.jpg","width":850,"height":480,"caption":"Nueva Imagen"},{"@type":"BreadcrumbList","@id":"https:\/\/nitu.mx\/index.php\/2017\/04\/20\/nueva-imagen-denuncia-uber-cabify-ante-la-pgr\/#breadcrumb","itemListElement":[{"@type":"ListItem","position":1,"name":"Inicio","item":"https:\/\/nitu.mx\/"},{"@type":"ListItem","position":2,"name":"Nueva Imagen denuncia a Uber y Cabify ante la PGR"}]},{"@type":"WebSite","@id":"https:\/\/nitu.mx\/#website","url":"https:\/\/nitu.mx\/","name":"Nitu - Noticias de la Industria Turistica","description":"Noticias de la Industria Turistica","publisher":{"@id":"https:\/\/nitu.mx\/#\/schema\/person\/ae7a53426417292d3dd07b45a33e01bc"},"alternateName":"Noticias de la Industria Turistica","potentialAction":[{"@type":"SearchAction","target":{"@type":"EntryPoint","urlTemplate":"https:\/\/nitu.mx\/?s={search_term_string}"},"query-input":"required name=search_term_string"}],"inLanguage":"es-MX"},{"@type":["Person","Organization"],"@id":"https:\/\/nitu.mx\/#\/schema\/person\/ae7a53426417292d3dd07b45a33e01bc","name":"Arturo Medina","image":{"@type":"ImageObject","inLanguage":"es-MX","@id":"https:\/\/nitu.mx\/#\/schema\/person\/image\/","url":"https:\/\/nitu.mx\/wp-content\/uploads\/2024\/04\/4A315622-1904-4D5C-B022-878CDC840E04-90x90-1.jpeg","contentUrl":"https:\/\/nitu.mx\/wp-content\/uploads\/2024\/04\/4A315622-1904-4D5C-B022-878CDC840E04-90x90-1.jpeg","width":90,"height":90,"caption":"Arturo Medina"},"logo":{"@id":"https:\/\/nitu.mx\/#\/schema\/person\/image\/"},"description":"Director NITU.mx, Egresado de la Escuela de Periodismo Carlos Septi\u00e9n Garc\u00eda. Periodista y analista especializado en turismo desde hace 35 a\u00f1os, radicado en Canc\u00fan Q.Roo. arturo@nitu.mx","sameAs":["https:\/\/nitu.mx","https:\/\/www.facebook.com\/NITUmx\/","medinacancun","https:\/\/twitter.com\/@Arturo_Medina_G"]},{"@type":"Person","@id":"https:\/\/nitu.mx\/#\/schema\/person\/afc52e313e27e660739556d421d3d6b4","name":"Mari Soto","image":{"@type":"ImageObject","inLanguage":"es-MX","@id":"https:\/\/nitu.mx\/#\/schema\/person\/image\/","url":"https:\/\/secure.gravatar.com\/avatar\/2619c282a180a20d89fcaea82a6736e2?s=96&d=mm&r=g","contentUrl":"https:\/\/secure.gravatar.com\/avatar\/2619c282a180a20d89fcaea82a6736e2?s=96&d=mm&r=g","caption":"Mari Soto"},"sameAs":["https:\/\/nitu.mx"],"url":"https:\/\/nitu.mx\/index.php\/author\/guadalupe\/"}]}},"views":332,"_links":{"self":[{"href":"https:\/\/nitu.mx\/index.php\/wp-json\/wp\/v2\/posts\/8969"}],"collection":[{"href":"https:\/\/nitu.mx\/index.php\/wp-json\/wp\/v2\/posts"}],"about":[{"href":"https:\/\/nitu.mx\/index.php\/wp-json\/wp\/v2\/types\/post"}],"author":[{"embeddable":true,"href":"https:\/\/nitu.mx\/index.php\/wp-json\/wp\/v2\/users\/5"}],"replies":[{"embeddable":true,"href":"https:\/\/nitu.mx\/index.php\/wp-json\/wp\/v2\/comments?post=8969"}],"version-history":[{"count":2,"href":"https:\/\/nitu.mx\/index.php\/wp-json\/wp\/v2\/posts\/8969\/revisions"}],"predecessor-version":[{"id":8998,"href":"https:\/\/nitu.mx\/index.php\/wp-json\/wp\/v2\/posts\/8969\/revisions\/8998"}],"wp:featuredmedia":[{"embeddable":true,"href":"https:\/\/nitu.mx\/index.php\/wp-json\/wp\/v2\/media\/8970"}],"wp:attachment":[{"href":"https:\/\/nitu.mx\/index.php\/wp-json\/wp\/v2\/media?parent=8969"}],"wp:term":[{"taxonomy":"category","embeddable":true,"href":"https:\/\/nitu.mx\/index.php\/wp-json\/wp\/v2\/categories?post=8969"},{"taxonomy":"post_tag","embeddable":true,"href":"https:\/\/nitu.mx\/index.php\/wp-json\/wp\/v2\/tags?post=8969"}],"curies":[{"name":"wp","href":"https:\/\/api.w.org\/{rel}","templated":true}]}}