{"id":8900,"date":"2017-04-18T23:50:55","date_gmt":"2017-04-19T04:50:55","guid":{"rendered":"http:\/\/www.dev.nitu.mx\/?p=8900"},"modified":"2017-04-18T23:52:42","modified_gmt":"2017-04-19T04:52:42","slug":"caribe-mexicano-listo-para-la-escalera-nautica","status":"publish","type":"post","link":"https:\/\/nitu.mx\/index.php\/2017\/04\/18\/caribe-mexicano-listo-para-la-escalera-nautica\/","title":{"rendered":"Caribe mexicano listo para la Escalera N\u00e1utica"},"content":{"rendered":"<p>El proyecto de la Escalera N\u00e1utica que hace a\u00f1os se ha tratado de implementar en Quintana Roo, puede ser una realidad, porque el estado ya est\u00e1 listo para brindar el mejor servicio en este sector, asever\u00f3 en exclusiva para <em><strong>NITU.mx<\/strong><\/em> el presidente de los Asociados N\u00e1uticos de Canc\u00fan, Iv\u00e1n Ferrat.<\/p>\n<p>Destac\u00f3 que con la asistencia de los n\u00e1uticos, por medio de la asociaci\u00f3n al Boat Show de Miami, se entrevistaron con otras marinas de Panam\u00e1, \u201cse acercaron a nosotros para que form\u00e1ramos parte de una cadena que viene desde la Florida pase por Quintana y llegue a Panam\u00e1. En el estado se cuenta con marinas como B&amp;B, Hacienda del Mar, Puerto Morelos Marina El Cid, las de Puerto Aventuras, y otras que pueden ser parte de esa ruta\u201d.<\/p>\n<p>\u201cFalta hacer promoci\u00f3n para que las embarcaciones en el extranjero conozcan que aqu\u00ed en el estado de Quintana Roo tenemos marinas de gran calidad, que adem\u00e1s cumplen con las instalaciones para recibir a embarcaciones de calado mayor de 60, 70, 80 o 100 pies para arriba, para cruzar aguas internacionales\u201d, se\u00f1al\u00f3.<\/p>\n<p>Enfatiz\u00f3 que sobre todo son importantes las autonom\u00edas de combustible, ya que las embarcaciones tienen que hacer sus paradas y saber que hay las instalaciones para pernoctar, y que tienen los servicios de soporte t\u00e9cnico con el que ya se cuenta.<\/p>\n<p>Destac\u00f3 que esto es gracias al crecimiento del sector n\u00e1utico, pues ya se instalaron en la zona los distribuidores y proveedores de piezas, ya que adem\u00e1s se cuenta con mec\u00e1nicos certificados para atender las embarcaciones.<\/p>\n<p>Para los empresarios tur\u00edsticos, proyectos como \u00e9ste fortalecen al sector, como lo revelamos en <em><strong>NITU.mx<\/strong><\/em>.\u00a0(<a title=\"AHCyPM nuevos segmentos de mercado son la soluci\u00f3n para enfrentar 2017\" href=\"http:\/\/www.dev.nitu.mx\/index.php\/2017\/01\/04\/ahcypm-nuevos-segmentos-mercado-son-la-solucion-para-enfrentar-2017\/\" rel=\"bookmark\">AHCyPM nuevos segmentos de mercado son la soluci\u00f3n para enfrentar 2017<\/a>).<\/p>\n","protected":false},"excerpt":{"rendered":"<p>El proyecto de la Escalera N\u00e1utica que hace a\u00f1os se ha tratado de implementar en Quintana Roo, puede ser una realidad, porque el estado ya est\u00e1 listo para brindar el mejor servicio en este sector, asever\u00f3 en exclusiva para NITU.mx el presidente de los Asociados N\u00e1uticos de Canc\u00fan, Iv\u00e1n Ferrat. Destac\u00f3 que con la asistencia [&hellip;]<\/p>\n","protected":false},"author":3,"featured_media":8907,"comment_status":"open","ping_status":"open","sticky":false,"template":"","format":"standard","meta":{"footnotes":""},"categories":[4,5],"tags":[3941,3940,3942,260],"yoast_head":"<!-- This site is optimized with the Yoast SEO plugin v22.2 - https:\/\/yoast.com\/wordpress\/plugins\/seo\/ -->\n<title>Caribe mexicano listo para la Escalera N\u00e1utica - Nitu - Noticias de la Industria Turistica<\/title>\n<meta name=\"description\" content=\"El proyecto de la Escalera N\u00e1utica en Quintana Roo, puede ser una realidad, porque el estado ya est\u00e1 listo para brindar el mejor servicio en este sector.\" \/>\n<meta name=\"robots\" content=\"index, follow, max-snippet:-1, max-image-preview:large, max-video-preview:-1\" \/>\n<link rel=\"canonical\" href=\"https:\/\/nitu.mx\/index.php\/2017\/04\/18\/caribe-mexicano-listo-para-la-escalera-nautica\/\" \/>\n<meta name=\"twitter:card\" content=\"summary_large_image\" \/>\n<meta name=\"twitter:title\" content=\"Caribe mexicano listo para la Escalera N\u00e1utica - Nitu - Noticias de la Industria Turistica\" \/>\n<meta name=\"twitter:description\" content=\"El proyecto de la Escalera N\u00e1utica en Quintana Roo, puede ser una realidad, porque el estado ya est\u00e1 listo para brindar el mejor servicio en este sector.\" \/>\n<meta name=\"twitter:image\" content=\"https:\/\/nitu.mx\/wp-content\/uploads\/2017\/04\/escalera-n\u00e1utica.jpg\" \/>\n<meta name=\"twitter:creator\" content=\"@NITUmx\" \/>\n<meta name=\"twitter:site\" content=\"@Arturo_Medina_G\" \/>\n<meta name=\"twitter:label1\" content=\"Escrito por\" \/>\n\t<meta name=\"twitter:data1\" content=\"Alejandra Moncisbays\" \/>\n\t<meta name=\"twitter:label2\" content=\"Tiempo de lectura\" \/>\n\t<meta name=\"twitter:data2\" content=\"1 minuto\" \/>\n<script type=\"application\/ld+json\" class=\"yoast-schema-graph\">{\"@context\":\"https:\/\/schema.org\",\"@graph\":[{\"@type\":\"Article\",\"@id\":\"https:\/\/nitu.mx\/index.php\/2017\/04\/18\/caribe-mexicano-listo-para-la-escalera-nautica\/#article\",\"isPartOf\":{\"@id\":\"https:\/\/nitu.mx\/index.php\/2017\/04\/18\/caribe-mexicano-listo-para-la-escalera-nautica\/\"},\"author\":{\"name\":\"Alejandra Moncisbays\",\"@id\":\"https:\/\/nitu.mx\/#\/schema\/person\/2ecd887b19dfd3382d1f14fc5acf24a8\"},\"headline\":\"Caribe mexicano listo para la Escalera N\u00e1utica\",\"datePublished\":\"2017-04-19T04:50:55+00:00\",\"dateModified\":\"2017-04-19T04:52:42+00:00\",\"mainEntityOfPage\":{\"@id\":\"https:\/\/nitu.mx\/index.php\/2017\/04\/18\/caribe-mexicano-listo-para-la-escalera-nautica\/\"},\"wordCount\":306,\"commentCount\":0,\"publisher\":{\"@id\":\"https:\/\/nitu.mx\/#\/schema\/person\/ae7a53426417292d3dd07b45a33e01bc\"},\"image\":{\"@id\":\"https:\/\/nitu.mx\/index.php\/2017\/04\/18\/caribe-mexicano-listo-para-la-escalera-nautica\/#primaryimage\"},\"thumbnailUrl\":\"https:\/\/nitu.mx\/wp-content\/uploads\/2017\/04\/escalera-n\u00e1utica.jpg\",\"keywords\":[\"Asociados N\u00e1uticos de Canc\u00fan\",\"Escalera N\u00e1utica\",\"Iv\u00e1n Ferrat\",\"Quintana Roo\"],\"articleSection\":[\"Cruceros\",\"Destinos\"],\"inLanguage\":\"es-MX\",\"potentialAction\":[{\"@type\":\"CommentAction\",\"name\":\"Comment\",\"target\":[\"https:\/\/nitu.mx\/index.php\/2017\/04\/18\/caribe-mexicano-listo-para-la-escalera-nautica\/#respond\"]}]},{\"@type\":\"WebPage\",\"@id\":\"https:\/\/nitu.mx\/index.php\/2017\/04\/18\/caribe-mexicano-listo-para-la-escalera-nautica\/\",\"url\":\"https:\/\/nitu.mx\/index.php\/2017\/04\/18\/caribe-mexicano-listo-para-la-escalera-nautica\/\",\"name\":\"Caribe mexicano listo para la Escalera N\u00e1utica - Nitu - Noticias de la Industria Turistica\",\"isPartOf\":{\"@id\":\"https:\/\/nitu.mx\/#website\"},\"primaryImageOfPage\":{\"@id\":\"https:\/\/nitu.mx\/index.php\/2017\/04\/18\/caribe-mexicano-listo-para-la-escalera-nautica\/#primaryimage\"},\"image\":{\"@id\":\"https:\/\/nitu.mx\/index.php\/2017\/04\/18\/caribe-mexicano-listo-para-la-escalera-nautica\/#primaryimage\"},\"thumbnailUrl\":\"https:\/\/nitu.mx\/wp-content\/uploads\/2017\/04\/escalera-n\u00e1utica.jpg\",\"datePublished\":\"2017-04-19T04:50:55+00:00\",\"dateModified\":\"2017-04-19T04:52:42+00:00\",\"description\":\"El proyecto de la Escalera N\u00e1utica en Quintana Roo, puede ser una realidad, porque el estado ya est\u00e1 listo para brindar el mejor servicio en este sector.\",\"breadcrumb\":{\"@id\":\"https:\/\/nitu.mx\/index.php\/2017\/04\/18\/caribe-mexicano-listo-para-la-escalera-nautica\/#breadcrumb\"},\"inLanguage\":\"es-MX\",\"potentialAction\":[{\"@type\":\"ReadAction\",\"target\":[\"https:\/\/nitu.mx\/index.php\/2017\/04\/18\/caribe-mexicano-listo-para-la-escalera-nautica\/\"]}]},{\"@type\":\"ImageObject\",\"inLanguage\":\"es-MX\",\"@id\":\"https:\/\/nitu.mx\/index.php\/2017\/04\/18\/caribe-mexicano-listo-para-la-escalera-nautica\/#primaryimage\",\"url\":\"https:\/\/nitu.mx\/wp-content\/uploads\/2017\/04\/escalera-n\u00e1utica.jpg\",\"contentUrl\":\"https:\/\/nitu.mx\/wp-content\/uploads\/2017\/04\/escalera-n\u00e1utica.jpg\",\"width\":850,\"height\":480,\"caption\":\"escalera n\u00e1utica\"},{\"@type\":\"BreadcrumbList\",\"@id\":\"https:\/\/nitu.mx\/index.php\/2017\/04\/18\/caribe-mexicano-listo-para-la-escalera-nautica\/#breadcrumb\",\"itemListElement\":[{\"@type\":\"ListItem\",\"position\":1,\"name\":\"Inicio\",\"item\":\"https:\/\/nitu.mx\/\"},{\"@type\":\"ListItem\",\"position\":2,\"name\":\"Caribe mexicano listo para la Escalera N\u00e1utica\"}]},{\"@type\":\"WebSite\",\"@id\":\"https:\/\/nitu.mx\/#website\",\"url\":\"https:\/\/nitu.mx\/\",\"name\":\"Nitu - Noticias de la Industria Turistica\",\"description\":\"Noticias de la Industria Turistica\",\"publisher\":{\"@id\":\"https:\/\/nitu.mx\/#\/schema\/person\/ae7a53426417292d3dd07b45a33e01bc\"},\"alternateName\":\"Noticias de la Industria Turistica\",\"potentialAction\":[{\"@type\":\"SearchAction\",\"target\":{\"@type\":\"EntryPoint\",\"urlTemplate\":\"https:\/\/nitu.mx\/?s={search_term_string}\"},\"query-input\":\"required name=search_term_string\"}],\"inLanguage\":\"es-MX\"},{\"@type\":[\"Person\",\"Organization\"],\"@id\":\"https:\/\/nitu.mx\/#\/schema\/person\/ae7a53426417292d3dd07b45a33e01bc\",\"name\":\"Arturo Medina\",\"image\":{\"@type\":\"ImageObject\",\"inLanguage\":\"es-MX\",\"@id\":\"https:\/\/nitu.mx\/#\/schema\/person\/image\/\",\"url\":\"https:\/\/nitu.mx\/wp-content\/uploads\/2024\/04\/4A315622-1904-4D5C-B022-878CDC840E04-90x90-1.jpeg\",\"contentUrl\":\"https:\/\/nitu.mx\/wp-content\/uploads\/2024\/04\/4A315622-1904-4D5C-B022-878CDC840E04-90x90-1.jpeg\",\"width\":90,\"height\":90,\"caption\":\"Arturo Medina\"},\"logo\":{\"@id\":\"https:\/\/nitu.mx\/#\/schema\/person\/image\/\"},\"description\":\"Director NITU.mx, Egresado de la Escuela de Periodismo Carlos Septi\u00e9n Garc\u00eda. Periodista y analista especializado en turismo desde hace 35 a\u00f1os, radicado en Canc\u00fan Q.Roo. arturo@nitu.mx\",\"sameAs\":[\"https:\/\/nitu.mx\",\"https:\/\/www.facebook.com\/NITUmx\/\",\"medinacancun\",\"https:\/\/twitter.com\/@Arturo_Medina_G\"]},{\"@type\":\"Person\",\"@id\":\"https:\/\/nitu.mx\/#\/schema\/person\/2ecd887b19dfd3382d1f14fc5acf24a8\",\"name\":\"Alejandra Moncisbays\",\"image\":{\"@type\":\"ImageObject\",\"inLanguage\":\"es-MX\",\"@id\":\"https:\/\/nitu.mx\/#\/schema\/person\/image\/\",\"url\":\"https:\/\/secure.gravatar.com\/avatar\/e74f7af0be172b7804dacfd0bfbef787?s=96&d=mm&r=g\",\"contentUrl\":\"https:\/\/secure.gravatar.com\/avatar\/e74f7af0be172b7804dacfd0bfbef787?s=96&d=mm&r=g\",\"caption\":\"Alejandra Moncisbays\"},\"description\":\"Curs\u00e9 la carrera de Periodismo y Comunicaci\u00f3n en la Facultad de Estudios Profesionales Acatl\u00e1n. Vivo en Canc\u00fan desde hace 24 a\u00f1os. Fui reportera de La Tarde de Canc\u00fan, y Novedades de Quintana Roo, colabor\u00e9 en TVCUN, edit\u00e9 Cancun\u00edssimo y colabor\u00e9 en las revistas Latitud21, entre otras, con principal enfoque en los sectores empresarial y tur\u00edstico. Desde hace varios a\u00f1os soy Agente de Seguros con c\u00e9dula de la Comisi\u00f3n Nacional de Seguros y Fianzas. Actualmente, me desarrollo en los \u00e1mbitos del periodismo y el sector asegurador.\",\"sameAs\":[\"https:\/\/nitu.mx\"],\"url\":\"https:\/\/nitu.mx\/index.php\/author\/alejandra\/\"}]}<\/script>\n<!-- \/ Yoast SEO plugin. -->","yoast_head_json":{"title":"Caribe mexicano listo para la Escalera N\u00e1utica - Nitu - Noticias de la Industria Turistica","description":"El proyecto de la Escalera N\u00e1utica en Quintana Roo, puede ser una realidad, porque el estado ya est\u00e1 listo para brindar el mejor servicio en este sector.","robots":{"index":"index","follow":"follow","max-snippet":"max-snippet:-1","max-image-preview":"max-image-preview:large","max-video-preview":"max-video-preview:-1"},"canonical":"https:\/\/nitu.mx\/index.php\/2017\/04\/18\/caribe-mexicano-listo-para-la-escalera-nautica\/","twitter_card":"summary_large_image","twitter_title":"Caribe mexicano listo para la Escalera N\u00e1utica - Nitu - Noticias de la Industria Turistica","twitter_description":"El proyecto de la Escalera N\u00e1utica en Quintana Roo, puede ser una realidad, porque el estado ya est\u00e1 listo para brindar el mejor servicio en este sector.","twitter_image":"https:\/\/nitu.mx\/wp-content\/uploads\/2017\/04\/escalera-n\u00e1utica.jpg","twitter_creator":"@NITUmx","twitter_site":"@Arturo_Medina_G","twitter_misc":{"Escrito por":"Alejandra Moncisbays","Tiempo de lectura":"1 minuto"},"schema":{"@context":"https:\/\/schema.org","@graph":[{"@type":"Article","@id":"https:\/\/nitu.mx\/index.php\/2017\/04\/18\/caribe-mexicano-listo-para-la-escalera-nautica\/#article","isPartOf":{"@id":"https:\/\/nitu.mx\/index.php\/2017\/04\/18\/caribe-mexicano-listo-para-la-escalera-nautica\/"},"author":{"name":"Alejandra Moncisbays","@id":"https:\/\/nitu.mx\/#\/schema\/person\/2ecd887b19dfd3382d1f14fc5acf24a8"},"headline":"Caribe mexicano listo para la Escalera N\u00e1utica","datePublished":"2017-04-19T04:50:55+00:00","dateModified":"2017-04-19T04:52:42+00:00","mainEntityOfPage":{"@id":"https:\/\/nitu.mx\/index.php\/2017\/04\/18\/caribe-mexicano-listo-para-la-escalera-nautica\/"},"wordCount":306,"commentCount":0,"publisher":{"@id":"https:\/\/nitu.mx\/#\/schema\/person\/ae7a53426417292d3dd07b45a33e01bc"},"image":{"@id":"https:\/\/nitu.mx\/index.php\/2017\/04\/18\/caribe-mexicano-listo-para-la-escalera-nautica\/#primaryimage"},"thumbnailUrl":"https:\/\/nitu.mx\/wp-content\/uploads\/2017\/04\/escalera-n\u00e1utica.jpg","keywords":["Asociados N\u00e1uticos de Canc\u00fan","Escalera N\u00e1utica","Iv\u00e1n Ferrat","Quintana Roo"],"articleSection":["Cruceros","Destinos"],"inLanguage":"es-MX","potentialAction":[{"@type":"CommentAction","name":"Comment","target":["https:\/\/nitu.mx\/index.php\/2017\/04\/18\/caribe-mexicano-listo-para-la-escalera-nautica\/#respond"]}]},{"@type":"WebPage","@id":"https:\/\/nitu.mx\/index.php\/2017\/04\/18\/caribe-mexicano-listo-para-la-escalera-nautica\/","url":"https:\/\/nitu.mx\/index.php\/2017\/04\/18\/caribe-mexicano-listo-para-la-escalera-nautica\/","name":"Caribe mexicano listo para la Escalera N\u00e1utica - Nitu - Noticias de la Industria Turistica","isPartOf":{"@id":"https:\/\/nitu.mx\/#website"},"primaryImageOfPage":{"@id":"https:\/\/nitu.mx\/index.php\/2017\/04\/18\/caribe-mexicano-listo-para-la-escalera-nautica\/#primaryimage"},"image":{"@id":"https:\/\/nitu.mx\/index.php\/2017\/04\/18\/caribe-mexicano-listo-para-la-escalera-nautica\/#primaryimage"},"thumbnailUrl":"https:\/\/nitu.mx\/wp-content\/uploads\/2017\/04\/escalera-n\u00e1utica.jpg","datePublished":"2017-04-19T04:50:55+00:00","dateModified":"2017-04-19T04:52:42+00:00","description":"El proyecto de la Escalera N\u00e1utica en Quintana Roo, puede ser una realidad, porque el estado ya est\u00e1 listo para brindar el mejor servicio en este sector.","breadcrumb":{"@id":"https:\/\/nitu.mx\/index.php\/2017\/04\/18\/caribe-mexicano-listo-para-la-escalera-nautica\/#breadcrumb"},"inLanguage":"es-MX","potentialAction":[{"@type":"ReadAction","target":["https:\/\/nitu.mx\/index.php\/2017\/04\/18\/caribe-mexicano-listo-para-la-escalera-nautica\/"]}]},{"@type":"ImageObject","inLanguage":"es-MX","@id":"https:\/\/nitu.mx\/index.php\/2017\/04\/18\/caribe-mexicano-listo-para-la-escalera-nautica\/#primaryimage","url":"https:\/\/nitu.mx\/wp-content\/uploads\/2017\/04\/escalera-n\u00e1utica.jpg","contentUrl":"https:\/\/nitu.mx\/wp-content\/uploads\/2017\/04\/escalera-n\u00e1utica.jpg","width":850,"height":480,"caption":"escalera n\u00e1utica"},{"@type":"BreadcrumbList","@id":"https:\/\/nitu.mx\/index.php\/2017\/04\/18\/caribe-mexicano-listo-para-la-escalera-nautica\/#breadcrumb","itemListElement":[{"@type":"ListItem","position":1,"name":"Inicio","item":"https:\/\/nitu.mx\/"},{"@type":"ListItem","position":2,"name":"Caribe mexicano listo para la Escalera N\u00e1utica"}]},{"@type":"WebSite","@id":"https:\/\/nitu.mx\/#website","url":"https:\/\/nitu.mx\/","name":"Nitu - Noticias de la Industria Turistica","description":"Noticias de la Industria Turistica","publisher":{"@id":"https:\/\/nitu.mx\/#\/schema\/person\/ae7a53426417292d3dd07b45a33e01bc"},"alternateName":"Noticias de la Industria Turistica","potentialAction":[{"@type":"SearchAction","target":{"@type":"EntryPoint","urlTemplate":"https:\/\/nitu.mx\/?s={search_term_string}"},"query-input":"required name=search_term_string"}],"inLanguage":"es-MX"},{"@type":["Person","Organization"],"@id":"https:\/\/nitu.mx\/#\/schema\/person\/ae7a53426417292d3dd07b45a33e01bc","name":"Arturo Medina","image":{"@type":"ImageObject","inLanguage":"es-MX","@id":"https:\/\/nitu.mx\/#\/schema\/person\/image\/","url":"https:\/\/nitu.mx\/wp-content\/uploads\/2024\/04\/4A315622-1904-4D5C-B022-878CDC840E04-90x90-1.jpeg","contentUrl":"https:\/\/nitu.mx\/wp-content\/uploads\/2024\/04\/4A315622-1904-4D5C-B022-878CDC840E04-90x90-1.jpeg","width":90,"height":90,"caption":"Arturo Medina"},"logo":{"@id":"https:\/\/nitu.mx\/#\/schema\/person\/image\/"},"description":"Director NITU.mx, Egresado de la Escuela de Periodismo Carlos Septi\u00e9n Garc\u00eda. Periodista y analista especializado en turismo desde hace 35 a\u00f1os, radicado en Canc\u00fan Q.Roo. arturo@nitu.mx","sameAs":["https:\/\/nitu.mx","https:\/\/www.facebook.com\/NITUmx\/","medinacancun","https:\/\/twitter.com\/@Arturo_Medina_G"]},{"@type":"Person","@id":"https:\/\/nitu.mx\/#\/schema\/person\/2ecd887b19dfd3382d1f14fc5acf24a8","name":"Alejandra Moncisbays","image":{"@type":"ImageObject","inLanguage":"es-MX","@id":"https:\/\/nitu.mx\/#\/schema\/person\/image\/","url":"https:\/\/secure.gravatar.com\/avatar\/e74f7af0be172b7804dacfd0bfbef787?s=96&d=mm&r=g","contentUrl":"https:\/\/secure.gravatar.com\/avatar\/e74f7af0be172b7804dacfd0bfbef787?s=96&d=mm&r=g","caption":"Alejandra Moncisbays"},"description":"Curs\u00e9 la carrera de Periodismo y Comunicaci\u00f3n en la Facultad de Estudios Profesionales Acatl\u00e1n. Vivo en Canc\u00fan desde hace 24 a\u00f1os. Fui reportera de La Tarde de Canc\u00fan, y Novedades de Quintana Roo, colabor\u00e9 en TVCUN, edit\u00e9 Cancun\u00edssimo y colabor\u00e9 en las revistas Latitud21, entre otras, con principal enfoque en los sectores empresarial y tur\u00edstico. Desde hace varios a\u00f1os soy Agente de Seguros con c\u00e9dula de la Comisi\u00f3n Nacional de Seguros y Fianzas. Actualmente, me desarrollo en los \u00e1mbitos del periodismo y el sector asegurador.","sameAs":["https:\/\/nitu.mx"],"url":"https:\/\/nitu.mx\/index.php\/author\/alejandra\/"}]}},"views":321,"_links":{"self":[{"href":"https:\/\/nitu.mx\/index.php\/wp-json\/wp\/v2\/posts\/8900"}],"collection":[{"href":"https:\/\/nitu.mx\/index.php\/wp-json\/wp\/v2\/posts"}],"about":[{"href":"https:\/\/nitu.mx\/index.php\/wp-json\/wp\/v2\/types\/post"}],"author":[{"embeddable":true,"href":"https:\/\/nitu.mx\/index.php\/wp-json\/wp\/v2\/users\/3"}],"replies":[{"embeddable":true,"href":"https:\/\/nitu.mx\/index.php\/wp-json\/wp\/v2\/comments?post=8900"}],"version-history":[{"count":4,"href":"https:\/\/nitu.mx\/index.php\/wp-json\/wp\/v2\/posts\/8900\/revisions"}],"predecessor-version":[{"id":8908,"href":"https:\/\/nitu.mx\/index.php\/wp-json\/wp\/v2\/posts\/8900\/revisions\/8908"}],"wp:featuredmedia":[{"embeddable":true,"href":"https:\/\/nitu.mx\/index.php\/wp-json\/wp\/v2\/media\/8907"}],"wp:attachment":[{"href":"https:\/\/nitu.mx\/index.php\/wp-json\/wp\/v2\/media?parent=8900"}],"wp:term":[{"taxonomy":"category","embeddable":true,"href":"https:\/\/nitu.mx\/index.php\/wp-json\/wp\/v2\/categories?post=8900"},{"taxonomy":"post_tag","embeddable":true,"href":"https:\/\/nitu.mx\/index.php\/wp-json\/wp\/v2\/tags?post=8900"}],"curies":[{"name":"wp","href":"https:\/\/api.w.org\/{rel}","templated":true}]}}