{"id":8889,"date":"2017-04-18T22:55:34","date_gmt":"2017-04-19T03:55:34","guid":{"rendered":"http:\/\/www.dev.nitu.mx\/?p=8889"},"modified":"2017-04-18T23:52:35","modified_gmt":"2017-04-19T04:52:35","slug":"michel-gagne-dice-adios-a-turismo-quebec","status":"publish","type":"post","link":"https:\/\/nitu.mx\/index.php\/2017\/04\/18\/michel-gagne-dice-adios-a-turismo-quebec\/","title":{"rendered":"Michel Gagn\u00e9 dice adi\u00f3s a turismo Qu\u00e9bec"},"content":{"rendered":"<p>Luego de varios a\u00f1os de trabajar arduamente en la promoci\u00f3n de la provincia de Qu\u00e9bec en M\u00e9xico, Michel Gagn\u00e9 dice adi\u00f3s a la gran labor que realiz\u00f3, debido a que como \u00e9l destac\u00f3, es hora de disfrutar de las cosechas sembradas, tras jubilarse y dejar el campo a las nuevas generaciones.<\/p>\n<p>Recordemos que desde su natal Qu\u00e9bec, puso muy en alto el nombre de la provincia canadiense en M\u00e9xico, impulsando sus grandes atractivos tur\u00edsticos. Posteriormente en el a\u00f1o 2009 decidi\u00f3 trasladarse para M\u00e9xico, a seguir su labor de promoci\u00f3n m\u00e1s de cerca con la industria tur\u00edstica. Y aunque los resultados no fueron los mejores, ni los que \u00e9l esperaba, porque justo en ese a\u00f1o se impuso la visa canadiense a los mexicanos, regres\u00f3 a su pa\u00eds para, con sede en Montreal seguir promocionando Qu\u00e9bec ahora como jefe de equipo de todos los mercados internacionales de Turismo Qu\u00e9bec, posici\u00f3n en la que no s\u00f3lo atendi\u00f3 el mercado mexicano, sino tambi\u00e9n destinos como Inglaterra, Estados Unidos, Francia, Alemania y China entre otros.<\/p>\n<p>En M\u00e9xico seguir\u00e1 al frente de la promoci\u00f3n del destino Magdalena Bermea, quien trabajaba con Gagn\u00e9 desde hace varios a\u00f1os, y quien se encarga de atender a la industria tur\u00edstica y a la prensa.<\/p>\n<p>Tras la eliminaci\u00f3n de la visa, el flujo de mexicanos hacia Canad\u00e1 volvi\u00f3 a crecer, como dijimos en <em><strong>NITU.mx.\u00a0<\/strong><\/em>(<a title=\"Creci\u00f3 50% arribo de mexicanos a Canad\u00e1 en diciembre de 2016\" href=\"http:\/\/www.dev.nitu.mx\/index.php\/2017\/03\/14\/crecio-50-arribo-mexicanos-canada-diciembre-2016\/\" rel=\"bookmark\">Creci\u00f3 50% arribo de mexicanos a Canad\u00e1 en diciembre de 2016<\/a>).<\/p>\n","protected":false},"excerpt":{"rendered":"<p>Luego de varios a\u00f1os de trabajar arduamente en la promoci\u00f3n de la provincia de Qu\u00e9bec en M\u00e9xico, Michel Gagn\u00e9 dice adi\u00f3s a la gran labor que realiz\u00f3, debido a que como \u00e9l destac\u00f3, es hora de disfrutar de las cosechas sembradas, tras jubilarse y dejar el campo a las nuevas generaciones. Recordemos que desde su [&hellip;]<\/p>\n","protected":false},"author":17,"featured_media":8904,"comment_status":"open","ping_status":"open","sticky":false,"template":"","format":"standard","meta":{"footnotes":""},"categories":[5,374],"tags":[3938,3936,1053,3937],"yoast_head":"<!-- This site is optimized with the Yoast SEO plugin v22.2 - https:\/\/yoast.com\/wordpress\/plugins\/seo\/ -->\n<title>Michel Gagn\u00e9 dice adi\u00f3s a turismo Qu\u00e9bec - Nitu - Noticias de la Industria Turistica<\/title>\n<meta name=\"description\" content=\"Luego de varios a\u00f1os de trabajar arduamente en la promoci\u00f3n de la provincia de Qu\u00e9bec en M\u00e9xico, Michel Gagn\u00e9 dice adi\u00f3s a la gran labor que realiz\u00f3.\" \/>\n<meta name=\"robots\" content=\"index, follow, max-snippet:-1, max-image-preview:large, max-video-preview:-1\" \/>\n<link rel=\"canonical\" href=\"https:\/\/nitu.mx\/index.php\/2017\/04\/18\/michel-gagne-dice-adios-a-turismo-quebec\/\" \/>\n<meta name=\"twitter:card\" content=\"summary_large_image\" \/>\n<meta name=\"twitter:title\" content=\"Michel Gagn\u00e9 dice adi\u00f3s a turismo Qu\u00e9bec - Nitu - Noticias de la Industria Turistica\" \/>\n<meta name=\"twitter:description\" content=\"Luego de varios a\u00f1os de trabajar arduamente en la promoci\u00f3n de la provincia de Qu\u00e9bec en M\u00e9xico, Michel Gagn\u00e9 dice adi\u00f3s a la gran labor que realiz\u00f3.\" \/>\n<meta name=\"twitter:image\" content=\"https:\/\/nitu.mx\/wp-content\/uploads\/2017\/04\/Michel-Gagn\u00e9-2.jpg\" \/>\n<meta name=\"twitter:creator\" content=\"@NITUmx\" \/>\n<meta name=\"twitter:site\" content=\"@Arturo_Medina_G\" \/>\n<meta name=\"twitter:label1\" content=\"Escrito por\" \/>\n\t<meta name=\"twitter:data1\" content=\"Redacci\u00f3n\" \/>\n\t<meta name=\"twitter:label2\" content=\"Tiempo de lectura\" \/>\n\t<meta name=\"twitter:data2\" content=\"1 minuto\" \/>\n<script type=\"application\/ld+json\" class=\"yoast-schema-graph\">{\"@context\":\"https:\/\/schema.org\",\"@graph\":[{\"@type\":\"Article\",\"@id\":\"https:\/\/nitu.mx\/index.php\/2017\/04\/18\/michel-gagne-dice-adios-a-turismo-quebec\/#article\",\"isPartOf\":{\"@id\":\"https:\/\/nitu.mx\/index.php\/2017\/04\/18\/michel-gagne-dice-adios-a-turismo-quebec\/\"},\"author\":{\"name\":\"Redacci\u00f3n\",\"@id\":\"https:\/\/nitu.mx\/#\/schema\/person\/4a28fe9bd65924f7c90623773daf1b0b\"},\"headline\":\"Michel Gagn\u00e9 dice adi\u00f3s a turismo Qu\u00e9bec\",\"datePublished\":\"2017-04-19T03:55:34+00:00\",\"dateModified\":\"2017-04-19T04:52:35+00:00\",\"mainEntityOfPage\":{\"@id\":\"https:\/\/nitu.mx\/index.php\/2017\/04\/18\/michel-gagne-dice-adios-a-turismo-quebec\/\"},\"wordCount\":266,\"commentCount\":0,\"publisher\":{\"@id\":\"https:\/\/nitu.mx\/#\/schema\/person\/ae7a53426417292d3dd07b45a33e01bc\"},\"image\":{\"@id\":\"https:\/\/nitu.mx\/index.php\/2017\/04\/18\/michel-gagne-dice-adios-a-turismo-quebec\/#primaryimage\"},\"thumbnailUrl\":\"https:\/\/nitu.mx\/wp-content\/uploads\/2017\/04\/Michel-Gagn\u00e9-2.jpg\",\"keywords\":[\"Magdalena Bermea\",\"Michel Gagne\",\"Quebec\",\"Turismo Qu\u00e9bec\"],\"articleSection\":[\"Destinos\",\"Internacional\"],\"inLanguage\":\"es-MX\",\"potentialAction\":[{\"@type\":\"CommentAction\",\"name\":\"Comment\",\"target\":[\"https:\/\/nitu.mx\/index.php\/2017\/04\/18\/michel-gagne-dice-adios-a-turismo-quebec\/#respond\"]}]},{\"@type\":\"WebPage\",\"@id\":\"https:\/\/nitu.mx\/index.php\/2017\/04\/18\/michel-gagne-dice-adios-a-turismo-quebec\/\",\"url\":\"https:\/\/nitu.mx\/index.php\/2017\/04\/18\/michel-gagne-dice-adios-a-turismo-quebec\/\",\"name\":\"Michel Gagn\u00e9 dice adi\u00f3s a turismo Qu\u00e9bec - Nitu - Noticias de la Industria Turistica\",\"isPartOf\":{\"@id\":\"https:\/\/nitu.mx\/#website\"},\"primaryImageOfPage\":{\"@id\":\"https:\/\/nitu.mx\/index.php\/2017\/04\/18\/michel-gagne-dice-adios-a-turismo-quebec\/#primaryimage\"},\"image\":{\"@id\":\"https:\/\/nitu.mx\/index.php\/2017\/04\/18\/michel-gagne-dice-adios-a-turismo-quebec\/#primaryimage\"},\"thumbnailUrl\":\"https:\/\/nitu.mx\/wp-content\/uploads\/2017\/04\/Michel-Gagn\u00e9-2.jpg\",\"datePublished\":\"2017-04-19T03:55:34+00:00\",\"dateModified\":\"2017-04-19T04:52:35+00:00\",\"description\":\"Luego de varios a\u00f1os de trabajar arduamente en la promoci\u00f3n de la provincia de Qu\u00e9bec en M\u00e9xico, Michel Gagn\u00e9 dice adi\u00f3s a la gran labor que realiz\u00f3.\",\"breadcrumb\":{\"@id\":\"https:\/\/nitu.mx\/index.php\/2017\/04\/18\/michel-gagne-dice-adios-a-turismo-quebec\/#breadcrumb\"},\"inLanguage\":\"es-MX\",\"potentialAction\":[{\"@type\":\"ReadAction\",\"target\":[\"https:\/\/nitu.mx\/index.php\/2017\/04\/18\/michel-gagne-dice-adios-a-turismo-quebec\/\"]}]},{\"@type\":\"ImageObject\",\"inLanguage\":\"es-MX\",\"@id\":\"https:\/\/nitu.mx\/index.php\/2017\/04\/18\/michel-gagne-dice-adios-a-turismo-quebec\/#primaryimage\",\"url\":\"https:\/\/nitu.mx\/wp-content\/uploads\/2017\/04\/Michel-Gagn\u00e9-2.jpg\",\"contentUrl\":\"https:\/\/nitu.mx\/wp-content\/uploads\/2017\/04\/Michel-Gagn\u00e9-2.jpg\",\"width\":850,\"height\":480,\"caption\":\"Michel Gagn\u00e9\"},{\"@type\":\"BreadcrumbList\",\"@id\":\"https:\/\/nitu.mx\/index.php\/2017\/04\/18\/michel-gagne-dice-adios-a-turismo-quebec\/#breadcrumb\",\"itemListElement\":[{\"@type\":\"ListItem\",\"position\":1,\"name\":\"Inicio\",\"item\":\"https:\/\/nitu.mx\/\"},{\"@type\":\"ListItem\",\"position\":2,\"name\":\"Michel Gagn\u00e9 dice adi\u00f3s a turismo Qu\u00e9bec\"}]},{\"@type\":\"WebSite\",\"@id\":\"https:\/\/nitu.mx\/#website\",\"url\":\"https:\/\/nitu.mx\/\",\"name\":\"Nitu - Noticias de la Industria Turistica\",\"description\":\"Noticias de la Industria Turistica\",\"publisher\":{\"@id\":\"https:\/\/nitu.mx\/#\/schema\/person\/ae7a53426417292d3dd07b45a33e01bc\"},\"alternateName\":\"Noticias de la Industria Turistica\",\"potentialAction\":[{\"@type\":\"SearchAction\",\"target\":{\"@type\":\"EntryPoint\",\"urlTemplate\":\"https:\/\/nitu.mx\/?s={search_term_string}\"},\"query-input\":\"required name=search_term_string\"}],\"inLanguage\":\"es-MX\"},{\"@type\":[\"Person\",\"Organization\"],\"@id\":\"https:\/\/nitu.mx\/#\/schema\/person\/ae7a53426417292d3dd07b45a33e01bc\",\"name\":\"Arturo Medina\",\"image\":{\"@type\":\"ImageObject\",\"inLanguage\":\"es-MX\",\"@id\":\"https:\/\/nitu.mx\/#\/schema\/person\/image\/\",\"url\":\"https:\/\/nitu.mx\/wp-content\/uploads\/2024\/04\/4A315622-1904-4D5C-B022-878CDC840E04-90x90-1.jpeg\",\"contentUrl\":\"https:\/\/nitu.mx\/wp-content\/uploads\/2024\/04\/4A315622-1904-4D5C-B022-878CDC840E04-90x90-1.jpeg\",\"width\":90,\"height\":90,\"caption\":\"Arturo Medina\"},\"logo\":{\"@id\":\"https:\/\/nitu.mx\/#\/schema\/person\/image\/\"},\"description\":\"Director NITU.mx, Egresado de la Escuela de Periodismo Carlos Septi\u00e9n Garc\u00eda. Periodista y analista especializado en turismo desde hace 35 a\u00f1os, radicado en Canc\u00fan Q.Roo. arturo@nitu.mx\",\"sameAs\":[\"https:\/\/nitu.mx\",\"https:\/\/www.facebook.com\/NITUmx\/\",\"medinacancun\",\"https:\/\/twitter.com\/@Arturo_Medina_G\"]},{\"@type\":\"Person\",\"@id\":\"https:\/\/nitu.mx\/#\/schema\/person\/4a28fe9bd65924f7c90623773daf1b0b\",\"name\":\"Redacci\u00f3n\",\"image\":{\"@type\":\"ImageObject\",\"inLanguage\":\"es-MX\",\"@id\":\"https:\/\/nitu.mx\/#\/schema\/person\/image\/\",\"url\":\"https:\/\/secure.gravatar.com\/avatar\/5dd011c8ccfc5cd7e4c81e42252aab38?s=96&d=mm&r=g\",\"contentUrl\":\"https:\/\/secure.gravatar.com\/avatar\/5dd011c8ccfc5cd7e4c81e42252aab38?s=96&d=mm&r=g\",\"caption\":\"Redacci\u00f3n\"},\"url\":\"https:\/\/nitu.mx\/index.php\/author\/redaccion\/\"}]}<\/script>\n<!-- \/ Yoast SEO plugin. -->","yoast_head_json":{"title":"Michel Gagn\u00e9 dice adi\u00f3s a turismo Qu\u00e9bec - Nitu - Noticias de la Industria Turistica","description":"Luego de varios a\u00f1os de trabajar arduamente en la promoci\u00f3n de la provincia de Qu\u00e9bec en M\u00e9xico, Michel Gagn\u00e9 dice adi\u00f3s a la gran labor que realiz\u00f3.","robots":{"index":"index","follow":"follow","max-snippet":"max-snippet:-1","max-image-preview":"max-image-preview:large","max-video-preview":"max-video-preview:-1"},"canonical":"https:\/\/nitu.mx\/index.php\/2017\/04\/18\/michel-gagne-dice-adios-a-turismo-quebec\/","twitter_card":"summary_large_image","twitter_title":"Michel Gagn\u00e9 dice adi\u00f3s a turismo Qu\u00e9bec - Nitu - Noticias de la Industria Turistica","twitter_description":"Luego de varios a\u00f1os de trabajar arduamente en la promoci\u00f3n de la provincia de Qu\u00e9bec en M\u00e9xico, Michel Gagn\u00e9 dice adi\u00f3s a la gran labor que realiz\u00f3.","twitter_image":"https:\/\/nitu.mx\/wp-content\/uploads\/2017\/04\/Michel-Gagn\u00e9-2.jpg","twitter_creator":"@NITUmx","twitter_site":"@Arturo_Medina_G","twitter_misc":{"Escrito por":"Redacci\u00f3n","Tiempo de lectura":"1 minuto"},"schema":{"@context":"https:\/\/schema.org","@graph":[{"@type":"Article","@id":"https:\/\/nitu.mx\/index.php\/2017\/04\/18\/michel-gagne-dice-adios-a-turismo-quebec\/#article","isPartOf":{"@id":"https:\/\/nitu.mx\/index.php\/2017\/04\/18\/michel-gagne-dice-adios-a-turismo-quebec\/"},"author":{"name":"Redacci\u00f3n","@id":"https:\/\/nitu.mx\/#\/schema\/person\/4a28fe9bd65924f7c90623773daf1b0b"},"headline":"Michel Gagn\u00e9 dice adi\u00f3s a turismo Qu\u00e9bec","datePublished":"2017-04-19T03:55:34+00:00","dateModified":"2017-04-19T04:52:35+00:00","mainEntityOfPage":{"@id":"https:\/\/nitu.mx\/index.php\/2017\/04\/18\/michel-gagne-dice-adios-a-turismo-quebec\/"},"wordCount":266,"commentCount":0,"publisher":{"@id":"https:\/\/nitu.mx\/#\/schema\/person\/ae7a53426417292d3dd07b45a33e01bc"},"image":{"@id":"https:\/\/nitu.mx\/index.php\/2017\/04\/18\/michel-gagne-dice-adios-a-turismo-quebec\/#primaryimage"},"thumbnailUrl":"https:\/\/nitu.mx\/wp-content\/uploads\/2017\/04\/Michel-Gagn\u00e9-2.jpg","keywords":["Magdalena Bermea","Michel Gagne","Quebec","Turismo Qu\u00e9bec"],"articleSection":["Destinos","Internacional"],"inLanguage":"es-MX","potentialAction":[{"@type":"CommentAction","name":"Comment","target":["https:\/\/nitu.mx\/index.php\/2017\/04\/18\/michel-gagne-dice-adios-a-turismo-quebec\/#respond"]}]},{"@type":"WebPage","@id":"https:\/\/nitu.mx\/index.php\/2017\/04\/18\/michel-gagne-dice-adios-a-turismo-quebec\/","url":"https:\/\/nitu.mx\/index.php\/2017\/04\/18\/michel-gagne-dice-adios-a-turismo-quebec\/","name":"Michel Gagn\u00e9 dice adi\u00f3s a turismo Qu\u00e9bec - Nitu - Noticias de la Industria Turistica","isPartOf":{"@id":"https:\/\/nitu.mx\/#website"},"primaryImageOfPage":{"@id":"https:\/\/nitu.mx\/index.php\/2017\/04\/18\/michel-gagne-dice-adios-a-turismo-quebec\/#primaryimage"},"image":{"@id":"https:\/\/nitu.mx\/index.php\/2017\/04\/18\/michel-gagne-dice-adios-a-turismo-quebec\/#primaryimage"},"thumbnailUrl":"https:\/\/nitu.mx\/wp-content\/uploads\/2017\/04\/Michel-Gagn\u00e9-2.jpg","datePublished":"2017-04-19T03:55:34+00:00","dateModified":"2017-04-19T04:52:35+00:00","description":"Luego de varios a\u00f1os de trabajar arduamente en la promoci\u00f3n de la provincia de Qu\u00e9bec en M\u00e9xico, Michel Gagn\u00e9 dice adi\u00f3s a la gran labor que realiz\u00f3.","breadcrumb":{"@id":"https:\/\/nitu.mx\/index.php\/2017\/04\/18\/michel-gagne-dice-adios-a-turismo-quebec\/#breadcrumb"},"inLanguage":"es-MX","potentialAction":[{"@type":"ReadAction","target":["https:\/\/nitu.mx\/index.php\/2017\/04\/18\/michel-gagne-dice-adios-a-turismo-quebec\/"]}]},{"@type":"ImageObject","inLanguage":"es-MX","@id":"https:\/\/nitu.mx\/index.php\/2017\/04\/18\/michel-gagne-dice-adios-a-turismo-quebec\/#primaryimage","url":"https:\/\/nitu.mx\/wp-content\/uploads\/2017\/04\/Michel-Gagn\u00e9-2.jpg","contentUrl":"https:\/\/nitu.mx\/wp-content\/uploads\/2017\/04\/Michel-Gagn\u00e9-2.jpg","width":850,"height":480,"caption":"Michel Gagn\u00e9"},{"@type":"BreadcrumbList","@id":"https:\/\/nitu.mx\/index.php\/2017\/04\/18\/michel-gagne-dice-adios-a-turismo-quebec\/#breadcrumb","itemListElement":[{"@type":"ListItem","position":1,"name":"Inicio","item":"https:\/\/nitu.mx\/"},{"@type":"ListItem","position":2,"name":"Michel Gagn\u00e9 dice adi\u00f3s a turismo Qu\u00e9bec"}]},{"@type":"WebSite","@id":"https:\/\/nitu.mx\/#website","url":"https:\/\/nitu.mx\/","name":"Nitu - Noticias de la Industria Turistica","description":"Noticias de la Industria Turistica","publisher":{"@id":"https:\/\/nitu.mx\/#\/schema\/person\/ae7a53426417292d3dd07b45a33e01bc"},"alternateName":"Noticias de la Industria Turistica","potentialAction":[{"@type":"SearchAction","target":{"@type":"EntryPoint","urlTemplate":"https:\/\/nitu.mx\/?s={search_term_string}"},"query-input":"required name=search_term_string"}],"inLanguage":"es-MX"},{"@type":["Person","Organization"],"@id":"https:\/\/nitu.mx\/#\/schema\/person\/ae7a53426417292d3dd07b45a33e01bc","name":"Arturo Medina","image":{"@type":"ImageObject","inLanguage":"es-MX","@id":"https:\/\/nitu.mx\/#\/schema\/person\/image\/","url":"https:\/\/nitu.mx\/wp-content\/uploads\/2024\/04\/4A315622-1904-4D5C-B022-878CDC840E04-90x90-1.jpeg","contentUrl":"https:\/\/nitu.mx\/wp-content\/uploads\/2024\/04\/4A315622-1904-4D5C-B022-878CDC840E04-90x90-1.jpeg","width":90,"height":90,"caption":"Arturo Medina"},"logo":{"@id":"https:\/\/nitu.mx\/#\/schema\/person\/image\/"},"description":"Director NITU.mx, Egresado de la Escuela de Periodismo Carlos Septi\u00e9n Garc\u00eda. Periodista y analista especializado en turismo desde hace 35 a\u00f1os, radicado en Canc\u00fan Q.Roo. arturo@nitu.mx","sameAs":["https:\/\/nitu.mx","https:\/\/www.facebook.com\/NITUmx\/","medinacancun","https:\/\/twitter.com\/@Arturo_Medina_G"]},{"@type":"Person","@id":"https:\/\/nitu.mx\/#\/schema\/person\/4a28fe9bd65924f7c90623773daf1b0b","name":"Redacci\u00f3n","image":{"@type":"ImageObject","inLanguage":"es-MX","@id":"https:\/\/nitu.mx\/#\/schema\/person\/image\/","url":"https:\/\/secure.gravatar.com\/avatar\/5dd011c8ccfc5cd7e4c81e42252aab38?s=96&d=mm&r=g","contentUrl":"https:\/\/secure.gravatar.com\/avatar\/5dd011c8ccfc5cd7e4c81e42252aab38?s=96&d=mm&r=g","caption":"Redacci\u00f3n"},"url":"https:\/\/nitu.mx\/index.php\/author\/redaccion\/"}]}},"views":714,"_links":{"self":[{"href":"https:\/\/nitu.mx\/index.php\/wp-json\/wp\/v2\/posts\/8889"}],"collection":[{"href":"https:\/\/nitu.mx\/index.php\/wp-json\/wp\/v2\/posts"}],"about":[{"href":"https:\/\/nitu.mx\/index.php\/wp-json\/wp\/v2\/types\/post"}],"author":[{"embeddable":true,"href":"https:\/\/nitu.mx\/index.php\/wp-json\/wp\/v2\/users\/17"}],"replies":[{"embeddable":true,"href":"https:\/\/nitu.mx\/index.php\/wp-json\/wp\/v2\/comments?post=8889"}],"version-history":[{"count":4,"href":"https:\/\/nitu.mx\/index.php\/wp-json\/wp\/v2\/posts\/8889\/revisions"}],"predecessor-version":[{"id":8901,"href":"https:\/\/nitu.mx\/index.php\/wp-json\/wp\/v2\/posts\/8889\/revisions\/8901"}],"wp:featuredmedia":[{"embeddable":true,"href":"https:\/\/nitu.mx\/index.php\/wp-json\/wp\/v2\/media\/8904"}],"wp:attachment":[{"href":"https:\/\/nitu.mx\/index.php\/wp-json\/wp\/v2\/media?parent=8889"}],"wp:term":[{"taxonomy":"category","embeddable":true,"href":"https:\/\/nitu.mx\/index.php\/wp-json\/wp\/v2\/categories?post=8889"},{"taxonomy":"post_tag","embeddable":true,"href":"https:\/\/nitu.mx\/index.php\/wp-json\/wp\/v2\/tags?post=8889"}],"curies":[{"name":"wp","href":"https:\/\/api.w.org\/{rel}","templated":true}]}}