{"id":8881,"date":"2017-04-18T21:20:13","date_gmt":"2017-04-19T02:20:13","guid":{"rendered":"http:\/\/www.dev.nitu.mx\/?p=8881"},"modified":"2017-04-18T23:52:27","modified_gmt":"2017-04-19T04:52:27","slug":"diputados-aprueban-aerolineas-indemnicen-los-usuarios-demoras","status":"publish","type":"post","link":"https:\/\/nitu.mx\/index.php\/2017\/04\/18\/diputados-aprueban-aerolineas-indemnicen-los-usuarios-demoras\/","title":{"rendered":"Diputados aprueban que aerol\u00edneas indemnicen a los usuarios por demoras"},"content":{"rendered":"<p>La C\u00e1mara de Diputados aprob\u00f3 por unanimidad las reformas a las Leyes de Aviaci\u00f3n Civil y Federal de Protecci\u00f3n al Consumidor, en las que se exponen las regulaciones, sanciones y m\u00e9todos de indemnizaci\u00f3n que deber\u00e1n cumplir las aerol\u00edneas en caso de retrasos, entre otros temas.<\/p>\n<p>Las reformas fueron aprobadas por 422 y 408 votos a favor, y se\u00f1alan entre otras cosas, que el pasajero deber\u00e1 ser indemnizado con 7.5 por ciento del valor del boleto, cuando se presente un retraso de salida de vuelo de entre dos y cuatro horas; y si excede de estas cuatro horas, se deber\u00e1 hacer la devoluci\u00f3n total del costo del boleto, m\u00e1s una indemnizaci\u00f3n de 25 por ciento.<\/p>\n<p>En caso de cancelaci\u00f3n del vuelo atribuible a la aerol\u00ednea, \u00e9sta deber\u00e1 reintegrarle el precio del boleto, ofrecerle transporte sustituto en el primer vuelo disponible y proporcionarle acceso a llamadas telef\u00f3nicas y env\u00edo de correos electr\u00f3nicos, a elecci\u00f3n del pasajero. As\u00ed como proporcionarle alimentos, alojamiento en hotel del aeropuerto o de la ciudad cuando se requiera pernocta y transportarle en la fecha posterior que convenga al mismo pasajero, hacia el destino respecto del cual haya sido cancelado el vuelo, adem\u00e1s de una indemnizaci\u00f3n de al menos 25 por ciento del precio del boleto.<\/p>\n<p>Las reformas a estas leyes incluyen tambi\u00e9n las medias a tomar en caso de sobreventa del vuelo, en cuyo caso la l\u00ednea a\u00e9rea deber\u00e1 solicitar voluntarios que renuncien al vuelo, una vez acordados los beneficios adicionales. Tambi\u00e9n habr\u00e1 indemnizaci\u00f3n por da\u00f1os, destrucci\u00f3n o p\u00e9rdida equipaje de mano y documentado, de 80 y 50 Unidades de Medida y Actualizaci\u00f3n (referencia econ\u00f3mica que este a\u00f1o es de 75.49 pesos), respectivamente; y se permite que los pasajeros lleven al menos una maleta de 25 kilos<\/p>\n<p>Permiten al usuario solicitar la devoluci\u00f3n complete de su dinero, en caso de cancelar en un lapso de 24 horas posteriores a la compra; obligan a las aerol\u00edneas a mostrar el costo total de los boletos con impuestos incluidos, y no condicionar la compra mediante la adquisici\u00f3n de servicios adicionales.<\/p>\n<p>Javier Rodr\u00edguez D\u00e1vila, presidente de la Comisi\u00f3n de Transportes de la C\u00e1mara de Diputados, destac\u00f3 que es la primera reforma que se hace a la Ley de Aviaci\u00f3n Civil desde su creaci\u00f3n en 1993.<\/p>\n<p>Una votaci\u00f3n sin precedentes, en la que de acuerdo con los legisladores se pens\u00f3 plenamente en los derechos de los viajeros, al detectar malas pr\u00e1cticas por parte de las aerol\u00edneas, como lo coment\u00f3 la diputada perredista Tania Arguijo \u201cHoy les decimos a las aerol\u00edneas que se les acab\u00f3 su agosto. La gente se cans\u00f3 de sus falsas ofertas, letras chiquitas, largas esperas, horarios sin actualizar, sobreventa de boletos, p\u00e9rdida y maltrato de maletas por la mala sincronizaci\u00f3n en conexiones y, sobre todo, de la discriminaci\u00f3n de la que son objeto por parte del personal mal capacitado y arrogante\u201d. Este tema ya estaba en discusi\u00f3n desde hace unas semanas, como lo dimos a conocer en <em><strong>NITU.mx<\/strong><\/em>.\u00a0(<a title=\"Legisladores firmes en sancionar demoras de aerol\u00edneas, pese argumentos en contra\" href=\"http:\/\/www.dev.nitu.mx\/index.php\/2017\/03\/22\/legisladores-firmes-sancionar-aerolineas-retraso-pese-argumentos\/\" rel=\"bookmark\">Legisladores firmes en sancionar demoras de aerol\u00edneas, pese argumentos en contra<\/a>).<\/p>\n<p>Ambas leyes fueron remitidas al Senado de la Rep\u00fablica como lo indica el marco constitucional.<\/p>\n","protected":false},"excerpt":{"rendered":"<p>La C\u00e1mara de Diputados aprob\u00f3 por unanimidad las reformas a las Leyes de Aviaci\u00f3n Civil y Federal de Protecci\u00f3n al Consumidor, en las que se exponen las regulaciones, sanciones y m\u00e9todos de indemnizaci\u00f3n que deber\u00e1n cumplir las aerol\u00edneas en caso de retrasos, entre otros temas. Las reformas fueron aprobadas por 422 y 408 votos a [&hellip;]<\/p>\n","protected":false},"author":5,"featured_media":8883,"comment_status":"open","ping_status":"open","sticky":false,"template":"","format":"standard","meta":{"footnotes":""},"categories":[29,6],"tags":[2259,1063,3934,3935],"yoast_head":"<!-- This site is optimized with the Yoast SEO plugin v22.2 - https:\/\/yoast.com\/wordpress\/plugins\/seo\/ -->\n<title>Diputados aprueban que aerol\u00edneas indemnicen a los usuarios por demoras - Nitu - Noticias de la Industria Turistica<\/title>\n<meta name=\"description\" content=\"La C\u00e1mara de Diputados aprob\u00f3 las reformas con las regulaciones, sanciones y m\u00e9todos de indemnizaci\u00f3n que deber\u00e1n cumplir las aerol\u00edneas en caso de retrasos\" \/>\n<meta name=\"robots\" content=\"index, follow, max-snippet:-1, max-image-preview:large, max-video-preview:-1\" \/>\n<link rel=\"canonical\" href=\"https:\/\/nitu.mx\/index.php\/2017\/04\/18\/diputados-aprueban-aerolineas-indemnicen-los-usuarios-demoras\/\" \/>\n<meta name=\"twitter:card\" content=\"summary_large_image\" \/>\n<meta name=\"twitter:title\" content=\"Diputados aprueban que aerol\u00edneas indemnicen a los usuarios por demoras - Nitu - Noticias de la Industria Turistica\" \/>\n<meta name=\"twitter:description\" content=\"La C\u00e1mara de Diputados aprob\u00f3 las reformas con las regulaciones, sanciones y m\u00e9todos de indemnizaci\u00f3n que deber\u00e1n cumplir las aerol\u00edneas en caso de retrasos\" \/>\n<meta name=\"twitter:image\" content=\"https:\/\/nitu.mx\/wp-content\/uploads\/2017\/04\/Retrasos-aerol\u00edneas.jpg\" \/>\n<meta name=\"twitter:creator\" content=\"@NITUmx\" \/>\n<meta name=\"twitter:site\" content=\"@Arturo_Medina_G\" \/>\n<meta name=\"twitter:label1\" content=\"Escrito por\" \/>\n\t<meta name=\"twitter:data1\" content=\"Mari Soto\" \/>\n\t<meta name=\"twitter:label2\" content=\"Tiempo de lectura\" \/>\n\t<meta name=\"twitter:data2\" content=\"3 minutos\" \/>\n<script type=\"application\/ld+json\" class=\"yoast-schema-graph\">{\"@context\":\"https:\/\/schema.org\",\"@graph\":[{\"@type\":\"Article\",\"@id\":\"https:\/\/nitu.mx\/index.php\/2017\/04\/18\/diputados-aprueban-aerolineas-indemnicen-los-usuarios-demoras\/#article\",\"isPartOf\":{\"@id\":\"https:\/\/nitu.mx\/index.php\/2017\/04\/18\/diputados-aprueban-aerolineas-indemnicen-los-usuarios-demoras\/\"},\"author\":{\"name\":\"Mari Soto\",\"@id\":\"https:\/\/nitu.mx\/#\/schema\/person\/afc52e313e27e660739556d421d3d6b4\"},\"headline\":\"Diputados aprueban que aerol\u00edneas indemnicen a los usuarios por demoras\",\"datePublished\":\"2017-04-19T02:20:13+00:00\",\"dateModified\":\"2017-04-19T04:52:27+00:00\",\"mainEntityOfPage\":{\"@id\":\"https:\/\/nitu.mx\/index.php\/2017\/04\/18\/diputados-aprueban-aerolineas-indemnicen-los-usuarios-demoras\/\"},\"wordCount\":564,\"commentCount\":0,\"publisher\":{\"@id\":\"https:\/\/nitu.mx\/#\/schema\/person\/ae7a53426417292d3dd07b45a33e01bc\"},\"image\":{\"@id\":\"https:\/\/nitu.mx\/index.php\/2017\/04\/18\/diputados-aprueban-aerolineas-indemnicen-los-usuarios-demoras\/#primaryimage\"},\"thumbnailUrl\":\"https:\/\/nitu.mx\/wp-content\/uploads\/2017\/04\/Retrasos-aerol\u00edneas.jpg\",\"keywords\":[\"aerol\u00edneas\",\"C\u00e1mara de Diputados\",\"Ley de Aviaci\u00f3n Civil\",\"Ley Federal de Protecci\u00f3n al Consumidor\"],\"articleSection\":[\"Aerol\u00edneas\",\"M\u00e9xico\"],\"inLanguage\":\"es-MX\",\"potentialAction\":[{\"@type\":\"CommentAction\",\"name\":\"Comment\",\"target\":[\"https:\/\/nitu.mx\/index.php\/2017\/04\/18\/diputados-aprueban-aerolineas-indemnicen-los-usuarios-demoras\/#respond\"]}]},{\"@type\":\"WebPage\",\"@id\":\"https:\/\/nitu.mx\/index.php\/2017\/04\/18\/diputados-aprueban-aerolineas-indemnicen-los-usuarios-demoras\/\",\"url\":\"https:\/\/nitu.mx\/index.php\/2017\/04\/18\/diputados-aprueban-aerolineas-indemnicen-los-usuarios-demoras\/\",\"name\":\"Diputados aprueban que aerol\u00edneas indemnicen a los usuarios por demoras - Nitu - Noticias de la Industria Turistica\",\"isPartOf\":{\"@id\":\"https:\/\/nitu.mx\/#website\"},\"primaryImageOfPage\":{\"@id\":\"https:\/\/nitu.mx\/index.php\/2017\/04\/18\/diputados-aprueban-aerolineas-indemnicen-los-usuarios-demoras\/#primaryimage\"},\"image\":{\"@id\":\"https:\/\/nitu.mx\/index.php\/2017\/04\/18\/diputados-aprueban-aerolineas-indemnicen-los-usuarios-demoras\/#primaryimage\"},\"thumbnailUrl\":\"https:\/\/nitu.mx\/wp-content\/uploads\/2017\/04\/Retrasos-aerol\u00edneas.jpg\",\"datePublished\":\"2017-04-19T02:20:13+00:00\",\"dateModified\":\"2017-04-19T04:52:27+00:00\",\"description\":\"La C\u00e1mara de Diputados aprob\u00f3 las reformas con las regulaciones, sanciones y m\u00e9todos de indemnizaci\u00f3n que deber\u00e1n cumplir las aerol\u00edneas en caso de retrasos\",\"breadcrumb\":{\"@id\":\"https:\/\/nitu.mx\/index.php\/2017\/04\/18\/diputados-aprueban-aerolineas-indemnicen-los-usuarios-demoras\/#breadcrumb\"},\"inLanguage\":\"es-MX\",\"potentialAction\":[{\"@type\":\"ReadAction\",\"target\":[\"https:\/\/nitu.mx\/index.php\/2017\/04\/18\/diputados-aprueban-aerolineas-indemnicen-los-usuarios-demoras\/\"]}]},{\"@type\":\"ImageObject\",\"inLanguage\":\"es-MX\",\"@id\":\"https:\/\/nitu.mx\/index.php\/2017\/04\/18\/diputados-aprueban-aerolineas-indemnicen-los-usuarios-demoras\/#primaryimage\",\"url\":\"https:\/\/nitu.mx\/wp-content\/uploads\/2017\/04\/Retrasos-aerol\u00edneas.jpg\",\"contentUrl\":\"https:\/\/nitu.mx\/wp-content\/uploads\/2017\/04\/Retrasos-aerol\u00edneas.jpg\",\"width\":850,\"height\":480,\"caption\":\"Retrasos aerol\u00edneas\"},{\"@type\":\"BreadcrumbList\",\"@id\":\"https:\/\/nitu.mx\/index.php\/2017\/04\/18\/diputados-aprueban-aerolineas-indemnicen-los-usuarios-demoras\/#breadcrumb\",\"itemListElement\":[{\"@type\":\"ListItem\",\"position\":1,\"name\":\"Inicio\",\"item\":\"https:\/\/nitu.mx\/\"},{\"@type\":\"ListItem\",\"position\":2,\"name\":\"Diputados aprueban que aerol\u00edneas indemnicen a los usuarios por demoras\"}]},{\"@type\":\"WebSite\",\"@id\":\"https:\/\/nitu.mx\/#website\",\"url\":\"https:\/\/nitu.mx\/\",\"name\":\"Nitu - Noticias de la Industria Turistica\",\"description\":\"Noticias de la Industria Turistica\",\"publisher\":{\"@id\":\"https:\/\/nitu.mx\/#\/schema\/person\/ae7a53426417292d3dd07b45a33e01bc\"},\"alternateName\":\"Noticias de la Industria Turistica\",\"potentialAction\":[{\"@type\":\"SearchAction\",\"target\":{\"@type\":\"EntryPoint\",\"urlTemplate\":\"https:\/\/nitu.mx\/?s={search_term_string}\"},\"query-input\":\"required name=search_term_string\"}],\"inLanguage\":\"es-MX\"},{\"@type\":[\"Person\",\"Organization\"],\"@id\":\"https:\/\/nitu.mx\/#\/schema\/person\/ae7a53426417292d3dd07b45a33e01bc\",\"name\":\"Arturo Medina\",\"image\":{\"@type\":\"ImageObject\",\"inLanguage\":\"es-MX\",\"@id\":\"https:\/\/nitu.mx\/#\/schema\/person\/image\/\",\"url\":\"https:\/\/nitu.mx\/wp-content\/uploads\/2024\/04\/4A315622-1904-4D5C-B022-878CDC840E04-90x90-1.jpeg\",\"contentUrl\":\"https:\/\/nitu.mx\/wp-content\/uploads\/2024\/04\/4A315622-1904-4D5C-B022-878CDC840E04-90x90-1.jpeg\",\"width\":90,\"height\":90,\"caption\":\"Arturo Medina\"},\"logo\":{\"@id\":\"https:\/\/nitu.mx\/#\/schema\/person\/image\/\"},\"description\":\"Director NITU.mx, Egresado de la Escuela de Periodismo Carlos Septi\u00e9n Garc\u00eda. Periodista y analista especializado en turismo desde hace 35 a\u00f1os, radicado en Canc\u00fan Q.Roo. arturo@nitu.mx\",\"sameAs\":[\"https:\/\/nitu.mx\",\"https:\/\/www.facebook.com\/NITUmx\/\",\"medinacancun\",\"https:\/\/twitter.com\/@Arturo_Medina_G\"]},{\"@type\":\"Person\",\"@id\":\"https:\/\/nitu.mx\/#\/schema\/person\/afc52e313e27e660739556d421d3d6b4\",\"name\":\"Mari Soto\",\"image\":{\"@type\":\"ImageObject\",\"inLanguage\":\"es-MX\",\"@id\":\"https:\/\/nitu.mx\/#\/schema\/person\/image\/\",\"url\":\"https:\/\/secure.gravatar.com\/avatar\/2619c282a180a20d89fcaea82a6736e2?s=96&d=mm&r=g\",\"contentUrl\":\"https:\/\/secure.gravatar.com\/avatar\/2619c282a180a20d89fcaea82a6736e2?s=96&d=mm&r=g\",\"caption\":\"Mari Soto\"},\"sameAs\":[\"https:\/\/nitu.mx\"],\"url\":\"https:\/\/nitu.mx\/index.php\/author\/guadalupe\/\"}]}<\/script>\n<!-- \/ Yoast SEO plugin. -->","yoast_head_json":{"title":"Diputados aprueban que aerol\u00edneas indemnicen a los usuarios por demoras - Nitu - Noticias de la Industria Turistica","description":"La C\u00e1mara de Diputados aprob\u00f3 las reformas con las regulaciones, sanciones y m\u00e9todos de indemnizaci\u00f3n que deber\u00e1n cumplir las aerol\u00edneas en caso de retrasos","robots":{"index":"index","follow":"follow","max-snippet":"max-snippet:-1","max-image-preview":"max-image-preview:large","max-video-preview":"max-video-preview:-1"},"canonical":"https:\/\/nitu.mx\/index.php\/2017\/04\/18\/diputados-aprueban-aerolineas-indemnicen-los-usuarios-demoras\/","twitter_card":"summary_large_image","twitter_title":"Diputados aprueban que aerol\u00edneas indemnicen a los usuarios por demoras - Nitu - Noticias de la Industria Turistica","twitter_description":"La C\u00e1mara de Diputados aprob\u00f3 las reformas con las regulaciones, sanciones y m\u00e9todos de indemnizaci\u00f3n que deber\u00e1n cumplir las aerol\u00edneas en caso de retrasos","twitter_image":"https:\/\/nitu.mx\/wp-content\/uploads\/2017\/04\/Retrasos-aerol\u00edneas.jpg","twitter_creator":"@NITUmx","twitter_site":"@Arturo_Medina_G","twitter_misc":{"Escrito por":"Mari Soto","Tiempo de lectura":"3 minutos"},"schema":{"@context":"https:\/\/schema.org","@graph":[{"@type":"Article","@id":"https:\/\/nitu.mx\/index.php\/2017\/04\/18\/diputados-aprueban-aerolineas-indemnicen-los-usuarios-demoras\/#article","isPartOf":{"@id":"https:\/\/nitu.mx\/index.php\/2017\/04\/18\/diputados-aprueban-aerolineas-indemnicen-los-usuarios-demoras\/"},"author":{"name":"Mari Soto","@id":"https:\/\/nitu.mx\/#\/schema\/person\/afc52e313e27e660739556d421d3d6b4"},"headline":"Diputados aprueban que aerol\u00edneas indemnicen a los usuarios por demoras","datePublished":"2017-04-19T02:20:13+00:00","dateModified":"2017-04-19T04:52:27+00:00","mainEntityOfPage":{"@id":"https:\/\/nitu.mx\/index.php\/2017\/04\/18\/diputados-aprueban-aerolineas-indemnicen-los-usuarios-demoras\/"},"wordCount":564,"commentCount":0,"publisher":{"@id":"https:\/\/nitu.mx\/#\/schema\/person\/ae7a53426417292d3dd07b45a33e01bc"},"image":{"@id":"https:\/\/nitu.mx\/index.php\/2017\/04\/18\/diputados-aprueban-aerolineas-indemnicen-los-usuarios-demoras\/#primaryimage"},"thumbnailUrl":"https:\/\/nitu.mx\/wp-content\/uploads\/2017\/04\/Retrasos-aerol\u00edneas.jpg","keywords":["aerol\u00edneas","C\u00e1mara de Diputados","Ley de Aviaci\u00f3n Civil","Ley Federal de Protecci\u00f3n al Consumidor"],"articleSection":["Aerol\u00edneas","M\u00e9xico"],"inLanguage":"es-MX","potentialAction":[{"@type":"CommentAction","name":"Comment","target":["https:\/\/nitu.mx\/index.php\/2017\/04\/18\/diputados-aprueban-aerolineas-indemnicen-los-usuarios-demoras\/#respond"]}]},{"@type":"WebPage","@id":"https:\/\/nitu.mx\/index.php\/2017\/04\/18\/diputados-aprueban-aerolineas-indemnicen-los-usuarios-demoras\/","url":"https:\/\/nitu.mx\/index.php\/2017\/04\/18\/diputados-aprueban-aerolineas-indemnicen-los-usuarios-demoras\/","name":"Diputados aprueban que aerol\u00edneas indemnicen a los usuarios por demoras - Nitu - Noticias de la Industria Turistica","isPartOf":{"@id":"https:\/\/nitu.mx\/#website"},"primaryImageOfPage":{"@id":"https:\/\/nitu.mx\/index.php\/2017\/04\/18\/diputados-aprueban-aerolineas-indemnicen-los-usuarios-demoras\/#primaryimage"},"image":{"@id":"https:\/\/nitu.mx\/index.php\/2017\/04\/18\/diputados-aprueban-aerolineas-indemnicen-los-usuarios-demoras\/#primaryimage"},"thumbnailUrl":"https:\/\/nitu.mx\/wp-content\/uploads\/2017\/04\/Retrasos-aerol\u00edneas.jpg","datePublished":"2017-04-19T02:20:13+00:00","dateModified":"2017-04-19T04:52:27+00:00","description":"La C\u00e1mara de Diputados aprob\u00f3 las reformas con las regulaciones, sanciones y m\u00e9todos de indemnizaci\u00f3n que deber\u00e1n cumplir las aerol\u00edneas en caso de retrasos","breadcrumb":{"@id":"https:\/\/nitu.mx\/index.php\/2017\/04\/18\/diputados-aprueban-aerolineas-indemnicen-los-usuarios-demoras\/#breadcrumb"},"inLanguage":"es-MX","potentialAction":[{"@type":"ReadAction","target":["https:\/\/nitu.mx\/index.php\/2017\/04\/18\/diputados-aprueban-aerolineas-indemnicen-los-usuarios-demoras\/"]}]},{"@type":"ImageObject","inLanguage":"es-MX","@id":"https:\/\/nitu.mx\/index.php\/2017\/04\/18\/diputados-aprueban-aerolineas-indemnicen-los-usuarios-demoras\/#primaryimage","url":"https:\/\/nitu.mx\/wp-content\/uploads\/2017\/04\/Retrasos-aerol\u00edneas.jpg","contentUrl":"https:\/\/nitu.mx\/wp-content\/uploads\/2017\/04\/Retrasos-aerol\u00edneas.jpg","width":850,"height":480,"caption":"Retrasos aerol\u00edneas"},{"@type":"BreadcrumbList","@id":"https:\/\/nitu.mx\/index.php\/2017\/04\/18\/diputados-aprueban-aerolineas-indemnicen-los-usuarios-demoras\/#breadcrumb","itemListElement":[{"@type":"ListItem","position":1,"name":"Inicio","item":"https:\/\/nitu.mx\/"},{"@type":"ListItem","position":2,"name":"Diputados aprueban que aerol\u00edneas indemnicen a los usuarios por demoras"}]},{"@type":"WebSite","@id":"https:\/\/nitu.mx\/#website","url":"https:\/\/nitu.mx\/","name":"Nitu - Noticias de la Industria Turistica","description":"Noticias de la Industria Turistica","publisher":{"@id":"https:\/\/nitu.mx\/#\/schema\/person\/ae7a53426417292d3dd07b45a33e01bc"},"alternateName":"Noticias de la Industria Turistica","potentialAction":[{"@type":"SearchAction","target":{"@type":"EntryPoint","urlTemplate":"https:\/\/nitu.mx\/?s={search_term_string}"},"query-input":"required name=search_term_string"}],"inLanguage":"es-MX"},{"@type":["Person","Organization"],"@id":"https:\/\/nitu.mx\/#\/schema\/person\/ae7a53426417292d3dd07b45a33e01bc","name":"Arturo Medina","image":{"@type":"ImageObject","inLanguage":"es-MX","@id":"https:\/\/nitu.mx\/#\/schema\/person\/image\/","url":"https:\/\/nitu.mx\/wp-content\/uploads\/2024\/04\/4A315622-1904-4D5C-B022-878CDC840E04-90x90-1.jpeg","contentUrl":"https:\/\/nitu.mx\/wp-content\/uploads\/2024\/04\/4A315622-1904-4D5C-B022-878CDC840E04-90x90-1.jpeg","width":90,"height":90,"caption":"Arturo Medina"},"logo":{"@id":"https:\/\/nitu.mx\/#\/schema\/person\/image\/"},"description":"Director NITU.mx, Egresado de la Escuela de Periodismo Carlos Septi\u00e9n Garc\u00eda. Periodista y analista especializado en turismo desde hace 35 a\u00f1os, radicado en Canc\u00fan Q.Roo. arturo@nitu.mx","sameAs":["https:\/\/nitu.mx","https:\/\/www.facebook.com\/NITUmx\/","medinacancun","https:\/\/twitter.com\/@Arturo_Medina_G"]},{"@type":"Person","@id":"https:\/\/nitu.mx\/#\/schema\/person\/afc52e313e27e660739556d421d3d6b4","name":"Mari Soto","image":{"@type":"ImageObject","inLanguage":"es-MX","@id":"https:\/\/nitu.mx\/#\/schema\/person\/image\/","url":"https:\/\/secure.gravatar.com\/avatar\/2619c282a180a20d89fcaea82a6736e2?s=96&d=mm&r=g","contentUrl":"https:\/\/secure.gravatar.com\/avatar\/2619c282a180a20d89fcaea82a6736e2?s=96&d=mm&r=g","caption":"Mari Soto"},"sameAs":["https:\/\/nitu.mx"],"url":"https:\/\/nitu.mx\/index.php\/author\/guadalupe\/"}]}},"views":231,"_links":{"self":[{"href":"https:\/\/nitu.mx\/index.php\/wp-json\/wp\/v2\/posts\/8881"}],"collection":[{"href":"https:\/\/nitu.mx\/index.php\/wp-json\/wp\/v2\/posts"}],"about":[{"href":"https:\/\/nitu.mx\/index.php\/wp-json\/wp\/v2\/types\/post"}],"author":[{"embeddable":true,"href":"https:\/\/nitu.mx\/index.php\/wp-json\/wp\/v2\/users\/5"}],"replies":[{"embeddable":true,"href":"https:\/\/nitu.mx\/index.php\/wp-json\/wp\/v2\/comments?post=8881"}],"version-history":[{"count":1,"href":"https:\/\/nitu.mx\/index.php\/wp-json\/wp\/v2\/posts\/8881\/revisions"}],"predecessor-version":[{"id":8882,"href":"https:\/\/nitu.mx\/index.php\/wp-json\/wp\/v2\/posts\/8881\/revisions\/8882"}],"wp:featuredmedia":[{"embeddable":true,"href":"https:\/\/nitu.mx\/index.php\/wp-json\/wp\/v2\/media\/8883"}],"wp:attachment":[{"href":"https:\/\/nitu.mx\/index.php\/wp-json\/wp\/v2\/media?parent=8881"}],"wp:term":[{"taxonomy":"category","embeddable":true,"href":"https:\/\/nitu.mx\/index.php\/wp-json\/wp\/v2\/categories?post=8881"},{"taxonomy":"post_tag","embeddable":true,"href":"https:\/\/nitu.mx\/index.php\/wp-json\/wp\/v2\/tags?post=8881"}],"curies":[{"name":"wp","href":"https:\/\/api.w.org\/{rel}","templated":true}]}}