{"id":8869,"date":"2017-04-18T12:24:18","date_gmt":"2017-04-18T17:24:18","guid":{"rendered":"http:\/\/www.dev.nitu.mx\/?p=8869"},"modified":"2017-04-18T23:52:50","modified_gmt":"2017-04-19T04:52:50","slug":"recuperacion-de-playas-en-caribe-mexicano-iniciara-en-el-ano-2018","status":"publish","type":"post","link":"https:\/\/nitu.mx\/index.php\/2017\/04\/18\/recuperacion-de-playas-en-caribe-mexicano-iniciara-en-el-ano-2018\/","title":{"rendered":"Recuperaci\u00f3n de playas en Caribe Mexicano iniciar\u00e1 en el a\u00f1o 2018"},"content":{"rendered":"<p>El gobernador de Quintana Roo, Carlos Joaqu\u00edn Gonz\u00e1lez, asegur\u00f3 que la recuperaci\u00f3n de playas se realizar\u00e1 a partir del 2018, ya que est\u00e1n trabajando en un esquema de financiamiento que podr\u00eda estar listo para el presupuesto del a\u00f1o entrante.<\/p>\n<p>El mandatario asever\u00f3 que este esquema que est\u00e1n buscando para pagar la recuperaci\u00f3n de playas, incluye las aportaciones del sector empresarial hotelero, as\u00ed como la participaci\u00f3n del gobierno federal, a trav\u00e9s de la Secretar\u00eda de Hacienda y Cr\u00e9dito P\u00fablico.<\/p>\n<p>\u201cAcabamos de tener una reuni\u00f3n al respecto de recuperaci\u00f3n de playas, tenemos que reactivar los montos, para volver a tener el fideicomiso de recuperaci\u00f3n; muchos estudios t\u00e9cnicos ya est\u00e1n hechos y terminados, se conocen las caracter\u00edsticas, pero hoy se espera la forma de financiamiento. Espero que este mismo a\u00f1o podamos concluir, para que en el presupuesto del 2018 se pueda incluir una partida para estos trabajos\u201d, dijo.<\/p>\n<p>El sector hotelero, en voz de Carlos Gosselin Maurel, dirigente de la Asociaci\u00f3n de Hoteles de Canc\u00fan y Puerto Morelos, declar\u00f3 que hay una gran desesperaci\u00f3n ante la postergaci\u00f3n de los trabajos de rescate de playas, por lo cual se est\u00e1n promoviendo proyectos privados de recuperaci\u00f3n a lo largo de todo el litoral de Canc\u00fan y la Riviera Maya, que lejos de ser la soluci\u00f3n generar\u00e1 m\u00e1s problemas.<\/p>\n<p>En entrevista aparte, la secretaria de Turismo, Marisol Vanegas, manifest\u00f3 que a finales de este mes se realizar\u00e1 un sobrevuelo para identificar de manera precisa las condiciones en las que se encuentran las playas de Canc\u00fan y la Riviera Maya, que les permitir\u00e1 priorizar los puntos que con m\u00e1s urgencia necesitan un rescate.<\/p>\n<p>De esta manera habr\u00eda un plan integral para atacar este problema que los hoteleros han atacado de manera individual, como se inform\u00f3 en <em><strong>NITU.mx<\/strong><\/em>.\u00a0(<a title=\"Equivocados proyectos individuales de recuperaci\u00f3n de playas: Carlos Gosselin\" href=\"http:\/\/www.dev.nitu.mx\/index.php\/2017\/03\/20\/equivocados-proyectos-individuales-de-recuperacion-de-playas-carlos-gosselin\/\" rel=\"bookmark\">Equivocados proyectos individuales de recuperaci\u00f3n de playas: Carlos Gosselin<\/a>).<\/p>\n","protected":false},"excerpt":{"rendered":"<p>El gobernador de Quintana Roo, Carlos Joaqu\u00edn Gonz\u00e1lez, asegur\u00f3 que la recuperaci\u00f3n de playas se realizar\u00e1 a partir del 2018, ya que est\u00e1n trabajando en un esquema de financiamiento que podr\u00eda estar listo para el presupuesto del a\u00f1o entrante. El mandatario asever\u00f3 que este esquema que est\u00e1n buscando para pagar la recuperaci\u00f3n de playas, incluye [&hellip;]<\/p>\n","protected":false},"author":17,"featured_media":8890,"comment_status":"open","ping_status":"open","sticky":false,"template":"","format":"standard","meta":{"footnotes":""},"categories":[5,6],"tags":[1196,43,256,261,260,3932,254],"yoast_head":"<!-- This site is optimized with the Yoast SEO plugin v22.2 - https:\/\/yoast.com\/wordpress\/plugins\/seo\/ -->\n<title>Recuperaci\u00f3n de playas en Caribe Mexicano iniciar\u00e1 en el a\u00f1o 2018 - Nitu - Noticias de la Industria Turistica<\/title>\n<meta name=\"description\" content=\"Carlos Joaqu\u00edn Gonz\u00e1lez asegur\u00f3 que la recuperaci\u00f3n de playas se realizar\u00e1 a partir del 2018, ya que est\u00e1n trabajando en un esquema de financiamiento.\" \/>\n<meta name=\"robots\" content=\"index, follow, max-snippet:-1, max-image-preview:large, max-video-preview:-1\" \/>\n<link rel=\"canonical\" href=\"https:\/\/nitu.mx\/index.php\/2017\/04\/18\/recuperacion-de-playas-en-caribe-mexicano-iniciara-en-el-ano-2018\/\" \/>\n<meta name=\"twitter:card\" content=\"summary_large_image\" \/>\n<meta name=\"twitter:title\" content=\"Recuperaci\u00f3n de playas en Caribe Mexicano iniciar\u00e1 en el a\u00f1o 2018 - Nitu - Noticias de la Industria Turistica\" \/>\n<meta name=\"twitter:description\" content=\"Carlos Joaqu\u00edn Gonz\u00e1lez asegur\u00f3 que la recuperaci\u00f3n de playas se realizar\u00e1 a partir del 2018, ya que est\u00e1n trabajando en un esquema de financiamiento.\" \/>\n<meta name=\"twitter:image\" content=\"https:\/\/nitu.mx\/wp-content\/uploads\/2017\/04\/Recuperaci\u00f3n-de-playas.jpg\" \/>\n<meta name=\"twitter:creator\" content=\"@NITUmx\" \/>\n<meta name=\"twitter:site\" content=\"@Arturo_Medina_G\" \/>\n<meta name=\"twitter:label1\" content=\"Escrito por\" \/>\n\t<meta name=\"twitter:data1\" content=\"Redacci\u00f3n\" \/>\n\t<meta name=\"twitter:label2\" content=\"Tiempo de lectura\" \/>\n\t<meta name=\"twitter:data2\" content=\"2 minutos\" \/>\n<script type=\"application\/ld+json\" class=\"yoast-schema-graph\">{\"@context\":\"https:\/\/schema.org\",\"@graph\":[{\"@type\":\"Article\",\"@id\":\"https:\/\/nitu.mx\/index.php\/2017\/04\/18\/recuperacion-de-playas-en-caribe-mexicano-iniciara-en-el-ano-2018\/#article\",\"isPartOf\":{\"@id\":\"https:\/\/nitu.mx\/index.php\/2017\/04\/18\/recuperacion-de-playas-en-caribe-mexicano-iniciara-en-el-ano-2018\/\"},\"author\":{\"name\":\"Redacci\u00f3n\",\"@id\":\"https:\/\/nitu.mx\/#\/schema\/person\/4a28fe9bd65924f7c90623773daf1b0b\"},\"headline\":\"Recuperaci\u00f3n de playas en Caribe Mexicano iniciar\u00e1 en el a\u00f1o 2018\",\"datePublished\":\"2017-04-18T17:24:18+00:00\",\"dateModified\":\"2017-04-19T04:52:50+00:00\",\"mainEntityOfPage\":{\"@id\":\"https:\/\/nitu.mx\/index.php\/2017\/04\/18\/recuperacion-de-playas-en-caribe-mexicano-iniciara-en-el-ano-2018\/\"},\"wordCount\":343,\"commentCount\":0,\"publisher\":{\"@id\":\"https:\/\/nitu.mx\/#\/schema\/person\/ae7a53426417292d3dd07b45a33e01bc\"},\"image\":{\"@id\":\"https:\/\/nitu.mx\/index.php\/2017\/04\/18\/recuperacion-de-playas-en-caribe-mexicano-iniciara-en-el-ano-2018\/#primaryimage\"},\"thumbnailUrl\":\"https:\/\/nitu.mx\/wp-content\/uploads\/2017\/04\/Recuperaci\u00f3n-de-playas.jpg\",\"keywords\":[\"Asociaci\u00f3n de Hoteles de Canc\u00fan y Puerto Morelos\",\"Canc\u00fan\",\"Carlos Gosselin Maurel\",\"Carlos Joaqu\u00edn Gonz\u00e1lez\",\"Quintana Roo\",\"Rehabilitaci\u00f3n De Playas\",\"Secretar\u00eda de Turismo\"],\"articleSection\":[\"Destinos\",\"M\u00e9xico\"],\"inLanguage\":\"es-MX\",\"potentialAction\":[{\"@type\":\"CommentAction\",\"name\":\"Comment\",\"target\":[\"https:\/\/nitu.mx\/index.php\/2017\/04\/18\/recuperacion-de-playas-en-caribe-mexicano-iniciara-en-el-ano-2018\/#respond\"]}]},{\"@type\":\"WebPage\",\"@id\":\"https:\/\/nitu.mx\/index.php\/2017\/04\/18\/recuperacion-de-playas-en-caribe-mexicano-iniciara-en-el-ano-2018\/\",\"url\":\"https:\/\/nitu.mx\/index.php\/2017\/04\/18\/recuperacion-de-playas-en-caribe-mexicano-iniciara-en-el-ano-2018\/\",\"name\":\"Recuperaci\u00f3n de playas en Caribe Mexicano iniciar\u00e1 en el a\u00f1o 2018 - Nitu - Noticias de la Industria Turistica\",\"isPartOf\":{\"@id\":\"https:\/\/nitu.mx\/#website\"},\"primaryImageOfPage\":{\"@id\":\"https:\/\/nitu.mx\/index.php\/2017\/04\/18\/recuperacion-de-playas-en-caribe-mexicano-iniciara-en-el-ano-2018\/#primaryimage\"},\"image\":{\"@id\":\"https:\/\/nitu.mx\/index.php\/2017\/04\/18\/recuperacion-de-playas-en-caribe-mexicano-iniciara-en-el-ano-2018\/#primaryimage\"},\"thumbnailUrl\":\"https:\/\/nitu.mx\/wp-content\/uploads\/2017\/04\/Recuperaci\u00f3n-de-playas.jpg\",\"datePublished\":\"2017-04-18T17:24:18+00:00\",\"dateModified\":\"2017-04-19T04:52:50+00:00\",\"description\":\"Carlos Joaqu\u00edn Gonz\u00e1lez asegur\u00f3 que la recuperaci\u00f3n de playas se realizar\u00e1 a partir del 2018, ya que est\u00e1n trabajando en un esquema de financiamiento.\",\"breadcrumb\":{\"@id\":\"https:\/\/nitu.mx\/index.php\/2017\/04\/18\/recuperacion-de-playas-en-caribe-mexicano-iniciara-en-el-ano-2018\/#breadcrumb\"},\"inLanguage\":\"es-MX\",\"potentialAction\":[{\"@type\":\"ReadAction\",\"target\":[\"https:\/\/nitu.mx\/index.php\/2017\/04\/18\/recuperacion-de-playas-en-caribe-mexicano-iniciara-en-el-ano-2018\/\"]}]},{\"@type\":\"ImageObject\",\"inLanguage\":\"es-MX\",\"@id\":\"https:\/\/nitu.mx\/index.php\/2017\/04\/18\/recuperacion-de-playas-en-caribe-mexicano-iniciara-en-el-ano-2018\/#primaryimage\",\"url\":\"https:\/\/nitu.mx\/wp-content\/uploads\/2017\/04\/Recuperaci\u00f3n-de-playas.jpg\",\"contentUrl\":\"https:\/\/nitu.mx\/wp-content\/uploads\/2017\/04\/Recuperaci\u00f3n-de-playas.jpg\",\"width\":850,\"height\":480,\"caption\":\"playas presupuesto consumidores mexicanos PIB tur\u00edstico Concanaco\"},{\"@type\":\"BreadcrumbList\",\"@id\":\"https:\/\/nitu.mx\/index.php\/2017\/04\/18\/recuperacion-de-playas-en-caribe-mexicano-iniciara-en-el-ano-2018\/#breadcrumb\",\"itemListElement\":[{\"@type\":\"ListItem\",\"position\":1,\"name\":\"Inicio\",\"item\":\"https:\/\/nitu.mx\/\"},{\"@type\":\"ListItem\",\"position\":2,\"name\":\"Recuperaci\u00f3n de playas en Caribe Mexicano iniciar\u00e1 en el a\u00f1o 2018\"}]},{\"@type\":\"WebSite\",\"@id\":\"https:\/\/nitu.mx\/#website\",\"url\":\"https:\/\/nitu.mx\/\",\"name\":\"Nitu - Noticias de la Industria Turistica\",\"description\":\"Noticias de la Industria Turistica\",\"publisher\":{\"@id\":\"https:\/\/nitu.mx\/#\/schema\/person\/ae7a53426417292d3dd07b45a33e01bc\"},\"alternateName\":\"Noticias de la Industria Turistica\",\"potentialAction\":[{\"@type\":\"SearchAction\",\"target\":{\"@type\":\"EntryPoint\",\"urlTemplate\":\"https:\/\/nitu.mx\/?s={search_term_string}\"},\"query-input\":\"required name=search_term_string\"}],\"inLanguage\":\"es-MX\"},{\"@type\":[\"Person\",\"Organization\"],\"@id\":\"https:\/\/nitu.mx\/#\/schema\/person\/ae7a53426417292d3dd07b45a33e01bc\",\"name\":\"Arturo Medina\",\"image\":{\"@type\":\"ImageObject\",\"inLanguage\":\"es-MX\",\"@id\":\"https:\/\/nitu.mx\/#\/schema\/person\/image\/\",\"url\":\"https:\/\/nitu.mx\/wp-content\/uploads\/2024\/04\/4A315622-1904-4D5C-B022-878CDC840E04-90x90-1.jpeg\",\"contentUrl\":\"https:\/\/nitu.mx\/wp-content\/uploads\/2024\/04\/4A315622-1904-4D5C-B022-878CDC840E04-90x90-1.jpeg\",\"width\":90,\"height\":90,\"caption\":\"Arturo Medina\"},\"logo\":{\"@id\":\"https:\/\/nitu.mx\/#\/schema\/person\/image\/\"},\"description\":\"Director NITU.mx, Egresado de la Escuela de Periodismo Carlos Septi\u00e9n Garc\u00eda. Periodista y analista especializado en turismo desde hace 35 a\u00f1os, radicado en Canc\u00fan Q.Roo. arturo@nitu.mx\",\"sameAs\":[\"https:\/\/nitu.mx\",\"https:\/\/www.facebook.com\/NITUmx\/\",\"medinacancun\",\"https:\/\/twitter.com\/@Arturo_Medina_G\"]},{\"@type\":\"Person\",\"@id\":\"https:\/\/nitu.mx\/#\/schema\/person\/4a28fe9bd65924f7c90623773daf1b0b\",\"name\":\"Redacci\u00f3n\",\"image\":{\"@type\":\"ImageObject\",\"inLanguage\":\"es-MX\",\"@id\":\"https:\/\/nitu.mx\/#\/schema\/person\/image\/\",\"url\":\"https:\/\/secure.gravatar.com\/avatar\/5dd011c8ccfc5cd7e4c81e42252aab38?s=96&d=mm&r=g\",\"contentUrl\":\"https:\/\/secure.gravatar.com\/avatar\/5dd011c8ccfc5cd7e4c81e42252aab38?s=96&d=mm&r=g\",\"caption\":\"Redacci\u00f3n\"},\"url\":\"https:\/\/nitu.mx\/index.php\/author\/redaccion\/\"}]}<\/script>\n<!-- \/ Yoast SEO plugin. -->","yoast_head_json":{"title":"Recuperaci\u00f3n de playas en Caribe Mexicano iniciar\u00e1 en el a\u00f1o 2018 - Nitu - Noticias de la Industria Turistica","description":"Carlos Joaqu\u00edn Gonz\u00e1lez asegur\u00f3 que la recuperaci\u00f3n de playas se realizar\u00e1 a partir del 2018, ya que est\u00e1n trabajando en un esquema de financiamiento.","robots":{"index":"index","follow":"follow","max-snippet":"max-snippet:-1","max-image-preview":"max-image-preview:large","max-video-preview":"max-video-preview:-1"},"canonical":"https:\/\/nitu.mx\/index.php\/2017\/04\/18\/recuperacion-de-playas-en-caribe-mexicano-iniciara-en-el-ano-2018\/","twitter_card":"summary_large_image","twitter_title":"Recuperaci\u00f3n de playas en Caribe Mexicano iniciar\u00e1 en el a\u00f1o 2018 - Nitu - Noticias de la Industria Turistica","twitter_description":"Carlos Joaqu\u00edn Gonz\u00e1lez asegur\u00f3 que la recuperaci\u00f3n de playas se realizar\u00e1 a partir del 2018, ya que est\u00e1n trabajando en un esquema de financiamiento.","twitter_image":"https:\/\/nitu.mx\/wp-content\/uploads\/2017\/04\/Recuperaci\u00f3n-de-playas.jpg","twitter_creator":"@NITUmx","twitter_site":"@Arturo_Medina_G","twitter_misc":{"Escrito por":"Redacci\u00f3n","Tiempo de lectura":"2 minutos"},"schema":{"@context":"https:\/\/schema.org","@graph":[{"@type":"Article","@id":"https:\/\/nitu.mx\/index.php\/2017\/04\/18\/recuperacion-de-playas-en-caribe-mexicano-iniciara-en-el-ano-2018\/#article","isPartOf":{"@id":"https:\/\/nitu.mx\/index.php\/2017\/04\/18\/recuperacion-de-playas-en-caribe-mexicano-iniciara-en-el-ano-2018\/"},"author":{"name":"Redacci\u00f3n","@id":"https:\/\/nitu.mx\/#\/schema\/person\/4a28fe9bd65924f7c90623773daf1b0b"},"headline":"Recuperaci\u00f3n de playas en Caribe Mexicano iniciar\u00e1 en el a\u00f1o 2018","datePublished":"2017-04-18T17:24:18+00:00","dateModified":"2017-04-19T04:52:50+00:00","mainEntityOfPage":{"@id":"https:\/\/nitu.mx\/index.php\/2017\/04\/18\/recuperacion-de-playas-en-caribe-mexicano-iniciara-en-el-ano-2018\/"},"wordCount":343,"commentCount":0,"publisher":{"@id":"https:\/\/nitu.mx\/#\/schema\/person\/ae7a53426417292d3dd07b45a33e01bc"},"image":{"@id":"https:\/\/nitu.mx\/index.php\/2017\/04\/18\/recuperacion-de-playas-en-caribe-mexicano-iniciara-en-el-ano-2018\/#primaryimage"},"thumbnailUrl":"https:\/\/nitu.mx\/wp-content\/uploads\/2017\/04\/Recuperaci\u00f3n-de-playas.jpg","keywords":["Asociaci\u00f3n de Hoteles de Canc\u00fan y Puerto Morelos","Canc\u00fan","Carlos Gosselin Maurel","Carlos Joaqu\u00edn Gonz\u00e1lez","Quintana Roo","Rehabilitaci\u00f3n De Playas","Secretar\u00eda de Turismo"],"articleSection":["Destinos","M\u00e9xico"],"inLanguage":"es-MX","potentialAction":[{"@type":"CommentAction","name":"Comment","target":["https:\/\/nitu.mx\/index.php\/2017\/04\/18\/recuperacion-de-playas-en-caribe-mexicano-iniciara-en-el-ano-2018\/#respond"]}]},{"@type":"WebPage","@id":"https:\/\/nitu.mx\/index.php\/2017\/04\/18\/recuperacion-de-playas-en-caribe-mexicano-iniciara-en-el-ano-2018\/","url":"https:\/\/nitu.mx\/index.php\/2017\/04\/18\/recuperacion-de-playas-en-caribe-mexicano-iniciara-en-el-ano-2018\/","name":"Recuperaci\u00f3n de playas en Caribe Mexicano iniciar\u00e1 en el a\u00f1o 2018 - Nitu - Noticias de la Industria Turistica","isPartOf":{"@id":"https:\/\/nitu.mx\/#website"},"primaryImageOfPage":{"@id":"https:\/\/nitu.mx\/index.php\/2017\/04\/18\/recuperacion-de-playas-en-caribe-mexicano-iniciara-en-el-ano-2018\/#primaryimage"},"image":{"@id":"https:\/\/nitu.mx\/index.php\/2017\/04\/18\/recuperacion-de-playas-en-caribe-mexicano-iniciara-en-el-ano-2018\/#primaryimage"},"thumbnailUrl":"https:\/\/nitu.mx\/wp-content\/uploads\/2017\/04\/Recuperaci\u00f3n-de-playas.jpg","datePublished":"2017-04-18T17:24:18+00:00","dateModified":"2017-04-19T04:52:50+00:00","description":"Carlos Joaqu\u00edn Gonz\u00e1lez asegur\u00f3 que la recuperaci\u00f3n de playas se realizar\u00e1 a partir del 2018, ya que est\u00e1n trabajando en un esquema de financiamiento.","breadcrumb":{"@id":"https:\/\/nitu.mx\/index.php\/2017\/04\/18\/recuperacion-de-playas-en-caribe-mexicano-iniciara-en-el-ano-2018\/#breadcrumb"},"inLanguage":"es-MX","potentialAction":[{"@type":"ReadAction","target":["https:\/\/nitu.mx\/index.php\/2017\/04\/18\/recuperacion-de-playas-en-caribe-mexicano-iniciara-en-el-ano-2018\/"]}]},{"@type":"ImageObject","inLanguage":"es-MX","@id":"https:\/\/nitu.mx\/index.php\/2017\/04\/18\/recuperacion-de-playas-en-caribe-mexicano-iniciara-en-el-ano-2018\/#primaryimage","url":"https:\/\/nitu.mx\/wp-content\/uploads\/2017\/04\/Recuperaci\u00f3n-de-playas.jpg","contentUrl":"https:\/\/nitu.mx\/wp-content\/uploads\/2017\/04\/Recuperaci\u00f3n-de-playas.jpg","width":850,"height":480,"caption":"playas presupuesto consumidores mexicanos PIB tur\u00edstico Concanaco"},{"@type":"BreadcrumbList","@id":"https:\/\/nitu.mx\/index.php\/2017\/04\/18\/recuperacion-de-playas-en-caribe-mexicano-iniciara-en-el-ano-2018\/#breadcrumb","itemListElement":[{"@type":"ListItem","position":1,"name":"Inicio","item":"https:\/\/nitu.mx\/"},{"@type":"ListItem","position":2,"name":"Recuperaci\u00f3n de playas en Caribe Mexicano iniciar\u00e1 en el a\u00f1o 2018"}]},{"@type":"WebSite","@id":"https:\/\/nitu.mx\/#website","url":"https:\/\/nitu.mx\/","name":"Nitu - Noticias de la Industria Turistica","description":"Noticias de la Industria Turistica","publisher":{"@id":"https:\/\/nitu.mx\/#\/schema\/person\/ae7a53426417292d3dd07b45a33e01bc"},"alternateName":"Noticias de la Industria Turistica","potentialAction":[{"@type":"SearchAction","target":{"@type":"EntryPoint","urlTemplate":"https:\/\/nitu.mx\/?s={search_term_string}"},"query-input":"required name=search_term_string"}],"inLanguage":"es-MX"},{"@type":["Person","Organization"],"@id":"https:\/\/nitu.mx\/#\/schema\/person\/ae7a53426417292d3dd07b45a33e01bc","name":"Arturo Medina","image":{"@type":"ImageObject","inLanguage":"es-MX","@id":"https:\/\/nitu.mx\/#\/schema\/person\/image\/","url":"https:\/\/nitu.mx\/wp-content\/uploads\/2024\/04\/4A315622-1904-4D5C-B022-878CDC840E04-90x90-1.jpeg","contentUrl":"https:\/\/nitu.mx\/wp-content\/uploads\/2024\/04\/4A315622-1904-4D5C-B022-878CDC840E04-90x90-1.jpeg","width":90,"height":90,"caption":"Arturo Medina"},"logo":{"@id":"https:\/\/nitu.mx\/#\/schema\/person\/image\/"},"description":"Director NITU.mx, Egresado de la Escuela de Periodismo Carlos Septi\u00e9n Garc\u00eda. Periodista y analista especializado en turismo desde hace 35 a\u00f1os, radicado en Canc\u00fan Q.Roo. arturo@nitu.mx","sameAs":["https:\/\/nitu.mx","https:\/\/www.facebook.com\/NITUmx\/","medinacancun","https:\/\/twitter.com\/@Arturo_Medina_G"]},{"@type":"Person","@id":"https:\/\/nitu.mx\/#\/schema\/person\/4a28fe9bd65924f7c90623773daf1b0b","name":"Redacci\u00f3n","image":{"@type":"ImageObject","inLanguage":"es-MX","@id":"https:\/\/nitu.mx\/#\/schema\/person\/image\/","url":"https:\/\/secure.gravatar.com\/avatar\/5dd011c8ccfc5cd7e4c81e42252aab38?s=96&d=mm&r=g","contentUrl":"https:\/\/secure.gravatar.com\/avatar\/5dd011c8ccfc5cd7e4c81e42252aab38?s=96&d=mm&r=g","caption":"Redacci\u00f3n"},"url":"https:\/\/nitu.mx\/index.php\/author\/redaccion\/"}]}},"views":264,"_links":{"self":[{"href":"https:\/\/nitu.mx\/index.php\/wp-json\/wp\/v2\/posts\/8869"}],"collection":[{"href":"https:\/\/nitu.mx\/index.php\/wp-json\/wp\/v2\/posts"}],"about":[{"href":"https:\/\/nitu.mx\/index.php\/wp-json\/wp\/v2\/types\/post"}],"author":[{"embeddable":true,"href":"https:\/\/nitu.mx\/index.php\/wp-json\/wp\/v2\/users\/17"}],"replies":[{"embeddable":true,"href":"https:\/\/nitu.mx\/index.php\/wp-json\/wp\/v2\/comments?post=8869"}],"version-history":[{"count":6,"href":"https:\/\/nitu.mx\/index.php\/wp-json\/wp\/v2\/posts\/8869\/revisions"}],"predecessor-version":[{"id":8892,"href":"https:\/\/nitu.mx\/index.php\/wp-json\/wp\/v2\/posts\/8869\/revisions\/8892"}],"wp:featuredmedia":[{"embeddable":true,"href":"https:\/\/nitu.mx\/index.php\/wp-json\/wp\/v2\/media\/8890"}],"wp:attachment":[{"href":"https:\/\/nitu.mx\/index.php\/wp-json\/wp\/v2\/media?parent=8869"}],"wp:term":[{"taxonomy":"category","embeddable":true,"href":"https:\/\/nitu.mx\/index.php\/wp-json\/wp\/v2\/categories?post=8869"},{"taxonomy":"post_tag","embeddable":true,"href":"https:\/\/nitu.mx\/index.php\/wp-json\/wp\/v2\/tags?post=8869"}],"curies":[{"name":"wp","href":"https:\/\/api.w.org\/{rel}","templated":true}]}}