{"id":87468,"date":"2026-04-30T00:34:39","date_gmt":"2026-04-30T06:34:39","guid":{"rendered":"https:\/\/nitu.mx\/?p=87468"},"modified":"2026-04-30T00:34:40","modified_gmt":"2026-04-30T06:34:40","slug":"puebla-recibe-la-estafeta-del-tianguis-turistico-mexico-2027-y-se-premia-a-lo-mejor-del-sector","status":"publish","type":"post","link":"https:\/\/nitu.mx\/index.php\/2026\/04\/30\/puebla-recibe-la-estafeta-del-tianguis-turistico-mexico-2027-y-se-premia-a-lo-mejor-del-sector\/","title":{"rendered":"Puebla recibe la estafeta del Tianguis Tur\u00edstico M\u00e9xico 2027 y se premia a lo mejor del sector"},"content":{"rendered":"\n<p>La secretaria de Turismo del Gobierno de M\u00e9xico, Josefina Rodr\u00edguez Zamora, encabez\u00f3 el Pase de Estafeta del Tianguis Tur\u00edstico M\u00e9xico, mediante el cual el estado de Puebla recibi\u00f3 oficialmente la sede de este encuentro para su edici\u00f3n 2027.<\/p>\n\n\n\n<p>\u201cHoy Puebla recibe la estafeta del Tianguis Tur\u00edstico M\u00e9xico 2027, en un relevo que reconoce su capacidad, su infraestructura y su visi\u00f3n para seguir posicionando a nuestro pa\u00eds como una potencia tur\u00edstica a nivel global\u201d, declar\u00f3.<\/p>\n\n\n\n<p>Acompa\u00f1ada por la gobernadora de Guerrero, Evelyn Salgado Pineda, y el gobernador de Puebla, Alejandro Armenta Mier, la titular de la Secretar\u00eda de Turismo destac\u00f3 que este relevo consolida a Puebla como uno de los destinos estrat\u00e9gicos para el fortalecimiento del sector tur\u00edstico nacional.<\/p>\n\n\n\n<p>Explic\u00f3 que el estado fue elegido por su infraestructura, conectividad y amplia oferta de servicios tur\u00edsticos, elementos que permitir\u00e1n fortalecer el posicionamiento del Tianguis Tur\u00edstico como el principal escaparate de promoci\u00f3n de M\u00e9xico a nivel nacional e internacional.<\/p>\n\n\n\n<p>En este sentido, precis\u00f3 que, con la entrega formal de la estafeta por parte del Gobierno de Guerrero al Gobierno de Puebla, inician los trabajos de organizaci\u00f3n rumbo a la edici\u00f3n 2027, marcando una nueva etapa para este encuentro.<\/p>\n\n\n\n<p>Durante su participaci\u00f3n la gobernadora de Guerrero, Evelyn Salgado Pineda, destac\u00f3 que el Tianguis Tur\u00edstico M\u00e9xico 2026 represent\u00f3 una edici\u00f3n hist\u00f3rica para Acapulco, al consolidar su recuperaci\u00f3n y proyectarlo nuevamente como un destino competitivo a nivel nacional e internacional, tras el esfuerzo conjunto de los tres \u00f3rdenes de gobierno y el sector tur\u00edstico.<\/p>\n\n\n\n<p>\u201cEn esta edici\u00f3n mostramos un Acapulco renovado, con m\u00e1s de 17 mil habitaciones disponibles, con una nueva visi\u00f3n hacia el futuro, pero con la misma calidez y el mismo amor de nuestro pueblo que lo ha convertido en el mejor anfitri\u00f3n de M\u00e9xico\u201d, expres\u00f3.<\/p>\n\n\n\n<p>En su oportunidad el gobernador de Puebla, Alejandro Armenta Mier, resalt\u00f3 que la entidad recibe la estafeta con responsabilidad y entusiasmo, reconociendo el trabajo realizado por Guerrero en la organizaci\u00f3n del Tianguis Tur\u00edstico y reafirmando el compromiso de Puebla para dar continuidad a este encuentro con una visi\u00f3n incluyente y representativa de la riqueza cultural del pa\u00eds.<\/p>\n\n\n\n<p>Acompa\u00f1ado por la titular de Turismo de la entidad, Carla Lopez-Malo Villal\u00f3n, se\u00f1al\u00f3 que el estado se prepara para recibir a visitantes nacionales e internacionales, con el objetivo de mostrar la diversidad de sus destinos y fortalecer su posicionamiento en el sector tur\u00edstico.<\/p>\n\n\n\n<p>\u201cRecibimos esta estafeta con entusiasmo y agradecimiento, reconociendo el ejemplo de Guerrero. En Puebla les esperamos con los brazos abiertos; con amor y cari\u00f1o, porque Puebla es el latido de M\u00e9xico\u201d, expuso.<\/p>\n\n\n\n<p>En el mismo acto, la secretaria encabez\u00f3 la Gala de Premiaci\u00f3n a lo Mejor del Turismo Mexicano, donde afirm\u00f3 que este espacio permite reconocer lo que est\u00e1 funcionando en el sector y, al mismo tiempo, marcar el rumbo de su evoluci\u00f3n.<\/p>\n\n\n\n<p>En el marco del Tianguis Tur\u00edstico M\u00e9xico 2026, se llev\u00f3 a cabo la entrega del Reconocimiento a la Innovaci\u00f3n del Producto Tur\u00edstico Mexicano, de las Preseas al M\u00e9rito Tur\u00edstico y de los Premios a lo Mejor de M\u00e9xico, estos \u00faltimos presentados por la revista M\u00e9xico Desconocido.<\/p>\n\n\n\n<p>En el Reconocimiento a la Innovaci\u00f3n del Producto Tur\u00edstico Mexicano se distinguieron experiencias en distintos segmentos. En Turismo Cultural, Coahuila fue reconocido por la Ruta Vinos y Dinos; en Gastron\u00f3mico, Puebla por Surco Cocina de Sierra y Monta\u00f1a; en Bienestar, Guanajuato por Tierra Madre Hotel Boutique, y en Turismo Inclusivo, Quer\u00e9taro por Sentidos Vivos.<\/p>\n\n\n\n<p>En Turismo de Romance, Yucat\u00e1n destac\u00f3 con Cena y Noche Rom\u00e1ntica en Cenote San Ignacio; en Turismo de Aventura, Nayarit con Coasteering una Aventura en el Mar; en Turismo Comunitario, Yucat\u00e1n con el Parador Tur\u00edstico Yaxunah, y en Ecoturismo, San Luis Potos\u00ed con Salvemos Tamul.<\/p>\n\n\n\n<p>En segundo t\u00e9rmino, se entregaron las Preseas al M\u00e9rito Tur\u00edstico para reconocer iniciativas que destacan por su impacto social, formalidad y contribuci\u00f3n al desarrollo del sector. En Responsabilidad Social, se distingui\u00f3 a la Ciudad de M\u00e9xico con Colibr\u00ed Viajero; como Destino Consolidado con Mayor Cobertura de RNT, a Quintana Roo, y como Destino Emergente con Mayor Cobertura de RNT, a Yucat\u00e1n.<\/p>\n\n\n\n<p>En cuanto al crecimiento de hospedaje, Guerrero fue reconocido como Destino Consolidado y Tlaxcala como Destino Emergente. Por su parte, Grupo Xcaret recibi\u00f3 el reconocimiento a la Inversi\u00f3n Tur\u00edstica Sostenible, mientras que Quintana Roo, con Selva y Chicle, fue distinguido por su Experiencia Comunitaria Sustentable.<\/p>\n\n\n\n<p>Asimismo, Nayarit fue reconocido como la entidad con Mayor Inversi\u00f3n Tur\u00edstica; igualmente al estado de Tamaulipas como la entidad con M\u00e1s Proyectos de Inversi\u00f3n Tur\u00edstica, y Andrea Escobar Barrios por su trayectoria como gu\u00eda de turistas.<\/p>\n\n\n\n<p>Finalmente, los Premios a lo Mejor de M\u00e9xico celebraron aquellas experiencias que posicionan al pa\u00eds en la preferencia de las y los viajeros, desde playas y rutas hasta festivales, gastronom\u00eda, turismo de reuniones y experiencias en la naturaleza.<\/p>\n\n\n\n<p>Durante la ceremonia, tambi\u00e9n se rindi\u00f3 un emotivo homenaje a la artesana pur\u00e9pecha Rosa Liliana Pascual Bautista, de la comunidad de Ahuir\u00e1n, cuyo trabajo representa la riqueza cultural, la tradici\u00f3n viva y el talento de las comunidades originarias de M\u00e9xico, consolid\u00e1ndose como un ejemplo del valor del patrimonio vivo en la oferta tur\u00edstica nacional.<\/p>\n\n\n\n<p>\u201cEsta gala simboliza el compromiso de seguir elevando la calidad y calidez de la oferta tur\u00edstica nacional, al reconocer a quienes contribuyen a fortalecer la confianza en el pa\u00eds como destino\u201d, concluy\u00f3. (<a href=\"https:\/\/nitu.mx\/index.php\/2026\/04\/28\/acapulco-se-transforma-contigo-consolida-una-nueva-etapa-en-la-recuperacion-turistica-del-destino\/\">\u201cAcapulco se Transforma Contigo\u201d consolida una nueva etapa en la recuperaci\u00f3n tur\u00edstica del destino<\/a>).<\/p>\n","protected":false},"excerpt":{"rendered":"<p>La secretaria de Turismo del Gobierno de M\u00e9xico, Josefina Rodr\u00edguez Zamora, encabez\u00f3 el Pase de Estafeta del Tianguis Tur\u00edstico M\u00e9xico, mediante el cual el estado de Puebla recibi\u00f3 oficialmente la sede de este encuentro para su edici\u00f3n 2027. \u201cHoy Puebla recibe la estafeta del Tianguis Tur\u00edstico M\u00e9xico 2027, en un relevo que reconoce su capacidad, [&hellip;]<\/p>\n","protected":false},"author":17,"featured_media":87474,"comment_status":"closed","ping_status":"closed","sticky":false,"template":"","format":"standard","meta":{"footnotes":""},"categories":[5,23336],"tags":[40,27545,233,25659,62,93],"yoast_head":"<!-- This site is optimized with the Yoast SEO plugin v22.2 - https:\/\/yoast.com\/wordpress\/plugins\/seo\/ -->\n<title>Puebla recibe la estafeta del Tianguis Tur\u00edstico M\u00e9xico 2027 y se premia a lo mejor del sector - Nitu - Noticias de la Industria Turistica<\/title>\n<meta name=\"robots\" content=\"index, follow, max-snippet:-1, max-image-preview:large, max-video-preview:-1\" \/>\n<link rel=\"canonical\" href=\"https:\/\/nitu.mx\/index.php\/2026\/04\/30\/puebla-recibe-la-estafeta-del-tianguis-turistico-mexico-2027-y-se-premia-a-lo-mejor-del-sector\/\" \/>\n<meta name=\"twitter:card\" content=\"summary_large_image\" \/>\n<meta name=\"twitter:title\" content=\"Puebla recibe la estafeta del Tianguis Tur\u00edstico M\u00e9xico 2027 y se premia a lo mejor del sector - Nitu - Noticias de la Industria Turistica\" \/>\n<meta name=\"twitter:description\" content=\"La secretaria de Turismo del Gobierno de M\u00e9xico, Josefina Rodr\u00edguez Zamora, encabez\u00f3 el Pase de Estafeta del Tianguis Tur\u00edstico M\u00e9xico, mediante el cual el estado de Puebla recibi\u00f3 oficialmente la sede de este encuentro para su edici\u00f3n 2027. \u201cHoy Puebla recibe la estafeta del Tianguis Tur\u00edstico M\u00e9xico 2027, en un relevo que reconoce su capacidad, [&hellip;]\" \/>\n<meta name=\"twitter:image\" content=\"https:\/\/nitu.mx\/wp-content\/uploads\/2026\/04\/Tianguis-Turistico-estafeta-a-Puebla.jpg\" \/>\n<meta name=\"twitter:creator\" content=\"@NITUmx\" \/>\n<meta name=\"twitter:site\" content=\"@Arturo_Medina_G\" \/>\n<meta name=\"twitter:label1\" content=\"Escrito por\" \/>\n\t<meta name=\"twitter:data1\" content=\"Redacci\u00f3n\" \/>\n\t<meta name=\"twitter:label2\" content=\"Tiempo de lectura\" \/>\n\t<meta name=\"twitter:data2\" content=\"5 minutos\" \/>\n<script type=\"application\/ld+json\" class=\"yoast-schema-graph\">{\"@context\":\"https:\/\/schema.org\",\"@graph\":[{\"@type\":\"Article\",\"@id\":\"https:\/\/nitu.mx\/index.php\/2026\/04\/30\/puebla-recibe-la-estafeta-del-tianguis-turistico-mexico-2027-y-se-premia-a-lo-mejor-del-sector\/#article\",\"isPartOf\":{\"@id\":\"https:\/\/nitu.mx\/index.php\/2026\/04\/30\/puebla-recibe-la-estafeta-del-tianguis-turistico-mexico-2027-y-se-premia-a-lo-mejor-del-sector\/\"},\"author\":{\"name\":\"Redacci\u00f3n\",\"@id\":\"https:\/\/nitu.mx\/#\/schema\/person\/4a28fe9bd65924f7c90623773daf1b0b\"},\"headline\":\"Puebla recibe la estafeta del Tianguis Tur\u00edstico M\u00e9xico 2027 y se premia a lo mejor del sector\",\"datePublished\":\"2026-04-30T06:34:39+00:00\",\"dateModified\":\"2026-04-30T06:34:40+00:00\",\"mainEntityOfPage\":{\"@id\":\"https:\/\/nitu.mx\/index.php\/2026\/04\/30\/puebla-recibe-la-estafeta-del-tianguis-turistico-mexico-2027-y-se-premia-a-lo-mejor-del-sector\/\"},\"wordCount\":992,\"publisher\":{\"@id\":\"https:\/\/nitu.mx\/#\/schema\/person\/ae7a53426417292d3dd07b45a33e01bc\"},\"image\":{\"@id\":\"https:\/\/nitu.mx\/index.php\/2026\/04\/30\/puebla-recibe-la-estafeta-del-tianguis-turistico-mexico-2027-y-se-premia-a-lo-mejor-del-sector\/#primaryimage\"},\"thumbnailUrl\":\"https:\/\/nitu.mx\/wp-content\/uploads\/2026\/04\/Tianguis-Turistico-estafeta-a-Puebla.jpg\",\"keywords\":[\"Acapulco\",\"Carla L\u00f3pez-Malo\",\"Guerrero\",\"Josefina Rodr\u00edguez\",\"Puebla\",\"Sectur\"],\"articleSection\":[\"Destinos\",\"Tianguis Tur\u00edstico\"],\"inLanguage\":\"es-MX\"},{\"@type\":\"WebPage\",\"@id\":\"https:\/\/nitu.mx\/index.php\/2026\/04\/30\/puebla-recibe-la-estafeta-del-tianguis-turistico-mexico-2027-y-se-premia-a-lo-mejor-del-sector\/\",\"url\":\"https:\/\/nitu.mx\/index.php\/2026\/04\/30\/puebla-recibe-la-estafeta-del-tianguis-turistico-mexico-2027-y-se-premia-a-lo-mejor-del-sector\/\",\"name\":\"Puebla recibe la estafeta del Tianguis Tur\u00edstico M\u00e9xico 2027 y se premia a lo mejor del sector - Nitu - Noticias de la Industria Turistica\",\"isPartOf\":{\"@id\":\"https:\/\/nitu.mx\/#website\"},\"primaryImageOfPage\":{\"@id\":\"https:\/\/nitu.mx\/index.php\/2026\/04\/30\/puebla-recibe-la-estafeta-del-tianguis-turistico-mexico-2027-y-se-premia-a-lo-mejor-del-sector\/#primaryimage\"},\"image\":{\"@id\":\"https:\/\/nitu.mx\/index.php\/2026\/04\/30\/puebla-recibe-la-estafeta-del-tianguis-turistico-mexico-2027-y-se-premia-a-lo-mejor-del-sector\/#primaryimage\"},\"thumbnailUrl\":\"https:\/\/nitu.mx\/wp-content\/uploads\/2026\/04\/Tianguis-Turistico-estafeta-a-Puebla.jpg\",\"datePublished\":\"2026-04-30T06:34:39+00:00\",\"dateModified\":\"2026-04-30T06:34:40+00:00\",\"breadcrumb\":{\"@id\":\"https:\/\/nitu.mx\/index.php\/2026\/04\/30\/puebla-recibe-la-estafeta-del-tianguis-turistico-mexico-2027-y-se-premia-a-lo-mejor-del-sector\/#breadcrumb\"},\"inLanguage\":\"es-MX\",\"potentialAction\":[{\"@type\":\"ReadAction\",\"target\":[\"https:\/\/nitu.mx\/index.php\/2026\/04\/30\/puebla-recibe-la-estafeta-del-tianguis-turistico-mexico-2027-y-se-premia-a-lo-mejor-del-sector\/\"]}]},{\"@type\":\"ImageObject\",\"inLanguage\":\"es-MX\",\"@id\":\"https:\/\/nitu.mx\/index.php\/2026\/04\/30\/puebla-recibe-la-estafeta-del-tianguis-turistico-mexico-2027-y-se-premia-a-lo-mejor-del-sector\/#primaryimage\",\"url\":\"https:\/\/nitu.mx\/wp-content\/uploads\/2026\/04\/Tianguis-Turistico-estafeta-a-Puebla.jpg\",\"contentUrl\":\"https:\/\/nitu.mx\/wp-content\/uploads\/2026\/04\/Tianguis-Turistico-estafeta-a-Puebla.jpg\",\"width\":1200,\"height\":675,\"caption\":\"Tianguis Tur\u00edstico estafeta a Puebla\"},{\"@type\":\"BreadcrumbList\",\"@id\":\"https:\/\/nitu.mx\/index.php\/2026\/04\/30\/puebla-recibe-la-estafeta-del-tianguis-turistico-mexico-2027-y-se-premia-a-lo-mejor-del-sector\/#breadcrumb\",\"itemListElement\":[{\"@type\":\"ListItem\",\"position\":1,\"name\":\"Inicio\",\"item\":\"https:\/\/nitu.mx\/\"},{\"@type\":\"ListItem\",\"position\":2,\"name\":\"Puebla recibe la estafeta del Tianguis Tur\u00edstico M\u00e9xico 2027 y se premia a lo mejor del sector\"}]},{\"@type\":\"WebSite\",\"@id\":\"https:\/\/nitu.mx\/#website\",\"url\":\"https:\/\/nitu.mx\/\",\"name\":\"Nitu - Noticias de la Industria Turistica\",\"description\":\"Noticias de la Industria Turistica\",\"publisher\":{\"@id\":\"https:\/\/nitu.mx\/#\/schema\/person\/ae7a53426417292d3dd07b45a33e01bc\"},\"alternateName\":\"Noticias de la Industria Turistica\",\"potentialAction\":[{\"@type\":\"SearchAction\",\"target\":{\"@type\":\"EntryPoint\",\"urlTemplate\":\"https:\/\/nitu.mx\/?s={search_term_string}\"},\"query-input\":\"required name=search_term_string\"}],\"inLanguage\":\"es-MX\"},{\"@type\":[\"Person\",\"Organization\"],\"@id\":\"https:\/\/nitu.mx\/#\/schema\/person\/ae7a53426417292d3dd07b45a33e01bc\",\"name\":\"Arturo Medina\",\"image\":{\"@type\":\"ImageObject\",\"inLanguage\":\"es-MX\",\"@id\":\"https:\/\/nitu.mx\/#\/schema\/person\/image\/\",\"url\":\"https:\/\/nitu.mx\/wp-content\/uploads\/2024\/04\/4A315622-1904-4D5C-B022-878CDC840E04-90x90-1.jpeg\",\"contentUrl\":\"https:\/\/nitu.mx\/wp-content\/uploads\/2024\/04\/4A315622-1904-4D5C-B022-878CDC840E04-90x90-1.jpeg\",\"width\":90,\"height\":90,\"caption\":\"Arturo Medina\"},\"logo\":{\"@id\":\"https:\/\/nitu.mx\/#\/schema\/person\/image\/\"},\"description\":\"Director NITU.mx, Egresado de la Escuela de Periodismo Carlos Septi\u00e9n Garc\u00eda. Periodista y analista especializado en turismo desde hace 35 a\u00f1os, radicado en Canc\u00fan Q.Roo. arturo@nitu.mx\",\"sameAs\":[\"https:\/\/nitu.mx\",\"https:\/\/www.facebook.com\/NITUmx\/\",\"medinacancun\",\"https:\/\/twitter.com\/@Arturo_Medina_G\"]},{\"@type\":\"Person\",\"@id\":\"https:\/\/nitu.mx\/#\/schema\/person\/4a28fe9bd65924f7c90623773daf1b0b\",\"name\":\"Redacci\u00f3n\",\"image\":{\"@type\":\"ImageObject\",\"inLanguage\":\"es-MX\",\"@id\":\"https:\/\/nitu.mx\/#\/schema\/person\/image\/\",\"url\":\"https:\/\/secure.gravatar.com\/avatar\/5dd011c8ccfc5cd7e4c81e42252aab38?s=96&d=mm&r=g\",\"contentUrl\":\"https:\/\/secure.gravatar.com\/avatar\/5dd011c8ccfc5cd7e4c81e42252aab38?s=96&d=mm&r=g\",\"caption\":\"Redacci\u00f3n\"},\"url\":\"https:\/\/nitu.mx\/index.php\/author\/redaccion\/\"}]}<\/script>\n<!-- \/ Yoast SEO plugin. -->","yoast_head_json":{"title":"Puebla recibe la estafeta del Tianguis Tur\u00edstico M\u00e9xico 2027 y se premia a lo mejor del sector - Nitu - Noticias de la Industria Turistica","robots":{"index":"index","follow":"follow","max-snippet":"max-snippet:-1","max-image-preview":"max-image-preview:large","max-video-preview":"max-video-preview:-1"},"canonical":"https:\/\/nitu.mx\/index.php\/2026\/04\/30\/puebla-recibe-la-estafeta-del-tianguis-turistico-mexico-2027-y-se-premia-a-lo-mejor-del-sector\/","twitter_card":"summary_large_image","twitter_title":"Puebla recibe la estafeta del Tianguis Tur\u00edstico M\u00e9xico 2027 y se premia a lo mejor del sector - Nitu - Noticias de la Industria Turistica","twitter_description":"La secretaria de Turismo del Gobierno de M\u00e9xico, Josefina Rodr\u00edguez Zamora, encabez\u00f3 el Pase de Estafeta del Tianguis Tur\u00edstico M\u00e9xico, mediante el cual el estado de Puebla recibi\u00f3 oficialmente la sede de este encuentro para su edici\u00f3n 2027. \u201cHoy Puebla recibe la estafeta del Tianguis Tur\u00edstico M\u00e9xico 2027, en un relevo que reconoce su capacidad, [&hellip;]","twitter_image":"https:\/\/nitu.mx\/wp-content\/uploads\/2026\/04\/Tianguis-Turistico-estafeta-a-Puebla.jpg","twitter_creator":"@NITUmx","twitter_site":"@Arturo_Medina_G","twitter_misc":{"Escrito por":"Redacci\u00f3n","Tiempo de lectura":"5 minutos"},"schema":{"@context":"https:\/\/schema.org","@graph":[{"@type":"Article","@id":"https:\/\/nitu.mx\/index.php\/2026\/04\/30\/puebla-recibe-la-estafeta-del-tianguis-turistico-mexico-2027-y-se-premia-a-lo-mejor-del-sector\/#article","isPartOf":{"@id":"https:\/\/nitu.mx\/index.php\/2026\/04\/30\/puebla-recibe-la-estafeta-del-tianguis-turistico-mexico-2027-y-se-premia-a-lo-mejor-del-sector\/"},"author":{"name":"Redacci\u00f3n","@id":"https:\/\/nitu.mx\/#\/schema\/person\/4a28fe9bd65924f7c90623773daf1b0b"},"headline":"Puebla recibe la estafeta del Tianguis Tur\u00edstico M\u00e9xico 2027 y se premia a lo mejor del sector","datePublished":"2026-04-30T06:34:39+00:00","dateModified":"2026-04-30T06:34:40+00:00","mainEntityOfPage":{"@id":"https:\/\/nitu.mx\/index.php\/2026\/04\/30\/puebla-recibe-la-estafeta-del-tianguis-turistico-mexico-2027-y-se-premia-a-lo-mejor-del-sector\/"},"wordCount":992,"publisher":{"@id":"https:\/\/nitu.mx\/#\/schema\/person\/ae7a53426417292d3dd07b45a33e01bc"},"image":{"@id":"https:\/\/nitu.mx\/index.php\/2026\/04\/30\/puebla-recibe-la-estafeta-del-tianguis-turistico-mexico-2027-y-se-premia-a-lo-mejor-del-sector\/#primaryimage"},"thumbnailUrl":"https:\/\/nitu.mx\/wp-content\/uploads\/2026\/04\/Tianguis-Turistico-estafeta-a-Puebla.jpg","keywords":["Acapulco","Carla L\u00f3pez-Malo","Guerrero","Josefina Rodr\u00edguez","Puebla","Sectur"],"articleSection":["Destinos","Tianguis Tur\u00edstico"],"inLanguage":"es-MX"},{"@type":"WebPage","@id":"https:\/\/nitu.mx\/index.php\/2026\/04\/30\/puebla-recibe-la-estafeta-del-tianguis-turistico-mexico-2027-y-se-premia-a-lo-mejor-del-sector\/","url":"https:\/\/nitu.mx\/index.php\/2026\/04\/30\/puebla-recibe-la-estafeta-del-tianguis-turistico-mexico-2027-y-se-premia-a-lo-mejor-del-sector\/","name":"Puebla recibe la estafeta del Tianguis Tur\u00edstico M\u00e9xico 2027 y se premia a lo mejor del sector - Nitu - Noticias de la Industria Turistica","isPartOf":{"@id":"https:\/\/nitu.mx\/#website"},"primaryImageOfPage":{"@id":"https:\/\/nitu.mx\/index.php\/2026\/04\/30\/puebla-recibe-la-estafeta-del-tianguis-turistico-mexico-2027-y-se-premia-a-lo-mejor-del-sector\/#primaryimage"},"image":{"@id":"https:\/\/nitu.mx\/index.php\/2026\/04\/30\/puebla-recibe-la-estafeta-del-tianguis-turistico-mexico-2027-y-se-premia-a-lo-mejor-del-sector\/#primaryimage"},"thumbnailUrl":"https:\/\/nitu.mx\/wp-content\/uploads\/2026\/04\/Tianguis-Turistico-estafeta-a-Puebla.jpg","datePublished":"2026-04-30T06:34:39+00:00","dateModified":"2026-04-30T06:34:40+00:00","breadcrumb":{"@id":"https:\/\/nitu.mx\/index.php\/2026\/04\/30\/puebla-recibe-la-estafeta-del-tianguis-turistico-mexico-2027-y-se-premia-a-lo-mejor-del-sector\/#breadcrumb"},"inLanguage":"es-MX","potentialAction":[{"@type":"ReadAction","target":["https:\/\/nitu.mx\/index.php\/2026\/04\/30\/puebla-recibe-la-estafeta-del-tianguis-turistico-mexico-2027-y-se-premia-a-lo-mejor-del-sector\/"]}]},{"@type":"ImageObject","inLanguage":"es-MX","@id":"https:\/\/nitu.mx\/index.php\/2026\/04\/30\/puebla-recibe-la-estafeta-del-tianguis-turistico-mexico-2027-y-se-premia-a-lo-mejor-del-sector\/#primaryimage","url":"https:\/\/nitu.mx\/wp-content\/uploads\/2026\/04\/Tianguis-Turistico-estafeta-a-Puebla.jpg","contentUrl":"https:\/\/nitu.mx\/wp-content\/uploads\/2026\/04\/Tianguis-Turistico-estafeta-a-Puebla.jpg","width":1200,"height":675,"caption":"Tianguis Tur\u00edstico estafeta a Puebla"},{"@type":"BreadcrumbList","@id":"https:\/\/nitu.mx\/index.php\/2026\/04\/30\/puebla-recibe-la-estafeta-del-tianguis-turistico-mexico-2027-y-se-premia-a-lo-mejor-del-sector\/#breadcrumb","itemListElement":[{"@type":"ListItem","position":1,"name":"Inicio","item":"https:\/\/nitu.mx\/"},{"@type":"ListItem","position":2,"name":"Puebla recibe la estafeta del Tianguis Tur\u00edstico M\u00e9xico 2027 y se premia a lo mejor del sector"}]},{"@type":"WebSite","@id":"https:\/\/nitu.mx\/#website","url":"https:\/\/nitu.mx\/","name":"Nitu - Noticias de la Industria Turistica","description":"Noticias de la Industria Turistica","publisher":{"@id":"https:\/\/nitu.mx\/#\/schema\/person\/ae7a53426417292d3dd07b45a33e01bc"},"alternateName":"Noticias de la Industria Turistica","potentialAction":[{"@type":"SearchAction","target":{"@type":"EntryPoint","urlTemplate":"https:\/\/nitu.mx\/?s={search_term_string}"},"query-input":"required name=search_term_string"}],"inLanguage":"es-MX"},{"@type":["Person","Organization"],"@id":"https:\/\/nitu.mx\/#\/schema\/person\/ae7a53426417292d3dd07b45a33e01bc","name":"Arturo Medina","image":{"@type":"ImageObject","inLanguage":"es-MX","@id":"https:\/\/nitu.mx\/#\/schema\/person\/image\/","url":"https:\/\/nitu.mx\/wp-content\/uploads\/2024\/04\/4A315622-1904-4D5C-B022-878CDC840E04-90x90-1.jpeg","contentUrl":"https:\/\/nitu.mx\/wp-content\/uploads\/2024\/04\/4A315622-1904-4D5C-B022-878CDC840E04-90x90-1.jpeg","width":90,"height":90,"caption":"Arturo Medina"},"logo":{"@id":"https:\/\/nitu.mx\/#\/schema\/person\/image\/"},"description":"Director NITU.mx, Egresado de la Escuela de Periodismo Carlos Septi\u00e9n Garc\u00eda. Periodista y analista especializado en turismo desde hace 35 a\u00f1os, radicado en Canc\u00fan Q.Roo. arturo@nitu.mx","sameAs":["https:\/\/nitu.mx","https:\/\/www.facebook.com\/NITUmx\/","medinacancun","https:\/\/twitter.com\/@Arturo_Medina_G"]},{"@type":"Person","@id":"https:\/\/nitu.mx\/#\/schema\/person\/4a28fe9bd65924f7c90623773daf1b0b","name":"Redacci\u00f3n","image":{"@type":"ImageObject","inLanguage":"es-MX","@id":"https:\/\/nitu.mx\/#\/schema\/person\/image\/","url":"https:\/\/secure.gravatar.com\/avatar\/5dd011c8ccfc5cd7e4c81e42252aab38?s=96&d=mm&r=g","contentUrl":"https:\/\/secure.gravatar.com\/avatar\/5dd011c8ccfc5cd7e4c81e42252aab38?s=96&d=mm&r=g","caption":"Redacci\u00f3n"},"url":"https:\/\/nitu.mx\/index.php\/author\/redaccion\/"}]}},"views":59,"_links":{"self":[{"href":"https:\/\/nitu.mx\/index.php\/wp-json\/wp\/v2\/posts\/87468"}],"collection":[{"href":"https:\/\/nitu.mx\/index.php\/wp-json\/wp\/v2\/posts"}],"about":[{"href":"https:\/\/nitu.mx\/index.php\/wp-json\/wp\/v2\/types\/post"}],"author":[{"embeddable":true,"href":"https:\/\/nitu.mx\/index.php\/wp-json\/wp\/v2\/users\/17"}],"replies":[{"embeddable":true,"href":"https:\/\/nitu.mx\/index.php\/wp-json\/wp\/v2\/comments?post=87468"}],"version-history":[{"count":1,"href":"https:\/\/nitu.mx\/index.php\/wp-json\/wp\/v2\/posts\/87468\/revisions"}],"predecessor-version":[{"id":87470,"href":"https:\/\/nitu.mx\/index.php\/wp-json\/wp\/v2\/posts\/87468\/revisions\/87470"}],"wp:featuredmedia":[{"embeddable":true,"href":"https:\/\/nitu.mx\/index.php\/wp-json\/wp\/v2\/media\/87474"}],"wp:attachment":[{"href":"https:\/\/nitu.mx\/index.php\/wp-json\/wp\/v2\/media?parent=87468"}],"wp:term":[{"taxonomy":"category","embeddable":true,"href":"https:\/\/nitu.mx\/index.php\/wp-json\/wp\/v2\/categories?post=87468"},{"taxonomy":"post_tag","embeddable":true,"href":"https:\/\/nitu.mx\/index.php\/wp-json\/wp\/v2\/tags?post=87468"}],"curies":[{"name":"wp","href":"https:\/\/api.w.org\/{rel}","templated":true}]}}