{"id":87454,"date":"2026-04-30T00:27:38","date_gmt":"2026-04-30T06:27:38","guid":{"rendered":"https:\/\/nitu.mx\/?p=87454"},"modified":"2026-04-30T00:32:30","modified_gmt":"2026-04-30T06:32:30","slug":"sustainable-social-tourism-summit-sera-del-31-de-agosto-al-2-de-septiembre-en-ciudad-de-mexico","status":"publish","type":"post","link":"https:\/\/nitu.mx\/index.php\/2026\/04\/30\/sustainable-social-tourism-summit-sera-del-31-de-agosto-al-2-de-septiembre-en-ciudad-de-mexico\/","title":{"rendered":"Sustainable &#038; Social Tourism Summit ser\u00e1 del 31 de agosto al 2 de septiembre en Ciudad de M\u00e9xico"},"content":{"rendered":"\n<p>En el marco de la 50\u00aa edici\u00f3n del Tianguis Tur\u00edstico M\u00e9xico 2026, se dio a conocer que del 31 de agosto al 2 de septiembre 2026 se realizar\u00e1 la 10\u00aa edici\u00f3n de Sustainable &amp; Social Tourism Summit, en la Ciudad de M\u00e9xico, con el apoyo del Fideicomiso de Promoci\u00f3n Turistica de la Ciudad de M\u00e9xico. <\/p>\n\n\n\n<p>Fernando Mandri Bellot, presidente del comit\u00e9 organizador de SUMMIT, dio a conocer que el lema de la 10\u00aa edici\u00f3n es \u201cTecnolog\u00eda y Sostenibilidad\u201d. Coment\u00f3 que desde la primera edici\u00f3n del evento, la inquietud fue la de invitar a los prestadores de servicios tur\u00edsticos y a toda la cadena de valor para implementar la sostenibilidad como una forma de trabajo, que cada organizaci\u00f3n trabajara con directrices de sostenibilidad ya que sabemos que para que la sostenibilidad funcione, se debe trabajar de manera transversal en toda la organizaci\u00f3n. <\/p>\n\n\n\n<p>Mandri Bellot indic\u00f3 que en la 10\u00aa edici\u00f3n del evento, se har\u00e1 una reflexi\u00f3n con avances, logros y retos de lo que ha pasado en estos a\u00f1os, que habr\u00e1 conferencias magistrales, paneles, talleres y como cada a\u00f1o, se acercar\u00e1 a los ponentes con los asistentes lo que permitir\u00e1 tener un contacto mas directo entre ellos y que habr\u00e1 espacios para networking que es muy valorado por los asistentes.<\/p>\n\n\n\n<p>Asimismo, menci\u00f3n\u00f3 que, en el marco del programa t\u00e9cnico del SUMMIT, Francisco M. Pastor de CIFAL, M\u00e1laga \u2013 UNITAR, impartir\u00e1 el curso para profesionales \u201cTurismo comunitario como motor de desarrollo sostenible\u201d, que est\u00e1 avalado por esa organizaci\u00f3n. Record\u00f3 que SUMMIT, es un evento de profesionales para profesionales con un enfoque pr\u00e1ctico y din\u00e1mico que pretende implementar a trav\u00e9s de buenas pr\u00e1cticas, herramientas y soluciones de sostenibilidad en empresas, gobiernos y destinos. <\/p>\n\n\n\n<p>Indic\u00f3 que desde el SUMMIT \u201cse continuar\u00e1 trabajando creando espacios para seguir implementando la sostenibilidad como una obligaci\u00f3n no solo en el sector turismo sino en todas las actividades que hacemos en el d\u00eda a d\u00eda\u201d Adicionalmente coment\u00f3 que la convocatoria a la 5\u00aa edici\u00f3n del Premio al turismo sostenible y social est\u00e1 abierta y cerrar\u00e1 el pr\u00f3ximo 15 de junio. <\/p>\n\n\n\n<p>Los ganadores del Premio como en cada edici\u00f3n, participar\u00e1n en un conversatorio en donde platicar\u00e1n sobre sus experiencias en el desarrollo e implementaci\u00f3n de sus proyectos. Se\u00f1al\u00f3 que el programa t\u00e9cnico continuar\u00e1 marcando tendencia en temas globales relacionados con la sostenibilidad, la solidaridad y la responsabilidad social. <\/p>\n\n\n\n<p>Por su parte, Alberto L\u00f3pez, Gerente General del Instituto Costarricense de Turismo, anfitri\u00f3n del SUMMIT 2025, indic\u00f3 que se plantea un reto importante para ser sostenibles y resilientes para estar alineados a la agenda de la ONU Turismo y que mejor que el SUMMIT, que es el evento referente a nivel Iberoamericano para tratar estos temas. <\/p>\n\n\n\n<p>Asimismo, coment\u00f3 que Costa Rica continuar\u00e1 apoyando al SUMMIT con diferentes acciones para seguir participando de manera muy activa. <\/p>\n\n\n\n<p>A su vez, Carlos Mart\u00ednez Vel\u00e1zquez, Director General Fondo Mixto de Promoci\u00f3n Tur\u00edstica de la Ciudad de M\u00e9xico, se\u00f1al\u00f3 que para la Ciudad de M\u00e9xico es un gusto ser la sede del evento de turismo sostenible y social ya que los temas, forman parte de la agenda del gobierno de la Ciudad. <\/p>\n\n\n\n<p>Indic\u00f3 que la Ciudad de M\u00e9xico lanz\u00f3 el Dec\u00e1logo de Eventos Sustentables y se presentar\u00e1 la Certificaci\u00f3n de Eventos Sustentables Ciudad de M\u00e9xico en el marco de la 10\u00aa edici\u00f3n de SUMMIT, lo que permitir\u00e1 medir claramente la huella de carbono que tiene el turismo de negocios y hacer acciones de mitigaci\u00f3n. <\/p>\n\n\n\n<p>\u201cLa Ciudad de M\u00e9xico se prepara para tener una agenda de sustentabilidad, con pol\u00edticas p\u00fablicas concretas con metas claras y entre ellos est\u00e1 la incorporaci\u00f3n de eventos como una oportunidad de transferencia de conocimientos para que los actores de la Ciudad de M\u00e9xico se relacionen con otros actores de otras partes del mundo y que como Ciudad, aprendamos mejores pr\u00e1cticas y mejorar las pol\u00edticas p\u00fablicas\u201d. Fernando Mandri invit\u00f3 al sector tur\u00edstico de Iberoam\u00e9rica a participar en la 10\u00aa edici\u00f3n del SUMMIT. (<a href=\"https:\/\/nitu.mx\/index.php\/2026\/03\/25\/el-sustainable-social-tourism-summit-lanza-la-5a-edicion-del-premio-al-turismo-sostenible-y-social\/\">El Sustainable &amp; Social Tourism Summit lanza la 5\u00aa edici\u00f3n del Premio al Turismo Sostenible y Social<\/a>).<\/p>\n","protected":false},"excerpt":{"rendered":"<p>En el marco de la 50\u00aa edici\u00f3n del Tianguis Tur\u00edstico M\u00e9xico 2026, se dio a conocer que del 31 de agosto al 2 de septiembre 2026 se realizar\u00e1 la 10\u00aa edici\u00f3n de Sustainable &amp; Social Tourism Summit, en la Ciudad de M\u00e9xico, con el apoyo del Fideicomiso de Promoci\u00f3n Turistica de la Ciudad de M\u00e9xico. [&hellip;]<\/p>\n","protected":false},"author":17,"featured_media":87473,"comment_status":"closed","ping_status":"closed","sticky":false,"template":"","format":"standard","meta":{"footnotes":""},"categories":[23427],"tags":[125,13685,3499,7650],"yoast_head":"<!-- This site is optimized with the Yoast SEO plugin v22.2 - https:\/\/yoast.com\/wordpress\/plugins\/seo\/ -->\n<title>Sustainable &amp; Social Tourism Summit ser\u00e1 del 31 de agosto al 2 de septiembre en Ciudad de M\u00e9xico - Nitu - Noticias de la Industria Turistica<\/title>\n<meta name=\"robots\" content=\"index, follow, max-snippet:-1, max-image-preview:large, max-video-preview:-1\" \/>\n<link rel=\"canonical\" href=\"https:\/\/nitu.mx\/index.php\/2026\/04\/30\/sustainable-social-tourism-summit-sera-del-31-de-agosto-al-2-de-septiembre-en-ciudad-de-mexico\/\" \/>\n<meta name=\"twitter:card\" content=\"summary_large_image\" \/>\n<meta name=\"twitter:title\" content=\"Sustainable &amp; Social Tourism Summit ser\u00e1 del 31 de agosto al 2 de septiembre en Ciudad de M\u00e9xico - Nitu - Noticias de la Industria Turistica\" \/>\n<meta name=\"twitter:description\" content=\"En el marco de la 50\u00aa edici\u00f3n del Tianguis Tur\u00edstico M\u00e9xico 2026, se dio a conocer que del 31 de agosto al 2 de septiembre 2026 se realizar\u00e1 la 10\u00aa edici\u00f3n de Sustainable &amp; Social Tourism Summit, en la Ciudad de M\u00e9xico, con el apoyo del Fideicomiso de Promoci\u00f3n Turistica de la Ciudad de M\u00e9xico. [&hellip;]\" \/>\n<meta name=\"twitter:image\" content=\"https:\/\/nitu.mx\/wp-content\/uploads\/2026\/04\/SUSTAINABLE.jpg\" \/>\n<meta name=\"twitter:creator\" content=\"@NITUmx\" \/>\n<meta name=\"twitter:site\" content=\"@Arturo_Medina_G\" \/>\n<meta name=\"twitter:label1\" content=\"Escrito por\" \/>\n\t<meta name=\"twitter:data1\" content=\"Redacci\u00f3n\" \/>\n\t<meta name=\"twitter:label2\" content=\"Tiempo de lectura\" \/>\n\t<meta name=\"twitter:data2\" content=\"4 minutos\" \/>\n<script type=\"application\/ld+json\" class=\"yoast-schema-graph\">{\"@context\":\"https:\/\/schema.org\",\"@graph\":[{\"@type\":\"Article\",\"@id\":\"https:\/\/nitu.mx\/index.php\/2026\/04\/30\/sustainable-social-tourism-summit-sera-del-31-de-agosto-al-2-de-septiembre-en-ciudad-de-mexico\/#article\",\"isPartOf\":{\"@id\":\"https:\/\/nitu.mx\/index.php\/2026\/04\/30\/sustainable-social-tourism-summit-sera-del-31-de-agosto-al-2-de-septiembre-en-ciudad-de-mexico\/\"},\"author\":{\"name\":\"Redacci\u00f3n\",\"@id\":\"https:\/\/nitu.mx\/#\/schema\/person\/4a28fe9bd65924f7c90623773daf1b0b\"},\"headline\":\"Sustainable &#038; Social Tourism Summit ser\u00e1 del 31 de agosto al 2 de septiembre en Ciudad de M\u00e9xico\",\"datePublished\":\"2026-04-30T06:27:38+00:00\",\"dateModified\":\"2026-04-30T06:32:30+00:00\",\"mainEntityOfPage\":{\"@id\":\"https:\/\/nitu.mx\/index.php\/2026\/04\/30\/sustainable-social-tourism-summit-sera-del-31-de-agosto-al-2-de-septiembre-en-ciudad-de-mexico\/\"},\"wordCount\":729,\"publisher\":{\"@id\":\"https:\/\/nitu.mx\/#\/schema\/person\/ae7a53426417292d3dd07b45a33e01bc\"},\"image\":{\"@id\":\"https:\/\/nitu.mx\/index.php\/2026\/04\/30\/sustainable-social-tourism-summit-sera-del-31-de-agosto-al-2-de-septiembre-en-ciudad-de-mexico\/#primaryimage\"},\"thumbnailUrl\":\"https:\/\/nitu.mx\/wp-content\/uploads\/2026\/04\/SUSTAINABLE.jpg\",\"keywords\":[\"Ciudad de M\u00e9xico\",\"Fernando Mandri\",\"Sustainable &amp; Social Tourism Summit\",\"sustentabilidad\"],\"articleSection\":[\"Medio Ambiente\"],\"inLanguage\":\"es-MX\"},{\"@type\":\"WebPage\",\"@id\":\"https:\/\/nitu.mx\/index.php\/2026\/04\/30\/sustainable-social-tourism-summit-sera-del-31-de-agosto-al-2-de-septiembre-en-ciudad-de-mexico\/\",\"url\":\"https:\/\/nitu.mx\/index.php\/2026\/04\/30\/sustainable-social-tourism-summit-sera-del-31-de-agosto-al-2-de-septiembre-en-ciudad-de-mexico\/\",\"name\":\"Sustainable & Social Tourism Summit ser\u00e1 del 31 de agosto al 2 de septiembre en Ciudad de M\u00e9xico - Nitu - Noticias de la Industria Turistica\",\"isPartOf\":{\"@id\":\"https:\/\/nitu.mx\/#website\"},\"primaryImageOfPage\":{\"@id\":\"https:\/\/nitu.mx\/index.php\/2026\/04\/30\/sustainable-social-tourism-summit-sera-del-31-de-agosto-al-2-de-septiembre-en-ciudad-de-mexico\/#primaryimage\"},\"image\":{\"@id\":\"https:\/\/nitu.mx\/index.php\/2026\/04\/30\/sustainable-social-tourism-summit-sera-del-31-de-agosto-al-2-de-septiembre-en-ciudad-de-mexico\/#primaryimage\"},\"thumbnailUrl\":\"https:\/\/nitu.mx\/wp-content\/uploads\/2026\/04\/SUSTAINABLE.jpg\",\"datePublished\":\"2026-04-30T06:27:38+00:00\",\"dateModified\":\"2026-04-30T06:32:30+00:00\",\"breadcrumb\":{\"@id\":\"https:\/\/nitu.mx\/index.php\/2026\/04\/30\/sustainable-social-tourism-summit-sera-del-31-de-agosto-al-2-de-septiembre-en-ciudad-de-mexico\/#breadcrumb\"},\"inLanguage\":\"es-MX\",\"potentialAction\":[{\"@type\":\"ReadAction\",\"target\":[\"https:\/\/nitu.mx\/index.php\/2026\/04\/30\/sustainable-social-tourism-summit-sera-del-31-de-agosto-al-2-de-septiembre-en-ciudad-de-mexico\/\"]}]},{\"@type\":\"ImageObject\",\"inLanguage\":\"es-MX\",\"@id\":\"https:\/\/nitu.mx\/index.php\/2026\/04\/30\/sustainable-social-tourism-summit-sera-del-31-de-agosto-al-2-de-septiembre-en-ciudad-de-mexico\/#primaryimage\",\"url\":\"https:\/\/nitu.mx\/wp-content\/uploads\/2026\/04\/SUSTAINABLE.jpg\",\"contentUrl\":\"https:\/\/nitu.mx\/wp-content\/uploads\/2026\/04\/SUSTAINABLE.jpg\",\"width\":1200,\"height\":675,\"caption\":\"SUSTAINABLE\"},{\"@type\":\"BreadcrumbList\",\"@id\":\"https:\/\/nitu.mx\/index.php\/2026\/04\/30\/sustainable-social-tourism-summit-sera-del-31-de-agosto-al-2-de-septiembre-en-ciudad-de-mexico\/#breadcrumb\",\"itemListElement\":[{\"@type\":\"ListItem\",\"position\":1,\"name\":\"Inicio\",\"item\":\"https:\/\/nitu.mx\/\"},{\"@type\":\"ListItem\",\"position\":2,\"name\":\"Sustainable &#038; Social Tourism Summit ser\u00e1 del 31 de agosto al 2 de septiembre en Ciudad de M\u00e9xico\"}]},{\"@type\":\"WebSite\",\"@id\":\"https:\/\/nitu.mx\/#website\",\"url\":\"https:\/\/nitu.mx\/\",\"name\":\"Nitu - Noticias de la Industria Turistica\",\"description\":\"Noticias de la Industria Turistica\",\"publisher\":{\"@id\":\"https:\/\/nitu.mx\/#\/schema\/person\/ae7a53426417292d3dd07b45a33e01bc\"},\"alternateName\":\"Noticias de la Industria Turistica\",\"potentialAction\":[{\"@type\":\"SearchAction\",\"target\":{\"@type\":\"EntryPoint\",\"urlTemplate\":\"https:\/\/nitu.mx\/?s={search_term_string}\"},\"query-input\":\"required name=search_term_string\"}],\"inLanguage\":\"es-MX\"},{\"@type\":[\"Person\",\"Organization\"],\"@id\":\"https:\/\/nitu.mx\/#\/schema\/person\/ae7a53426417292d3dd07b45a33e01bc\",\"name\":\"Arturo Medina\",\"image\":{\"@type\":\"ImageObject\",\"inLanguage\":\"es-MX\",\"@id\":\"https:\/\/nitu.mx\/#\/schema\/person\/image\/\",\"url\":\"https:\/\/nitu.mx\/wp-content\/uploads\/2024\/04\/4A315622-1904-4D5C-B022-878CDC840E04-90x90-1.jpeg\",\"contentUrl\":\"https:\/\/nitu.mx\/wp-content\/uploads\/2024\/04\/4A315622-1904-4D5C-B022-878CDC840E04-90x90-1.jpeg\",\"width\":90,\"height\":90,\"caption\":\"Arturo Medina\"},\"logo\":{\"@id\":\"https:\/\/nitu.mx\/#\/schema\/person\/image\/\"},\"description\":\"Director NITU.mx, Egresado de la Escuela de Periodismo Carlos Septi\u00e9n Garc\u00eda. Periodista y analista especializado en turismo desde hace 35 a\u00f1os, radicado en Canc\u00fan Q.Roo. arturo@nitu.mx\",\"sameAs\":[\"https:\/\/nitu.mx\",\"https:\/\/www.facebook.com\/NITUmx\/\",\"medinacancun\",\"https:\/\/twitter.com\/@Arturo_Medina_G\"]},{\"@type\":\"Person\",\"@id\":\"https:\/\/nitu.mx\/#\/schema\/person\/4a28fe9bd65924f7c90623773daf1b0b\",\"name\":\"Redacci\u00f3n\",\"image\":{\"@type\":\"ImageObject\",\"inLanguage\":\"es-MX\",\"@id\":\"https:\/\/nitu.mx\/#\/schema\/person\/image\/\",\"url\":\"https:\/\/secure.gravatar.com\/avatar\/5dd011c8ccfc5cd7e4c81e42252aab38?s=96&d=mm&r=g\",\"contentUrl\":\"https:\/\/secure.gravatar.com\/avatar\/5dd011c8ccfc5cd7e4c81e42252aab38?s=96&d=mm&r=g\",\"caption\":\"Redacci\u00f3n\"},\"url\":\"https:\/\/nitu.mx\/index.php\/author\/redaccion\/\"}]}<\/script>\n<!-- \/ Yoast SEO plugin. -->","yoast_head_json":{"title":"Sustainable & Social Tourism Summit ser\u00e1 del 31 de agosto al 2 de septiembre en Ciudad de M\u00e9xico - Nitu - Noticias de la Industria Turistica","robots":{"index":"index","follow":"follow","max-snippet":"max-snippet:-1","max-image-preview":"max-image-preview:large","max-video-preview":"max-video-preview:-1"},"canonical":"https:\/\/nitu.mx\/index.php\/2026\/04\/30\/sustainable-social-tourism-summit-sera-del-31-de-agosto-al-2-de-septiembre-en-ciudad-de-mexico\/","twitter_card":"summary_large_image","twitter_title":"Sustainable & Social Tourism Summit ser\u00e1 del 31 de agosto al 2 de septiembre en Ciudad de M\u00e9xico - Nitu - Noticias de la Industria Turistica","twitter_description":"En el marco de la 50\u00aa edici\u00f3n del Tianguis Tur\u00edstico M\u00e9xico 2026, se dio a conocer que del 31 de agosto al 2 de septiembre 2026 se realizar\u00e1 la 10\u00aa edici\u00f3n de Sustainable &amp; Social Tourism Summit, en la Ciudad de M\u00e9xico, con el apoyo del Fideicomiso de Promoci\u00f3n Turistica de la Ciudad de M\u00e9xico. [&hellip;]","twitter_image":"https:\/\/nitu.mx\/wp-content\/uploads\/2026\/04\/SUSTAINABLE.jpg","twitter_creator":"@NITUmx","twitter_site":"@Arturo_Medina_G","twitter_misc":{"Escrito por":"Redacci\u00f3n","Tiempo de lectura":"4 minutos"},"schema":{"@context":"https:\/\/schema.org","@graph":[{"@type":"Article","@id":"https:\/\/nitu.mx\/index.php\/2026\/04\/30\/sustainable-social-tourism-summit-sera-del-31-de-agosto-al-2-de-septiembre-en-ciudad-de-mexico\/#article","isPartOf":{"@id":"https:\/\/nitu.mx\/index.php\/2026\/04\/30\/sustainable-social-tourism-summit-sera-del-31-de-agosto-al-2-de-septiembre-en-ciudad-de-mexico\/"},"author":{"name":"Redacci\u00f3n","@id":"https:\/\/nitu.mx\/#\/schema\/person\/4a28fe9bd65924f7c90623773daf1b0b"},"headline":"Sustainable &#038; Social Tourism Summit ser\u00e1 del 31 de agosto al 2 de septiembre en Ciudad de M\u00e9xico","datePublished":"2026-04-30T06:27:38+00:00","dateModified":"2026-04-30T06:32:30+00:00","mainEntityOfPage":{"@id":"https:\/\/nitu.mx\/index.php\/2026\/04\/30\/sustainable-social-tourism-summit-sera-del-31-de-agosto-al-2-de-septiembre-en-ciudad-de-mexico\/"},"wordCount":729,"publisher":{"@id":"https:\/\/nitu.mx\/#\/schema\/person\/ae7a53426417292d3dd07b45a33e01bc"},"image":{"@id":"https:\/\/nitu.mx\/index.php\/2026\/04\/30\/sustainable-social-tourism-summit-sera-del-31-de-agosto-al-2-de-septiembre-en-ciudad-de-mexico\/#primaryimage"},"thumbnailUrl":"https:\/\/nitu.mx\/wp-content\/uploads\/2026\/04\/SUSTAINABLE.jpg","keywords":["Ciudad de M\u00e9xico","Fernando Mandri","Sustainable &amp; Social Tourism Summit","sustentabilidad"],"articleSection":["Medio Ambiente"],"inLanguage":"es-MX"},{"@type":"WebPage","@id":"https:\/\/nitu.mx\/index.php\/2026\/04\/30\/sustainable-social-tourism-summit-sera-del-31-de-agosto-al-2-de-septiembre-en-ciudad-de-mexico\/","url":"https:\/\/nitu.mx\/index.php\/2026\/04\/30\/sustainable-social-tourism-summit-sera-del-31-de-agosto-al-2-de-septiembre-en-ciudad-de-mexico\/","name":"Sustainable & Social Tourism Summit ser\u00e1 del 31 de agosto al 2 de septiembre en Ciudad de M\u00e9xico - Nitu - Noticias de la Industria Turistica","isPartOf":{"@id":"https:\/\/nitu.mx\/#website"},"primaryImageOfPage":{"@id":"https:\/\/nitu.mx\/index.php\/2026\/04\/30\/sustainable-social-tourism-summit-sera-del-31-de-agosto-al-2-de-septiembre-en-ciudad-de-mexico\/#primaryimage"},"image":{"@id":"https:\/\/nitu.mx\/index.php\/2026\/04\/30\/sustainable-social-tourism-summit-sera-del-31-de-agosto-al-2-de-septiembre-en-ciudad-de-mexico\/#primaryimage"},"thumbnailUrl":"https:\/\/nitu.mx\/wp-content\/uploads\/2026\/04\/SUSTAINABLE.jpg","datePublished":"2026-04-30T06:27:38+00:00","dateModified":"2026-04-30T06:32:30+00:00","breadcrumb":{"@id":"https:\/\/nitu.mx\/index.php\/2026\/04\/30\/sustainable-social-tourism-summit-sera-del-31-de-agosto-al-2-de-septiembre-en-ciudad-de-mexico\/#breadcrumb"},"inLanguage":"es-MX","potentialAction":[{"@type":"ReadAction","target":["https:\/\/nitu.mx\/index.php\/2026\/04\/30\/sustainable-social-tourism-summit-sera-del-31-de-agosto-al-2-de-septiembre-en-ciudad-de-mexico\/"]}]},{"@type":"ImageObject","inLanguage":"es-MX","@id":"https:\/\/nitu.mx\/index.php\/2026\/04\/30\/sustainable-social-tourism-summit-sera-del-31-de-agosto-al-2-de-septiembre-en-ciudad-de-mexico\/#primaryimage","url":"https:\/\/nitu.mx\/wp-content\/uploads\/2026\/04\/SUSTAINABLE.jpg","contentUrl":"https:\/\/nitu.mx\/wp-content\/uploads\/2026\/04\/SUSTAINABLE.jpg","width":1200,"height":675,"caption":"SUSTAINABLE"},{"@type":"BreadcrumbList","@id":"https:\/\/nitu.mx\/index.php\/2026\/04\/30\/sustainable-social-tourism-summit-sera-del-31-de-agosto-al-2-de-septiembre-en-ciudad-de-mexico\/#breadcrumb","itemListElement":[{"@type":"ListItem","position":1,"name":"Inicio","item":"https:\/\/nitu.mx\/"},{"@type":"ListItem","position":2,"name":"Sustainable &#038; Social Tourism Summit ser\u00e1 del 31 de agosto al 2 de septiembre en Ciudad de M\u00e9xico"}]},{"@type":"WebSite","@id":"https:\/\/nitu.mx\/#website","url":"https:\/\/nitu.mx\/","name":"Nitu - Noticias de la Industria Turistica","description":"Noticias de la Industria Turistica","publisher":{"@id":"https:\/\/nitu.mx\/#\/schema\/person\/ae7a53426417292d3dd07b45a33e01bc"},"alternateName":"Noticias de la Industria Turistica","potentialAction":[{"@type":"SearchAction","target":{"@type":"EntryPoint","urlTemplate":"https:\/\/nitu.mx\/?s={search_term_string}"},"query-input":"required name=search_term_string"}],"inLanguage":"es-MX"},{"@type":["Person","Organization"],"@id":"https:\/\/nitu.mx\/#\/schema\/person\/ae7a53426417292d3dd07b45a33e01bc","name":"Arturo Medina","image":{"@type":"ImageObject","inLanguage":"es-MX","@id":"https:\/\/nitu.mx\/#\/schema\/person\/image\/","url":"https:\/\/nitu.mx\/wp-content\/uploads\/2024\/04\/4A315622-1904-4D5C-B022-878CDC840E04-90x90-1.jpeg","contentUrl":"https:\/\/nitu.mx\/wp-content\/uploads\/2024\/04\/4A315622-1904-4D5C-B022-878CDC840E04-90x90-1.jpeg","width":90,"height":90,"caption":"Arturo Medina"},"logo":{"@id":"https:\/\/nitu.mx\/#\/schema\/person\/image\/"},"description":"Director NITU.mx, Egresado de la Escuela de Periodismo Carlos Septi\u00e9n Garc\u00eda. Periodista y analista especializado en turismo desde hace 35 a\u00f1os, radicado en Canc\u00fan Q.Roo. arturo@nitu.mx","sameAs":["https:\/\/nitu.mx","https:\/\/www.facebook.com\/NITUmx\/","medinacancun","https:\/\/twitter.com\/@Arturo_Medina_G"]},{"@type":"Person","@id":"https:\/\/nitu.mx\/#\/schema\/person\/4a28fe9bd65924f7c90623773daf1b0b","name":"Redacci\u00f3n","image":{"@type":"ImageObject","inLanguage":"es-MX","@id":"https:\/\/nitu.mx\/#\/schema\/person\/image\/","url":"https:\/\/secure.gravatar.com\/avatar\/5dd011c8ccfc5cd7e4c81e42252aab38?s=96&d=mm&r=g","contentUrl":"https:\/\/secure.gravatar.com\/avatar\/5dd011c8ccfc5cd7e4c81e42252aab38?s=96&d=mm&r=g","caption":"Redacci\u00f3n"},"url":"https:\/\/nitu.mx\/index.php\/author\/redaccion\/"}]}},"views":56,"_links":{"self":[{"href":"https:\/\/nitu.mx\/index.php\/wp-json\/wp\/v2\/posts\/87454"}],"collection":[{"href":"https:\/\/nitu.mx\/index.php\/wp-json\/wp\/v2\/posts"}],"about":[{"href":"https:\/\/nitu.mx\/index.php\/wp-json\/wp\/v2\/types\/post"}],"author":[{"embeddable":true,"href":"https:\/\/nitu.mx\/index.php\/wp-json\/wp\/v2\/users\/17"}],"replies":[{"embeddable":true,"href":"https:\/\/nitu.mx\/index.php\/wp-json\/wp\/v2\/comments?post=87454"}],"version-history":[{"count":2,"href":"https:\/\/nitu.mx\/index.php\/wp-json\/wp\/v2\/posts\/87454\/revisions"}],"predecessor-version":[{"id":87458,"href":"https:\/\/nitu.mx\/index.php\/wp-json\/wp\/v2\/posts\/87454\/revisions\/87458"}],"wp:featuredmedia":[{"embeddable":true,"href":"https:\/\/nitu.mx\/index.php\/wp-json\/wp\/v2\/media\/87473"}],"wp:attachment":[{"href":"https:\/\/nitu.mx\/index.php\/wp-json\/wp\/v2\/media?parent=87454"}],"wp:term":[{"taxonomy":"category","embeddable":true,"href":"https:\/\/nitu.mx\/index.php\/wp-json\/wp\/v2\/categories?post=87454"},{"taxonomy":"post_tag","embeddable":true,"href":"https:\/\/nitu.mx\/index.php\/wp-json\/wp\/v2\/tags?post=87454"}],"curies":[{"name":"wp","href":"https:\/\/api.w.org\/{rel}","templated":true}]}}