{"id":87450,"date":"2026-04-30T00:05:36","date_gmt":"2026-04-30T06:05:36","guid":{"rendered":"https:\/\/nitu.mx\/?p=87450"},"modified":"2026-04-30T00:05:36","modified_gmt":"2026-04-30T06:05:36","slug":"colombia-hace-historia-como-primer-pais-invitado-en-el-tianguis-turistico-de-mexico","status":"publish","type":"post","link":"https:\/\/nitu.mx\/index.php\/2026\/04\/30\/colombia-hace-historia-como-primer-pais-invitado-en-el-tianguis-turistico-de-mexico\/","title":{"rendered":"Colombia hace historia como primer Pa\u00eds Invitado en el Tianguis Tur\u00edstico de M\u00e9xico"},"content":{"rendered":"\n<p>En el marco del Tianguis Tur\u00edstico de M\u00e9xico, la secretaria de Turismo del Gobierno de M\u00e9xico, Josefina Rodr\u00edguez Zamora, encabez\u00f3 la conferencia de prensa \u201cColombia, Pa\u00eds Invitado\u201d, donde destac\u00f3 este hecho como un momento hist\u00f3rico para el encuentro m\u00e1s importante del turismo en nuestro pa\u00eds, al incorporar por primera vez la figura de un Pa\u00eds Invitado.<\/p>\n\n\n\n<p>Acompa\u00f1ada por el viceministro de Turismo de Colombia, Juan Sebasti\u00e1n S\u00e1nchez, y por el director de oficina comercial Procolombia en M\u00e9xico, Mateo G\u00f3mez, la titular de la Secretar\u00eda de Turismo (Sectur) se\u00f1al\u00f3 que esta nueva etapa representa un punto de inflexi\u00f3n en la evoluci\u00f3n del Tianguis y fortalece su car\u00e1cter internacional.<\/p>\n\n\n\n<p>\u201cColombia est\u00e1 haciendo historia al convertirse en el primer pa\u00eds invitado del Tianguis Tur\u00edstico, marcando un parteaguas en la evoluci\u00f3n de este encuentro hacia una plataforma de alcance internacional\u201d, afirm\u00f3.<\/p>\n\n\n\n<p>La titular de la Secretar\u00eda de Turismo (Sectur) destac\u00f3 la profunda conexi\u00f3n cultural entre ambos pa\u00edses y el potencial de crecimiento en materia tur\u00edstica, al recordar que Colombia es actualmente el quinto mercado emisor internacional de turistas hacia M\u00e9xico y el de mayor crecimiento en 2026, con un incremento del 18 por ciento en llegadas a\u00e9reas durante el primer bimestre del a\u00f1o. En ese sentido, reiter\u00f3 la meta de posicionarlo como el tercer mercado emisor m\u00e1s importante.<\/p>\n\n\n\n<p>\u201cSomos pa\u00edses hermanos, con muchas cosas en com\u00fan: la alegr\u00eda, la hospitalidad y la calidad en el servicio. Adem\u00e1s, existe un gran aprecio por M\u00e9xico en Colombia, lo que abre importantes oportunidades para fortalecer el intercambio tur\u00edstico\u201d, expres\u00f3.<\/p>\n\n\n\n<p>Record\u00f3 que esta relaci\u00f3n bilateral se ha consolidado a partir de acciones concretas, como la participaci\u00f3n de M\u00e9xico como pa\u00eds invitado en la Vitrina Tur\u00edstica de ANATO 2026, donde se cont\u00f3 con el pabell\u00f3n m\u00e1s grande de la feria, as\u00ed como el fortalecimiento de la conectividad a\u00e9rea, que actualmente suma 12 rutas directas entre ambos pa\u00edses, incluyendo nuevas conexiones desde el Aeropuerto Internacional Felipe \u00c1ngeles hacia Cartagena y Medell\u00edn.<\/p>\n\n\n\n<p>Asimismo, destac\u00f3 los avances en materia de facilitaci\u00f3n migratoria, con la implementaci\u00f3n de mecanismos m\u00e1s \u00e1giles para el ingreso de turistas colombianos a M\u00e9xico, lo que ha permitido reducir los rechazos y mejorar la experiencia de viaje.<\/p>\n\n\n\n<p>En este contexto, Rodr\u00edguez Zamora hizo un llamado a consolidar a Am\u00e9rica Latina como una regi\u00f3n m\u00e1s integrada y competitiva en el turismo global. \u201cTenemos que fortalecer Am\u00e9rica Latina; somos una regi\u00f3n con una enorme riqueza tur\u00edstica\u201d, afirm\u00f3.<\/p>\n\n\n\n<p>Celebr\u00f3 la participaci\u00f3n de Colombia como pa\u00eds invitado y reiter\u00f3 la importancia de dar continuidad a esta colaboraci\u00f3n en futuras ediciones del Tianguis Tur\u00edstico. \u201cQue esta sea la primera de muchas participaciones; Colombia lleg\u00f3 para quedarse\u201d, concluy\u00f3.<\/p>\n\n\n\n<p>En su oportunidad, el viceministro de Turismo de Colombia, Juan Sebasti\u00e1n S\u00e1nchez, destac\u00f3 que su pa\u00eds vive una transformaci\u00f3n estructural en la que el turismo ha pasado de ser un sector complementario a consolidarse como uno de los principales motores de su econom\u00eda, bajo el liderazgo del presidente Gustavo Petro y de la ministra de Comercio, Industria y Turismo, Diana Morales.<\/p>\n\n\n\n<p>\u201cHoy Colombia est\u00e1 apostando decididamente por el turismo como eje de desarrollo. Entre 2022 y 2026 hemos recibido m\u00e1s de 22.5 millones de visitantes no residentes, tan solo en 2025 cerca de 6 millones, y alcanzamos m\u00e1s de 31 mil millones de d\u00f3lares en exportaciones de servicios tur\u00edsticos al tercer trimestre de ese a\u00f1o, superando por primera vez sectores tradicionales como el carb\u00f3n y el caf\u00e9\u201d, se\u00f1al\u00f3.<\/p>\n\n\n\n<p>Subray\u00f3 adem\u00e1s que la relaci\u00f3n tur\u00edstica con M\u00e9xico atraviesa uno de sus mejores momentos, con m\u00e1s de 400 mil visitantes y m\u00e1s de 120 frecuencias a\u00e9reas semanales entre ambos pa\u00edses, lo que consolida uno de los flujos tur\u00edsticos m\u00e1s din\u00e1micos de Am\u00e9rica Latina.<\/p>\n\n\n\n<p>\u201cPor eso, estar hoy en el Tianguis Tur\u00edstico es clave: es el escenario ideal para fortalecer esta relaci\u00f3n, abrir nuevas oportunidades y proyectar juntos el crecimiento tur\u00edstico de nuestra regi\u00f3n\u201d, expuso. <a href=\"https:\/\/nitu.mx\/index.php\/2026\/03\/22\/tianguis-turistico-mexico-se-abre-por-primera-vez-a-destinos-internacionales\/\">(Tianguis Tur\u00edstico M\u00e9xico se abre por primera vez a destinos internacionales<\/a>).<\/p>\n","protected":false},"excerpt":{"rendered":"<p>En el marco del Tianguis Tur\u00edstico de M\u00e9xico, la secretaria de Turismo del Gobierno de M\u00e9xico, Josefina Rodr\u00edguez Zamora, encabez\u00f3 la conferencia de prensa \u201cColombia, Pa\u00eds Invitado\u201d, donde destac\u00f3 este hecho como un momento hist\u00f3rico para el encuentro m\u00e1s importante del turismo en nuestro pa\u00eds, al incorporar por primera vez la figura de un Pa\u00eds [&hellip;]<\/p>\n","protected":false},"author":17,"featured_media":87453,"comment_status":"closed","ping_status":"closed","sticky":false,"template":"","format":"standard","meta":{"footnotes":""},"categories":[23336],"tags":[3365,224,25659,28133,93],"yoast_head":"<!-- This site is optimized with the Yoast SEO plugin v22.2 - https:\/\/yoast.com\/wordpress\/plugins\/seo\/ -->\n<title>Colombia hace historia como primer Pa\u00eds Invitado en el Tianguis Tur\u00edstico de M\u00e9xico - Nitu - Noticias de la Industria Turistica<\/title>\n<meta name=\"robots\" content=\"index, follow, max-snippet:-1, max-image-preview:large, max-video-preview:-1\" \/>\n<link rel=\"canonical\" href=\"https:\/\/nitu.mx\/index.php\/2026\/04\/30\/colombia-hace-historia-como-primer-pais-invitado-en-el-tianguis-turistico-de-mexico\/\" \/>\n<meta name=\"twitter:card\" content=\"summary_large_image\" \/>\n<meta name=\"twitter:title\" content=\"Colombia hace historia como primer Pa\u00eds Invitado en el Tianguis Tur\u00edstico de M\u00e9xico - Nitu - Noticias de la Industria Turistica\" \/>\n<meta name=\"twitter:description\" content=\"En el marco del Tianguis Tur\u00edstico de M\u00e9xico, la secretaria de Turismo del Gobierno de M\u00e9xico, Josefina Rodr\u00edguez Zamora, encabez\u00f3 la conferencia de prensa \u201cColombia, Pa\u00eds Invitado\u201d, donde destac\u00f3 este hecho como un momento hist\u00f3rico para el encuentro m\u00e1s importante del turismo en nuestro pa\u00eds, al incorporar por primera vez la figura de un Pa\u00eds [&hellip;]\" \/>\n<meta name=\"twitter:image\" content=\"https:\/\/nitu.mx\/wp-content\/uploads\/2026\/04\/Colombia-en-Tianguis-Turistico-2026.jpg\" \/>\n<meta name=\"twitter:creator\" content=\"@NITUmx\" \/>\n<meta name=\"twitter:site\" content=\"@Arturo_Medina_G\" \/>\n<meta name=\"twitter:label1\" content=\"Escrito por\" \/>\n\t<meta name=\"twitter:data1\" content=\"Redacci\u00f3n\" \/>\n\t<meta name=\"twitter:label2\" content=\"Tiempo de lectura\" \/>\n\t<meta name=\"twitter:data2\" content=\"4 minutos\" \/>\n<script type=\"application\/ld+json\" class=\"yoast-schema-graph\">{\"@context\":\"https:\/\/schema.org\",\"@graph\":[{\"@type\":\"Article\",\"@id\":\"https:\/\/nitu.mx\/index.php\/2026\/04\/30\/colombia-hace-historia-como-primer-pais-invitado-en-el-tianguis-turistico-de-mexico\/#article\",\"isPartOf\":{\"@id\":\"https:\/\/nitu.mx\/index.php\/2026\/04\/30\/colombia-hace-historia-como-primer-pais-invitado-en-el-tianguis-turistico-de-mexico\/\"},\"author\":{\"name\":\"Redacci\u00f3n\",\"@id\":\"https:\/\/nitu.mx\/#\/schema\/person\/4a28fe9bd65924f7c90623773daf1b0b\"},\"headline\":\"Colombia hace historia como primer Pa\u00eds Invitado en el Tianguis Tur\u00edstico de M\u00e9xico\",\"datePublished\":\"2026-04-30T06:05:36+00:00\",\"dateModified\":\"2026-04-30T06:05:36+00:00\",\"mainEntityOfPage\":{\"@id\":\"https:\/\/nitu.mx\/index.php\/2026\/04\/30\/colombia-hace-historia-como-primer-pais-invitado-en-el-tianguis-turistico-de-mexico\/\"},\"wordCount\":741,\"publisher\":{\"@id\":\"https:\/\/nitu.mx\/#\/schema\/person\/ae7a53426417292d3dd07b45a33e01bc\"},\"image\":{\"@id\":\"https:\/\/nitu.mx\/index.php\/2026\/04\/30\/colombia-hace-historia-como-primer-pais-invitado-en-el-tianguis-turistico-de-mexico\/#primaryimage\"},\"thumbnailUrl\":\"https:\/\/nitu.mx\/wp-content\/uploads\/2026\/04\/Colombia-en-Tianguis-Turistico-2026.jpg\",\"keywords\":[\"ANATO\",\"Colombia\",\"Josefina Rodr\u00edguez\",\"Juan Sebasti\u00e1n S\u00e1nchez\",\"Sectur\"],\"articleSection\":[\"Tianguis Tur\u00edstico\"],\"inLanguage\":\"es-MX\"},{\"@type\":\"WebPage\",\"@id\":\"https:\/\/nitu.mx\/index.php\/2026\/04\/30\/colombia-hace-historia-como-primer-pais-invitado-en-el-tianguis-turistico-de-mexico\/\",\"url\":\"https:\/\/nitu.mx\/index.php\/2026\/04\/30\/colombia-hace-historia-como-primer-pais-invitado-en-el-tianguis-turistico-de-mexico\/\",\"name\":\"Colombia hace historia como primer Pa\u00eds Invitado en el Tianguis Tur\u00edstico de M\u00e9xico - Nitu - Noticias de la Industria Turistica\",\"isPartOf\":{\"@id\":\"https:\/\/nitu.mx\/#website\"},\"primaryImageOfPage\":{\"@id\":\"https:\/\/nitu.mx\/index.php\/2026\/04\/30\/colombia-hace-historia-como-primer-pais-invitado-en-el-tianguis-turistico-de-mexico\/#primaryimage\"},\"image\":{\"@id\":\"https:\/\/nitu.mx\/index.php\/2026\/04\/30\/colombia-hace-historia-como-primer-pais-invitado-en-el-tianguis-turistico-de-mexico\/#primaryimage\"},\"thumbnailUrl\":\"https:\/\/nitu.mx\/wp-content\/uploads\/2026\/04\/Colombia-en-Tianguis-Turistico-2026.jpg\",\"datePublished\":\"2026-04-30T06:05:36+00:00\",\"dateModified\":\"2026-04-30T06:05:36+00:00\",\"breadcrumb\":{\"@id\":\"https:\/\/nitu.mx\/index.php\/2026\/04\/30\/colombia-hace-historia-como-primer-pais-invitado-en-el-tianguis-turistico-de-mexico\/#breadcrumb\"},\"inLanguage\":\"es-MX\",\"potentialAction\":[{\"@type\":\"ReadAction\",\"target\":[\"https:\/\/nitu.mx\/index.php\/2026\/04\/30\/colombia-hace-historia-como-primer-pais-invitado-en-el-tianguis-turistico-de-mexico\/\"]}]},{\"@type\":\"ImageObject\",\"inLanguage\":\"es-MX\",\"@id\":\"https:\/\/nitu.mx\/index.php\/2026\/04\/30\/colombia-hace-historia-como-primer-pais-invitado-en-el-tianguis-turistico-de-mexico\/#primaryimage\",\"url\":\"https:\/\/nitu.mx\/wp-content\/uploads\/2026\/04\/Colombia-en-Tianguis-Turistico-2026.jpg\",\"contentUrl\":\"https:\/\/nitu.mx\/wp-content\/uploads\/2026\/04\/Colombia-en-Tianguis-Turistico-2026.jpg\",\"width\":1200,\"height\":675,\"caption\":\"Colombia en Tianguis Tur\u00edstico 2026\"},{\"@type\":\"BreadcrumbList\",\"@id\":\"https:\/\/nitu.mx\/index.php\/2026\/04\/30\/colombia-hace-historia-como-primer-pais-invitado-en-el-tianguis-turistico-de-mexico\/#breadcrumb\",\"itemListElement\":[{\"@type\":\"ListItem\",\"position\":1,\"name\":\"Inicio\",\"item\":\"https:\/\/nitu.mx\/\"},{\"@type\":\"ListItem\",\"position\":2,\"name\":\"Colombia hace historia como primer Pa\u00eds Invitado en el Tianguis Tur\u00edstico de M\u00e9xico\"}]},{\"@type\":\"WebSite\",\"@id\":\"https:\/\/nitu.mx\/#website\",\"url\":\"https:\/\/nitu.mx\/\",\"name\":\"Nitu - Noticias de la Industria Turistica\",\"description\":\"Noticias de la Industria Turistica\",\"publisher\":{\"@id\":\"https:\/\/nitu.mx\/#\/schema\/person\/ae7a53426417292d3dd07b45a33e01bc\"},\"alternateName\":\"Noticias de la Industria Turistica\",\"potentialAction\":[{\"@type\":\"SearchAction\",\"target\":{\"@type\":\"EntryPoint\",\"urlTemplate\":\"https:\/\/nitu.mx\/?s={search_term_string}\"},\"query-input\":\"required name=search_term_string\"}],\"inLanguage\":\"es-MX\"},{\"@type\":[\"Person\",\"Organization\"],\"@id\":\"https:\/\/nitu.mx\/#\/schema\/person\/ae7a53426417292d3dd07b45a33e01bc\",\"name\":\"Arturo Medina\",\"image\":{\"@type\":\"ImageObject\",\"inLanguage\":\"es-MX\",\"@id\":\"https:\/\/nitu.mx\/#\/schema\/person\/image\/\",\"url\":\"https:\/\/nitu.mx\/wp-content\/uploads\/2024\/04\/4A315622-1904-4D5C-B022-878CDC840E04-90x90-1.jpeg\",\"contentUrl\":\"https:\/\/nitu.mx\/wp-content\/uploads\/2024\/04\/4A315622-1904-4D5C-B022-878CDC840E04-90x90-1.jpeg\",\"width\":90,\"height\":90,\"caption\":\"Arturo Medina\"},\"logo\":{\"@id\":\"https:\/\/nitu.mx\/#\/schema\/person\/image\/\"},\"description\":\"Director NITU.mx, Egresado de la Escuela de Periodismo Carlos Septi\u00e9n Garc\u00eda. Periodista y analista especializado en turismo desde hace 35 a\u00f1os, radicado en Canc\u00fan Q.Roo. arturo@nitu.mx\",\"sameAs\":[\"https:\/\/nitu.mx\",\"https:\/\/www.facebook.com\/NITUmx\/\",\"medinacancun\",\"https:\/\/twitter.com\/@Arturo_Medina_G\"]},{\"@type\":\"Person\",\"@id\":\"https:\/\/nitu.mx\/#\/schema\/person\/4a28fe9bd65924f7c90623773daf1b0b\",\"name\":\"Redacci\u00f3n\",\"image\":{\"@type\":\"ImageObject\",\"inLanguage\":\"es-MX\",\"@id\":\"https:\/\/nitu.mx\/#\/schema\/person\/image\/\",\"url\":\"https:\/\/secure.gravatar.com\/avatar\/5dd011c8ccfc5cd7e4c81e42252aab38?s=96&d=mm&r=g\",\"contentUrl\":\"https:\/\/secure.gravatar.com\/avatar\/5dd011c8ccfc5cd7e4c81e42252aab38?s=96&d=mm&r=g\",\"caption\":\"Redacci\u00f3n\"},\"url\":\"https:\/\/nitu.mx\/index.php\/author\/redaccion\/\"}]}<\/script>\n<!-- \/ Yoast SEO plugin. -->","yoast_head_json":{"title":"Colombia hace historia como primer Pa\u00eds Invitado en el Tianguis Tur\u00edstico de M\u00e9xico - Nitu - Noticias de la Industria Turistica","robots":{"index":"index","follow":"follow","max-snippet":"max-snippet:-1","max-image-preview":"max-image-preview:large","max-video-preview":"max-video-preview:-1"},"canonical":"https:\/\/nitu.mx\/index.php\/2026\/04\/30\/colombia-hace-historia-como-primer-pais-invitado-en-el-tianguis-turistico-de-mexico\/","twitter_card":"summary_large_image","twitter_title":"Colombia hace historia como primer Pa\u00eds Invitado en el Tianguis Tur\u00edstico de M\u00e9xico - Nitu - Noticias de la Industria Turistica","twitter_description":"En el marco del Tianguis Tur\u00edstico de M\u00e9xico, la secretaria de Turismo del Gobierno de M\u00e9xico, Josefina Rodr\u00edguez Zamora, encabez\u00f3 la conferencia de prensa \u201cColombia, Pa\u00eds Invitado\u201d, donde destac\u00f3 este hecho como un momento hist\u00f3rico para el encuentro m\u00e1s importante del turismo en nuestro pa\u00eds, al incorporar por primera vez la figura de un Pa\u00eds [&hellip;]","twitter_image":"https:\/\/nitu.mx\/wp-content\/uploads\/2026\/04\/Colombia-en-Tianguis-Turistico-2026.jpg","twitter_creator":"@NITUmx","twitter_site":"@Arturo_Medina_G","twitter_misc":{"Escrito por":"Redacci\u00f3n","Tiempo de lectura":"4 minutos"},"schema":{"@context":"https:\/\/schema.org","@graph":[{"@type":"Article","@id":"https:\/\/nitu.mx\/index.php\/2026\/04\/30\/colombia-hace-historia-como-primer-pais-invitado-en-el-tianguis-turistico-de-mexico\/#article","isPartOf":{"@id":"https:\/\/nitu.mx\/index.php\/2026\/04\/30\/colombia-hace-historia-como-primer-pais-invitado-en-el-tianguis-turistico-de-mexico\/"},"author":{"name":"Redacci\u00f3n","@id":"https:\/\/nitu.mx\/#\/schema\/person\/4a28fe9bd65924f7c90623773daf1b0b"},"headline":"Colombia hace historia como primer Pa\u00eds Invitado en el Tianguis Tur\u00edstico de M\u00e9xico","datePublished":"2026-04-30T06:05:36+00:00","dateModified":"2026-04-30T06:05:36+00:00","mainEntityOfPage":{"@id":"https:\/\/nitu.mx\/index.php\/2026\/04\/30\/colombia-hace-historia-como-primer-pais-invitado-en-el-tianguis-turistico-de-mexico\/"},"wordCount":741,"publisher":{"@id":"https:\/\/nitu.mx\/#\/schema\/person\/ae7a53426417292d3dd07b45a33e01bc"},"image":{"@id":"https:\/\/nitu.mx\/index.php\/2026\/04\/30\/colombia-hace-historia-como-primer-pais-invitado-en-el-tianguis-turistico-de-mexico\/#primaryimage"},"thumbnailUrl":"https:\/\/nitu.mx\/wp-content\/uploads\/2026\/04\/Colombia-en-Tianguis-Turistico-2026.jpg","keywords":["ANATO","Colombia","Josefina Rodr\u00edguez","Juan Sebasti\u00e1n S\u00e1nchez","Sectur"],"articleSection":["Tianguis Tur\u00edstico"],"inLanguage":"es-MX"},{"@type":"WebPage","@id":"https:\/\/nitu.mx\/index.php\/2026\/04\/30\/colombia-hace-historia-como-primer-pais-invitado-en-el-tianguis-turistico-de-mexico\/","url":"https:\/\/nitu.mx\/index.php\/2026\/04\/30\/colombia-hace-historia-como-primer-pais-invitado-en-el-tianguis-turistico-de-mexico\/","name":"Colombia hace historia como primer Pa\u00eds Invitado en el Tianguis Tur\u00edstico de M\u00e9xico - Nitu - Noticias de la Industria Turistica","isPartOf":{"@id":"https:\/\/nitu.mx\/#website"},"primaryImageOfPage":{"@id":"https:\/\/nitu.mx\/index.php\/2026\/04\/30\/colombia-hace-historia-como-primer-pais-invitado-en-el-tianguis-turistico-de-mexico\/#primaryimage"},"image":{"@id":"https:\/\/nitu.mx\/index.php\/2026\/04\/30\/colombia-hace-historia-como-primer-pais-invitado-en-el-tianguis-turistico-de-mexico\/#primaryimage"},"thumbnailUrl":"https:\/\/nitu.mx\/wp-content\/uploads\/2026\/04\/Colombia-en-Tianguis-Turistico-2026.jpg","datePublished":"2026-04-30T06:05:36+00:00","dateModified":"2026-04-30T06:05:36+00:00","breadcrumb":{"@id":"https:\/\/nitu.mx\/index.php\/2026\/04\/30\/colombia-hace-historia-como-primer-pais-invitado-en-el-tianguis-turistico-de-mexico\/#breadcrumb"},"inLanguage":"es-MX","potentialAction":[{"@type":"ReadAction","target":["https:\/\/nitu.mx\/index.php\/2026\/04\/30\/colombia-hace-historia-como-primer-pais-invitado-en-el-tianguis-turistico-de-mexico\/"]}]},{"@type":"ImageObject","inLanguage":"es-MX","@id":"https:\/\/nitu.mx\/index.php\/2026\/04\/30\/colombia-hace-historia-como-primer-pais-invitado-en-el-tianguis-turistico-de-mexico\/#primaryimage","url":"https:\/\/nitu.mx\/wp-content\/uploads\/2026\/04\/Colombia-en-Tianguis-Turistico-2026.jpg","contentUrl":"https:\/\/nitu.mx\/wp-content\/uploads\/2026\/04\/Colombia-en-Tianguis-Turistico-2026.jpg","width":1200,"height":675,"caption":"Colombia en Tianguis Tur\u00edstico 2026"},{"@type":"BreadcrumbList","@id":"https:\/\/nitu.mx\/index.php\/2026\/04\/30\/colombia-hace-historia-como-primer-pais-invitado-en-el-tianguis-turistico-de-mexico\/#breadcrumb","itemListElement":[{"@type":"ListItem","position":1,"name":"Inicio","item":"https:\/\/nitu.mx\/"},{"@type":"ListItem","position":2,"name":"Colombia hace historia como primer Pa\u00eds Invitado en el Tianguis Tur\u00edstico de M\u00e9xico"}]},{"@type":"WebSite","@id":"https:\/\/nitu.mx\/#website","url":"https:\/\/nitu.mx\/","name":"Nitu - Noticias de la Industria Turistica","description":"Noticias de la Industria Turistica","publisher":{"@id":"https:\/\/nitu.mx\/#\/schema\/person\/ae7a53426417292d3dd07b45a33e01bc"},"alternateName":"Noticias de la Industria Turistica","potentialAction":[{"@type":"SearchAction","target":{"@type":"EntryPoint","urlTemplate":"https:\/\/nitu.mx\/?s={search_term_string}"},"query-input":"required name=search_term_string"}],"inLanguage":"es-MX"},{"@type":["Person","Organization"],"@id":"https:\/\/nitu.mx\/#\/schema\/person\/ae7a53426417292d3dd07b45a33e01bc","name":"Arturo Medina","image":{"@type":"ImageObject","inLanguage":"es-MX","@id":"https:\/\/nitu.mx\/#\/schema\/person\/image\/","url":"https:\/\/nitu.mx\/wp-content\/uploads\/2024\/04\/4A315622-1904-4D5C-B022-878CDC840E04-90x90-1.jpeg","contentUrl":"https:\/\/nitu.mx\/wp-content\/uploads\/2024\/04\/4A315622-1904-4D5C-B022-878CDC840E04-90x90-1.jpeg","width":90,"height":90,"caption":"Arturo Medina"},"logo":{"@id":"https:\/\/nitu.mx\/#\/schema\/person\/image\/"},"description":"Director NITU.mx, Egresado de la Escuela de Periodismo Carlos Septi\u00e9n Garc\u00eda. Periodista y analista especializado en turismo desde hace 35 a\u00f1os, radicado en Canc\u00fan Q.Roo. arturo@nitu.mx","sameAs":["https:\/\/nitu.mx","https:\/\/www.facebook.com\/NITUmx\/","medinacancun","https:\/\/twitter.com\/@Arturo_Medina_G"]},{"@type":"Person","@id":"https:\/\/nitu.mx\/#\/schema\/person\/4a28fe9bd65924f7c90623773daf1b0b","name":"Redacci\u00f3n","image":{"@type":"ImageObject","inLanguage":"es-MX","@id":"https:\/\/nitu.mx\/#\/schema\/person\/image\/","url":"https:\/\/secure.gravatar.com\/avatar\/5dd011c8ccfc5cd7e4c81e42252aab38?s=96&d=mm&r=g","contentUrl":"https:\/\/secure.gravatar.com\/avatar\/5dd011c8ccfc5cd7e4c81e42252aab38?s=96&d=mm&r=g","caption":"Redacci\u00f3n"},"url":"https:\/\/nitu.mx\/index.php\/author\/redaccion\/"}]}},"views":78,"_links":{"self":[{"href":"https:\/\/nitu.mx\/index.php\/wp-json\/wp\/v2\/posts\/87450"}],"collection":[{"href":"https:\/\/nitu.mx\/index.php\/wp-json\/wp\/v2\/posts"}],"about":[{"href":"https:\/\/nitu.mx\/index.php\/wp-json\/wp\/v2\/types\/post"}],"author":[{"embeddable":true,"href":"https:\/\/nitu.mx\/index.php\/wp-json\/wp\/v2\/users\/17"}],"replies":[{"embeddable":true,"href":"https:\/\/nitu.mx\/index.php\/wp-json\/wp\/v2\/comments?post=87450"}],"version-history":[{"count":1,"href":"https:\/\/nitu.mx\/index.php\/wp-json\/wp\/v2\/posts\/87450\/revisions"}],"predecessor-version":[{"id":87452,"href":"https:\/\/nitu.mx\/index.php\/wp-json\/wp\/v2\/posts\/87450\/revisions\/87452"}],"wp:featuredmedia":[{"embeddable":true,"href":"https:\/\/nitu.mx\/index.php\/wp-json\/wp\/v2\/media\/87453"}],"wp:attachment":[{"href":"https:\/\/nitu.mx\/index.php\/wp-json\/wp\/v2\/media?parent=87450"}],"wp:term":[{"taxonomy":"category","embeddable":true,"href":"https:\/\/nitu.mx\/index.php\/wp-json\/wp\/v2\/categories?post=87450"},{"taxonomy":"post_tag","embeddable":true,"href":"https:\/\/nitu.mx\/index.php\/wp-json\/wp\/v2\/tags?post=87450"}],"curies":[{"name":"wp","href":"https:\/\/api.w.org\/{rel}","templated":true}]}}