{"id":87442,"date":"2026-04-29T00:03:45","date_gmt":"2026-04-29T06:03:45","guid":{"rendered":"https:\/\/nitu.mx\/?p=87442"},"modified":"2026-04-29T00:03:46","modified_gmt":"2026-04-29T06:03:46","slug":"fiturca-y-colegio-de-imagen-publica-presentan-programa-de-capacitacion-para-el-sector-turistico-de-los-cabos","status":"publish","type":"post","link":"https:\/\/nitu.mx\/index.php\/2026\/04\/29\/fiturca-y-colegio-de-imagen-publica-presentan-programa-de-capacitacion-para-el-sector-turistico-de-los-cabos\/","title":{"rendered":"FITURCA y Colegio de Imagen P\u00fablica presentan Programa de Capacitaci\u00f3n para el sector tur\u00edstico de Los Cabos"},"content":{"rendered":"\n<p>El Fideicomiso de Turismo de Los Cabos (FITURCA), en alianza con el Colegio de Imagen P\u00fablica, anunci\u00f3 el lanzamiento del Programa de Capacitaci\u00f3n 2026, una iniciativa dirigida a hoteleros, operadores, gu\u00edas, agencias y todos los actores que integran la cadena de valor tur\u00edstica del destino.<\/p>\n\n\n\n<p>El programa fue presentado durante la edici\u00f3n 50 del Tianguis Tur\u00edstico de M\u00e9xico y contempla seis m\u00f3dulos virtuales en vivo, impartidos por \u00c1lvaro Gordoa, rector del Colegio de Imagen P\u00fablica. Adem\u00e1s, incluir\u00e1 materiales audiovisuales grabados que estar\u00e1n disponibles para consulta posterior, facilitando as\u00ed el acceso continuo a cada sesi\u00f3n.<\/p>\n\n\n\n<p>Con una duraci\u00f3n total de 25 horas distribuidas durante mayo y junio, el programa tiene como objetivo elevar la calidad del servicio y la excelencia operativa en Los Cabos, contribuyendo a su posicionamiento como uno de los destinos tur\u00edsticos l\u00edderes a nivel mundial. Entre los temas que se abordar\u00e1n destacan el poder de la imagen p\u00fablica, imagen verbal, imagen f\u00edsica, imagen profesional, imagen digital y branding personal e institucional.<\/p>\n\n\n\n<p>\u201cEl turismo es el motor indiscutible de Los Cabos: en 2025 gener\u00f3 una derrama econ\u00f3mica de 133.3 mil millones de pesos. A nivel estatal, representa el 35.8% de la producci\u00f3n total de Baja California Sur. Ante este impacto transversal, la capacitaci\u00f3n se posiciona como un pilar fundamental para una promoci\u00f3n tur\u00edstica estrat\u00e9gica\u201d, se\u00f1al\u00f3 Rodrigo Esponda, director general de FITURCA.<\/p>\n\n\n\n<p>A\u00f1adi\u00f3 que \u201cla capacitaci\u00f3n es clave para fortalecer la competitividad del destino, ya que eleva la calidad del servicio, impulsa la profesionalizaci\u00f3n del sector y permite adaptarse a las nuevas tendencias y exigencias del mercado global. Un capital humano mejor preparado no solo mejora la experiencia del visitante, sino que tambi\u00e9n contribuye a diferenciar a Los Cabos frente a otros destinos, consolidando su posicionamiento y fomentando un crecimiento sostenible a largo plazo\u201d.<\/p>\n\n\n\n<p>Por su parte, \u00c1lvaro Gordoa destac\u00f3 la relevancia de la imagen p\u00fablica en la industria tur\u00edstica: \u201cEn un mundo donde la percepci\u00f3n lo es todo, este programa integra nuestro expertise en imagen p\u00fablica para que los participantes manejen est\u00edmulos verbales y no verbales en su d\u00eda a d\u00eda, fortaleciendo la reputaci\u00f3n de Los Cabos\u201d.<\/p>\n\n\n\n<p>Esta iniciativa se integra al programa de capacitaci\u00f3n continua impulsado por FITURCA. Cada a\u00f1o, el fideicomiso promueve formaciones en temas estrat\u00e9gicos como hospitalidad, desarrollo de producto tur\u00edstico, an\u00e1lisis del comportamiento de turistas en mercados clave \u2014recientemente, el alem\u00e1n y Sudam\u00e9rica\u2014, as\u00ed como manejo de crisis y comunicaci\u00f3n asertiva, todo ello alineado con su visi\u00f3n de desarrollo sostenible para el destino.<\/p>\n\n\n\n<p>La inscripci\u00f3n al Programa de Capacitaci\u00f3n 2026 estar\u00e1 abierta para toda la comunidad tur\u00edstica de Los Cabos. El proceso ser\u00e1 coordinado directamente por FITURCA, con el objetivo de garantizar accesibilidad y maximizar el impacto positivo en el sector. (<a href=\"https:\/\/nitu.mx\/index.php\/2026\/02\/19\/los-cabos-fiturca-multiplica-por-266-la-inversion-en-promocion-turistica-en-2025\/\">Los Cabos: Fiturca multiplica por 266 la inversi\u00f3n en promoci\u00f3n tur\u00edstica en 2025<\/a>).<\/p>\n","protected":false},"excerpt":{"rendered":"<p>El Fideicomiso de Turismo de Los Cabos (FITURCA), en alianza con el Colegio de Imagen P\u00fablica, anunci\u00f3 el lanzamiento del Programa de Capacitaci\u00f3n 2026, una iniciativa dirigida a hoteleros, operadores, gu\u00edas, agencias y todos los actores que integran la cadena de valor tur\u00edstica del destino. El programa fue presentado durante la edici\u00f3n 50 del Tianguis [&hellip;]<\/p>\n","protected":false},"author":17,"featured_media":87445,"comment_status":"closed","ping_status":"closed","sticky":false,"template":"","format":"standard","meta":{"footnotes":""},"categories":[5,23336],"tags":[28132,28131,1443,130,1028],"yoast_head":"<!-- This site is optimized with the Yoast SEO plugin v22.2 - https:\/\/yoast.com\/wordpress\/plugins\/seo\/ -->\n<title>FITURCA y Colegio de Imagen P\u00fablica presentan Programa de Capacitaci\u00f3n para el sector tur\u00edstico de Los Cabos - Nitu - Noticias de la Industria Turistica<\/title>\n<meta name=\"robots\" content=\"index, follow, max-snippet:-1, max-image-preview:large, max-video-preview:-1\" \/>\n<link rel=\"canonical\" href=\"https:\/\/nitu.mx\/index.php\/2026\/04\/29\/fiturca-y-colegio-de-imagen-publica-presentan-programa-de-capacitacion-para-el-sector-turistico-de-los-cabos\/\" \/>\n<meta name=\"twitter:card\" content=\"summary_large_image\" \/>\n<meta name=\"twitter:title\" content=\"FITURCA y Colegio de Imagen P\u00fablica presentan Programa de Capacitaci\u00f3n para el sector tur\u00edstico de Los Cabos - Nitu - Noticias de la Industria Turistica\" \/>\n<meta name=\"twitter:description\" content=\"El Fideicomiso de Turismo de Los Cabos (FITURCA), en alianza con el Colegio de Imagen P\u00fablica, anunci\u00f3 el lanzamiento del Programa de Capacitaci\u00f3n 2026, una iniciativa dirigida a hoteleros, operadores, gu\u00edas, agencias y todos los actores que integran la cadena de valor tur\u00edstica del destino. El programa fue presentado durante la edici\u00f3n 50 del Tianguis [&hellip;]\" \/>\n<meta name=\"twitter:image\" content=\"https:\/\/nitu.mx\/wp-content\/uploads\/2026\/04\/LOS-CABOS-TIANGUIS-TURISTICO.jpg\" \/>\n<meta name=\"twitter:creator\" content=\"@NITUmx\" \/>\n<meta name=\"twitter:site\" content=\"@Arturo_Medina_G\" \/>\n<meta name=\"twitter:label1\" content=\"Escrito por\" \/>\n\t<meta name=\"twitter:data1\" content=\"Redacci\u00f3n\" \/>\n\t<meta name=\"twitter:label2\" content=\"Tiempo de lectura\" \/>\n\t<meta name=\"twitter:data2\" content=\"3 minutos\" \/>\n<script type=\"application\/ld+json\" class=\"yoast-schema-graph\">{\"@context\":\"https:\/\/schema.org\",\"@graph\":[{\"@type\":\"Article\",\"@id\":\"https:\/\/nitu.mx\/index.php\/2026\/04\/29\/fiturca-y-colegio-de-imagen-publica-presentan-programa-de-capacitacion-para-el-sector-turistico-de-los-cabos\/#article\",\"isPartOf\":{\"@id\":\"https:\/\/nitu.mx\/index.php\/2026\/04\/29\/fiturca-y-colegio-de-imagen-publica-presentan-programa-de-capacitacion-para-el-sector-turistico-de-los-cabos\/\"},\"author\":{\"name\":\"Redacci\u00f3n\",\"@id\":\"https:\/\/nitu.mx\/#\/schema\/person\/4a28fe9bd65924f7c90623773daf1b0b\"},\"headline\":\"FITURCA y Colegio de Imagen P\u00fablica presentan Programa de Capacitaci\u00f3n para el sector tur\u00edstico de Los Cabos\",\"datePublished\":\"2026-04-29T06:03:45+00:00\",\"dateModified\":\"2026-04-29T06:03:46+00:00\",\"mainEntityOfPage\":{\"@id\":\"https:\/\/nitu.mx\/index.php\/2026\/04\/29\/fiturca-y-colegio-de-imagen-publica-presentan-programa-de-capacitacion-para-el-sector-turistico-de-los-cabos\/\"},\"wordCount\":522,\"publisher\":{\"@id\":\"https:\/\/nitu.mx\/#\/schema\/person\/ae7a53426417292d3dd07b45a33e01bc\"},\"image\":{\"@id\":\"https:\/\/nitu.mx\/index.php\/2026\/04\/29\/fiturca-y-colegio-de-imagen-publica-presentan-programa-de-capacitacion-para-el-sector-turistico-de-los-cabos\/#primaryimage\"},\"thumbnailUrl\":\"https:\/\/nitu.mx\/wp-content\/uploads\/2026\/04\/LOS-CABOS-TIANGUIS-TURISTICO.jpg\",\"keywords\":[\"\u00c1lvaro Gordoa\",\"Colegio de Imagen P\u00fablica\",\"Fiturca\",\"Los Cabos\",\"Rodrigo Esponda\"],\"articleSection\":[\"Destinos\",\"Tianguis Tur\u00edstico\"],\"inLanguage\":\"es-MX\"},{\"@type\":\"WebPage\",\"@id\":\"https:\/\/nitu.mx\/index.php\/2026\/04\/29\/fiturca-y-colegio-de-imagen-publica-presentan-programa-de-capacitacion-para-el-sector-turistico-de-los-cabos\/\",\"url\":\"https:\/\/nitu.mx\/index.php\/2026\/04\/29\/fiturca-y-colegio-de-imagen-publica-presentan-programa-de-capacitacion-para-el-sector-turistico-de-los-cabos\/\",\"name\":\"FITURCA y Colegio de Imagen P\u00fablica presentan Programa de Capacitaci\u00f3n para el sector tur\u00edstico de Los Cabos - Nitu - Noticias de la Industria Turistica\",\"isPartOf\":{\"@id\":\"https:\/\/nitu.mx\/#website\"},\"primaryImageOfPage\":{\"@id\":\"https:\/\/nitu.mx\/index.php\/2026\/04\/29\/fiturca-y-colegio-de-imagen-publica-presentan-programa-de-capacitacion-para-el-sector-turistico-de-los-cabos\/#primaryimage\"},\"image\":{\"@id\":\"https:\/\/nitu.mx\/index.php\/2026\/04\/29\/fiturca-y-colegio-de-imagen-publica-presentan-programa-de-capacitacion-para-el-sector-turistico-de-los-cabos\/#primaryimage\"},\"thumbnailUrl\":\"https:\/\/nitu.mx\/wp-content\/uploads\/2026\/04\/LOS-CABOS-TIANGUIS-TURISTICO.jpg\",\"datePublished\":\"2026-04-29T06:03:45+00:00\",\"dateModified\":\"2026-04-29T06:03:46+00:00\",\"breadcrumb\":{\"@id\":\"https:\/\/nitu.mx\/index.php\/2026\/04\/29\/fiturca-y-colegio-de-imagen-publica-presentan-programa-de-capacitacion-para-el-sector-turistico-de-los-cabos\/#breadcrumb\"},\"inLanguage\":\"es-MX\",\"potentialAction\":[{\"@type\":\"ReadAction\",\"target\":[\"https:\/\/nitu.mx\/index.php\/2026\/04\/29\/fiturca-y-colegio-de-imagen-publica-presentan-programa-de-capacitacion-para-el-sector-turistico-de-los-cabos\/\"]}]},{\"@type\":\"ImageObject\",\"inLanguage\":\"es-MX\",\"@id\":\"https:\/\/nitu.mx\/index.php\/2026\/04\/29\/fiturca-y-colegio-de-imagen-publica-presentan-programa-de-capacitacion-para-el-sector-turistico-de-los-cabos\/#primaryimage\",\"url\":\"https:\/\/nitu.mx\/wp-content\/uploads\/2026\/04\/LOS-CABOS-TIANGUIS-TURISTICO.jpg\",\"contentUrl\":\"https:\/\/nitu.mx\/wp-content\/uploads\/2026\/04\/LOS-CABOS-TIANGUIS-TURISTICO.jpg\",\"width\":1200,\"height\":675,\"caption\":\"LOS CABOS TIANGUIS TURI\u0301STICO\"},{\"@type\":\"BreadcrumbList\",\"@id\":\"https:\/\/nitu.mx\/index.php\/2026\/04\/29\/fiturca-y-colegio-de-imagen-publica-presentan-programa-de-capacitacion-para-el-sector-turistico-de-los-cabos\/#breadcrumb\",\"itemListElement\":[{\"@type\":\"ListItem\",\"position\":1,\"name\":\"Inicio\",\"item\":\"https:\/\/nitu.mx\/\"},{\"@type\":\"ListItem\",\"position\":2,\"name\":\"FITURCA y Colegio de Imagen P\u00fablica presentan Programa de Capacitaci\u00f3n para el sector tur\u00edstico de Los Cabos\"}]},{\"@type\":\"WebSite\",\"@id\":\"https:\/\/nitu.mx\/#website\",\"url\":\"https:\/\/nitu.mx\/\",\"name\":\"Nitu - Noticias de la Industria Turistica\",\"description\":\"Noticias de la Industria Turistica\",\"publisher\":{\"@id\":\"https:\/\/nitu.mx\/#\/schema\/person\/ae7a53426417292d3dd07b45a33e01bc\"},\"alternateName\":\"Noticias de la Industria Turistica\",\"potentialAction\":[{\"@type\":\"SearchAction\",\"target\":{\"@type\":\"EntryPoint\",\"urlTemplate\":\"https:\/\/nitu.mx\/?s={search_term_string}\"},\"query-input\":\"required name=search_term_string\"}],\"inLanguage\":\"es-MX\"},{\"@type\":[\"Person\",\"Organization\"],\"@id\":\"https:\/\/nitu.mx\/#\/schema\/person\/ae7a53426417292d3dd07b45a33e01bc\",\"name\":\"Arturo Medina\",\"image\":{\"@type\":\"ImageObject\",\"inLanguage\":\"es-MX\",\"@id\":\"https:\/\/nitu.mx\/#\/schema\/person\/image\/\",\"url\":\"https:\/\/nitu.mx\/wp-content\/uploads\/2024\/04\/4A315622-1904-4D5C-B022-878CDC840E04-90x90-1.jpeg\",\"contentUrl\":\"https:\/\/nitu.mx\/wp-content\/uploads\/2024\/04\/4A315622-1904-4D5C-B022-878CDC840E04-90x90-1.jpeg\",\"width\":90,\"height\":90,\"caption\":\"Arturo Medina\"},\"logo\":{\"@id\":\"https:\/\/nitu.mx\/#\/schema\/person\/image\/\"},\"description\":\"Director NITU.mx, Egresado de la Escuela de Periodismo Carlos Septi\u00e9n Garc\u00eda. Periodista y analista especializado en turismo desde hace 35 a\u00f1os, radicado en Canc\u00fan Q.Roo. arturo@nitu.mx\",\"sameAs\":[\"https:\/\/nitu.mx\",\"https:\/\/www.facebook.com\/NITUmx\/\",\"medinacancun\",\"https:\/\/twitter.com\/@Arturo_Medina_G\"]},{\"@type\":\"Person\",\"@id\":\"https:\/\/nitu.mx\/#\/schema\/person\/4a28fe9bd65924f7c90623773daf1b0b\",\"name\":\"Redacci\u00f3n\",\"image\":{\"@type\":\"ImageObject\",\"inLanguage\":\"es-MX\",\"@id\":\"https:\/\/nitu.mx\/#\/schema\/person\/image\/\",\"url\":\"https:\/\/secure.gravatar.com\/avatar\/5dd011c8ccfc5cd7e4c81e42252aab38?s=96&d=mm&r=g\",\"contentUrl\":\"https:\/\/secure.gravatar.com\/avatar\/5dd011c8ccfc5cd7e4c81e42252aab38?s=96&d=mm&r=g\",\"caption\":\"Redacci\u00f3n\"},\"url\":\"https:\/\/nitu.mx\/index.php\/author\/redaccion\/\"}]}<\/script>\n<!-- \/ Yoast SEO plugin. -->","yoast_head_json":{"title":"FITURCA y Colegio de Imagen P\u00fablica presentan Programa de Capacitaci\u00f3n para el sector tur\u00edstico de Los Cabos - Nitu - Noticias de la Industria Turistica","robots":{"index":"index","follow":"follow","max-snippet":"max-snippet:-1","max-image-preview":"max-image-preview:large","max-video-preview":"max-video-preview:-1"},"canonical":"https:\/\/nitu.mx\/index.php\/2026\/04\/29\/fiturca-y-colegio-de-imagen-publica-presentan-programa-de-capacitacion-para-el-sector-turistico-de-los-cabos\/","twitter_card":"summary_large_image","twitter_title":"FITURCA y Colegio de Imagen P\u00fablica presentan Programa de Capacitaci\u00f3n para el sector tur\u00edstico de Los Cabos - Nitu - Noticias de la Industria Turistica","twitter_description":"El Fideicomiso de Turismo de Los Cabos (FITURCA), en alianza con el Colegio de Imagen P\u00fablica, anunci\u00f3 el lanzamiento del Programa de Capacitaci\u00f3n 2026, una iniciativa dirigida a hoteleros, operadores, gu\u00edas, agencias y todos los actores que integran la cadena de valor tur\u00edstica del destino. El programa fue presentado durante la edici\u00f3n 50 del Tianguis [&hellip;]","twitter_image":"https:\/\/nitu.mx\/wp-content\/uploads\/2026\/04\/LOS-CABOS-TIANGUIS-TURISTICO.jpg","twitter_creator":"@NITUmx","twitter_site":"@Arturo_Medina_G","twitter_misc":{"Escrito por":"Redacci\u00f3n","Tiempo de lectura":"3 minutos"},"schema":{"@context":"https:\/\/schema.org","@graph":[{"@type":"Article","@id":"https:\/\/nitu.mx\/index.php\/2026\/04\/29\/fiturca-y-colegio-de-imagen-publica-presentan-programa-de-capacitacion-para-el-sector-turistico-de-los-cabos\/#article","isPartOf":{"@id":"https:\/\/nitu.mx\/index.php\/2026\/04\/29\/fiturca-y-colegio-de-imagen-publica-presentan-programa-de-capacitacion-para-el-sector-turistico-de-los-cabos\/"},"author":{"name":"Redacci\u00f3n","@id":"https:\/\/nitu.mx\/#\/schema\/person\/4a28fe9bd65924f7c90623773daf1b0b"},"headline":"FITURCA y Colegio de Imagen P\u00fablica presentan Programa de Capacitaci\u00f3n para el sector tur\u00edstico de Los Cabos","datePublished":"2026-04-29T06:03:45+00:00","dateModified":"2026-04-29T06:03:46+00:00","mainEntityOfPage":{"@id":"https:\/\/nitu.mx\/index.php\/2026\/04\/29\/fiturca-y-colegio-de-imagen-publica-presentan-programa-de-capacitacion-para-el-sector-turistico-de-los-cabos\/"},"wordCount":522,"publisher":{"@id":"https:\/\/nitu.mx\/#\/schema\/person\/ae7a53426417292d3dd07b45a33e01bc"},"image":{"@id":"https:\/\/nitu.mx\/index.php\/2026\/04\/29\/fiturca-y-colegio-de-imagen-publica-presentan-programa-de-capacitacion-para-el-sector-turistico-de-los-cabos\/#primaryimage"},"thumbnailUrl":"https:\/\/nitu.mx\/wp-content\/uploads\/2026\/04\/LOS-CABOS-TIANGUIS-TURISTICO.jpg","keywords":["\u00c1lvaro Gordoa","Colegio de Imagen P\u00fablica","Fiturca","Los Cabos","Rodrigo Esponda"],"articleSection":["Destinos","Tianguis Tur\u00edstico"],"inLanguage":"es-MX"},{"@type":"WebPage","@id":"https:\/\/nitu.mx\/index.php\/2026\/04\/29\/fiturca-y-colegio-de-imagen-publica-presentan-programa-de-capacitacion-para-el-sector-turistico-de-los-cabos\/","url":"https:\/\/nitu.mx\/index.php\/2026\/04\/29\/fiturca-y-colegio-de-imagen-publica-presentan-programa-de-capacitacion-para-el-sector-turistico-de-los-cabos\/","name":"FITURCA y Colegio de Imagen P\u00fablica presentan Programa de Capacitaci\u00f3n para el sector tur\u00edstico de Los Cabos - Nitu - Noticias de la Industria Turistica","isPartOf":{"@id":"https:\/\/nitu.mx\/#website"},"primaryImageOfPage":{"@id":"https:\/\/nitu.mx\/index.php\/2026\/04\/29\/fiturca-y-colegio-de-imagen-publica-presentan-programa-de-capacitacion-para-el-sector-turistico-de-los-cabos\/#primaryimage"},"image":{"@id":"https:\/\/nitu.mx\/index.php\/2026\/04\/29\/fiturca-y-colegio-de-imagen-publica-presentan-programa-de-capacitacion-para-el-sector-turistico-de-los-cabos\/#primaryimage"},"thumbnailUrl":"https:\/\/nitu.mx\/wp-content\/uploads\/2026\/04\/LOS-CABOS-TIANGUIS-TURISTICO.jpg","datePublished":"2026-04-29T06:03:45+00:00","dateModified":"2026-04-29T06:03:46+00:00","breadcrumb":{"@id":"https:\/\/nitu.mx\/index.php\/2026\/04\/29\/fiturca-y-colegio-de-imagen-publica-presentan-programa-de-capacitacion-para-el-sector-turistico-de-los-cabos\/#breadcrumb"},"inLanguage":"es-MX","potentialAction":[{"@type":"ReadAction","target":["https:\/\/nitu.mx\/index.php\/2026\/04\/29\/fiturca-y-colegio-de-imagen-publica-presentan-programa-de-capacitacion-para-el-sector-turistico-de-los-cabos\/"]}]},{"@type":"ImageObject","inLanguage":"es-MX","@id":"https:\/\/nitu.mx\/index.php\/2026\/04\/29\/fiturca-y-colegio-de-imagen-publica-presentan-programa-de-capacitacion-para-el-sector-turistico-de-los-cabos\/#primaryimage","url":"https:\/\/nitu.mx\/wp-content\/uploads\/2026\/04\/LOS-CABOS-TIANGUIS-TURISTICO.jpg","contentUrl":"https:\/\/nitu.mx\/wp-content\/uploads\/2026\/04\/LOS-CABOS-TIANGUIS-TURISTICO.jpg","width":1200,"height":675,"caption":"LOS CABOS TIANGUIS TURI\u0301STICO"},{"@type":"BreadcrumbList","@id":"https:\/\/nitu.mx\/index.php\/2026\/04\/29\/fiturca-y-colegio-de-imagen-publica-presentan-programa-de-capacitacion-para-el-sector-turistico-de-los-cabos\/#breadcrumb","itemListElement":[{"@type":"ListItem","position":1,"name":"Inicio","item":"https:\/\/nitu.mx\/"},{"@type":"ListItem","position":2,"name":"FITURCA y Colegio de Imagen P\u00fablica presentan Programa de Capacitaci\u00f3n para el sector tur\u00edstico de Los Cabos"}]},{"@type":"WebSite","@id":"https:\/\/nitu.mx\/#website","url":"https:\/\/nitu.mx\/","name":"Nitu - Noticias de la Industria Turistica","description":"Noticias de la Industria Turistica","publisher":{"@id":"https:\/\/nitu.mx\/#\/schema\/person\/ae7a53426417292d3dd07b45a33e01bc"},"alternateName":"Noticias de la Industria Turistica","potentialAction":[{"@type":"SearchAction","target":{"@type":"EntryPoint","urlTemplate":"https:\/\/nitu.mx\/?s={search_term_string}"},"query-input":"required name=search_term_string"}],"inLanguage":"es-MX"},{"@type":["Person","Organization"],"@id":"https:\/\/nitu.mx\/#\/schema\/person\/ae7a53426417292d3dd07b45a33e01bc","name":"Arturo Medina","image":{"@type":"ImageObject","inLanguage":"es-MX","@id":"https:\/\/nitu.mx\/#\/schema\/person\/image\/","url":"https:\/\/nitu.mx\/wp-content\/uploads\/2024\/04\/4A315622-1904-4D5C-B022-878CDC840E04-90x90-1.jpeg","contentUrl":"https:\/\/nitu.mx\/wp-content\/uploads\/2024\/04\/4A315622-1904-4D5C-B022-878CDC840E04-90x90-1.jpeg","width":90,"height":90,"caption":"Arturo Medina"},"logo":{"@id":"https:\/\/nitu.mx\/#\/schema\/person\/image\/"},"description":"Director NITU.mx, Egresado de la Escuela de Periodismo Carlos Septi\u00e9n Garc\u00eda. Periodista y analista especializado en turismo desde hace 35 a\u00f1os, radicado en Canc\u00fan Q.Roo. arturo@nitu.mx","sameAs":["https:\/\/nitu.mx","https:\/\/www.facebook.com\/NITUmx\/","medinacancun","https:\/\/twitter.com\/@Arturo_Medina_G"]},{"@type":"Person","@id":"https:\/\/nitu.mx\/#\/schema\/person\/4a28fe9bd65924f7c90623773daf1b0b","name":"Redacci\u00f3n","image":{"@type":"ImageObject","inLanguage":"es-MX","@id":"https:\/\/nitu.mx\/#\/schema\/person\/image\/","url":"https:\/\/secure.gravatar.com\/avatar\/5dd011c8ccfc5cd7e4c81e42252aab38?s=96&d=mm&r=g","contentUrl":"https:\/\/secure.gravatar.com\/avatar\/5dd011c8ccfc5cd7e4c81e42252aab38?s=96&d=mm&r=g","caption":"Redacci\u00f3n"},"url":"https:\/\/nitu.mx\/index.php\/author\/redaccion\/"}]}},"views":68,"_links":{"self":[{"href":"https:\/\/nitu.mx\/index.php\/wp-json\/wp\/v2\/posts\/87442"}],"collection":[{"href":"https:\/\/nitu.mx\/index.php\/wp-json\/wp\/v2\/posts"}],"about":[{"href":"https:\/\/nitu.mx\/index.php\/wp-json\/wp\/v2\/types\/post"}],"author":[{"embeddable":true,"href":"https:\/\/nitu.mx\/index.php\/wp-json\/wp\/v2\/users\/17"}],"replies":[{"embeddable":true,"href":"https:\/\/nitu.mx\/index.php\/wp-json\/wp\/v2\/comments?post=87442"}],"version-history":[{"count":1,"href":"https:\/\/nitu.mx\/index.php\/wp-json\/wp\/v2\/posts\/87442\/revisions"}],"predecessor-version":[{"id":87449,"href":"https:\/\/nitu.mx\/index.php\/wp-json\/wp\/v2\/posts\/87442\/revisions\/87449"}],"wp:featuredmedia":[{"embeddable":true,"href":"https:\/\/nitu.mx\/index.php\/wp-json\/wp\/v2\/media\/87445"}],"wp:attachment":[{"href":"https:\/\/nitu.mx\/index.php\/wp-json\/wp\/v2\/media?parent=87442"}],"wp:term":[{"taxonomy":"category","embeddable":true,"href":"https:\/\/nitu.mx\/index.php\/wp-json\/wp\/v2\/categories?post=87442"},{"taxonomy":"post_tag","embeddable":true,"href":"https:\/\/nitu.mx\/index.php\/wp-json\/wp\/v2\/tags?post=87442"}],"curies":[{"name":"wp","href":"https:\/\/api.w.org\/{rel}","templated":true}]}}