{"id":87430,"date":"2026-04-28T23:16:13","date_gmt":"2026-04-29T05:16:13","guid":{"rendered":"https:\/\/nitu.mx\/?p=87430"},"modified":"2026-04-28T23:16:14","modified_gmt":"2026-04-29T05:16:14","slug":"acapulco-se-transforma-contigo-consolida-una-nueva-etapa-en-la-recuperacion-turistica-del-destino","status":"publish","type":"post","link":"https:\/\/nitu.mx\/index.php\/2026\/04\/28\/acapulco-se-transforma-contigo-consolida-una-nueva-etapa-en-la-recuperacion-turistica-del-destino\/","title":{"rendered":"\u201cAcapulco se Transforma Contigo\u201d consolida una nueva etapa en la recuperaci\u00f3n tur\u00edstica del destino"},"content":{"rendered":"\n<p>En el marco del Tianguis Tur\u00edstico M\u00e9xico, la secretaria de Turismo del Gobierno de M\u00e9xico, Josefina Rodr\u00edguez Zamora, y el director general del Fondo Nacional de Fomento al Turismo (Fonatur), Sebasti\u00e1n Ram\u00edrez Mendoza, encabezaron la presentaci\u00f3n de la conferencia \u201cAcapulco se transforma contigo\u201d, donde se destac\u00f3 que la transformaci\u00f3n del destino responde a una visi\u00f3n integral que articula infraestructura, inversi\u00f3n y desarrollo tur\u00edstico.<\/p>\n\n\n\n<p>\u201cAcapulco est\u00e1 viviendo una nueva etapa, donde la suma de esfuerzos permite no solo su recuperaci\u00f3n, sino su consolidaci\u00f3n como un destino m\u00e1s competitivo, sostenible y con una oferta renovada que responde a las expectativas de las y los visitantes\u201d, se\u00f1al\u00f3 la titular de la Secretar\u00eda de Turismo (Sectur).<\/p>\n\n\n\n<p>Bajo este enfoque, y con la participaci\u00f3n de la gobernadora de Guerrero, Evelyn Salgado Pineda, expuso c\u00f3mo diversas acciones convergen en la transformaci\u00f3n del destino, integrando proyectos de movilidad, recuperaci\u00f3n del patrimonio e impulso a la promoci\u00f3n tur\u00edstica, como la implementaci\u00f3n del Marinabus, la renovaci\u00f3n de espacios emblem\u00e1ticos y la iluminaci\u00f3n del Fuerte de San Diego, as\u00ed como el fortalecimiento de la imagen urbana y los servicios.<\/p>\n\n\n\n<p>En este contexto, los ponentes celebraron que el Tianguis Tur\u00edstico M\u00e9xico 2026 se integra como parte de una din\u00e1mica m\u00e1s amplia de reactivaci\u00f3n, reflejando la confianza en el destino y contribuyendo a proyectar su renovada oferta tur\u00edstica a nivel nacional e internacional.<\/p>\n\n\n\n<p>Por su parte, Ram\u00edrez Mendoza present\u00f3 los avances del programa \u201cAcapulco se transforma contigo\u201d, al destacar que el eje central de la intervenci\u00f3n es la inversi\u00f3n en infraestructura hidr\u00e1ulica y saneamiento, que sumar\u00e1 8 mil millones de pesos (mdp) durante el sexenio.<\/p>\n\n\n\n<p>Este monto contempla la modernizaci\u00f3n de pozos en el r\u00edo Papagayo, la renovaci\u00f3n de acueductos y, de forma crucial, asegurar que el 100 por ciento de las aguas residuales sea tratado para evitar la contaminaci\u00f3n de las lagunas de Tres Palos y Coyuca.<\/p>\n\n\n\n<p>Ram\u00edrez Mendoza mencion\u00f3 que, de manera complementaria, Fonatur ha asumido la prestaci\u00f3n de servicios urbanos estrat\u00e9gicos, reforzando la recolecci\u00f3n de residuos con equipo propio, rehabilitando m\u00e1s de 3 mil 700 luminarias e implementando 20 kil\u00f3metros de \u201cSenderos Seguros\u201d. Estas acciones no solo mejoran la experiencia del turista, sino que dignifican el entorno cotidiano de las y los acapulque\u00f1os.<\/p>\n\n\n\n<p>Agreg\u00f3 que, m\u00e1s all\u00e1 del tradicional modelo de sol y playa, el Gobierno de M\u00e9xico apuesta por la diversificaci\u00f3n de la oferta tur\u00edstica mediante el rescate de la Bah\u00eda Hist\u00f3rica. A trav\u00e9s de un Consejo Consultivo conformado por expertos y acad\u00e9micos, se ejecuta un Plan Maestro para rehabilitar el patrimonio cultural, incluyendo hitos como el Fuerte de San Diego y la puesta en valor de tesoros art\u00edsticos, como los murales de Diego Rivera en la casa de Dolores Olmedo.<\/p>\n\n\n\n<p>\u201cAcapulco es tambi\u00e9n cultura, historia y ra\u00edz afrodescendiente\u201d, afirm\u00f3 el titular de Fonatur, al subrayar que la recuperaci\u00f3n del espacio p\u00fablico, la accesibilidad universal en la Costera y la prioridad al peat\u00f3n son pilares de este nuevo modelo de turismo sostenible que devuelve la ciudad a su gente.<\/p>\n\n\n\n<p>Como parte de esta conferencia, tambi\u00e9n se organiz\u00f3 un recorrido la tarde del martes a bordo del Marinabus y por espacios recuperados por el programa \u201cAcapulco se transforma contigo\u201d. (<a href=\"https:\/\/nitu.mx\/index.php\/2026\/04\/28\/tianguis-turistico-2026-anuncia-josefina-rodriguez-inversion-historica-de-150-mdd-en-el-sector\/\">Tianguis Tur\u00edstico 2026: Anuncia Josefina Rodr\u00edguez inversi\u00f3n hist\u00f3rica de 150 MDD en el sector<\/a>).<\/p>\n","protected":false},"excerpt":{"rendered":"<p>En el marco del Tianguis Tur\u00edstico M\u00e9xico, la secretaria de Turismo del Gobierno de M\u00e9xico, Josefina Rodr\u00edguez Zamora, y el director general del Fondo Nacional de Fomento al Turismo (Fonatur), Sebasti\u00e1n Ram\u00edrez Mendoza, encabezaron la presentaci\u00f3n de la conferencia \u201cAcapulco se transforma contigo\u201d, donde se destac\u00f3 que la transformaci\u00f3n del destino responde a una visi\u00f3n [&hellip;]<\/p>\n","protected":false},"author":17,"featured_media":87433,"comment_status":"closed","ping_status":"closed","sticky":false,"template":"","format":"standard","meta":{"footnotes":""},"categories":[23336],"tags":[40,889,25659,26700,93],"yoast_head":"<!-- This site is optimized with the Yoast SEO plugin v22.2 - https:\/\/yoast.com\/wordpress\/plugins\/seo\/ -->\n<title>\u201cAcapulco se Transforma Contigo\u201d consolida una nueva etapa en la recuperaci\u00f3n tur\u00edstica del destino - Nitu - Noticias de la Industria Turistica<\/title>\n<meta name=\"robots\" content=\"index, follow, max-snippet:-1, max-image-preview:large, max-video-preview:-1\" \/>\n<link rel=\"canonical\" href=\"https:\/\/nitu.mx\/index.php\/2026\/04\/28\/acapulco-se-transforma-contigo-consolida-una-nueva-etapa-en-la-recuperacion-turistica-del-destino\/\" \/>\n<meta name=\"twitter:card\" content=\"summary_large_image\" \/>\n<meta name=\"twitter:title\" content=\"\u201cAcapulco se Transforma Contigo\u201d consolida una nueva etapa en la recuperaci\u00f3n tur\u00edstica del destino - Nitu - Noticias de la Industria Turistica\" \/>\n<meta name=\"twitter:description\" content=\"En el marco del Tianguis Tur\u00edstico M\u00e9xico, la secretaria de Turismo del Gobierno de M\u00e9xico, Josefina Rodr\u00edguez Zamora, y el director general del Fondo Nacional de Fomento al Turismo (Fonatur), Sebasti\u00e1n Ram\u00edrez Mendoza, encabezaron la presentaci\u00f3n de la conferencia \u201cAcapulco se transforma contigo\u201d, donde se destac\u00f3 que la transformaci\u00f3n del destino responde a una visi\u00f3n [&hellip;]\" \/>\n<meta name=\"twitter:image\" content=\"https:\/\/nitu.mx\/wp-content\/uploads\/2026\/04\/Acapulco-se-transforma-Tianguis-Turistico.jpg\" \/>\n<meta name=\"twitter:creator\" content=\"@NITUmx\" \/>\n<meta name=\"twitter:site\" content=\"@Arturo_Medina_G\" \/>\n<meta name=\"twitter:label1\" content=\"Escrito por\" \/>\n\t<meta name=\"twitter:data1\" content=\"Redacci\u00f3n\" \/>\n\t<meta name=\"twitter:label2\" content=\"Tiempo de lectura\" \/>\n\t<meta name=\"twitter:data2\" content=\"3 minutos\" \/>\n<script type=\"application\/ld+json\" class=\"yoast-schema-graph\">{\"@context\":\"https:\/\/schema.org\",\"@graph\":[{\"@type\":\"Article\",\"@id\":\"https:\/\/nitu.mx\/index.php\/2026\/04\/28\/acapulco-se-transforma-contigo-consolida-una-nueva-etapa-en-la-recuperacion-turistica-del-destino\/#article\",\"isPartOf\":{\"@id\":\"https:\/\/nitu.mx\/index.php\/2026\/04\/28\/acapulco-se-transforma-contigo-consolida-una-nueva-etapa-en-la-recuperacion-turistica-del-destino\/\"},\"author\":{\"name\":\"Redacci\u00f3n\",\"@id\":\"https:\/\/nitu.mx\/#\/schema\/person\/4a28fe9bd65924f7c90623773daf1b0b\"},\"headline\":\"\u201cAcapulco se Transforma Contigo\u201d consolida una nueva etapa en la recuperaci\u00f3n tur\u00edstica del destino\",\"datePublished\":\"2026-04-29T05:16:13+00:00\",\"dateModified\":\"2026-04-29T05:16:14+00:00\",\"mainEntityOfPage\":{\"@id\":\"https:\/\/nitu.mx\/index.php\/2026\/04\/28\/acapulco-se-transforma-contigo-consolida-una-nueva-etapa-en-la-recuperacion-turistica-del-destino\/\"},\"wordCount\":608,\"publisher\":{\"@id\":\"https:\/\/nitu.mx\/#\/schema\/person\/ae7a53426417292d3dd07b45a33e01bc\"},\"image\":{\"@id\":\"https:\/\/nitu.mx\/index.php\/2026\/04\/28\/acapulco-se-transforma-contigo-consolida-una-nueva-etapa-en-la-recuperacion-turistica-del-destino\/#primaryimage\"},\"thumbnailUrl\":\"https:\/\/nitu.mx\/wp-content\/uploads\/2026\/04\/Acapulco-se-transforma-Tianguis-Turistico.jpg\",\"keywords\":[\"Acapulco\",\"Fonatur\",\"Josefina Rodr\u00edguez\",\"Sebasti\u00e1n Ram\u00edrez\",\"Sectur\"],\"articleSection\":[\"Tianguis Tur\u00edstico\"],\"inLanguage\":\"es-MX\"},{\"@type\":\"WebPage\",\"@id\":\"https:\/\/nitu.mx\/index.php\/2026\/04\/28\/acapulco-se-transforma-contigo-consolida-una-nueva-etapa-en-la-recuperacion-turistica-del-destino\/\",\"url\":\"https:\/\/nitu.mx\/index.php\/2026\/04\/28\/acapulco-se-transforma-contigo-consolida-una-nueva-etapa-en-la-recuperacion-turistica-del-destino\/\",\"name\":\"\u201cAcapulco se Transforma Contigo\u201d consolida una nueva etapa en la recuperaci\u00f3n tur\u00edstica del destino - Nitu - Noticias de la Industria Turistica\",\"isPartOf\":{\"@id\":\"https:\/\/nitu.mx\/#website\"},\"primaryImageOfPage\":{\"@id\":\"https:\/\/nitu.mx\/index.php\/2026\/04\/28\/acapulco-se-transforma-contigo-consolida-una-nueva-etapa-en-la-recuperacion-turistica-del-destino\/#primaryimage\"},\"image\":{\"@id\":\"https:\/\/nitu.mx\/index.php\/2026\/04\/28\/acapulco-se-transforma-contigo-consolida-una-nueva-etapa-en-la-recuperacion-turistica-del-destino\/#primaryimage\"},\"thumbnailUrl\":\"https:\/\/nitu.mx\/wp-content\/uploads\/2026\/04\/Acapulco-se-transforma-Tianguis-Turistico.jpg\",\"datePublished\":\"2026-04-29T05:16:13+00:00\",\"dateModified\":\"2026-04-29T05:16:14+00:00\",\"breadcrumb\":{\"@id\":\"https:\/\/nitu.mx\/index.php\/2026\/04\/28\/acapulco-se-transforma-contigo-consolida-una-nueva-etapa-en-la-recuperacion-turistica-del-destino\/#breadcrumb\"},\"inLanguage\":\"es-MX\",\"potentialAction\":[{\"@type\":\"ReadAction\",\"target\":[\"https:\/\/nitu.mx\/index.php\/2026\/04\/28\/acapulco-se-transforma-contigo-consolida-una-nueva-etapa-en-la-recuperacion-turistica-del-destino\/\"]}]},{\"@type\":\"ImageObject\",\"inLanguage\":\"es-MX\",\"@id\":\"https:\/\/nitu.mx\/index.php\/2026\/04\/28\/acapulco-se-transforma-contigo-consolida-una-nueva-etapa-en-la-recuperacion-turistica-del-destino\/#primaryimage\",\"url\":\"https:\/\/nitu.mx\/wp-content\/uploads\/2026\/04\/Acapulco-se-transforma-Tianguis-Turistico.jpg\",\"contentUrl\":\"https:\/\/nitu.mx\/wp-content\/uploads\/2026\/04\/Acapulco-se-transforma-Tianguis-Turistico.jpg\",\"width\":1200,\"height\":675,\"caption\":\"Acapulco se transforma Tianguis Tur\u00edstico\"},{\"@type\":\"BreadcrumbList\",\"@id\":\"https:\/\/nitu.mx\/index.php\/2026\/04\/28\/acapulco-se-transforma-contigo-consolida-una-nueva-etapa-en-la-recuperacion-turistica-del-destino\/#breadcrumb\",\"itemListElement\":[{\"@type\":\"ListItem\",\"position\":1,\"name\":\"Inicio\",\"item\":\"https:\/\/nitu.mx\/\"},{\"@type\":\"ListItem\",\"position\":2,\"name\":\"\u201cAcapulco se Transforma Contigo\u201d consolida una nueva etapa en la recuperaci\u00f3n tur\u00edstica del destino\"}]},{\"@type\":\"WebSite\",\"@id\":\"https:\/\/nitu.mx\/#website\",\"url\":\"https:\/\/nitu.mx\/\",\"name\":\"Nitu - Noticias de la Industria Turistica\",\"description\":\"Noticias de la Industria Turistica\",\"publisher\":{\"@id\":\"https:\/\/nitu.mx\/#\/schema\/person\/ae7a53426417292d3dd07b45a33e01bc\"},\"alternateName\":\"Noticias de la Industria Turistica\",\"potentialAction\":[{\"@type\":\"SearchAction\",\"target\":{\"@type\":\"EntryPoint\",\"urlTemplate\":\"https:\/\/nitu.mx\/?s={search_term_string}\"},\"query-input\":\"required name=search_term_string\"}],\"inLanguage\":\"es-MX\"},{\"@type\":[\"Person\",\"Organization\"],\"@id\":\"https:\/\/nitu.mx\/#\/schema\/person\/ae7a53426417292d3dd07b45a33e01bc\",\"name\":\"Arturo Medina\",\"image\":{\"@type\":\"ImageObject\",\"inLanguage\":\"es-MX\",\"@id\":\"https:\/\/nitu.mx\/#\/schema\/person\/image\/\",\"url\":\"https:\/\/nitu.mx\/wp-content\/uploads\/2024\/04\/4A315622-1904-4D5C-B022-878CDC840E04-90x90-1.jpeg\",\"contentUrl\":\"https:\/\/nitu.mx\/wp-content\/uploads\/2024\/04\/4A315622-1904-4D5C-B022-878CDC840E04-90x90-1.jpeg\",\"width\":90,\"height\":90,\"caption\":\"Arturo Medina\"},\"logo\":{\"@id\":\"https:\/\/nitu.mx\/#\/schema\/person\/image\/\"},\"description\":\"Director NITU.mx, Egresado de la Escuela de Periodismo Carlos Septi\u00e9n Garc\u00eda. Periodista y analista especializado en turismo desde hace 35 a\u00f1os, radicado en Canc\u00fan Q.Roo. arturo@nitu.mx\",\"sameAs\":[\"https:\/\/nitu.mx\",\"https:\/\/www.facebook.com\/NITUmx\/\",\"medinacancun\",\"https:\/\/twitter.com\/@Arturo_Medina_G\"]},{\"@type\":\"Person\",\"@id\":\"https:\/\/nitu.mx\/#\/schema\/person\/4a28fe9bd65924f7c90623773daf1b0b\",\"name\":\"Redacci\u00f3n\",\"image\":{\"@type\":\"ImageObject\",\"inLanguage\":\"es-MX\",\"@id\":\"https:\/\/nitu.mx\/#\/schema\/person\/image\/\",\"url\":\"https:\/\/secure.gravatar.com\/avatar\/5dd011c8ccfc5cd7e4c81e42252aab38?s=96&d=mm&r=g\",\"contentUrl\":\"https:\/\/secure.gravatar.com\/avatar\/5dd011c8ccfc5cd7e4c81e42252aab38?s=96&d=mm&r=g\",\"caption\":\"Redacci\u00f3n\"},\"url\":\"https:\/\/nitu.mx\/index.php\/author\/redaccion\/\"}]}<\/script>\n<!-- \/ Yoast SEO plugin. -->","yoast_head_json":{"title":"\u201cAcapulco se Transforma Contigo\u201d consolida una nueva etapa en la recuperaci\u00f3n tur\u00edstica del destino - Nitu - Noticias de la Industria Turistica","robots":{"index":"index","follow":"follow","max-snippet":"max-snippet:-1","max-image-preview":"max-image-preview:large","max-video-preview":"max-video-preview:-1"},"canonical":"https:\/\/nitu.mx\/index.php\/2026\/04\/28\/acapulco-se-transforma-contigo-consolida-una-nueva-etapa-en-la-recuperacion-turistica-del-destino\/","twitter_card":"summary_large_image","twitter_title":"\u201cAcapulco se Transforma Contigo\u201d consolida una nueva etapa en la recuperaci\u00f3n tur\u00edstica del destino - Nitu - Noticias de la Industria Turistica","twitter_description":"En el marco del Tianguis Tur\u00edstico M\u00e9xico, la secretaria de Turismo del Gobierno de M\u00e9xico, Josefina Rodr\u00edguez Zamora, y el director general del Fondo Nacional de Fomento al Turismo (Fonatur), Sebasti\u00e1n Ram\u00edrez Mendoza, encabezaron la presentaci\u00f3n de la conferencia \u201cAcapulco se transforma contigo\u201d, donde se destac\u00f3 que la transformaci\u00f3n del destino responde a una visi\u00f3n [&hellip;]","twitter_image":"https:\/\/nitu.mx\/wp-content\/uploads\/2026\/04\/Acapulco-se-transforma-Tianguis-Turistico.jpg","twitter_creator":"@NITUmx","twitter_site":"@Arturo_Medina_G","twitter_misc":{"Escrito por":"Redacci\u00f3n","Tiempo de lectura":"3 minutos"},"schema":{"@context":"https:\/\/schema.org","@graph":[{"@type":"Article","@id":"https:\/\/nitu.mx\/index.php\/2026\/04\/28\/acapulco-se-transforma-contigo-consolida-una-nueva-etapa-en-la-recuperacion-turistica-del-destino\/#article","isPartOf":{"@id":"https:\/\/nitu.mx\/index.php\/2026\/04\/28\/acapulco-se-transforma-contigo-consolida-una-nueva-etapa-en-la-recuperacion-turistica-del-destino\/"},"author":{"name":"Redacci\u00f3n","@id":"https:\/\/nitu.mx\/#\/schema\/person\/4a28fe9bd65924f7c90623773daf1b0b"},"headline":"\u201cAcapulco se Transforma Contigo\u201d consolida una nueva etapa en la recuperaci\u00f3n tur\u00edstica del destino","datePublished":"2026-04-29T05:16:13+00:00","dateModified":"2026-04-29T05:16:14+00:00","mainEntityOfPage":{"@id":"https:\/\/nitu.mx\/index.php\/2026\/04\/28\/acapulco-se-transforma-contigo-consolida-una-nueva-etapa-en-la-recuperacion-turistica-del-destino\/"},"wordCount":608,"publisher":{"@id":"https:\/\/nitu.mx\/#\/schema\/person\/ae7a53426417292d3dd07b45a33e01bc"},"image":{"@id":"https:\/\/nitu.mx\/index.php\/2026\/04\/28\/acapulco-se-transforma-contigo-consolida-una-nueva-etapa-en-la-recuperacion-turistica-del-destino\/#primaryimage"},"thumbnailUrl":"https:\/\/nitu.mx\/wp-content\/uploads\/2026\/04\/Acapulco-se-transforma-Tianguis-Turistico.jpg","keywords":["Acapulco","Fonatur","Josefina Rodr\u00edguez","Sebasti\u00e1n Ram\u00edrez","Sectur"],"articleSection":["Tianguis Tur\u00edstico"],"inLanguage":"es-MX"},{"@type":"WebPage","@id":"https:\/\/nitu.mx\/index.php\/2026\/04\/28\/acapulco-se-transforma-contigo-consolida-una-nueva-etapa-en-la-recuperacion-turistica-del-destino\/","url":"https:\/\/nitu.mx\/index.php\/2026\/04\/28\/acapulco-se-transforma-contigo-consolida-una-nueva-etapa-en-la-recuperacion-turistica-del-destino\/","name":"\u201cAcapulco se Transforma Contigo\u201d consolida una nueva etapa en la recuperaci\u00f3n tur\u00edstica del destino - Nitu - Noticias de la Industria Turistica","isPartOf":{"@id":"https:\/\/nitu.mx\/#website"},"primaryImageOfPage":{"@id":"https:\/\/nitu.mx\/index.php\/2026\/04\/28\/acapulco-se-transforma-contigo-consolida-una-nueva-etapa-en-la-recuperacion-turistica-del-destino\/#primaryimage"},"image":{"@id":"https:\/\/nitu.mx\/index.php\/2026\/04\/28\/acapulco-se-transforma-contigo-consolida-una-nueva-etapa-en-la-recuperacion-turistica-del-destino\/#primaryimage"},"thumbnailUrl":"https:\/\/nitu.mx\/wp-content\/uploads\/2026\/04\/Acapulco-se-transforma-Tianguis-Turistico.jpg","datePublished":"2026-04-29T05:16:13+00:00","dateModified":"2026-04-29T05:16:14+00:00","breadcrumb":{"@id":"https:\/\/nitu.mx\/index.php\/2026\/04\/28\/acapulco-se-transforma-contigo-consolida-una-nueva-etapa-en-la-recuperacion-turistica-del-destino\/#breadcrumb"},"inLanguage":"es-MX","potentialAction":[{"@type":"ReadAction","target":["https:\/\/nitu.mx\/index.php\/2026\/04\/28\/acapulco-se-transforma-contigo-consolida-una-nueva-etapa-en-la-recuperacion-turistica-del-destino\/"]}]},{"@type":"ImageObject","inLanguage":"es-MX","@id":"https:\/\/nitu.mx\/index.php\/2026\/04\/28\/acapulco-se-transforma-contigo-consolida-una-nueva-etapa-en-la-recuperacion-turistica-del-destino\/#primaryimage","url":"https:\/\/nitu.mx\/wp-content\/uploads\/2026\/04\/Acapulco-se-transforma-Tianguis-Turistico.jpg","contentUrl":"https:\/\/nitu.mx\/wp-content\/uploads\/2026\/04\/Acapulco-se-transforma-Tianguis-Turistico.jpg","width":1200,"height":675,"caption":"Acapulco se transforma Tianguis Tur\u00edstico"},{"@type":"BreadcrumbList","@id":"https:\/\/nitu.mx\/index.php\/2026\/04\/28\/acapulco-se-transforma-contigo-consolida-una-nueva-etapa-en-la-recuperacion-turistica-del-destino\/#breadcrumb","itemListElement":[{"@type":"ListItem","position":1,"name":"Inicio","item":"https:\/\/nitu.mx\/"},{"@type":"ListItem","position":2,"name":"\u201cAcapulco se Transforma Contigo\u201d consolida una nueva etapa en la recuperaci\u00f3n tur\u00edstica del destino"}]},{"@type":"WebSite","@id":"https:\/\/nitu.mx\/#website","url":"https:\/\/nitu.mx\/","name":"Nitu - Noticias de la Industria Turistica","description":"Noticias de la Industria Turistica","publisher":{"@id":"https:\/\/nitu.mx\/#\/schema\/person\/ae7a53426417292d3dd07b45a33e01bc"},"alternateName":"Noticias de la Industria Turistica","potentialAction":[{"@type":"SearchAction","target":{"@type":"EntryPoint","urlTemplate":"https:\/\/nitu.mx\/?s={search_term_string}"},"query-input":"required name=search_term_string"}],"inLanguage":"es-MX"},{"@type":["Person","Organization"],"@id":"https:\/\/nitu.mx\/#\/schema\/person\/ae7a53426417292d3dd07b45a33e01bc","name":"Arturo Medina","image":{"@type":"ImageObject","inLanguage":"es-MX","@id":"https:\/\/nitu.mx\/#\/schema\/person\/image\/","url":"https:\/\/nitu.mx\/wp-content\/uploads\/2024\/04\/4A315622-1904-4D5C-B022-878CDC840E04-90x90-1.jpeg","contentUrl":"https:\/\/nitu.mx\/wp-content\/uploads\/2024\/04\/4A315622-1904-4D5C-B022-878CDC840E04-90x90-1.jpeg","width":90,"height":90,"caption":"Arturo Medina"},"logo":{"@id":"https:\/\/nitu.mx\/#\/schema\/person\/image\/"},"description":"Director NITU.mx, Egresado de la Escuela de Periodismo Carlos Septi\u00e9n Garc\u00eda. Periodista y analista especializado en turismo desde hace 35 a\u00f1os, radicado en Canc\u00fan Q.Roo. arturo@nitu.mx","sameAs":["https:\/\/nitu.mx","https:\/\/www.facebook.com\/NITUmx\/","medinacancun","https:\/\/twitter.com\/@Arturo_Medina_G"]},{"@type":"Person","@id":"https:\/\/nitu.mx\/#\/schema\/person\/4a28fe9bd65924f7c90623773daf1b0b","name":"Redacci\u00f3n","image":{"@type":"ImageObject","inLanguage":"es-MX","@id":"https:\/\/nitu.mx\/#\/schema\/person\/image\/","url":"https:\/\/secure.gravatar.com\/avatar\/5dd011c8ccfc5cd7e4c81e42252aab38?s=96&d=mm&r=g","contentUrl":"https:\/\/secure.gravatar.com\/avatar\/5dd011c8ccfc5cd7e4c81e42252aab38?s=96&d=mm&r=g","caption":"Redacci\u00f3n"},"url":"https:\/\/nitu.mx\/index.php\/author\/redaccion\/"}]}},"views":66,"_links":{"self":[{"href":"https:\/\/nitu.mx\/index.php\/wp-json\/wp\/v2\/posts\/87430"}],"collection":[{"href":"https:\/\/nitu.mx\/index.php\/wp-json\/wp\/v2\/posts"}],"about":[{"href":"https:\/\/nitu.mx\/index.php\/wp-json\/wp\/v2\/types\/post"}],"author":[{"embeddable":true,"href":"https:\/\/nitu.mx\/index.php\/wp-json\/wp\/v2\/users\/17"}],"replies":[{"embeddable":true,"href":"https:\/\/nitu.mx\/index.php\/wp-json\/wp\/v2\/comments?post=87430"}],"version-history":[{"count":1,"href":"https:\/\/nitu.mx\/index.php\/wp-json\/wp\/v2\/posts\/87430\/revisions"}],"predecessor-version":[{"id":87432,"href":"https:\/\/nitu.mx\/index.php\/wp-json\/wp\/v2\/posts\/87430\/revisions\/87432"}],"wp:featuredmedia":[{"embeddable":true,"href":"https:\/\/nitu.mx\/index.php\/wp-json\/wp\/v2\/media\/87433"}],"wp:attachment":[{"href":"https:\/\/nitu.mx\/index.php\/wp-json\/wp\/v2\/media?parent=87430"}],"wp:term":[{"taxonomy":"category","embeddable":true,"href":"https:\/\/nitu.mx\/index.php\/wp-json\/wp\/v2\/categories?post=87430"},{"taxonomy":"post_tag","embeddable":true,"href":"https:\/\/nitu.mx\/index.php\/wp-json\/wp\/v2\/tags?post=87430"}],"curies":[{"name":"wp","href":"https:\/\/api.w.org\/{rel}","templated":true}]}}