{"id":87422,"date":"2026-04-28T00:28:11","date_gmt":"2026-04-28T06:28:11","guid":{"rendered":"https:\/\/nitu.mx\/?p=87422"},"modified":"2026-04-28T00:28:12","modified_gmt":"2026-04-28T06:28:12","slug":"mara-lezama-inaugura-el-pabellon-del-caribe-mexicano-en-el-tianguis-turistico-mexico-2026-en-acapulco","status":"publish","type":"post","link":"https:\/\/nitu.mx\/index.php\/2026\/04\/28\/mara-lezama-inaugura-el-pabellon-del-caribe-mexicano-en-el-tianguis-turistico-mexico-2026-en-acapulco\/","title":{"rendered":"Mara Lezama inaugura el pabell\u00f3n del Caribe Mexicano en el Tianguis Tur\u00edstico M\u00e9xico 2026 en Acapulco"},"content":{"rendered":"\n<p>La gobernadora, Mara Lezama Espinosa, encabez\u00f3 el corte de list\u00f3n del Pabell\u00f3n del Caribe Mexicano en el Tianguis Tur\u00edstico de M\u00e9xico 2026, en donde Quintana Roo despliega su oferta en 12 destinos ante compradores y visitantes nacionales e internacionales, mostrando su diversidad y fortaleza.<\/p>\n\n\n\n<p>El Tianguis Tur\u00edstico M\u00e9xico, considerado la principal plataforma de negocios del sector en el pa\u00eds, re\u00fane a la oferta tur\u00edstica nacional con compradores de mercados internacionales, consolid\u00e1ndose como un espacio clave para fortalecer la presencia de M\u00e9xico en el \u00e1mbito global.<\/p>\n\n\n\n<p>Acompa\u00f1ada por la secretaria de Turismo federal (SECTUR) Josefina Rodr\u00edguez Zamora, y la gobernadora de Guerrero, Evelyn Salgado, la gobernadora Mara Lezama espinosa recorri\u00f3 los stands del pabell\u00f3n del Caribe Mexicano, donde se exponen los productos tur\u00edsticos de los 12 destinos.<\/p>\n\n\n\n<p>El pabell\u00f3n del Caribe Mexicano se concentra en el stand 001, ubicado en una zona estrat\u00e9gica del recinto, lo que garantiza alta visibilidad para los asistentes al evento. Es un espacio de alto impacto de 432 metros cuadrados dise\u00f1ado para posicionar la marca destino como Capital Mundial de las Vacaciones.<\/p>\n\n\n\n<p>De manera paralela, Quintana Roo refuerza su presencia cultural en la secci\u00f3n artesanal del pabell\u00f3n \u201cVentana a M\u00e9xico\u201d, donde artesanas y artesanos exhiben productos representativos del estado, bajo la coordinaci\u00f3n del Instituto de la Cultura y las Artes.<\/p>\n\n\n\n<p>El sector hotelero tambi\u00e9n tiene una presencia destacada con la asistencia del presidente del Consejo Hotelero del Caribe Mexicano, David Ortiz Mena, y dirigentes de asociaciones hoteleras de Canc\u00fan, Puerto Morelos, Isla Mujeres, Costa Mujeres, Riviera Maya, Cozumel, la zona sur del estado, Mahahual, Bacalar y Holbox, as\u00ed como representantes de agencias de viajes. (<a href=\"https:\/\/nitu.mx\/index.php\/2026\/04\/28\/tianguis-turistico-2026-anuncia-josefina-rodriguez-inversion-historica-de-150-mdd-en-el-sector\/\">Tianguis Tur\u00edstico 2026: Anuncia Josefina Rodr\u00edguez inversi\u00f3n hist\u00f3rica de 150 MDD en el sector<\/a>).<\/p>\n","protected":false},"excerpt":{"rendered":"<p>La gobernadora, Mara Lezama Espinosa, encabez\u00f3 el corte de list\u00f3n del Pabell\u00f3n del Caribe Mexicano en el Tianguis Tur\u00edstico de M\u00e9xico 2026, en donde Quintana Roo despliega su oferta en 12 destinos ante compradores y visitantes nacionales e internacionales, mostrando su diversidad y fortaleza. El Tianguis Tur\u00edstico M\u00e9xico, considerado la principal plataforma de negocios del [&hellip;]<\/p>\n","protected":false},"author":17,"featured_media":87425,"comment_status":"closed","ping_status":"closed","sticky":false,"template":"","format":"standard","meta":{"footnotes":""},"categories":[18475,23336],"tags":[43,14028,260,1064],"yoast_head":"<!-- This site is optimized with the Yoast SEO plugin v22.2 - https:\/\/yoast.com\/wordpress\/plugins\/seo\/ -->\n<title>Mara Lezama inaugura el pabell\u00f3n del Caribe Mexicano en el Tianguis Tur\u00edstico M\u00e9xico 2026 en Acapulco - Nitu - Noticias de la Industria Turistica<\/title>\n<meta name=\"robots\" content=\"index, follow, max-snippet:-1, max-image-preview:large, max-video-preview:-1\" \/>\n<link rel=\"canonical\" href=\"https:\/\/nitu.mx\/index.php\/2026\/04\/28\/mara-lezama-inaugura-el-pabellon-del-caribe-mexicano-en-el-tianguis-turistico-mexico-2026-en-acapulco\/\" \/>\n<meta name=\"twitter:card\" content=\"summary_large_image\" \/>\n<meta name=\"twitter:title\" content=\"Mara Lezama inaugura el pabell\u00f3n del Caribe Mexicano en el Tianguis Tur\u00edstico M\u00e9xico 2026 en Acapulco - Nitu - Noticias de la Industria Turistica\" \/>\n<meta name=\"twitter:description\" content=\"La gobernadora, Mara Lezama Espinosa, encabez\u00f3 el corte de list\u00f3n del Pabell\u00f3n del Caribe Mexicano en el Tianguis Tur\u00edstico de M\u00e9xico 2026, en donde Quintana Roo despliega su oferta en 12 destinos ante compradores y visitantes nacionales e internacionales, mostrando su diversidad y fortaleza. El Tianguis Tur\u00edstico M\u00e9xico, considerado la principal plataforma de negocios del [&hellip;]\" \/>\n<meta name=\"twitter:image\" content=\"https:\/\/nitu.mx\/wp-content\/uploads\/2026\/04\/Caribe-Mexicano-Tianguis-Turistico-2026.jpg\" \/>\n<meta name=\"twitter:creator\" content=\"@NITUmx\" \/>\n<meta name=\"twitter:site\" content=\"@Arturo_Medina_G\" \/>\n<meta name=\"twitter:label1\" content=\"Escrito por\" \/>\n\t<meta name=\"twitter:data1\" content=\"Redacci\u00f3n\" \/>\n\t<meta name=\"twitter:label2\" content=\"Tiempo de lectura\" \/>\n\t<meta name=\"twitter:data2\" content=\"2 minutos\" \/>\n<script type=\"application\/ld+json\" class=\"yoast-schema-graph\">{\"@context\":\"https:\/\/schema.org\",\"@graph\":[{\"@type\":\"Article\",\"@id\":\"https:\/\/nitu.mx\/index.php\/2026\/04\/28\/mara-lezama-inaugura-el-pabellon-del-caribe-mexicano-en-el-tianguis-turistico-mexico-2026-en-acapulco\/#article\",\"isPartOf\":{\"@id\":\"https:\/\/nitu.mx\/index.php\/2026\/04\/28\/mara-lezama-inaugura-el-pabellon-del-caribe-mexicano-en-el-tianguis-turistico-mexico-2026-en-acapulco\/\"},\"author\":{\"name\":\"Redacci\u00f3n\",\"@id\":\"https:\/\/nitu.mx\/#\/schema\/person\/4a28fe9bd65924f7c90623773daf1b0b\"},\"headline\":\"Mara Lezama inaugura el pabell\u00f3n del Caribe Mexicano en el Tianguis Tur\u00edstico M\u00e9xico 2026 en Acapulco\",\"datePublished\":\"2026-04-28T06:28:11+00:00\",\"dateModified\":\"2026-04-28T06:28:12+00:00\",\"mainEntityOfPage\":{\"@id\":\"https:\/\/nitu.mx\/index.php\/2026\/04\/28\/mara-lezama-inaugura-el-pabellon-del-caribe-mexicano-en-el-tianguis-turistico-mexico-2026-en-acapulco\/\"},\"wordCount\":321,\"publisher\":{\"@id\":\"https:\/\/nitu.mx\/#\/schema\/person\/ae7a53426417292d3dd07b45a33e01bc\"},\"image\":{\"@id\":\"https:\/\/nitu.mx\/index.php\/2026\/04\/28\/mara-lezama-inaugura-el-pabellon-del-caribe-mexicano-en-el-tianguis-turistico-mexico-2026-en-acapulco\/#primaryimage\"},\"thumbnailUrl\":\"https:\/\/nitu.mx\/wp-content\/uploads\/2026\/04\/Caribe-Mexicano-Tianguis-Turistico-2026.jpg\",\"keywords\":[\"Canc\u00fan\",\"Mara Lezama\",\"Quintana Roo\",\"Tianguis Tur\u00edstico\"],\"articleSection\":[\"Caribe Mexicano\",\"Tianguis Tur\u00edstico\"],\"inLanguage\":\"es-MX\"},{\"@type\":\"WebPage\",\"@id\":\"https:\/\/nitu.mx\/index.php\/2026\/04\/28\/mara-lezama-inaugura-el-pabellon-del-caribe-mexicano-en-el-tianguis-turistico-mexico-2026-en-acapulco\/\",\"url\":\"https:\/\/nitu.mx\/index.php\/2026\/04\/28\/mara-lezama-inaugura-el-pabellon-del-caribe-mexicano-en-el-tianguis-turistico-mexico-2026-en-acapulco\/\",\"name\":\"Mara Lezama inaugura el pabell\u00f3n del Caribe Mexicano en el Tianguis Tur\u00edstico M\u00e9xico 2026 en Acapulco - Nitu - Noticias de la Industria Turistica\",\"isPartOf\":{\"@id\":\"https:\/\/nitu.mx\/#website\"},\"primaryImageOfPage\":{\"@id\":\"https:\/\/nitu.mx\/index.php\/2026\/04\/28\/mara-lezama-inaugura-el-pabellon-del-caribe-mexicano-en-el-tianguis-turistico-mexico-2026-en-acapulco\/#primaryimage\"},\"image\":{\"@id\":\"https:\/\/nitu.mx\/index.php\/2026\/04\/28\/mara-lezama-inaugura-el-pabellon-del-caribe-mexicano-en-el-tianguis-turistico-mexico-2026-en-acapulco\/#primaryimage\"},\"thumbnailUrl\":\"https:\/\/nitu.mx\/wp-content\/uploads\/2026\/04\/Caribe-Mexicano-Tianguis-Turistico-2026.jpg\",\"datePublished\":\"2026-04-28T06:28:11+00:00\",\"dateModified\":\"2026-04-28T06:28:12+00:00\",\"breadcrumb\":{\"@id\":\"https:\/\/nitu.mx\/index.php\/2026\/04\/28\/mara-lezama-inaugura-el-pabellon-del-caribe-mexicano-en-el-tianguis-turistico-mexico-2026-en-acapulco\/#breadcrumb\"},\"inLanguage\":\"es-MX\",\"potentialAction\":[{\"@type\":\"ReadAction\",\"target\":[\"https:\/\/nitu.mx\/index.php\/2026\/04\/28\/mara-lezama-inaugura-el-pabellon-del-caribe-mexicano-en-el-tianguis-turistico-mexico-2026-en-acapulco\/\"]}]},{\"@type\":\"ImageObject\",\"inLanguage\":\"es-MX\",\"@id\":\"https:\/\/nitu.mx\/index.php\/2026\/04\/28\/mara-lezama-inaugura-el-pabellon-del-caribe-mexicano-en-el-tianguis-turistico-mexico-2026-en-acapulco\/#primaryimage\",\"url\":\"https:\/\/nitu.mx\/wp-content\/uploads\/2026\/04\/Caribe-Mexicano-Tianguis-Turistico-2026.jpg\",\"contentUrl\":\"https:\/\/nitu.mx\/wp-content\/uploads\/2026\/04\/Caribe-Mexicano-Tianguis-Turistico-2026.jpg\",\"width\":1200,\"height\":675,\"caption\":\"Caribe Mexicano Tianguis Tur\u00edstico 2026\"},{\"@type\":\"BreadcrumbList\",\"@id\":\"https:\/\/nitu.mx\/index.php\/2026\/04\/28\/mara-lezama-inaugura-el-pabellon-del-caribe-mexicano-en-el-tianguis-turistico-mexico-2026-en-acapulco\/#breadcrumb\",\"itemListElement\":[{\"@type\":\"ListItem\",\"position\":1,\"name\":\"Inicio\",\"item\":\"https:\/\/nitu.mx\/\"},{\"@type\":\"ListItem\",\"position\":2,\"name\":\"Mara Lezama inaugura el pabell\u00f3n del Caribe Mexicano en el Tianguis Tur\u00edstico M\u00e9xico 2026 en Acapulco\"}]},{\"@type\":\"WebSite\",\"@id\":\"https:\/\/nitu.mx\/#website\",\"url\":\"https:\/\/nitu.mx\/\",\"name\":\"Nitu - Noticias de la Industria Turistica\",\"description\":\"Noticias de la Industria Turistica\",\"publisher\":{\"@id\":\"https:\/\/nitu.mx\/#\/schema\/person\/ae7a53426417292d3dd07b45a33e01bc\"},\"alternateName\":\"Noticias de la Industria Turistica\",\"potentialAction\":[{\"@type\":\"SearchAction\",\"target\":{\"@type\":\"EntryPoint\",\"urlTemplate\":\"https:\/\/nitu.mx\/?s={search_term_string}\"},\"query-input\":\"required name=search_term_string\"}],\"inLanguage\":\"es-MX\"},{\"@type\":[\"Person\",\"Organization\"],\"@id\":\"https:\/\/nitu.mx\/#\/schema\/person\/ae7a53426417292d3dd07b45a33e01bc\",\"name\":\"Arturo Medina\",\"image\":{\"@type\":\"ImageObject\",\"inLanguage\":\"es-MX\",\"@id\":\"https:\/\/nitu.mx\/#\/schema\/person\/image\/\",\"url\":\"https:\/\/nitu.mx\/wp-content\/uploads\/2024\/04\/4A315622-1904-4D5C-B022-878CDC840E04-90x90-1.jpeg\",\"contentUrl\":\"https:\/\/nitu.mx\/wp-content\/uploads\/2024\/04\/4A315622-1904-4D5C-B022-878CDC840E04-90x90-1.jpeg\",\"width\":90,\"height\":90,\"caption\":\"Arturo Medina\"},\"logo\":{\"@id\":\"https:\/\/nitu.mx\/#\/schema\/person\/image\/\"},\"description\":\"Director NITU.mx, Egresado de la Escuela de Periodismo Carlos Septi\u00e9n Garc\u00eda. Periodista y analista especializado en turismo desde hace 35 a\u00f1os, radicado en Canc\u00fan Q.Roo. arturo@nitu.mx\",\"sameAs\":[\"https:\/\/nitu.mx\",\"https:\/\/www.facebook.com\/NITUmx\/\",\"medinacancun\",\"https:\/\/twitter.com\/@Arturo_Medina_G\"]},{\"@type\":\"Person\",\"@id\":\"https:\/\/nitu.mx\/#\/schema\/person\/4a28fe9bd65924f7c90623773daf1b0b\",\"name\":\"Redacci\u00f3n\",\"image\":{\"@type\":\"ImageObject\",\"inLanguage\":\"es-MX\",\"@id\":\"https:\/\/nitu.mx\/#\/schema\/person\/image\/\",\"url\":\"https:\/\/secure.gravatar.com\/avatar\/5dd011c8ccfc5cd7e4c81e42252aab38?s=96&d=mm&r=g\",\"contentUrl\":\"https:\/\/secure.gravatar.com\/avatar\/5dd011c8ccfc5cd7e4c81e42252aab38?s=96&d=mm&r=g\",\"caption\":\"Redacci\u00f3n\"},\"url\":\"https:\/\/nitu.mx\/index.php\/author\/redaccion\/\"}]}<\/script>\n<!-- \/ Yoast SEO plugin. -->","yoast_head_json":{"title":"Mara Lezama inaugura el pabell\u00f3n del Caribe Mexicano en el Tianguis Tur\u00edstico M\u00e9xico 2026 en Acapulco - Nitu - Noticias de la Industria Turistica","robots":{"index":"index","follow":"follow","max-snippet":"max-snippet:-1","max-image-preview":"max-image-preview:large","max-video-preview":"max-video-preview:-1"},"canonical":"https:\/\/nitu.mx\/index.php\/2026\/04\/28\/mara-lezama-inaugura-el-pabellon-del-caribe-mexicano-en-el-tianguis-turistico-mexico-2026-en-acapulco\/","twitter_card":"summary_large_image","twitter_title":"Mara Lezama inaugura el pabell\u00f3n del Caribe Mexicano en el Tianguis Tur\u00edstico M\u00e9xico 2026 en Acapulco - Nitu - Noticias de la Industria Turistica","twitter_description":"La gobernadora, Mara Lezama Espinosa, encabez\u00f3 el corte de list\u00f3n del Pabell\u00f3n del Caribe Mexicano en el Tianguis Tur\u00edstico de M\u00e9xico 2026, en donde Quintana Roo despliega su oferta en 12 destinos ante compradores y visitantes nacionales e internacionales, mostrando su diversidad y fortaleza. El Tianguis Tur\u00edstico M\u00e9xico, considerado la principal plataforma de negocios del [&hellip;]","twitter_image":"https:\/\/nitu.mx\/wp-content\/uploads\/2026\/04\/Caribe-Mexicano-Tianguis-Turistico-2026.jpg","twitter_creator":"@NITUmx","twitter_site":"@Arturo_Medina_G","twitter_misc":{"Escrito por":"Redacci\u00f3n","Tiempo de lectura":"2 minutos"},"schema":{"@context":"https:\/\/schema.org","@graph":[{"@type":"Article","@id":"https:\/\/nitu.mx\/index.php\/2026\/04\/28\/mara-lezama-inaugura-el-pabellon-del-caribe-mexicano-en-el-tianguis-turistico-mexico-2026-en-acapulco\/#article","isPartOf":{"@id":"https:\/\/nitu.mx\/index.php\/2026\/04\/28\/mara-lezama-inaugura-el-pabellon-del-caribe-mexicano-en-el-tianguis-turistico-mexico-2026-en-acapulco\/"},"author":{"name":"Redacci\u00f3n","@id":"https:\/\/nitu.mx\/#\/schema\/person\/4a28fe9bd65924f7c90623773daf1b0b"},"headline":"Mara Lezama inaugura el pabell\u00f3n del Caribe Mexicano en el Tianguis Tur\u00edstico M\u00e9xico 2026 en Acapulco","datePublished":"2026-04-28T06:28:11+00:00","dateModified":"2026-04-28T06:28:12+00:00","mainEntityOfPage":{"@id":"https:\/\/nitu.mx\/index.php\/2026\/04\/28\/mara-lezama-inaugura-el-pabellon-del-caribe-mexicano-en-el-tianguis-turistico-mexico-2026-en-acapulco\/"},"wordCount":321,"publisher":{"@id":"https:\/\/nitu.mx\/#\/schema\/person\/ae7a53426417292d3dd07b45a33e01bc"},"image":{"@id":"https:\/\/nitu.mx\/index.php\/2026\/04\/28\/mara-lezama-inaugura-el-pabellon-del-caribe-mexicano-en-el-tianguis-turistico-mexico-2026-en-acapulco\/#primaryimage"},"thumbnailUrl":"https:\/\/nitu.mx\/wp-content\/uploads\/2026\/04\/Caribe-Mexicano-Tianguis-Turistico-2026.jpg","keywords":["Canc\u00fan","Mara Lezama","Quintana Roo","Tianguis Tur\u00edstico"],"articleSection":["Caribe Mexicano","Tianguis Tur\u00edstico"],"inLanguage":"es-MX"},{"@type":"WebPage","@id":"https:\/\/nitu.mx\/index.php\/2026\/04\/28\/mara-lezama-inaugura-el-pabellon-del-caribe-mexicano-en-el-tianguis-turistico-mexico-2026-en-acapulco\/","url":"https:\/\/nitu.mx\/index.php\/2026\/04\/28\/mara-lezama-inaugura-el-pabellon-del-caribe-mexicano-en-el-tianguis-turistico-mexico-2026-en-acapulco\/","name":"Mara Lezama inaugura el pabell\u00f3n del Caribe Mexicano en el Tianguis Tur\u00edstico M\u00e9xico 2026 en Acapulco - Nitu - Noticias de la Industria Turistica","isPartOf":{"@id":"https:\/\/nitu.mx\/#website"},"primaryImageOfPage":{"@id":"https:\/\/nitu.mx\/index.php\/2026\/04\/28\/mara-lezama-inaugura-el-pabellon-del-caribe-mexicano-en-el-tianguis-turistico-mexico-2026-en-acapulco\/#primaryimage"},"image":{"@id":"https:\/\/nitu.mx\/index.php\/2026\/04\/28\/mara-lezama-inaugura-el-pabellon-del-caribe-mexicano-en-el-tianguis-turistico-mexico-2026-en-acapulco\/#primaryimage"},"thumbnailUrl":"https:\/\/nitu.mx\/wp-content\/uploads\/2026\/04\/Caribe-Mexicano-Tianguis-Turistico-2026.jpg","datePublished":"2026-04-28T06:28:11+00:00","dateModified":"2026-04-28T06:28:12+00:00","breadcrumb":{"@id":"https:\/\/nitu.mx\/index.php\/2026\/04\/28\/mara-lezama-inaugura-el-pabellon-del-caribe-mexicano-en-el-tianguis-turistico-mexico-2026-en-acapulco\/#breadcrumb"},"inLanguage":"es-MX","potentialAction":[{"@type":"ReadAction","target":["https:\/\/nitu.mx\/index.php\/2026\/04\/28\/mara-lezama-inaugura-el-pabellon-del-caribe-mexicano-en-el-tianguis-turistico-mexico-2026-en-acapulco\/"]}]},{"@type":"ImageObject","inLanguage":"es-MX","@id":"https:\/\/nitu.mx\/index.php\/2026\/04\/28\/mara-lezama-inaugura-el-pabellon-del-caribe-mexicano-en-el-tianguis-turistico-mexico-2026-en-acapulco\/#primaryimage","url":"https:\/\/nitu.mx\/wp-content\/uploads\/2026\/04\/Caribe-Mexicano-Tianguis-Turistico-2026.jpg","contentUrl":"https:\/\/nitu.mx\/wp-content\/uploads\/2026\/04\/Caribe-Mexicano-Tianguis-Turistico-2026.jpg","width":1200,"height":675,"caption":"Caribe Mexicano Tianguis Tur\u00edstico 2026"},{"@type":"BreadcrumbList","@id":"https:\/\/nitu.mx\/index.php\/2026\/04\/28\/mara-lezama-inaugura-el-pabellon-del-caribe-mexicano-en-el-tianguis-turistico-mexico-2026-en-acapulco\/#breadcrumb","itemListElement":[{"@type":"ListItem","position":1,"name":"Inicio","item":"https:\/\/nitu.mx\/"},{"@type":"ListItem","position":2,"name":"Mara Lezama inaugura el pabell\u00f3n del Caribe Mexicano en el Tianguis Tur\u00edstico M\u00e9xico 2026 en Acapulco"}]},{"@type":"WebSite","@id":"https:\/\/nitu.mx\/#website","url":"https:\/\/nitu.mx\/","name":"Nitu - Noticias de la Industria Turistica","description":"Noticias de la Industria Turistica","publisher":{"@id":"https:\/\/nitu.mx\/#\/schema\/person\/ae7a53426417292d3dd07b45a33e01bc"},"alternateName":"Noticias de la Industria Turistica","potentialAction":[{"@type":"SearchAction","target":{"@type":"EntryPoint","urlTemplate":"https:\/\/nitu.mx\/?s={search_term_string}"},"query-input":"required name=search_term_string"}],"inLanguage":"es-MX"},{"@type":["Person","Organization"],"@id":"https:\/\/nitu.mx\/#\/schema\/person\/ae7a53426417292d3dd07b45a33e01bc","name":"Arturo Medina","image":{"@type":"ImageObject","inLanguage":"es-MX","@id":"https:\/\/nitu.mx\/#\/schema\/person\/image\/","url":"https:\/\/nitu.mx\/wp-content\/uploads\/2024\/04\/4A315622-1904-4D5C-B022-878CDC840E04-90x90-1.jpeg","contentUrl":"https:\/\/nitu.mx\/wp-content\/uploads\/2024\/04\/4A315622-1904-4D5C-B022-878CDC840E04-90x90-1.jpeg","width":90,"height":90,"caption":"Arturo Medina"},"logo":{"@id":"https:\/\/nitu.mx\/#\/schema\/person\/image\/"},"description":"Director NITU.mx, Egresado de la Escuela de Periodismo Carlos Septi\u00e9n Garc\u00eda. Periodista y analista especializado en turismo desde hace 35 a\u00f1os, radicado en Canc\u00fan Q.Roo. arturo@nitu.mx","sameAs":["https:\/\/nitu.mx","https:\/\/www.facebook.com\/NITUmx\/","medinacancun","https:\/\/twitter.com\/@Arturo_Medina_G"]},{"@type":"Person","@id":"https:\/\/nitu.mx\/#\/schema\/person\/4a28fe9bd65924f7c90623773daf1b0b","name":"Redacci\u00f3n","image":{"@type":"ImageObject","inLanguage":"es-MX","@id":"https:\/\/nitu.mx\/#\/schema\/person\/image\/","url":"https:\/\/secure.gravatar.com\/avatar\/5dd011c8ccfc5cd7e4c81e42252aab38?s=96&d=mm&r=g","contentUrl":"https:\/\/secure.gravatar.com\/avatar\/5dd011c8ccfc5cd7e4c81e42252aab38?s=96&d=mm&r=g","caption":"Redacci\u00f3n"},"url":"https:\/\/nitu.mx\/index.php\/author\/redaccion\/"}]}},"views":62,"_links":{"self":[{"href":"https:\/\/nitu.mx\/index.php\/wp-json\/wp\/v2\/posts\/87422"}],"collection":[{"href":"https:\/\/nitu.mx\/index.php\/wp-json\/wp\/v2\/posts"}],"about":[{"href":"https:\/\/nitu.mx\/index.php\/wp-json\/wp\/v2\/types\/post"}],"author":[{"embeddable":true,"href":"https:\/\/nitu.mx\/index.php\/wp-json\/wp\/v2\/users\/17"}],"replies":[{"embeddable":true,"href":"https:\/\/nitu.mx\/index.php\/wp-json\/wp\/v2\/comments?post=87422"}],"version-history":[{"count":1,"href":"https:\/\/nitu.mx\/index.php\/wp-json\/wp\/v2\/posts\/87422\/revisions"}],"predecessor-version":[{"id":87426,"href":"https:\/\/nitu.mx\/index.php\/wp-json\/wp\/v2\/posts\/87422\/revisions\/87426"}],"wp:featuredmedia":[{"embeddable":true,"href":"https:\/\/nitu.mx\/index.php\/wp-json\/wp\/v2\/media\/87425"}],"wp:attachment":[{"href":"https:\/\/nitu.mx\/index.php\/wp-json\/wp\/v2\/media?parent=87422"}],"wp:term":[{"taxonomy":"category","embeddable":true,"href":"https:\/\/nitu.mx\/index.php\/wp-json\/wp\/v2\/categories?post=87422"},{"taxonomy":"post_tag","embeddable":true,"href":"https:\/\/nitu.mx\/index.php\/wp-json\/wp\/v2\/tags?post=87422"}],"curies":[{"name":"wp","href":"https:\/\/api.w.org\/{rel}","templated":true}]}}