{"id":87397,"date":"2026-04-27T01:47:36","date_gmt":"2026-04-27T07:47:36","guid":{"rendered":"https:\/\/nitu.mx\/?p=87397"},"modified":"2026-04-27T01:47:37","modified_gmt":"2026-04-27T07:47:37","slug":"viva-se-consolida-como-aliado-del-turismo-y-crecimiento-en-tulum","status":"publish","type":"post","link":"https:\/\/nitu.mx\/index.php\/2026\/04\/27\/viva-se-consolida-como-aliado-del-turismo-y-crecimiento-en-tulum\/","title":{"rendered":"Viva se consolida como aliado del turismo y crecimiento en Tulum"},"content":{"rendered":"\n<p>Viva, la aerol\u00ednea de la flex-S\u00cd-bilidad, demuestra su compromiso con la conectividad, crecimiento y desarrollo de Tulum a trav\u00e9s de diversas actividades que promueven el turismo y brindan apoyo humanitario a los habitantes que m\u00e1s lo necesitan.<\/p>\n\n\n\n<p>Este 25 y 26 de abril, Viva ser\u00e1 Patrocinador Oficial de la Nascar M\u00e9xico Series- Tulum 100 que se llevar\u00e1 a cabo en las inmediaciones del Aeropuerto Internacional de Tulum (TQO). Adem\u00e1s, se suma como participante en el Tulum Air Show, evento organizado por la Feria Aeroespacial M\u00e9xico (FAMEX) para su edici\u00f3n 2026. <\/p>\n\n\n\n<p>Este espect\u00e1culo \u00fanico combina la precisi\u00f3n de la aviaci\u00f3n con la emoci\u00f3n de los shows en vivo a trav\u00e9s de impresionantes maniobras a\u00e9reas para crear una experiencia inolvidable. Como parte del evento, tripulaci\u00f3n t\u00e9cnica y staff de Viva realizar\u00e1n un sobrevuelo a baja altitud de demostraci\u00f3n en el acto inaugural de la carrera. As\u00ed, los asistentes podr\u00e1n disfrutar de dos espect\u00e1culos llenos de adrenalina simult\u00e1neamente: tanto en el cielo como en la pista.<\/p>\n\n\n\n<p>La responsabilidad de Viva con la comunidad tulumense va m\u00e1s all\u00e1 de impulsar el turismo. Como parte de estos esfuerzos, la aerol\u00ednea est\u00e1 firmando un acuerdo con el DIF Tulum donde se compromete a apoyar con vuelos a habitantes de Tulum que necesiten trasladarse a otros estados por tratamientos m\u00e9dicos. <\/p>\n\n\n\n<p>Viva cuenta con cuatro ejes que act\u00faan como pilares que gu\u00edan sus actividades de responsabilidad social. Este acuerdo forma parte del pilar de Ayuda Humanitaria, donde la aerol\u00ednea se compromete a apoyar a los mexicanos a trav\u00e9s de vuelos de emergencia para situaciones m\u00e9dicas, as\u00ed como campa\u00f1as de donaci\u00f3n y brigadas de voluntariado. Los otros pilares buscan apoyar en temas de Salud, Educaci\u00f3n y Desarrollo Comunitario, consolidando a Viva como un aliado del bienestar de todos los mexicanos.<\/p>\n\n\n\n<p>Actualmente, Viva cuenta con dos rutas desde y hacia Tulum: al nuevo Aeropuerto de la Ciudad de M\u00e9xico (AIFA) y a Monterrey, dos de las ciudades donde Viva tiene una gran presencia y amplia red de conectividad, facilitando la llegada de miles de turistas a Tulum.<\/p>\n\n\n\n<p>La ruta a la Ciudad de M\u00e9xico (AIFA) cuenta con 11 frecuencias semanales, con dos frecuencias diarias los martes, jueves, s\u00e1bados y domingos y un vuelo el resto de los d\u00edas, facilitando el traslado entre Tulum y la capital del pa\u00eds. Esta tambi\u00e9n le ofrece a los tulumenses la posibilidad de conectar con m\u00e1s de 35 destinos nacionales e internacionales desde este nuevo aeropuerto, incluyendo las pr\u00f3ximas rutas hacia Cartagena y Medell\u00edn en Colombia. <\/p>\n\n\n\n<p>La ruta a Monterrey, la casa de Viva, cuenta oficialmente con 2 frecuencias semanales y facilita la llegada de miles de turistas extranjeros que pueden conectar a trav\u00e9s de la amplia red de m\u00e1s de 45 destinos nacionales e internacionales que maneja Viva en la Sultana del Norte. Entre estas ciudades se encuentran Dallas, Denver, Los \u00c1ngeles, Miami, Nueva York, Orlando y muchas m\u00e1s.<\/p>\n\n\n\n<p>&#8220;Tulum es muy importante para Viva, ya que es uno de los destinos tur\u00edsticos m\u00e1s atractivos del pa\u00eds, una verdadera joya del Caribe mexicano. Pero m\u00e1s que impulsar el turismo en la ciudad, queremos impulsar a su gente y ayudarles a elevar su calidad de vida a trav\u00e9s de actividades que van m\u00e1s all\u00e1 de la conectividad a\u00e9rea\u201d, expres\u00f3 Jes\u00fas Horacio Gonz\u00e1lez, vicepresidente de Asuntos Corporativos de Viva.<\/p>\n\n\n\n<p>Viva recuerda a sus pasajeros que viajan a bordo de la flota m\u00e1s joven de M\u00e9xico, compuesta por 108 aviones A320 y A321. Al volar con Viva, los pasajeros pueden aprovechar los beneficios que les otorga Doters, el programa de lealtad m\u00e1s generoso de M\u00e9xico que ya suma m\u00e1s de 11 millones de socios. Con Doters, cada viaje acumula Puntos Doters, los cuales se podr\u00e1n intercambiar por beneficios adicionales para su vuelo o recompensas con Viva y sus aliados. <\/p>\n\n\n\n<p>Los pasajeros de Viva disfrutan tambi\u00e9n de los beneficios de la flex-S\u00cd-bilidad, gracias a los 12 superpoderes que la aerol\u00ednea ofrece en su boleto de avi\u00f3n, los cuales lo convierten en el m\u00e1s poderoso de la industria a\u00e9rea mexicana. Con esto, Viva se consolida como la aerol\u00ednea del S\u00cd, dici\u00e9ndole que S\u00cd a los pasajeros que quieren cambiar o corregir el nombre en su boleto, cambiar la ruta, el d\u00eda o el horario de su vuelo, transferir su boleto a otra persona, comprar boletos en vuelos llenos y mucho m\u00e1s. (<a href=\"https:\/\/nitu.mx\/index.php\/2026\/04\/13\/viva-transporta-2-4-millones-de-pasajeros-en-marzo\/\">Viva transporta 2.4 millones de pasajeros en marzo<\/a>).<\/p>\n","protected":false},"excerpt":{"rendered":"<p>Viva, la aerol\u00ednea de la flex-S\u00cd-bilidad, demuestra su compromiso con la conectividad, crecimiento y desarrollo de Tulum a trav\u00e9s de diversas actividades que promueven el turismo y brindan apoyo humanitario a los habitantes que m\u00e1s lo necesitan. Este 25 y 26 de abril, Viva ser\u00e1 Patrocinador Oficial de la Nascar M\u00e9xico Series- Tulum 100 que [&hellip;]<\/p>\n","protected":false},"author":17,"featured_media":87403,"comment_status":"closed","ping_status":"closed","sticky":false,"template":"","format":"standard","meta":{"footnotes":""},"categories":[29],"tags":[28127,390,2628],"yoast_head":"<!-- This site is optimized with the Yoast SEO plugin v22.2 - https:\/\/yoast.com\/wordpress\/plugins\/seo\/ -->\n<title>Viva se consolida como aliado del turismo y crecimiento en Tulum - Nitu - Noticias de la Industria Turistica<\/title>\n<meta name=\"robots\" content=\"index, follow, max-snippet:-1, max-image-preview:large, max-video-preview:-1\" \/>\n<link rel=\"canonical\" href=\"https:\/\/nitu.mx\/index.php\/2026\/04\/27\/viva-se-consolida-como-aliado-del-turismo-y-crecimiento-en-tulum\/\" \/>\n<meta name=\"twitter:card\" content=\"summary_large_image\" \/>\n<meta name=\"twitter:title\" content=\"Viva se consolida como aliado del turismo y crecimiento en Tulum - Nitu - Noticias de la Industria Turistica\" \/>\n<meta name=\"twitter:description\" content=\"Viva, la aerol\u00ednea de la flex-S\u00cd-bilidad, demuestra su compromiso con la conectividad, crecimiento y desarrollo de Tulum a trav\u00e9s de diversas actividades que promueven el turismo y brindan apoyo humanitario a los habitantes que m\u00e1s lo necesitan. Este 25 y 26 de abril, Viva ser\u00e1 Patrocinador Oficial de la Nascar M\u00e9xico Series- Tulum 100 que [&hellip;]\" \/>\n<meta name=\"twitter:image\" content=\"https:\/\/nitu.mx\/wp-content\/uploads\/2026\/04\/VIVA-TULUM.jpg\" \/>\n<meta name=\"twitter:creator\" content=\"@NITUmx\" \/>\n<meta name=\"twitter:site\" content=\"@Arturo_Medina_G\" \/>\n<meta name=\"twitter:label1\" content=\"Escrito por\" \/>\n\t<meta name=\"twitter:data1\" content=\"Redacci\u00f3n\" \/>\n\t<meta name=\"twitter:label2\" content=\"Tiempo de lectura\" \/>\n\t<meta name=\"twitter:data2\" content=\"4 minutos\" \/>\n<script type=\"application\/ld+json\" class=\"yoast-schema-graph\">{\"@context\":\"https:\/\/schema.org\",\"@graph\":[{\"@type\":\"Article\",\"@id\":\"https:\/\/nitu.mx\/index.php\/2026\/04\/27\/viva-se-consolida-como-aliado-del-turismo-y-crecimiento-en-tulum\/#article\",\"isPartOf\":{\"@id\":\"https:\/\/nitu.mx\/index.php\/2026\/04\/27\/viva-se-consolida-como-aliado-del-turismo-y-crecimiento-en-tulum\/\"},\"author\":{\"name\":\"Redacci\u00f3n\",\"@id\":\"https:\/\/nitu.mx\/#\/schema\/person\/4a28fe9bd65924f7c90623773daf1b0b\"},\"headline\":\"Viva se consolida como aliado del turismo y crecimiento en Tulum\",\"datePublished\":\"2026-04-27T07:47:36+00:00\",\"dateModified\":\"2026-04-27T07:47:37+00:00\",\"mainEntityOfPage\":{\"@id\":\"https:\/\/nitu.mx\/index.php\/2026\/04\/27\/viva-se-consolida-como-aliado-del-turismo-y-crecimiento-en-tulum\/\"},\"wordCount\":788,\"publisher\":{\"@id\":\"https:\/\/nitu.mx\/#\/schema\/person\/ae7a53426417292d3dd07b45a33e01bc\"},\"image\":{\"@id\":\"https:\/\/nitu.mx\/index.php\/2026\/04\/27\/viva-se-consolida-como-aliado-del-turismo-y-crecimiento-en-tulum\/#primaryimage\"},\"thumbnailUrl\":\"https:\/\/nitu.mx\/wp-content\/uploads\/2026\/04\/VIVA-TULUM.jpg\",\"keywords\":[\"Jes\u00fas Gonz\u00e1lez\",\"Tulum\",\"Viva\"],\"articleSection\":[\"Aerol\u00edneas\"],\"inLanguage\":\"es-MX\"},{\"@type\":\"WebPage\",\"@id\":\"https:\/\/nitu.mx\/index.php\/2026\/04\/27\/viva-se-consolida-como-aliado-del-turismo-y-crecimiento-en-tulum\/\",\"url\":\"https:\/\/nitu.mx\/index.php\/2026\/04\/27\/viva-se-consolida-como-aliado-del-turismo-y-crecimiento-en-tulum\/\",\"name\":\"Viva se consolida como aliado del turismo y crecimiento en Tulum - Nitu - Noticias de la Industria Turistica\",\"isPartOf\":{\"@id\":\"https:\/\/nitu.mx\/#website\"},\"primaryImageOfPage\":{\"@id\":\"https:\/\/nitu.mx\/index.php\/2026\/04\/27\/viva-se-consolida-como-aliado-del-turismo-y-crecimiento-en-tulum\/#primaryimage\"},\"image\":{\"@id\":\"https:\/\/nitu.mx\/index.php\/2026\/04\/27\/viva-se-consolida-como-aliado-del-turismo-y-crecimiento-en-tulum\/#primaryimage\"},\"thumbnailUrl\":\"https:\/\/nitu.mx\/wp-content\/uploads\/2026\/04\/VIVA-TULUM.jpg\",\"datePublished\":\"2026-04-27T07:47:36+00:00\",\"dateModified\":\"2026-04-27T07:47:37+00:00\",\"breadcrumb\":{\"@id\":\"https:\/\/nitu.mx\/index.php\/2026\/04\/27\/viva-se-consolida-como-aliado-del-turismo-y-crecimiento-en-tulum\/#breadcrumb\"},\"inLanguage\":\"es-MX\",\"potentialAction\":[{\"@type\":\"ReadAction\",\"target\":[\"https:\/\/nitu.mx\/index.php\/2026\/04\/27\/viva-se-consolida-como-aliado-del-turismo-y-crecimiento-en-tulum\/\"]}]},{\"@type\":\"ImageObject\",\"inLanguage\":\"es-MX\",\"@id\":\"https:\/\/nitu.mx\/index.php\/2026\/04\/27\/viva-se-consolida-como-aliado-del-turismo-y-crecimiento-en-tulum\/#primaryimage\",\"url\":\"https:\/\/nitu.mx\/wp-content\/uploads\/2026\/04\/VIVA-TULUM.jpg\",\"contentUrl\":\"https:\/\/nitu.mx\/wp-content\/uploads\/2026\/04\/VIVA-TULUM.jpg\",\"width\":1200,\"height\":675},{\"@type\":\"BreadcrumbList\",\"@id\":\"https:\/\/nitu.mx\/index.php\/2026\/04\/27\/viva-se-consolida-como-aliado-del-turismo-y-crecimiento-en-tulum\/#breadcrumb\",\"itemListElement\":[{\"@type\":\"ListItem\",\"position\":1,\"name\":\"Inicio\",\"item\":\"https:\/\/nitu.mx\/\"},{\"@type\":\"ListItem\",\"position\":2,\"name\":\"Viva se consolida como aliado del turismo y crecimiento en Tulum\"}]},{\"@type\":\"WebSite\",\"@id\":\"https:\/\/nitu.mx\/#website\",\"url\":\"https:\/\/nitu.mx\/\",\"name\":\"Nitu - Noticias de la Industria Turistica\",\"description\":\"Noticias de la Industria Turistica\",\"publisher\":{\"@id\":\"https:\/\/nitu.mx\/#\/schema\/person\/ae7a53426417292d3dd07b45a33e01bc\"},\"alternateName\":\"Noticias de la Industria Turistica\",\"potentialAction\":[{\"@type\":\"SearchAction\",\"target\":{\"@type\":\"EntryPoint\",\"urlTemplate\":\"https:\/\/nitu.mx\/?s={search_term_string}\"},\"query-input\":\"required name=search_term_string\"}],\"inLanguage\":\"es-MX\"},{\"@type\":[\"Person\",\"Organization\"],\"@id\":\"https:\/\/nitu.mx\/#\/schema\/person\/ae7a53426417292d3dd07b45a33e01bc\",\"name\":\"Arturo Medina\",\"image\":{\"@type\":\"ImageObject\",\"inLanguage\":\"es-MX\",\"@id\":\"https:\/\/nitu.mx\/#\/schema\/person\/image\/\",\"url\":\"https:\/\/nitu.mx\/wp-content\/uploads\/2024\/04\/4A315622-1904-4D5C-B022-878CDC840E04-90x90-1.jpeg\",\"contentUrl\":\"https:\/\/nitu.mx\/wp-content\/uploads\/2024\/04\/4A315622-1904-4D5C-B022-878CDC840E04-90x90-1.jpeg\",\"width\":90,\"height\":90,\"caption\":\"Arturo Medina\"},\"logo\":{\"@id\":\"https:\/\/nitu.mx\/#\/schema\/person\/image\/\"},\"description\":\"Director NITU.mx, Egresado de la Escuela de Periodismo Carlos Septi\u00e9n Garc\u00eda. Periodista y analista especializado en turismo desde hace 35 a\u00f1os, radicado en Canc\u00fan Q.Roo. arturo@nitu.mx\",\"sameAs\":[\"https:\/\/nitu.mx\",\"https:\/\/www.facebook.com\/NITUmx\/\",\"medinacancun\",\"https:\/\/twitter.com\/@Arturo_Medina_G\"]},{\"@type\":\"Person\",\"@id\":\"https:\/\/nitu.mx\/#\/schema\/person\/4a28fe9bd65924f7c90623773daf1b0b\",\"name\":\"Redacci\u00f3n\",\"image\":{\"@type\":\"ImageObject\",\"inLanguage\":\"es-MX\",\"@id\":\"https:\/\/nitu.mx\/#\/schema\/person\/image\/\",\"url\":\"https:\/\/secure.gravatar.com\/avatar\/5dd011c8ccfc5cd7e4c81e42252aab38?s=96&d=mm&r=g\",\"contentUrl\":\"https:\/\/secure.gravatar.com\/avatar\/5dd011c8ccfc5cd7e4c81e42252aab38?s=96&d=mm&r=g\",\"caption\":\"Redacci\u00f3n\"},\"url\":\"https:\/\/nitu.mx\/index.php\/author\/redaccion\/\"}]}<\/script>\n<!-- \/ Yoast SEO plugin. -->","yoast_head_json":{"title":"Viva se consolida como aliado del turismo y crecimiento en Tulum - Nitu - Noticias de la Industria Turistica","robots":{"index":"index","follow":"follow","max-snippet":"max-snippet:-1","max-image-preview":"max-image-preview:large","max-video-preview":"max-video-preview:-1"},"canonical":"https:\/\/nitu.mx\/index.php\/2026\/04\/27\/viva-se-consolida-como-aliado-del-turismo-y-crecimiento-en-tulum\/","twitter_card":"summary_large_image","twitter_title":"Viva se consolida como aliado del turismo y crecimiento en Tulum - Nitu - Noticias de la Industria Turistica","twitter_description":"Viva, la aerol\u00ednea de la flex-S\u00cd-bilidad, demuestra su compromiso con la conectividad, crecimiento y desarrollo de Tulum a trav\u00e9s de diversas actividades que promueven el turismo y brindan apoyo humanitario a los habitantes que m\u00e1s lo necesitan. Este 25 y 26 de abril, Viva ser\u00e1 Patrocinador Oficial de la Nascar M\u00e9xico Series- Tulum 100 que [&hellip;]","twitter_image":"https:\/\/nitu.mx\/wp-content\/uploads\/2026\/04\/VIVA-TULUM.jpg","twitter_creator":"@NITUmx","twitter_site":"@Arturo_Medina_G","twitter_misc":{"Escrito por":"Redacci\u00f3n","Tiempo de lectura":"4 minutos"},"schema":{"@context":"https:\/\/schema.org","@graph":[{"@type":"Article","@id":"https:\/\/nitu.mx\/index.php\/2026\/04\/27\/viva-se-consolida-como-aliado-del-turismo-y-crecimiento-en-tulum\/#article","isPartOf":{"@id":"https:\/\/nitu.mx\/index.php\/2026\/04\/27\/viva-se-consolida-como-aliado-del-turismo-y-crecimiento-en-tulum\/"},"author":{"name":"Redacci\u00f3n","@id":"https:\/\/nitu.mx\/#\/schema\/person\/4a28fe9bd65924f7c90623773daf1b0b"},"headline":"Viva se consolida como aliado del turismo y crecimiento en Tulum","datePublished":"2026-04-27T07:47:36+00:00","dateModified":"2026-04-27T07:47:37+00:00","mainEntityOfPage":{"@id":"https:\/\/nitu.mx\/index.php\/2026\/04\/27\/viva-se-consolida-como-aliado-del-turismo-y-crecimiento-en-tulum\/"},"wordCount":788,"publisher":{"@id":"https:\/\/nitu.mx\/#\/schema\/person\/ae7a53426417292d3dd07b45a33e01bc"},"image":{"@id":"https:\/\/nitu.mx\/index.php\/2026\/04\/27\/viva-se-consolida-como-aliado-del-turismo-y-crecimiento-en-tulum\/#primaryimage"},"thumbnailUrl":"https:\/\/nitu.mx\/wp-content\/uploads\/2026\/04\/VIVA-TULUM.jpg","keywords":["Jes\u00fas Gonz\u00e1lez","Tulum","Viva"],"articleSection":["Aerol\u00edneas"],"inLanguage":"es-MX"},{"@type":"WebPage","@id":"https:\/\/nitu.mx\/index.php\/2026\/04\/27\/viva-se-consolida-como-aliado-del-turismo-y-crecimiento-en-tulum\/","url":"https:\/\/nitu.mx\/index.php\/2026\/04\/27\/viva-se-consolida-como-aliado-del-turismo-y-crecimiento-en-tulum\/","name":"Viva se consolida como aliado del turismo y crecimiento en Tulum - Nitu - Noticias de la Industria Turistica","isPartOf":{"@id":"https:\/\/nitu.mx\/#website"},"primaryImageOfPage":{"@id":"https:\/\/nitu.mx\/index.php\/2026\/04\/27\/viva-se-consolida-como-aliado-del-turismo-y-crecimiento-en-tulum\/#primaryimage"},"image":{"@id":"https:\/\/nitu.mx\/index.php\/2026\/04\/27\/viva-se-consolida-como-aliado-del-turismo-y-crecimiento-en-tulum\/#primaryimage"},"thumbnailUrl":"https:\/\/nitu.mx\/wp-content\/uploads\/2026\/04\/VIVA-TULUM.jpg","datePublished":"2026-04-27T07:47:36+00:00","dateModified":"2026-04-27T07:47:37+00:00","breadcrumb":{"@id":"https:\/\/nitu.mx\/index.php\/2026\/04\/27\/viva-se-consolida-como-aliado-del-turismo-y-crecimiento-en-tulum\/#breadcrumb"},"inLanguage":"es-MX","potentialAction":[{"@type":"ReadAction","target":["https:\/\/nitu.mx\/index.php\/2026\/04\/27\/viva-se-consolida-como-aliado-del-turismo-y-crecimiento-en-tulum\/"]}]},{"@type":"ImageObject","inLanguage":"es-MX","@id":"https:\/\/nitu.mx\/index.php\/2026\/04\/27\/viva-se-consolida-como-aliado-del-turismo-y-crecimiento-en-tulum\/#primaryimage","url":"https:\/\/nitu.mx\/wp-content\/uploads\/2026\/04\/VIVA-TULUM.jpg","contentUrl":"https:\/\/nitu.mx\/wp-content\/uploads\/2026\/04\/VIVA-TULUM.jpg","width":1200,"height":675},{"@type":"BreadcrumbList","@id":"https:\/\/nitu.mx\/index.php\/2026\/04\/27\/viva-se-consolida-como-aliado-del-turismo-y-crecimiento-en-tulum\/#breadcrumb","itemListElement":[{"@type":"ListItem","position":1,"name":"Inicio","item":"https:\/\/nitu.mx\/"},{"@type":"ListItem","position":2,"name":"Viva se consolida como aliado del turismo y crecimiento en Tulum"}]},{"@type":"WebSite","@id":"https:\/\/nitu.mx\/#website","url":"https:\/\/nitu.mx\/","name":"Nitu - Noticias de la Industria Turistica","description":"Noticias de la Industria Turistica","publisher":{"@id":"https:\/\/nitu.mx\/#\/schema\/person\/ae7a53426417292d3dd07b45a33e01bc"},"alternateName":"Noticias de la Industria Turistica","potentialAction":[{"@type":"SearchAction","target":{"@type":"EntryPoint","urlTemplate":"https:\/\/nitu.mx\/?s={search_term_string}"},"query-input":"required name=search_term_string"}],"inLanguage":"es-MX"},{"@type":["Person","Organization"],"@id":"https:\/\/nitu.mx\/#\/schema\/person\/ae7a53426417292d3dd07b45a33e01bc","name":"Arturo Medina","image":{"@type":"ImageObject","inLanguage":"es-MX","@id":"https:\/\/nitu.mx\/#\/schema\/person\/image\/","url":"https:\/\/nitu.mx\/wp-content\/uploads\/2024\/04\/4A315622-1904-4D5C-B022-878CDC840E04-90x90-1.jpeg","contentUrl":"https:\/\/nitu.mx\/wp-content\/uploads\/2024\/04\/4A315622-1904-4D5C-B022-878CDC840E04-90x90-1.jpeg","width":90,"height":90,"caption":"Arturo Medina"},"logo":{"@id":"https:\/\/nitu.mx\/#\/schema\/person\/image\/"},"description":"Director NITU.mx, Egresado de la Escuela de Periodismo Carlos Septi\u00e9n Garc\u00eda. Periodista y analista especializado en turismo desde hace 35 a\u00f1os, radicado en Canc\u00fan Q.Roo. arturo@nitu.mx","sameAs":["https:\/\/nitu.mx","https:\/\/www.facebook.com\/NITUmx\/","medinacancun","https:\/\/twitter.com\/@Arturo_Medina_G"]},{"@type":"Person","@id":"https:\/\/nitu.mx\/#\/schema\/person\/4a28fe9bd65924f7c90623773daf1b0b","name":"Redacci\u00f3n","image":{"@type":"ImageObject","inLanguage":"es-MX","@id":"https:\/\/nitu.mx\/#\/schema\/person\/image\/","url":"https:\/\/secure.gravatar.com\/avatar\/5dd011c8ccfc5cd7e4c81e42252aab38?s=96&d=mm&r=g","contentUrl":"https:\/\/secure.gravatar.com\/avatar\/5dd011c8ccfc5cd7e4c81e42252aab38?s=96&d=mm&r=g","caption":"Redacci\u00f3n"},"url":"https:\/\/nitu.mx\/index.php\/author\/redaccion\/"}]}},"views":75,"_links":{"self":[{"href":"https:\/\/nitu.mx\/index.php\/wp-json\/wp\/v2\/posts\/87397"}],"collection":[{"href":"https:\/\/nitu.mx\/index.php\/wp-json\/wp\/v2\/posts"}],"about":[{"href":"https:\/\/nitu.mx\/index.php\/wp-json\/wp\/v2\/types\/post"}],"author":[{"embeddable":true,"href":"https:\/\/nitu.mx\/index.php\/wp-json\/wp\/v2\/users\/17"}],"replies":[{"embeddable":true,"href":"https:\/\/nitu.mx\/index.php\/wp-json\/wp\/v2\/comments?post=87397"}],"version-history":[{"count":3,"href":"https:\/\/nitu.mx\/index.php\/wp-json\/wp\/v2\/posts\/87397\/revisions"}],"predecessor-version":[{"id":87407,"href":"https:\/\/nitu.mx\/index.php\/wp-json\/wp\/v2\/posts\/87397\/revisions\/87407"}],"wp:featuredmedia":[{"embeddable":true,"href":"https:\/\/nitu.mx\/index.php\/wp-json\/wp\/v2\/media\/87403"}],"wp:attachment":[{"href":"https:\/\/nitu.mx\/index.php\/wp-json\/wp\/v2\/media?parent=87397"}],"wp:term":[{"taxonomy":"category","embeddable":true,"href":"https:\/\/nitu.mx\/index.php\/wp-json\/wp\/v2\/categories?post=87397"},{"taxonomy":"post_tag","embeddable":true,"href":"https:\/\/nitu.mx\/index.php\/wp-json\/wp\/v2\/tags?post=87397"}],"curies":[{"name":"wp","href":"https:\/\/api.w.org\/{rel}","templated":true}]}}