{"id":87393,"date":"2026-04-27T01:42:15","date_gmt":"2026-04-27T07:42:15","guid":{"rendered":"https:\/\/nitu.mx\/?p=87393"},"modified":"2026-04-27T01:42:15","modified_gmt":"2026-04-27T07:42:15","slug":"asetur-elige-a-roberto-monroy-como-su-presidente-para-el-periodo-2026-2027","status":"publish","type":"post","link":"https:\/\/nitu.mx\/index.php\/2026\/04\/27\/asetur-elige-a-roberto-monroy-como-su-presidente-para-el-periodo-2026-2027\/","title":{"rendered":"ASETUR elige a Roberto Monroy como su presidente para el periodo 2026-2027"},"content":{"rendered":"\n<p>Como parte de las actividades de la edici\u00f3n 50 del Tianguis Tur\u00edstico M\u00e9xico, en el puerto de Acapulco, las Secretarias y Secretarios de Turismo de M\u00e9xico (ASETUR) llevaron a cabo su 68\u00aa Asamblea General Ordinaria, en la que se realiz\u00f3 el proceso de elecci\u00f3n de la Mesa Directiva para el periodo 2026-2027, que ser\u00e1 encabezada por Roberto Monroy Garc\u00eda, secretario de Turismo de Michoac\u00e1n, y quien formalmente asumir\u00e1 funciones en la pr\u00f3xima Asamblea.<\/p>\n\n\n\n<p>En esta reuni\u00f3n, los secretarios de Turismo estatales refrendaron su compromiso por hacer del turismo una prioridad en la agenda nacional, con un trabajo coordinado entre autoridades, con el respaldo de la Secretar\u00eda de Turismo del Gobierno de M\u00e9xico (SECTUR), y el invaluable apoyo del sector privado.<\/p>\n\n\n\n<p>Acompa\u00f1ado de la titular de SECTUR, Josefina Rodr\u00edguez Zamora, y con la afitrion\u00eda del secretario de Turismo de Guerrero, Sim\u00f3n Qui\u00f1ones Orozco, el presidente de ASETUR, Bernardo Cueto Riestra, destac\u00f3 que hoy existe una alineaci\u00f3n real de esfuerzos en torno a la pol\u00edtica tur\u00edstica nacional, en la que convergen la Federaci\u00f3n, las entidades federativas y los actores del sector, bajo una l\u00f3gica de unidad y corresponsabilidad.<\/p>\n\n\n\n<p>\u201cEstamos convencidos de que el turismo no es solamente el presente, sino uno de los pilares del futuro de M\u00e9xico. Desde ASETUR, nuestra responsabilidad es consolidar a esta Asociaci\u00f3n como una voz activa y propositiva que impulse que el turismo sea reconocido como una verdadera prioridad nacional. Es un sector que genera prosperidad compartida, fortalece la identidad de nuestro pa\u00eds, proyecta a M\u00e9xico en el mundo y nos posiciona como una potencia tur\u00edstica global, al ubicarnos dentro del Top 10\u201d, se\u00f1al\u00f3.<\/p>\n\n\n\n<p>Cueto Riestra reconoci\u00f3 el trabajo conjunto de las y los integrantes de ASETUR y el esfuerzo de cada entidad federativa por fortalecer sus destinos, al tiempo que subray\u00f3 que espacios como el Tianguis Tur\u00edstico representan una plataforma estrat\u00e9gica para proyectar a M\u00e9xico ante el mundo, consolidar alianzas y reafirmar la importancia de seguir apostando por el turismo como motor de desarrollo nacional.<\/p>\n\n\n\n<p>Por su parte, la secretaria de Turismo del Gobierno de M\u00e9xico, Josefina Rodr\u00edguez Zamora, reconoci\u00f3 el trabajo de cada uno de todas las secretarias y secretarios de Turismo estatales por el acompa\u00f1amiento a las iniciativas que permiten que M\u00e9xico est\u00e9 de moda; y reiter\u00f3 su compromiso de seguir trabajando desde su trinchera para impulsar la actividad tur\u00edstica en el pa\u00eds, con actividades como \u201cM\u00e9xico de mis sabores\u201d, el Distintivo M\u00e9xico Anfitri\u00f3n y una aplicaci\u00f3n m\u00f3vil relativa al Mundial. <\/p>\n\n\n\n<p>A su vez, Sim\u00f3n Qui\u00f1ones Orozco, secretario de Turismo de Guerrero, destac\u00f3 la relevancia de la 50 edici\u00f3n del Tianguis Tur\u00edstico al regresar al destino que lo vio nacer, pero ahora con una evoluci\u00f3n al abrirse al p\u00fablico en general el \u00faltimo d\u00eda e internacionalizarse al recibir la oferta de ocho pa\u00edses, teniendo como invitado a Colombia.<\/p>\n\n\n\n<p>Al ser electo como pr\u00f3ximo presidente de ASETUR, Roberto Monroy Garc\u00eda, declar\u00f3: \u201cAsumo esta responsabilidad con compromiso y con una visi\u00f3n clara: trabajar en equipo, continuar estrechando la coordinaci\u00f3n con la Secretar\u00eda de Turismo de M\u00e9xico y su titular, Josefina Rodr\u00edguez Zamora, y construir, desde la unidad, un proyecto que impulse al turismo como motor de bienestar para nuestras comunidades\u201d.<\/p>\n\n\n\n<p>Durante la reuni\u00f3n, tambi\u00e9n se expusieron diversos temas de relevancia para fortalecer la actividad tur\u00edstica, de la mano de importantes aliados del sector p\u00fablico y privado. El director general de Mexicana de Aviaci\u00f3n, Leobardo \u00c1vila Boj\u00f3rquez, expuso los nuevos destinos a los que llegar\u00e1 la aerol\u00ednea, as\u00ed como su propuesta de servicios personalizados y diferenciados.<\/p>\n\n\n\n<p>El presidente de Concanaco-Servytur, Octavio de la Torre de St\u00e9ffano, expuso las estrategias: Viernes Muy Mexicano, La Gran Escapada 2026 y el 4\u00ba Congreso Mundial de Turismo Deportivo, entre otras, que puedan articularse de manera conjunta con los integrantes de ASETUR.<\/p>\n\n\n\n<p>El director del Centro de Investigaci\u00f3n y Competitividad Tur\u00edstica (Cicotur) de la Universidad An\u00e1huac, Francisco Madrid, habl\u00f3 de la importancia que tienen los sitios web de turismo de los estados y c\u00f3mo fortalecerlos para impulsar el sector; y Diana Segoviano, de la Comisi\u00f3n Mexicana de Filmaciones (COMEFILM), del Instituto Mexicano de Cinematograf\u00eda (IMCINE), present\u00f3 el plan integral de apoyo al Cine Nacional como incentivo para la promoci\u00f3n del turismo a cargo.<\/p>\n\n\n\n<p>Tambi\u00e9n se firmaron Convenios de Colaboraci\u00f3n con, Aurora Serrano, directora de Alianzas Estrat\u00e9gicas y Procuraci\u00f3n de Fondos de la Fundaci\u00f3n Telet\u00f3n M\u00e9xico, sobre capacitaciones en materia de turismo accesible; y con \u00d3scar Mario Rodr\u00edguez Romero, Customer Service Manager de Hughes M\u00e9xico; para el programa &#8220;Conectando Sue\u00f1os Turismo M\u00e9xico\u201d que brindar\u00e1 internet a zonas tur\u00edsticas con poca o nula conectividad.<\/p>\n\n\n\n<p>Adem\u00e1s, participaron Jorge Aguilar Corripio, director y fundador de Social Mobility y Juan David Alba, director senior Corporate Affairs de Llorente &amp; Cuenca M\u00e9xico (LLYC), con temas relevantes sobre brandeo de productos y un estudio de IA para el turismo, respectivamente.<\/p>\n\n\n\n<p>Previo a la Asamblea General Ordinaria de ASETUR, se llev\u00f3 a cabo la Primera Sesi\u00f3n Ordinaria 2026 de la Conferencia Nacional de Secretarios de Turismo y Funcionarios Tur\u00edsticos (CNT), encabezada por la titular de SECTUR, Josefina Rodr\u00edguez Zamora, espacio de coordinaci\u00f3n para articular estrategias, evaluar pol\u00edticas p\u00fablicas y se compartir experiencias para fortalecer el desarrollo tur\u00edstico del pa\u00eds.<\/p>\n\n\n\n<p>Durante el Tianguis Tur\u00edstico M\u00e9xico 2026, ASETUR tendr\u00e1 una activa agenda de trabajo, en donde su presidente, Bernardo Cueto Riestra, participar\u00e1 en importantes foros y eventos, junto con representantes del sector p\u00fablico y privado, y con la representatividad de los 32 estados del pa\u00eds. (<a href=\"https:\/\/nitu.mx\/index.php\/2026\/04\/22\/asetur-y-hughes-firman-alianza-para-impulsar-el-turismo-comunitario-a-traves-de-conectividad-satelital\/\">ASETUR y Hughes firman alianza para impulsar el turismo comunitario a trav\u00e9s de conectividad satelital<\/a>).<\/p>\n","protected":false},"excerpt":{"rendered":"<p>Como parte de las actividades de la edici\u00f3n 50 del Tianguis Tur\u00edstico M\u00e9xico, en el puerto de Acapulco, las Secretarias y Secretarios de Turismo de M\u00e9xico (ASETUR) llevaron a cabo su 68\u00aa Asamblea General Ordinaria, en la que se realiz\u00f3 el proceso de elecci\u00f3n de la Mesa Directiva para el periodo 2026-2027, que ser\u00e1 encabezada [&hellip;]<\/p>\n","protected":false},"author":17,"featured_media":87399,"comment_status":"closed","ping_status":"closed","sticky":false,"template":"","format":"standard","meta":{"footnotes":""},"categories":[12],"tags":[1118,13931,3431,23529],"yoast_head":"<!-- This site is optimized with the Yoast SEO plugin v22.2 - https:\/\/yoast.com\/wordpress\/plugins\/seo\/ -->\n<title>ASETUR elige a Roberto Monroy como su presidente para el periodo 2026-2027 - Nitu - Noticias de la Industria Turistica<\/title>\n<meta name=\"robots\" content=\"index, follow, max-snippet:-1, max-image-preview:large, max-video-preview:-1\" \/>\n<link rel=\"canonical\" href=\"https:\/\/nitu.mx\/index.php\/2026\/04\/27\/asetur-elige-a-roberto-monroy-como-su-presidente-para-el-periodo-2026-2027\/\" \/>\n<meta name=\"twitter:card\" content=\"summary_large_image\" \/>\n<meta name=\"twitter:title\" content=\"ASETUR elige a Roberto Monroy como su presidente para el periodo 2026-2027 - Nitu - Noticias de la Industria Turistica\" \/>\n<meta name=\"twitter:description\" content=\"Como parte de las actividades de la edici\u00f3n 50 del Tianguis Tur\u00edstico M\u00e9xico, en el puerto de Acapulco, las Secretarias y Secretarios de Turismo de M\u00e9xico (ASETUR) llevaron a cabo su 68\u00aa Asamblea General Ordinaria, en la que se realiz\u00f3 el proceso de elecci\u00f3n de la Mesa Directiva para el periodo 2026-2027, que ser\u00e1 encabezada [&hellip;]\" \/>\n<meta name=\"twitter:image\" content=\"https:\/\/nitu.mx\/wp-content\/uploads\/2026\/04\/Asetur-asamblea-tianguis-turistico-2026.jpg\" \/>\n<meta name=\"twitter:creator\" content=\"@NITUmx\" \/>\n<meta name=\"twitter:site\" content=\"@Arturo_Medina_G\" \/>\n<meta name=\"twitter:label1\" content=\"Escrito por\" \/>\n\t<meta name=\"twitter:data1\" content=\"Redacci\u00f3n\" \/>\n\t<meta name=\"twitter:label2\" content=\"Tiempo de lectura\" \/>\n\t<meta name=\"twitter:data2\" content=\"5 minutos\" \/>\n<script type=\"application\/ld+json\" class=\"yoast-schema-graph\">{\"@context\":\"https:\/\/schema.org\",\"@graph\":[{\"@type\":\"Article\",\"@id\":\"https:\/\/nitu.mx\/index.php\/2026\/04\/27\/asetur-elige-a-roberto-monroy-como-su-presidente-para-el-periodo-2026-2027\/#article\",\"isPartOf\":{\"@id\":\"https:\/\/nitu.mx\/index.php\/2026\/04\/27\/asetur-elige-a-roberto-monroy-como-su-presidente-para-el-periodo-2026-2027\/\"},\"author\":{\"name\":\"Redacci\u00f3n\",\"@id\":\"https:\/\/nitu.mx\/#\/schema\/person\/4a28fe9bd65924f7c90623773daf1b0b\"},\"headline\":\"ASETUR elige a Roberto Monroy como su presidente para el periodo 2026-2027\",\"datePublished\":\"2026-04-27T07:42:15+00:00\",\"dateModified\":\"2026-04-27T07:42:15+00:00\",\"mainEntityOfPage\":{\"@id\":\"https:\/\/nitu.mx\/index.php\/2026\/04\/27\/asetur-elige-a-roberto-monroy-como-su-presidente-para-el-periodo-2026-2027\/\"},\"wordCount\":1009,\"publisher\":{\"@id\":\"https:\/\/nitu.mx\/#\/schema\/person\/ae7a53426417292d3dd07b45a33e01bc\"},\"image\":{\"@id\":\"https:\/\/nitu.mx\/index.php\/2026\/04\/27\/asetur-elige-a-roberto-monroy-como-su-presidente-para-el-periodo-2026-2027\/#primaryimage\"},\"thumbnailUrl\":\"https:\/\/nitu.mx\/wp-content\/uploads\/2026\/04\/Asetur-asamblea-tianguis-turistico-2026.jpg\",\"keywords\":[\"Asetur\",\"Bernardo Cueto\",\"Michoac\u00e1n\",\"Roberto Monroy\"],\"articleSection\":[\"Marketing\"],\"inLanguage\":\"es-MX\"},{\"@type\":\"WebPage\",\"@id\":\"https:\/\/nitu.mx\/index.php\/2026\/04\/27\/asetur-elige-a-roberto-monroy-como-su-presidente-para-el-periodo-2026-2027\/\",\"url\":\"https:\/\/nitu.mx\/index.php\/2026\/04\/27\/asetur-elige-a-roberto-monroy-como-su-presidente-para-el-periodo-2026-2027\/\",\"name\":\"ASETUR elige a Roberto Monroy como su presidente para el periodo 2026-2027 - Nitu - Noticias de la Industria Turistica\",\"isPartOf\":{\"@id\":\"https:\/\/nitu.mx\/#website\"},\"primaryImageOfPage\":{\"@id\":\"https:\/\/nitu.mx\/index.php\/2026\/04\/27\/asetur-elige-a-roberto-monroy-como-su-presidente-para-el-periodo-2026-2027\/#primaryimage\"},\"image\":{\"@id\":\"https:\/\/nitu.mx\/index.php\/2026\/04\/27\/asetur-elige-a-roberto-monroy-como-su-presidente-para-el-periodo-2026-2027\/#primaryimage\"},\"thumbnailUrl\":\"https:\/\/nitu.mx\/wp-content\/uploads\/2026\/04\/Asetur-asamblea-tianguis-turistico-2026.jpg\",\"datePublished\":\"2026-04-27T07:42:15+00:00\",\"dateModified\":\"2026-04-27T07:42:15+00:00\",\"breadcrumb\":{\"@id\":\"https:\/\/nitu.mx\/index.php\/2026\/04\/27\/asetur-elige-a-roberto-monroy-como-su-presidente-para-el-periodo-2026-2027\/#breadcrumb\"},\"inLanguage\":\"es-MX\",\"potentialAction\":[{\"@type\":\"ReadAction\",\"target\":[\"https:\/\/nitu.mx\/index.php\/2026\/04\/27\/asetur-elige-a-roberto-monroy-como-su-presidente-para-el-periodo-2026-2027\/\"]}]},{\"@type\":\"ImageObject\",\"inLanguage\":\"es-MX\",\"@id\":\"https:\/\/nitu.mx\/index.php\/2026\/04\/27\/asetur-elige-a-roberto-monroy-como-su-presidente-para-el-periodo-2026-2027\/#primaryimage\",\"url\":\"https:\/\/nitu.mx\/wp-content\/uploads\/2026\/04\/Asetur-asamblea-tianguis-turistico-2026.jpg\",\"contentUrl\":\"https:\/\/nitu.mx\/wp-content\/uploads\/2026\/04\/Asetur-asamblea-tianguis-turistico-2026.jpg\",\"width\":1200,\"height\":675,\"caption\":\"Asetur asamblea tianguis tur\u00edstico 2026\"},{\"@type\":\"BreadcrumbList\",\"@id\":\"https:\/\/nitu.mx\/index.php\/2026\/04\/27\/asetur-elige-a-roberto-monroy-como-su-presidente-para-el-periodo-2026-2027\/#breadcrumb\",\"itemListElement\":[{\"@type\":\"ListItem\",\"position\":1,\"name\":\"Inicio\",\"item\":\"https:\/\/nitu.mx\/\"},{\"@type\":\"ListItem\",\"position\":2,\"name\":\"ASETUR elige a Roberto Monroy como su presidente para el periodo 2026-2027\"}]},{\"@type\":\"WebSite\",\"@id\":\"https:\/\/nitu.mx\/#website\",\"url\":\"https:\/\/nitu.mx\/\",\"name\":\"Nitu - Noticias de la Industria Turistica\",\"description\":\"Noticias de la Industria Turistica\",\"publisher\":{\"@id\":\"https:\/\/nitu.mx\/#\/schema\/person\/ae7a53426417292d3dd07b45a33e01bc\"},\"alternateName\":\"Noticias de la Industria Turistica\",\"potentialAction\":[{\"@type\":\"SearchAction\",\"target\":{\"@type\":\"EntryPoint\",\"urlTemplate\":\"https:\/\/nitu.mx\/?s={search_term_string}\"},\"query-input\":\"required name=search_term_string\"}],\"inLanguage\":\"es-MX\"},{\"@type\":[\"Person\",\"Organization\"],\"@id\":\"https:\/\/nitu.mx\/#\/schema\/person\/ae7a53426417292d3dd07b45a33e01bc\",\"name\":\"Arturo Medina\",\"image\":{\"@type\":\"ImageObject\",\"inLanguage\":\"es-MX\",\"@id\":\"https:\/\/nitu.mx\/#\/schema\/person\/image\/\",\"url\":\"https:\/\/nitu.mx\/wp-content\/uploads\/2024\/04\/4A315622-1904-4D5C-B022-878CDC840E04-90x90-1.jpeg\",\"contentUrl\":\"https:\/\/nitu.mx\/wp-content\/uploads\/2024\/04\/4A315622-1904-4D5C-B022-878CDC840E04-90x90-1.jpeg\",\"width\":90,\"height\":90,\"caption\":\"Arturo Medina\"},\"logo\":{\"@id\":\"https:\/\/nitu.mx\/#\/schema\/person\/image\/\"},\"description\":\"Director NITU.mx, Egresado de la Escuela de Periodismo Carlos Septi\u00e9n Garc\u00eda. Periodista y analista especializado en turismo desde hace 35 a\u00f1os, radicado en Canc\u00fan Q.Roo. arturo@nitu.mx\",\"sameAs\":[\"https:\/\/nitu.mx\",\"https:\/\/www.facebook.com\/NITUmx\/\",\"medinacancun\",\"https:\/\/twitter.com\/@Arturo_Medina_G\"]},{\"@type\":\"Person\",\"@id\":\"https:\/\/nitu.mx\/#\/schema\/person\/4a28fe9bd65924f7c90623773daf1b0b\",\"name\":\"Redacci\u00f3n\",\"image\":{\"@type\":\"ImageObject\",\"inLanguage\":\"es-MX\",\"@id\":\"https:\/\/nitu.mx\/#\/schema\/person\/image\/\",\"url\":\"https:\/\/secure.gravatar.com\/avatar\/5dd011c8ccfc5cd7e4c81e42252aab38?s=96&d=mm&r=g\",\"contentUrl\":\"https:\/\/secure.gravatar.com\/avatar\/5dd011c8ccfc5cd7e4c81e42252aab38?s=96&d=mm&r=g\",\"caption\":\"Redacci\u00f3n\"},\"url\":\"https:\/\/nitu.mx\/index.php\/author\/redaccion\/\"}]}<\/script>\n<!-- \/ Yoast SEO plugin. -->","yoast_head_json":{"title":"ASETUR elige a Roberto Monroy como su presidente para el periodo 2026-2027 - Nitu - Noticias de la Industria Turistica","robots":{"index":"index","follow":"follow","max-snippet":"max-snippet:-1","max-image-preview":"max-image-preview:large","max-video-preview":"max-video-preview:-1"},"canonical":"https:\/\/nitu.mx\/index.php\/2026\/04\/27\/asetur-elige-a-roberto-monroy-como-su-presidente-para-el-periodo-2026-2027\/","twitter_card":"summary_large_image","twitter_title":"ASETUR elige a Roberto Monroy como su presidente para el periodo 2026-2027 - Nitu - Noticias de la Industria Turistica","twitter_description":"Como parte de las actividades de la edici\u00f3n 50 del Tianguis Tur\u00edstico M\u00e9xico, en el puerto de Acapulco, las Secretarias y Secretarios de Turismo de M\u00e9xico (ASETUR) llevaron a cabo su 68\u00aa Asamblea General Ordinaria, en la que se realiz\u00f3 el proceso de elecci\u00f3n de la Mesa Directiva para el periodo 2026-2027, que ser\u00e1 encabezada [&hellip;]","twitter_image":"https:\/\/nitu.mx\/wp-content\/uploads\/2026\/04\/Asetur-asamblea-tianguis-turistico-2026.jpg","twitter_creator":"@NITUmx","twitter_site":"@Arturo_Medina_G","twitter_misc":{"Escrito por":"Redacci\u00f3n","Tiempo de lectura":"5 minutos"},"schema":{"@context":"https:\/\/schema.org","@graph":[{"@type":"Article","@id":"https:\/\/nitu.mx\/index.php\/2026\/04\/27\/asetur-elige-a-roberto-monroy-como-su-presidente-para-el-periodo-2026-2027\/#article","isPartOf":{"@id":"https:\/\/nitu.mx\/index.php\/2026\/04\/27\/asetur-elige-a-roberto-monroy-como-su-presidente-para-el-periodo-2026-2027\/"},"author":{"name":"Redacci\u00f3n","@id":"https:\/\/nitu.mx\/#\/schema\/person\/4a28fe9bd65924f7c90623773daf1b0b"},"headline":"ASETUR elige a Roberto Monroy como su presidente para el periodo 2026-2027","datePublished":"2026-04-27T07:42:15+00:00","dateModified":"2026-04-27T07:42:15+00:00","mainEntityOfPage":{"@id":"https:\/\/nitu.mx\/index.php\/2026\/04\/27\/asetur-elige-a-roberto-monroy-como-su-presidente-para-el-periodo-2026-2027\/"},"wordCount":1009,"publisher":{"@id":"https:\/\/nitu.mx\/#\/schema\/person\/ae7a53426417292d3dd07b45a33e01bc"},"image":{"@id":"https:\/\/nitu.mx\/index.php\/2026\/04\/27\/asetur-elige-a-roberto-monroy-como-su-presidente-para-el-periodo-2026-2027\/#primaryimage"},"thumbnailUrl":"https:\/\/nitu.mx\/wp-content\/uploads\/2026\/04\/Asetur-asamblea-tianguis-turistico-2026.jpg","keywords":["Asetur","Bernardo Cueto","Michoac\u00e1n","Roberto Monroy"],"articleSection":["Marketing"],"inLanguage":"es-MX"},{"@type":"WebPage","@id":"https:\/\/nitu.mx\/index.php\/2026\/04\/27\/asetur-elige-a-roberto-monroy-como-su-presidente-para-el-periodo-2026-2027\/","url":"https:\/\/nitu.mx\/index.php\/2026\/04\/27\/asetur-elige-a-roberto-monroy-como-su-presidente-para-el-periodo-2026-2027\/","name":"ASETUR elige a Roberto Monroy como su presidente para el periodo 2026-2027 - Nitu - Noticias de la Industria Turistica","isPartOf":{"@id":"https:\/\/nitu.mx\/#website"},"primaryImageOfPage":{"@id":"https:\/\/nitu.mx\/index.php\/2026\/04\/27\/asetur-elige-a-roberto-monroy-como-su-presidente-para-el-periodo-2026-2027\/#primaryimage"},"image":{"@id":"https:\/\/nitu.mx\/index.php\/2026\/04\/27\/asetur-elige-a-roberto-monroy-como-su-presidente-para-el-periodo-2026-2027\/#primaryimage"},"thumbnailUrl":"https:\/\/nitu.mx\/wp-content\/uploads\/2026\/04\/Asetur-asamblea-tianguis-turistico-2026.jpg","datePublished":"2026-04-27T07:42:15+00:00","dateModified":"2026-04-27T07:42:15+00:00","breadcrumb":{"@id":"https:\/\/nitu.mx\/index.php\/2026\/04\/27\/asetur-elige-a-roberto-monroy-como-su-presidente-para-el-periodo-2026-2027\/#breadcrumb"},"inLanguage":"es-MX","potentialAction":[{"@type":"ReadAction","target":["https:\/\/nitu.mx\/index.php\/2026\/04\/27\/asetur-elige-a-roberto-monroy-como-su-presidente-para-el-periodo-2026-2027\/"]}]},{"@type":"ImageObject","inLanguage":"es-MX","@id":"https:\/\/nitu.mx\/index.php\/2026\/04\/27\/asetur-elige-a-roberto-monroy-como-su-presidente-para-el-periodo-2026-2027\/#primaryimage","url":"https:\/\/nitu.mx\/wp-content\/uploads\/2026\/04\/Asetur-asamblea-tianguis-turistico-2026.jpg","contentUrl":"https:\/\/nitu.mx\/wp-content\/uploads\/2026\/04\/Asetur-asamblea-tianguis-turistico-2026.jpg","width":1200,"height":675,"caption":"Asetur asamblea tianguis tur\u00edstico 2026"},{"@type":"BreadcrumbList","@id":"https:\/\/nitu.mx\/index.php\/2026\/04\/27\/asetur-elige-a-roberto-monroy-como-su-presidente-para-el-periodo-2026-2027\/#breadcrumb","itemListElement":[{"@type":"ListItem","position":1,"name":"Inicio","item":"https:\/\/nitu.mx\/"},{"@type":"ListItem","position":2,"name":"ASETUR elige a Roberto Monroy como su presidente para el periodo 2026-2027"}]},{"@type":"WebSite","@id":"https:\/\/nitu.mx\/#website","url":"https:\/\/nitu.mx\/","name":"Nitu - Noticias de la Industria Turistica","description":"Noticias de la Industria Turistica","publisher":{"@id":"https:\/\/nitu.mx\/#\/schema\/person\/ae7a53426417292d3dd07b45a33e01bc"},"alternateName":"Noticias de la Industria Turistica","potentialAction":[{"@type":"SearchAction","target":{"@type":"EntryPoint","urlTemplate":"https:\/\/nitu.mx\/?s={search_term_string}"},"query-input":"required name=search_term_string"}],"inLanguage":"es-MX"},{"@type":["Person","Organization"],"@id":"https:\/\/nitu.mx\/#\/schema\/person\/ae7a53426417292d3dd07b45a33e01bc","name":"Arturo Medina","image":{"@type":"ImageObject","inLanguage":"es-MX","@id":"https:\/\/nitu.mx\/#\/schema\/person\/image\/","url":"https:\/\/nitu.mx\/wp-content\/uploads\/2024\/04\/4A315622-1904-4D5C-B022-878CDC840E04-90x90-1.jpeg","contentUrl":"https:\/\/nitu.mx\/wp-content\/uploads\/2024\/04\/4A315622-1904-4D5C-B022-878CDC840E04-90x90-1.jpeg","width":90,"height":90,"caption":"Arturo Medina"},"logo":{"@id":"https:\/\/nitu.mx\/#\/schema\/person\/image\/"},"description":"Director NITU.mx, Egresado de la Escuela de Periodismo Carlos Septi\u00e9n Garc\u00eda. Periodista y analista especializado en turismo desde hace 35 a\u00f1os, radicado en Canc\u00fan Q.Roo. arturo@nitu.mx","sameAs":["https:\/\/nitu.mx","https:\/\/www.facebook.com\/NITUmx\/","medinacancun","https:\/\/twitter.com\/@Arturo_Medina_G"]},{"@type":"Person","@id":"https:\/\/nitu.mx\/#\/schema\/person\/4a28fe9bd65924f7c90623773daf1b0b","name":"Redacci\u00f3n","image":{"@type":"ImageObject","inLanguage":"es-MX","@id":"https:\/\/nitu.mx\/#\/schema\/person\/image\/","url":"https:\/\/secure.gravatar.com\/avatar\/5dd011c8ccfc5cd7e4c81e42252aab38?s=96&d=mm&r=g","contentUrl":"https:\/\/secure.gravatar.com\/avatar\/5dd011c8ccfc5cd7e4c81e42252aab38?s=96&d=mm&r=g","caption":"Redacci\u00f3n"},"url":"https:\/\/nitu.mx\/index.php\/author\/redaccion\/"}]}},"views":83,"_links":{"self":[{"href":"https:\/\/nitu.mx\/index.php\/wp-json\/wp\/v2\/posts\/87393"}],"collection":[{"href":"https:\/\/nitu.mx\/index.php\/wp-json\/wp\/v2\/posts"}],"about":[{"href":"https:\/\/nitu.mx\/index.php\/wp-json\/wp\/v2\/types\/post"}],"author":[{"embeddable":true,"href":"https:\/\/nitu.mx\/index.php\/wp-json\/wp\/v2\/users\/17"}],"replies":[{"embeddable":true,"href":"https:\/\/nitu.mx\/index.php\/wp-json\/wp\/v2\/comments?post=87393"}],"version-history":[{"count":1,"href":"https:\/\/nitu.mx\/index.php\/wp-json\/wp\/v2\/posts\/87393\/revisions"}],"predecessor-version":[{"id":87400,"href":"https:\/\/nitu.mx\/index.php\/wp-json\/wp\/v2\/posts\/87393\/revisions\/87400"}],"wp:featuredmedia":[{"embeddable":true,"href":"https:\/\/nitu.mx\/index.php\/wp-json\/wp\/v2\/media\/87399"}],"wp:attachment":[{"href":"https:\/\/nitu.mx\/index.php\/wp-json\/wp\/v2\/media?parent=87393"}],"wp:term":[{"taxonomy":"category","embeddable":true,"href":"https:\/\/nitu.mx\/index.php\/wp-json\/wp\/v2\/categories?post=87393"},{"taxonomy":"post_tag","embeddable":true,"href":"https:\/\/nitu.mx\/index.php\/wp-json\/wp\/v2\/tags?post=87393"}],"curies":[{"name":"wp","href":"https:\/\/api.w.org\/{rel}","templated":true}]}}