{"id":87391,"date":"2026-04-27T01:39:37","date_gmt":"2026-04-27T07:39:37","guid":{"rendered":"https:\/\/nitu.mx\/?p=87391"},"modified":"2026-04-27T01:39:37","modified_gmt":"2026-04-27T07:39:37","slug":"sectur-preside-la-1a-sesion-ordinaria-2026-de-la-conferencia-nacional-de-secretarios-de-turismo","status":"publish","type":"post","link":"https:\/\/nitu.mx\/index.php\/2026\/04\/27\/sectur-preside-la-1a-sesion-ordinaria-2026-de-la-conferencia-nacional-de-secretarios-de-turismo\/","title":{"rendered":"Sectur preside la 1a Sesi\u00f3n Ordinaria 2026 de la Conferencia Nacional de Secretarios de Turismo"},"content":{"rendered":"\n<p>En el marco de la celebraci\u00f3n del Tianguis Tur\u00edstico M\u00e9xico 2026, la secretaria de Turismo del Gobierno de M\u00e9xico, Josefina Rodr\u00edguez Zamora, presidi\u00f3 la Primera Sesi\u00f3n Ordinaria 2026 de la Conferencia Nacional de Secretarios de Turismo y Funcionarios Tur\u00edsticos (CNT).<\/p>\n\n\n\n<p>Este encuentro es el principal espacio de coordinaci\u00f3n entre la Secretar\u00eda de Turismo y las y los secretarios de todos los estados, donde se articulan estrategias, se eval\u00faan pol\u00edticas p\u00fablicas y se comparten experiencias para fortalecer el desarrollo tur\u00edstico del pa\u00eds.<\/p>\n\n\n\n<p>\u201cHoy m\u00e1s que nunca, la coordinaci\u00f3n entre federaci\u00f3n, estados y municipios es fundamental para consolidar un turismo que genere bienestar y Prosperidad Compartida en todo el pa\u00eds; cuando trabajamos en unidad, el turismo se convierte en una herramienta real de desarrollo para nuestras comunidades\u201d, afirm\u00f3 la titular de la Secretar\u00eda de Turismo.<\/p>\n\n\n\n<p>En cumplimiento con la normatividad, este encuentro reuni\u00f3 a representantes de 28 entidades federativas y fue el espacio para definir rutas de trabajo, alinear pol\u00edticas p\u00fablicas, fortalecer la planeaci\u00f3n y acelerar el desarrollo tur\u00edstico nacional; destac\u00f3 la presentaci\u00f3n de estrategias para continuar con el impulso del fortalecimiento de Pueblos M\u00e1gicos, as\u00ed como un plan para incrementar las actividades de turismo deportivo.<\/p>\n\n\n\n<p>Durante la sesi\u00f3n se avanz\u00f3 en la consolidaci\u00f3n de una estrategia de medici\u00f3n del sector en cada estado el uso de la plataforma Datatur, as\u00ed como el uso del Sistema de Monitoreo Hotelero de Sectur, al respecto, la secretaria Josefina Rodr\u00edguez Zamora destac\u00f3 la importancia de monitorear sus destinos:<\/p>\n\n\n\n<p>\u201cEl objetivo es que ustedes tengan una metodolog\u00eda y usen el monitoreo correspondiente; con datos, puedan llegar con su gobernador, gobernadora, y le puedan decir, tengo 10 por ciento m\u00e1s de turistas, y eso lo van a lograr si se meten a fondo a monitorear la informaci\u00f3n de sus circuitos\u201d, detall\u00f3.<\/p>\n\n\n\n<p>Tambi\u00e9n se detallaron actividades de promoci\u00f3n conjunta con las entidades federativas, as\u00ed como en la alineaci\u00f3n de estados y municipios al PROSECTUR 2025-2030; al respecto, se present\u00f3 la aplicaci\u00f3n \u201cSimplicity \u2013 Explore Mexico\u201d, orientada a la innovaci\u00f3n y mejora de la experiencia tur\u00edstica.<\/p>\n\n\n\n<p>La Secretar\u00eda de Turismo del Gobierno de M\u00e9xico contin\u00faa consolidando la Pol\u00edtica Nacional de Turismo Deportivo como una estrategia clave para impulsar el desarrollo regional, dinamizar la econom\u00eda local y posicionar al pa\u00eds como un destino competitivo. En este contexto, ha impulsado la realizaci\u00f3n de competencias que integran a deportistas, visitantes y comunidades locales, promoviendo al mismo tiempo valores como la inclusi\u00f3n, la convivencia social y el aprovechamiento responsable de los destinos tur\u00edsticos<\/p>\n\n\n\n<p>Rodr\u00edguez Zamora precis\u00f3 que esta sesi\u00f3n permiti\u00f3 seguir consolidando a la Conferencia como \u00f3rgano estrat\u00e9gico para coordinar&nbsp; el desempe\u00f1o del sector, identificar \u00e1reas de oportunidad y compartir buenas pr\u00e1cticas que fortalezcan la competitividad tur\u00edstica de M\u00e9xico.<\/p>\n\n\n\n<p>Asimismo, subray\u00f3 que la unidad entre los tres \u00f3rdenes de gobierno es la base para detonar inversi\u00f3n, diversificar destinos y asegurar que los beneficios del turismo lleguen a m\u00e1s comunidades en todo el pa\u00eds.<\/p>\n\n\n\n<p>\u201cHoy vemos a todas las entidades sentadas en la misma mesa, con sus secretarias y secretarios de Turismo, junto al sector privado y social, trabajando con un mismo prop\u00f3sito. Esa coincidencia no es casualidad: es la se\u00f1al de un sector que entiende que, s\u00f3lo en unidad, el turismo puede generar Prosperidad Compartida y llegar a m\u00e1s comunidades en todo M\u00e9xico\u201d, concluy\u00f3.<\/p>\n\n\n\n<p>Por su parte el secretario de Turismo de Guerrero, Sim\u00f3n Qui\u00f1ones Orozco, destac\u00f3 la relevancia de la Conferencia Nacional de Secretarios de Turismo y Funcionarios Tur\u00edsticos como un espacio clave para fortalecer la coordinaci\u00f3n entre los estados y la federaci\u00f3n. (<a href=\"https:\/\/nitu.mx\/index.php\/2026\/03\/08\/sectur-asetur-y-cnet-refrendan-coordinacion-nacional-en-mexico-el-turismo-se-mantiene-fuerte-y-en-constante-crecimiento\/\">SECTUR, ASETUR y CNET refrendan coordinaci\u00f3n nacional: En M\u00e9xico el turismo se mantiene fuerte y en constante crecimiento\u00a0<\/a>).<\/p>\n\n\n\n<p>\u201cDurante este encuentro abordamos temas estrat\u00e9gicos como el turismo deportivo, la promoci\u00f3n de destinos y la conectividad a\u00e9rea, coincidiendo en que el turismo debe ser un motor de bienestar y Prosperidad Compartida para nuestras comunidades, siempre con respeto a su identidad y en armon\u00eda con el desarrollo local\u201d, se\u00f1al\u00f3.<\/p>\n\n\n\n<p>En este encuentro se cont\u00f3 con la participaci\u00f3n por parte de la Secretar\u00eda de Turismo de la subsecretaria, Nathalie Veronique Desplas Puel; del titular de la Unidad de Innovaci\u00f3n, Sustentabilidad y Profesionalizaci\u00f3n Tur\u00edstica, Miguel Agu\u00ed\u00f1iga Rodr\u00edguez; el director general de Planeaci\u00f3n y secretario Ejecutivo de la CNT, Rodrigo Cerda Cornejo; el director general de Integraci\u00f3n de Informaci\u00f3n Sectorial, Heliodoro Vidal Vel\u00e1zquez, y&nbsp; la directora general de Profesionalizaci\u00f3n y Competitividad Tur\u00edstica, Mariana del Carmen D\u00edaz y Maxil y el director general de Gesti\u00f3n Social de Destinos, Marte Molina Orozco y la directora de Dise\u00f1o de Programas, Diana Olvera.<\/p>\n\n\n\n<p>Asistieron las y los secretarios de Turismo de Quintana Roo,, Bernardo Cuento Riestra; de Turismo de Yucat\u00e1n, Dar\u00edo Flota Ocampo; de Tlaxcala, Fabricio Mena Rodr\u00edguez; de Sinaloa, Mireya Sosa Osuna; de Oaxaca, Saymi Pineda Velasco; de Nayarit, Juan Enrique Su\u00e1rez del Real Tostado; de Michoac\u00e1n, Roberto Monroy Garc\u00eda; de Hidalgo, Elizabeth Quintanar G\u00f3mez; de Chiapas, Segundo Guill\u00e9n Gordillo; de Zacatecas, Le Roy Barrag\u00e1n Ocampo; de Tamaulipas, Benjam\u00edn Hern\u00e1ndez Rodr\u00edguez; de Veracruz, Igor Fidel Roj\u00ed L\u00f3pez; de Sonora, Roberto Gradillas Pineda; de Baja California, Miguel \u00c1ngel Badiola Monta\u00f1o; de San Luis Potos\u00ed, Yolanda Josefina Cepeda Echavarr\u00eda; de Puebla, Carla L\u00f3pez-Malo Villal\u00f3n; de Nuevo Le\u00f3n, Maricarmen Mart\u00ednez Villarreal; de Morelos, Daniel Altafi Valladares; de Jalisco, Michelle Fridman Hirsch; de Campeche, Adda del Rub\u00ed Sol\u00eds Peniche; de Guanajuato, Mar\u00eda Guadalupe Robles Le\u00f3n.<\/p>\n\n\n\n<p>Tambi\u00e9n asistieron las y los subsecretarios de Turismo de Colima, Jorge Padilla Castillo; de Tabasco, Norma Araceli Aranguren Rosique; de Baja California, Martha In\u00e9s Dom\u00ednguez Uscanga; de Durango, Fernanda Ramos Velazco; as\u00ed como las y los representantes de Quer\u00e9taro, Rodrigo Ibarra Lozano; de Durango, Fernanda Ramos; de Coahuila, Martha Elena Moncada Zertuche; de Baja California Sur, Thalia Alejandra Ag\u00fandez Ar\u00e1mburo; entre otros.<\/p>\n","protected":false},"excerpt":{"rendered":"<p>En el marco de la celebraci\u00f3n del Tianguis Tur\u00edstico M\u00e9xico 2026, la secretaria de Turismo del Gobierno de M\u00e9xico, Josefina Rodr\u00edguez Zamora, presidi\u00f3 la Primera Sesi\u00f3n Ordinaria 2026 de la Conferencia Nacional de Secretarios de Turismo y Funcionarios Tur\u00edsticos (CNT). Este encuentro es el principal espacio de coordinaci\u00f3n entre la Secretar\u00eda de Turismo y las [&hellip;]<\/p>\n","protected":false},"author":17,"featured_media":87395,"comment_status":"closed","ping_status":"closed","sticky":false,"template":"","format":"standard","meta":{"footnotes":""},"categories":[12],"tags":[1118,13931,25659,93,1064],"yoast_head":"<!-- This site is optimized with the Yoast SEO plugin v22.2 - https:\/\/yoast.com\/wordpress\/plugins\/seo\/ -->\n<title>Sectur preside la 1a Sesi\u00f3n Ordinaria 2026 de la Conferencia Nacional de Secretarios de Turismo - Nitu - Noticias de la Industria Turistica<\/title>\n<meta name=\"robots\" content=\"index, follow, max-snippet:-1, max-image-preview:large, max-video-preview:-1\" \/>\n<link rel=\"canonical\" href=\"https:\/\/nitu.mx\/index.php\/2026\/04\/27\/sectur-preside-la-1a-sesion-ordinaria-2026-de-la-conferencia-nacional-de-secretarios-de-turismo\/\" \/>\n<meta name=\"twitter:card\" content=\"summary_large_image\" \/>\n<meta name=\"twitter:title\" content=\"Sectur preside la 1a Sesi\u00f3n Ordinaria 2026 de la Conferencia Nacional de Secretarios de Turismo - Nitu - Noticias de la Industria Turistica\" \/>\n<meta name=\"twitter:description\" content=\"En el marco de la celebraci\u00f3n del Tianguis Tur\u00edstico M\u00e9xico 2026, la secretaria de Turismo del Gobierno de M\u00e9xico, Josefina Rodr\u00edguez Zamora, presidi\u00f3 la Primera Sesi\u00f3n Ordinaria 2026 de la Conferencia Nacional de Secretarios de Turismo y Funcionarios Tur\u00edsticos (CNT). Este encuentro es el principal espacio de coordinaci\u00f3n entre la Secretar\u00eda de Turismo y las [&hellip;]\" \/>\n<meta name=\"twitter:image\" content=\"https:\/\/nitu.mx\/wp-content\/uploads\/2026\/04\/SECTUR-CONFERENCIA-ORDINARIA-ASETUR.jpg\" \/>\n<meta name=\"twitter:creator\" content=\"@NITUmx\" \/>\n<meta name=\"twitter:site\" content=\"@Arturo_Medina_G\" \/>\n<meta name=\"twitter:label1\" content=\"Escrito por\" \/>\n\t<meta name=\"twitter:data1\" content=\"Redacci\u00f3n\" \/>\n\t<meta name=\"twitter:label2\" content=\"Tiempo de lectura\" \/>\n\t<meta name=\"twitter:data2\" content=\"5 minutos\" \/>\n<script type=\"application\/ld+json\" class=\"yoast-schema-graph\">{\"@context\":\"https:\/\/schema.org\",\"@graph\":[{\"@type\":\"Article\",\"@id\":\"https:\/\/nitu.mx\/index.php\/2026\/04\/27\/sectur-preside-la-1a-sesion-ordinaria-2026-de-la-conferencia-nacional-de-secretarios-de-turismo\/#article\",\"isPartOf\":{\"@id\":\"https:\/\/nitu.mx\/index.php\/2026\/04\/27\/sectur-preside-la-1a-sesion-ordinaria-2026-de-la-conferencia-nacional-de-secretarios-de-turismo\/\"},\"author\":{\"name\":\"Redacci\u00f3n\",\"@id\":\"https:\/\/nitu.mx\/#\/schema\/person\/4a28fe9bd65924f7c90623773daf1b0b\"},\"headline\":\"Sectur preside la 1a Sesi\u00f3n Ordinaria 2026 de la Conferencia Nacional de Secretarios de Turismo\",\"datePublished\":\"2026-04-27T07:39:37+00:00\",\"dateModified\":\"2026-04-27T07:39:37+00:00\",\"mainEntityOfPage\":{\"@id\":\"https:\/\/nitu.mx\/index.php\/2026\/04\/27\/sectur-preside-la-1a-sesion-ordinaria-2026-de-la-conferencia-nacional-de-secretarios-de-turismo\/\"},\"wordCount\":1066,\"publisher\":{\"@id\":\"https:\/\/nitu.mx\/#\/schema\/person\/ae7a53426417292d3dd07b45a33e01bc\"},\"image\":{\"@id\":\"https:\/\/nitu.mx\/index.php\/2026\/04\/27\/sectur-preside-la-1a-sesion-ordinaria-2026-de-la-conferencia-nacional-de-secretarios-de-turismo\/#primaryimage\"},\"thumbnailUrl\":\"https:\/\/nitu.mx\/wp-content\/uploads\/2026\/04\/SECTUR-CONFERENCIA-ORDINARIA-ASETUR.jpg\",\"keywords\":[\"Asetur\",\"Bernardo Cueto\",\"Josefina Rodr\u00edguez\",\"Sectur\",\"Tianguis Tur\u00edstico\"],\"articleSection\":[\"Marketing\"],\"inLanguage\":\"es-MX\"},{\"@type\":\"WebPage\",\"@id\":\"https:\/\/nitu.mx\/index.php\/2026\/04\/27\/sectur-preside-la-1a-sesion-ordinaria-2026-de-la-conferencia-nacional-de-secretarios-de-turismo\/\",\"url\":\"https:\/\/nitu.mx\/index.php\/2026\/04\/27\/sectur-preside-la-1a-sesion-ordinaria-2026-de-la-conferencia-nacional-de-secretarios-de-turismo\/\",\"name\":\"Sectur preside la 1a Sesi\u00f3n Ordinaria 2026 de la Conferencia Nacional de Secretarios de Turismo - Nitu - Noticias de la Industria Turistica\",\"isPartOf\":{\"@id\":\"https:\/\/nitu.mx\/#website\"},\"primaryImageOfPage\":{\"@id\":\"https:\/\/nitu.mx\/index.php\/2026\/04\/27\/sectur-preside-la-1a-sesion-ordinaria-2026-de-la-conferencia-nacional-de-secretarios-de-turismo\/#primaryimage\"},\"image\":{\"@id\":\"https:\/\/nitu.mx\/index.php\/2026\/04\/27\/sectur-preside-la-1a-sesion-ordinaria-2026-de-la-conferencia-nacional-de-secretarios-de-turismo\/#primaryimage\"},\"thumbnailUrl\":\"https:\/\/nitu.mx\/wp-content\/uploads\/2026\/04\/SECTUR-CONFERENCIA-ORDINARIA-ASETUR.jpg\",\"datePublished\":\"2026-04-27T07:39:37+00:00\",\"dateModified\":\"2026-04-27T07:39:37+00:00\",\"breadcrumb\":{\"@id\":\"https:\/\/nitu.mx\/index.php\/2026\/04\/27\/sectur-preside-la-1a-sesion-ordinaria-2026-de-la-conferencia-nacional-de-secretarios-de-turismo\/#breadcrumb\"},\"inLanguage\":\"es-MX\",\"potentialAction\":[{\"@type\":\"ReadAction\",\"target\":[\"https:\/\/nitu.mx\/index.php\/2026\/04\/27\/sectur-preside-la-1a-sesion-ordinaria-2026-de-la-conferencia-nacional-de-secretarios-de-turismo\/\"]}]},{\"@type\":\"ImageObject\",\"inLanguage\":\"es-MX\",\"@id\":\"https:\/\/nitu.mx\/index.php\/2026\/04\/27\/sectur-preside-la-1a-sesion-ordinaria-2026-de-la-conferencia-nacional-de-secretarios-de-turismo\/#primaryimage\",\"url\":\"https:\/\/nitu.mx\/wp-content\/uploads\/2026\/04\/SECTUR-CONFERENCIA-ORDINARIA-ASETUR.jpg\",\"contentUrl\":\"https:\/\/nitu.mx\/wp-content\/uploads\/2026\/04\/SECTUR-CONFERENCIA-ORDINARIA-ASETUR.jpg\",\"width\":1200,\"height\":675},{\"@type\":\"BreadcrumbList\",\"@id\":\"https:\/\/nitu.mx\/index.php\/2026\/04\/27\/sectur-preside-la-1a-sesion-ordinaria-2026-de-la-conferencia-nacional-de-secretarios-de-turismo\/#breadcrumb\",\"itemListElement\":[{\"@type\":\"ListItem\",\"position\":1,\"name\":\"Inicio\",\"item\":\"https:\/\/nitu.mx\/\"},{\"@type\":\"ListItem\",\"position\":2,\"name\":\"Sectur preside la 1a Sesi\u00f3n Ordinaria 2026 de la Conferencia Nacional de Secretarios de Turismo\"}]},{\"@type\":\"WebSite\",\"@id\":\"https:\/\/nitu.mx\/#website\",\"url\":\"https:\/\/nitu.mx\/\",\"name\":\"Nitu - Noticias de la Industria Turistica\",\"description\":\"Noticias de la Industria Turistica\",\"publisher\":{\"@id\":\"https:\/\/nitu.mx\/#\/schema\/person\/ae7a53426417292d3dd07b45a33e01bc\"},\"alternateName\":\"Noticias de la Industria Turistica\",\"potentialAction\":[{\"@type\":\"SearchAction\",\"target\":{\"@type\":\"EntryPoint\",\"urlTemplate\":\"https:\/\/nitu.mx\/?s={search_term_string}\"},\"query-input\":\"required name=search_term_string\"}],\"inLanguage\":\"es-MX\"},{\"@type\":[\"Person\",\"Organization\"],\"@id\":\"https:\/\/nitu.mx\/#\/schema\/person\/ae7a53426417292d3dd07b45a33e01bc\",\"name\":\"Arturo Medina\",\"image\":{\"@type\":\"ImageObject\",\"inLanguage\":\"es-MX\",\"@id\":\"https:\/\/nitu.mx\/#\/schema\/person\/image\/\",\"url\":\"https:\/\/nitu.mx\/wp-content\/uploads\/2024\/04\/4A315622-1904-4D5C-B022-878CDC840E04-90x90-1.jpeg\",\"contentUrl\":\"https:\/\/nitu.mx\/wp-content\/uploads\/2024\/04\/4A315622-1904-4D5C-B022-878CDC840E04-90x90-1.jpeg\",\"width\":90,\"height\":90,\"caption\":\"Arturo Medina\"},\"logo\":{\"@id\":\"https:\/\/nitu.mx\/#\/schema\/person\/image\/\"},\"description\":\"Director NITU.mx, Egresado de la Escuela de Periodismo Carlos Septi\u00e9n Garc\u00eda. Periodista y analista especializado en turismo desde hace 35 a\u00f1os, radicado en Canc\u00fan Q.Roo. arturo@nitu.mx\",\"sameAs\":[\"https:\/\/nitu.mx\",\"https:\/\/www.facebook.com\/NITUmx\/\",\"medinacancun\",\"https:\/\/twitter.com\/@Arturo_Medina_G\"]},{\"@type\":\"Person\",\"@id\":\"https:\/\/nitu.mx\/#\/schema\/person\/4a28fe9bd65924f7c90623773daf1b0b\",\"name\":\"Redacci\u00f3n\",\"image\":{\"@type\":\"ImageObject\",\"inLanguage\":\"es-MX\",\"@id\":\"https:\/\/nitu.mx\/#\/schema\/person\/image\/\",\"url\":\"https:\/\/secure.gravatar.com\/avatar\/5dd011c8ccfc5cd7e4c81e42252aab38?s=96&d=mm&r=g\",\"contentUrl\":\"https:\/\/secure.gravatar.com\/avatar\/5dd011c8ccfc5cd7e4c81e42252aab38?s=96&d=mm&r=g\",\"caption\":\"Redacci\u00f3n\"},\"url\":\"https:\/\/nitu.mx\/index.php\/author\/redaccion\/\"}]}<\/script>\n<!-- \/ Yoast SEO plugin. -->","yoast_head_json":{"title":"Sectur preside la 1a Sesi\u00f3n Ordinaria 2026 de la Conferencia Nacional de Secretarios de Turismo - Nitu - Noticias de la Industria Turistica","robots":{"index":"index","follow":"follow","max-snippet":"max-snippet:-1","max-image-preview":"max-image-preview:large","max-video-preview":"max-video-preview:-1"},"canonical":"https:\/\/nitu.mx\/index.php\/2026\/04\/27\/sectur-preside-la-1a-sesion-ordinaria-2026-de-la-conferencia-nacional-de-secretarios-de-turismo\/","twitter_card":"summary_large_image","twitter_title":"Sectur preside la 1a Sesi\u00f3n Ordinaria 2026 de la Conferencia Nacional de Secretarios de Turismo - Nitu - Noticias de la Industria Turistica","twitter_description":"En el marco de la celebraci\u00f3n del Tianguis Tur\u00edstico M\u00e9xico 2026, la secretaria de Turismo del Gobierno de M\u00e9xico, Josefina Rodr\u00edguez Zamora, presidi\u00f3 la Primera Sesi\u00f3n Ordinaria 2026 de la Conferencia Nacional de Secretarios de Turismo y Funcionarios Tur\u00edsticos (CNT). Este encuentro es el principal espacio de coordinaci\u00f3n entre la Secretar\u00eda de Turismo y las [&hellip;]","twitter_image":"https:\/\/nitu.mx\/wp-content\/uploads\/2026\/04\/SECTUR-CONFERENCIA-ORDINARIA-ASETUR.jpg","twitter_creator":"@NITUmx","twitter_site":"@Arturo_Medina_G","twitter_misc":{"Escrito por":"Redacci\u00f3n","Tiempo de lectura":"5 minutos"},"schema":{"@context":"https:\/\/schema.org","@graph":[{"@type":"Article","@id":"https:\/\/nitu.mx\/index.php\/2026\/04\/27\/sectur-preside-la-1a-sesion-ordinaria-2026-de-la-conferencia-nacional-de-secretarios-de-turismo\/#article","isPartOf":{"@id":"https:\/\/nitu.mx\/index.php\/2026\/04\/27\/sectur-preside-la-1a-sesion-ordinaria-2026-de-la-conferencia-nacional-de-secretarios-de-turismo\/"},"author":{"name":"Redacci\u00f3n","@id":"https:\/\/nitu.mx\/#\/schema\/person\/4a28fe9bd65924f7c90623773daf1b0b"},"headline":"Sectur preside la 1a Sesi\u00f3n Ordinaria 2026 de la Conferencia Nacional de Secretarios de Turismo","datePublished":"2026-04-27T07:39:37+00:00","dateModified":"2026-04-27T07:39:37+00:00","mainEntityOfPage":{"@id":"https:\/\/nitu.mx\/index.php\/2026\/04\/27\/sectur-preside-la-1a-sesion-ordinaria-2026-de-la-conferencia-nacional-de-secretarios-de-turismo\/"},"wordCount":1066,"publisher":{"@id":"https:\/\/nitu.mx\/#\/schema\/person\/ae7a53426417292d3dd07b45a33e01bc"},"image":{"@id":"https:\/\/nitu.mx\/index.php\/2026\/04\/27\/sectur-preside-la-1a-sesion-ordinaria-2026-de-la-conferencia-nacional-de-secretarios-de-turismo\/#primaryimage"},"thumbnailUrl":"https:\/\/nitu.mx\/wp-content\/uploads\/2026\/04\/SECTUR-CONFERENCIA-ORDINARIA-ASETUR.jpg","keywords":["Asetur","Bernardo Cueto","Josefina Rodr\u00edguez","Sectur","Tianguis Tur\u00edstico"],"articleSection":["Marketing"],"inLanguage":"es-MX"},{"@type":"WebPage","@id":"https:\/\/nitu.mx\/index.php\/2026\/04\/27\/sectur-preside-la-1a-sesion-ordinaria-2026-de-la-conferencia-nacional-de-secretarios-de-turismo\/","url":"https:\/\/nitu.mx\/index.php\/2026\/04\/27\/sectur-preside-la-1a-sesion-ordinaria-2026-de-la-conferencia-nacional-de-secretarios-de-turismo\/","name":"Sectur preside la 1a Sesi\u00f3n Ordinaria 2026 de la Conferencia Nacional de Secretarios de Turismo - Nitu - Noticias de la Industria Turistica","isPartOf":{"@id":"https:\/\/nitu.mx\/#website"},"primaryImageOfPage":{"@id":"https:\/\/nitu.mx\/index.php\/2026\/04\/27\/sectur-preside-la-1a-sesion-ordinaria-2026-de-la-conferencia-nacional-de-secretarios-de-turismo\/#primaryimage"},"image":{"@id":"https:\/\/nitu.mx\/index.php\/2026\/04\/27\/sectur-preside-la-1a-sesion-ordinaria-2026-de-la-conferencia-nacional-de-secretarios-de-turismo\/#primaryimage"},"thumbnailUrl":"https:\/\/nitu.mx\/wp-content\/uploads\/2026\/04\/SECTUR-CONFERENCIA-ORDINARIA-ASETUR.jpg","datePublished":"2026-04-27T07:39:37+00:00","dateModified":"2026-04-27T07:39:37+00:00","breadcrumb":{"@id":"https:\/\/nitu.mx\/index.php\/2026\/04\/27\/sectur-preside-la-1a-sesion-ordinaria-2026-de-la-conferencia-nacional-de-secretarios-de-turismo\/#breadcrumb"},"inLanguage":"es-MX","potentialAction":[{"@type":"ReadAction","target":["https:\/\/nitu.mx\/index.php\/2026\/04\/27\/sectur-preside-la-1a-sesion-ordinaria-2026-de-la-conferencia-nacional-de-secretarios-de-turismo\/"]}]},{"@type":"ImageObject","inLanguage":"es-MX","@id":"https:\/\/nitu.mx\/index.php\/2026\/04\/27\/sectur-preside-la-1a-sesion-ordinaria-2026-de-la-conferencia-nacional-de-secretarios-de-turismo\/#primaryimage","url":"https:\/\/nitu.mx\/wp-content\/uploads\/2026\/04\/SECTUR-CONFERENCIA-ORDINARIA-ASETUR.jpg","contentUrl":"https:\/\/nitu.mx\/wp-content\/uploads\/2026\/04\/SECTUR-CONFERENCIA-ORDINARIA-ASETUR.jpg","width":1200,"height":675},{"@type":"BreadcrumbList","@id":"https:\/\/nitu.mx\/index.php\/2026\/04\/27\/sectur-preside-la-1a-sesion-ordinaria-2026-de-la-conferencia-nacional-de-secretarios-de-turismo\/#breadcrumb","itemListElement":[{"@type":"ListItem","position":1,"name":"Inicio","item":"https:\/\/nitu.mx\/"},{"@type":"ListItem","position":2,"name":"Sectur preside la 1a Sesi\u00f3n Ordinaria 2026 de la Conferencia Nacional de Secretarios de Turismo"}]},{"@type":"WebSite","@id":"https:\/\/nitu.mx\/#website","url":"https:\/\/nitu.mx\/","name":"Nitu - Noticias de la Industria Turistica","description":"Noticias de la Industria Turistica","publisher":{"@id":"https:\/\/nitu.mx\/#\/schema\/person\/ae7a53426417292d3dd07b45a33e01bc"},"alternateName":"Noticias de la Industria Turistica","potentialAction":[{"@type":"SearchAction","target":{"@type":"EntryPoint","urlTemplate":"https:\/\/nitu.mx\/?s={search_term_string}"},"query-input":"required name=search_term_string"}],"inLanguage":"es-MX"},{"@type":["Person","Organization"],"@id":"https:\/\/nitu.mx\/#\/schema\/person\/ae7a53426417292d3dd07b45a33e01bc","name":"Arturo Medina","image":{"@type":"ImageObject","inLanguage":"es-MX","@id":"https:\/\/nitu.mx\/#\/schema\/person\/image\/","url":"https:\/\/nitu.mx\/wp-content\/uploads\/2024\/04\/4A315622-1904-4D5C-B022-878CDC840E04-90x90-1.jpeg","contentUrl":"https:\/\/nitu.mx\/wp-content\/uploads\/2024\/04\/4A315622-1904-4D5C-B022-878CDC840E04-90x90-1.jpeg","width":90,"height":90,"caption":"Arturo Medina"},"logo":{"@id":"https:\/\/nitu.mx\/#\/schema\/person\/image\/"},"description":"Director NITU.mx, Egresado de la Escuela de Periodismo Carlos Septi\u00e9n Garc\u00eda. Periodista y analista especializado en turismo desde hace 35 a\u00f1os, radicado en Canc\u00fan Q.Roo. arturo@nitu.mx","sameAs":["https:\/\/nitu.mx","https:\/\/www.facebook.com\/NITUmx\/","medinacancun","https:\/\/twitter.com\/@Arturo_Medina_G"]},{"@type":"Person","@id":"https:\/\/nitu.mx\/#\/schema\/person\/4a28fe9bd65924f7c90623773daf1b0b","name":"Redacci\u00f3n","image":{"@type":"ImageObject","inLanguage":"es-MX","@id":"https:\/\/nitu.mx\/#\/schema\/person\/image\/","url":"https:\/\/secure.gravatar.com\/avatar\/5dd011c8ccfc5cd7e4c81e42252aab38?s=96&d=mm&r=g","contentUrl":"https:\/\/secure.gravatar.com\/avatar\/5dd011c8ccfc5cd7e4c81e42252aab38?s=96&d=mm&r=g","caption":"Redacci\u00f3n"},"url":"https:\/\/nitu.mx\/index.php\/author\/redaccion\/"}]}},"views":61,"_links":{"self":[{"href":"https:\/\/nitu.mx\/index.php\/wp-json\/wp\/v2\/posts\/87391"}],"collection":[{"href":"https:\/\/nitu.mx\/index.php\/wp-json\/wp\/v2\/posts"}],"about":[{"href":"https:\/\/nitu.mx\/index.php\/wp-json\/wp\/v2\/types\/post"}],"author":[{"embeddable":true,"href":"https:\/\/nitu.mx\/index.php\/wp-json\/wp\/v2\/users\/17"}],"replies":[{"embeddable":true,"href":"https:\/\/nitu.mx\/index.php\/wp-json\/wp\/v2\/comments?post=87391"}],"version-history":[{"count":1,"href":"https:\/\/nitu.mx\/index.php\/wp-json\/wp\/v2\/posts\/87391\/revisions"}],"predecessor-version":[{"id":87396,"href":"https:\/\/nitu.mx\/index.php\/wp-json\/wp\/v2\/posts\/87391\/revisions\/87396"}],"wp:featuredmedia":[{"embeddable":true,"href":"https:\/\/nitu.mx\/index.php\/wp-json\/wp\/v2\/media\/87395"}],"wp:attachment":[{"href":"https:\/\/nitu.mx\/index.php\/wp-json\/wp\/v2\/media?parent=87391"}],"wp:term":[{"taxonomy":"category","embeddable":true,"href":"https:\/\/nitu.mx\/index.php\/wp-json\/wp\/v2\/categories?post=87391"},{"taxonomy":"post_tag","embeddable":true,"href":"https:\/\/nitu.mx\/index.php\/wp-json\/wp\/v2\/tags?post=87391"}],"curies":[{"name":"wp","href":"https:\/\/api.w.org\/{rel}","templated":true}]}}