{"id":87356,"date":"2026-04-23T17:36:13","date_gmt":"2026-04-23T23:36:13","guid":{"rendered":"https:\/\/nitu.mx\/?p=87356"},"modified":"2026-04-23T20:10:46","modified_gmt":"2026-04-24T02:10:46","slug":"morelos-activa-su-estrategia-rumbo-al-mundial-2026","status":"publish","type":"post","link":"https:\/\/nitu.mx\/index.php\/2026\/04\/23\/morelos-activa-su-estrategia-rumbo-al-mundial-2026\/","title":{"rendered":"Morelos lanza estrategia de actividades rumbo al Mundial 2026"},"content":{"rendered":"\n<p>En el estado de Morelos se llev\u00f3 a cabo la presentaci\u00f3n de las actividades que se realizar\u00e1n durante los pr\u00f3ximos meses<em>,<\/em> esto como parte del Mundial de Futbol 2026, con una estrategia integral orientada a fortalecer el turismo, la econom\u00eda local, la convivencia social, as\u00ed como la recuperaci\u00f3n de espacios p\u00fablicos.<\/p>\n\n\n\n<p>La gobernadora Margarita Gonz\u00e1lez Saravia indic\u00f3 que \u201cLa tierra que nos une\u201d est\u00e1 lista para llevar a cabo actividades deportivas, recreativas y torneos de futbol; \u201choy estamos reunidos y reunidas para celebrar uno de los eventos que siempre est\u00e1 en el coraz\u00f3n de las y los mexicanos: el futbol. Esta es una gran oportunidad para que este campeonato mundial se convierta en una fiesta deportiva y social; Morelos est\u00e1 de fiesta, Morelos es la primavera del mundial\u201d, afirm\u00f3.<\/p>\n\n\n\n<p>Se se\u00f1al\u00f3 que para el desarrollo de las actividades en los 36 municipios, tanto autoridades de la Secretar\u00eda de Turismo como del Indem, est\u00e1n en coordinaci\u00f3n para acercar la emoci\u00f3n del mundial a miles de familias morelenses y visitantes.<\/p>\n\n\n\n<p>En un lapso de 45 d\u00edas habr\u00e1 cuatro sedes mundialistas: la Plaza General Emiliano Zapata y el Parque Estatal Urbano Barranca de Chapultepec, en Cuernavaca; as\u00ed como las plazas p\u00fablicas de Tepoztl\u00e1n y Tlaltizap\u00e1n, que contar\u00e1n con canchas temporales, activaciones y espacios fotogr\u00e1ficos.<\/p>\n\n\n\n<p>Las actividades que destacan son: dominadas, fut-tenis, tiro a gol y al blanco, y boliche con bal\u00f3n, estas se tienen programadas del 30 de abril al 18 de julio de jueves a s\u00e1bado. As\u00ed mismo, se contempla el Mundialito Escolar, con participaci\u00f3n de estudiantes tanto de nivel b\u00e1sico, medio superior como superior.<\/p>\n\n\n\n<p>Tambi\u00e9n se realizar\u00e1 el Mundialito DIF, con concursos de dibujos, decoraci\u00f3n de balones, tiro a gol, dominadas y mesas de futbolito para ni\u00f1as y ni\u00f1os en las instalaciones del Sistema para el Desarrollo Integral de la Familia del Estado de Morelos (SEDIF).<\/p>\n\n\n\n<p>En tanto, se convoc\u00f3 a la poblaci\u00f3n a conocer el recetario \u201cBotanas del Mundial\u201d, que pone en el centro los alimentos que se siembran y producen en la entidad para promover la riqueza del campo morelense.<\/p>\n\n\n\n<p>En los Pueblos M\u00e1gicos de Tepoztl\u00e1n y Tlayacapan se transmitir\u00e1n los partidos de la Copa del Mundo; y contar\u00e1n con un pabell\u00f3n gastron\u00f3mico artesanal, cl\u00ednicas deportivas y charlas motivacionales.<\/p>\n\n\n\n<p>Se inform\u00f3 que trav\u00e9s del Instituto Morelense de Radio y Televisi\u00f3n, se transmitir\u00e1 el programa Morelos Mundialista, con an\u00e1lisis deportivo, segmentos culturales, gastron\u00f3micos y de identidad local, los martes y jueves a las 17:30 horas, a partir del 28 de mayo.<\/p>\n\n\n\n<p>En el marco de estas actividades se rehabilitar\u00e1n 16 canchas y se construir\u00e1n 12 nuevos espacios para la pr\u00e1ctica del balompi\u00e9 en distintos puntos de la entidad.<\/p>\n\n\n\n<p>La coordinaci\u00f3n de H\u00e1bitat Morelos ha plasmado murales en canchas deportivas, plazas p\u00fablicas y el Paso Expr\u00e9s, elaborados por artistas urbanos con elementos asociados al futbol y a la Copa Mundial.<\/p>\n\n\n\n<p>Durante este evento de informe de actividades en Morelos en la cancha del Estadio Centenario, se present\u00f3 el video de la canci\u00f3n \u201cMorelos, la primavera de M\u00e9xico y el Mundial\u201d, escrita por Jos\u00e9 Luis Gomar, en la que participa Casandra Gaol.<\/p>\n\n\n\n<p>El secretario de Turismo de Morelos, Daniel Altafi Valladares, sostuvo que esta estrategia permite proyectar al estado desde una l\u00f3gica contempor\u00e1nea de experiencia, cercan\u00eda y competitividad territorial, aprovechando un fen\u00f3meno global para activar vocaciones locales y generar beneficios concretos para la poblaci\u00f3n. (<a href=\"https:\/\/nitu.mx\/index.php\/2026\/03\/25\/se-realizara-en-morelos-el-beer-fest-2026\/\">Se realizar\u00e1 en\u00a0Morelos\u00a0el Beer Fest 2026<\/a>).<\/p>\n","protected":false},"excerpt":{"rendered":"<p>En el estado de Morelos se llev\u00f3 a cabo la presentaci\u00f3n de las actividades que se realizar\u00e1n durante los pr\u00f3ximos meses, esto como parte del Mundial de Futbol 2026, con una estrategia integral orientada a fortalecer el turismo, la econom\u00eda local, la convivencia social, as\u00ed como la recuperaci\u00f3n de espacios p\u00fablicos. La gobernadora Margarita Gonz\u00e1lez [&hellip;]<\/p>\n","protected":false},"author":17,"featured_media":87361,"comment_status":"closed","ping_status":"closed","sticky":false,"template":"","format":"standard","meta":{"footnotes":""},"categories":[5],"tags":[27385,4997,7162,93],"yoast_head":"<!-- This site is optimized with the Yoast SEO plugin v22.2 - https:\/\/yoast.com\/wordpress\/plugins\/seo\/ -->\n<title>Morelos lanza estrategia de actividades rumbo al Mundial 2026 - Nitu - Noticias de la Industria Turistica<\/title>\n<meta name=\"robots\" content=\"index, follow, max-snippet:-1, max-image-preview:large, max-video-preview:-1\" \/>\n<link rel=\"canonical\" href=\"https:\/\/nitu.mx\/index.php\/2026\/04\/23\/morelos-activa-su-estrategia-rumbo-al-mundial-2026\/\" \/>\n<meta name=\"twitter:card\" content=\"summary_large_image\" \/>\n<meta name=\"twitter:title\" content=\"Morelos lanza estrategia de actividades rumbo al Mundial 2026 - Nitu - Noticias de la Industria Turistica\" \/>\n<meta name=\"twitter:description\" content=\"En el estado de Morelos se llev\u00f3 a cabo la presentaci\u00f3n de las actividades que se realizar\u00e1n durante los pr\u00f3ximos meses, esto como parte del Mundial de Futbol 2026, con una estrategia integral orientada a fortalecer el turismo, la econom\u00eda local, la convivencia social, as\u00ed como la recuperaci\u00f3n de espacios p\u00fablicos. La gobernadora Margarita Gonz\u00e1lez [&hellip;]\" \/>\n<meta name=\"twitter:image\" content=\"https:\/\/nitu.mx\/wp-content\/uploads\/2026\/04\/Morelos-la-primavera-del-Mundial.jpg\" \/>\n<meta name=\"twitter:creator\" content=\"@NITUmx\" \/>\n<meta name=\"twitter:site\" content=\"@Arturo_Medina_G\" \/>\n<meta name=\"twitter:label1\" content=\"Escrito por\" \/>\n\t<meta name=\"twitter:data1\" content=\"Redacci\u00f3n\" \/>\n\t<meta name=\"twitter:label2\" content=\"Tiempo de lectura\" \/>\n\t<meta name=\"twitter:data2\" content=\"3 minutos\" \/>\n<script type=\"application\/ld+json\" class=\"yoast-schema-graph\">{\"@context\":\"https:\/\/schema.org\",\"@graph\":[{\"@type\":\"Article\",\"@id\":\"https:\/\/nitu.mx\/index.php\/2026\/04\/23\/morelos-activa-su-estrategia-rumbo-al-mundial-2026\/#article\",\"isPartOf\":{\"@id\":\"https:\/\/nitu.mx\/index.php\/2026\/04\/23\/morelos-activa-su-estrategia-rumbo-al-mundial-2026\/\"},\"author\":{\"name\":\"Redacci\u00f3n\",\"@id\":\"https:\/\/nitu.mx\/#\/schema\/person\/4a28fe9bd65924f7c90623773daf1b0b\"},\"headline\":\"Morelos lanza estrategia de actividades rumbo al Mundial 2026\",\"datePublished\":\"2026-04-23T23:36:13+00:00\",\"dateModified\":\"2026-04-24T02:10:46+00:00\",\"mainEntityOfPage\":{\"@id\":\"https:\/\/nitu.mx\/index.php\/2026\/04\/23\/morelos-activa-su-estrategia-rumbo-al-mundial-2026\/\"},\"wordCount\":611,\"publisher\":{\"@id\":\"https:\/\/nitu.mx\/#\/schema\/person\/ae7a53426417292d3dd07b45a33e01bc\"},\"image\":{\"@id\":\"https:\/\/nitu.mx\/index.php\/2026\/04\/23\/morelos-activa-su-estrategia-rumbo-al-mundial-2026\/#primaryimage\"},\"thumbnailUrl\":\"https:\/\/nitu.mx\/wp-content\/uploads\/2026\/04\/Morelos-la-primavera-del-Mundial.jpg\",\"keywords\":[\"Daniel Altafi\",\"Morelos\",\"Mundial de Futbol\",\"Sectur\"],\"articleSection\":[\"Destinos\"],\"inLanguage\":\"es-MX\"},{\"@type\":\"WebPage\",\"@id\":\"https:\/\/nitu.mx\/index.php\/2026\/04\/23\/morelos-activa-su-estrategia-rumbo-al-mundial-2026\/\",\"url\":\"https:\/\/nitu.mx\/index.php\/2026\/04\/23\/morelos-activa-su-estrategia-rumbo-al-mundial-2026\/\",\"name\":\"Morelos lanza estrategia de actividades rumbo al Mundial 2026 - Nitu - Noticias de la Industria Turistica\",\"isPartOf\":{\"@id\":\"https:\/\/nitu.mx\/#website\"},\"primaryImageOfPage\":{\"@id\":\"https:\/\/nitu.mx\/index.php\/2026\/04\/23\/morelos-activa-su-estrategia-rumbo-al-mundial-2026\/#primaryimage\"},\"image\":{\"@id\":\"https:\/\/nitu.mx\/index.php\/2026\/04\/23\/morelos-activa-su-estrategia-rumbo-al-mundial-2026\/#primaryimage\"},\"thumbnailUrl\":\"https:\/\/nitu.mx\/wp-content\/uploads\/2026\/04\/Morelos-la-primavera-del-Mundial.jpg\",\"datePublished\":\"2026-04-23T23:36:13+00:00\",\"dateModified\":\"2026-04-24T02:10:46+00:00\",\"breadcrumb\":{\"@id\":\"https:\/\/nitu.mx\/index.php\/2026\/04\/23\/morelos-activa-su-estrategia-rumbo-al-mundial-2026\/#breadcrumb\"},\"inLanguage\":\"es-MX\",\"potentialAction\":[{\"@type\":\"ReadAction\",\"target\":[\"https:\/\/nitu.mx\/index.php\/2026\/04\/23\/morelos-activa-su-estrategia-rumbo-al-mundial-2026\/\"]}]},{\"@type\":\"ImageObject\",\"inLanguage\":\"es-MX\",\"@id\":\"https:\/\/nitu.mx\/index.php\/2026\/04\/23\/morelos-activa-su-estrategia-rumbo-al-mundial-2026\/#primaryimage\",\"url\":\"https:\/\/nitu.mx\/wp-content\/uploads\/2026\/04\/Morelos-la-primavera-del-Mundial.jpg\",\"contentUrl\":\"https:\/\/nitu.mx\/wp-content\/uploads\/2026\/04\/Morelos-la-primavera-del-Mundial.jpg\",\"width\":1200,\"height\":675,\"caption\":\"Morelos la primavera del Mundial\"},{\"@type\":\"BreadcrumbList\",\"@id\":\"https:\/\/nitu.mx\/index.php\/2026\/04\/23\/morelos-activa-su-estrategia-rumbo-al-mundial-2026\/#breadcrumb\",\"itemListElement\":[{\"@type\":\"ListItem\",\"position\":1,\"name\":\"Inicio\",\"item\":\"https:\/\/nitu.mx\/\"},{\"@type\":\"ListItem\",\"position\":2,\"name\":\"Morelos lanza estrategia de actividades rumbo al Mundial 2026\"}]},{\"@type\":\"WebSite\",\"@id\":\"https:\/\/nitu.mx\/#website\",\"url\":\"https:\/\/nitu.mx\/\",\"name\":\"Nitu - Noticias de la Industria Turistica\",\"description\":\"Noticias de la Industria Turistica\",\"publisher\":{\"@id\":\"https:\/\/nitu.mx\/#\/schema\/person\/ae7a53426417292d3dd07b45a33e01bc\"},\"alternateName\":\"Noticias de la Industria Turistica\",\"potentialAction\":[{\"@type\":\"SearchAction\",\"target\":{\"@type\":\"EntryPoint\",\"urlTemplate\":\"https:\/\/nitu.mx\/?s={search_term_string}\"},\"query-input\":\"required name=search_term_string\"}],\"inLanguage\":\"es-MX\"},{\"@type\":[\"Person\",\"Organization\"],\"@id\":\"https:\/\/nitu.mx\/#\/schema\/person\/ae7a53426417292d3dd07b45a33e01bc\",\"name\":\"Arturo Medina\",\"image\":{\"@type\":\"ImageObject\",\"inLanguage\":\"es-MX\",\"@id\":\"https:\/\/nitu.mx\/#\/schema\/person\/image\/\",\"url\":\"https:\/\/nitu.mx\/wp-content\/uploads\/2024\/04\/4A315622-1904-4D5C-B022-878CDC840E04-90x90-1.jpeg\",\"contentUrl\":\"https:\/\/nitu.mx\/wp-content\/uploads\/2024\/04\/4A315622-1904-4D5C-B022-878CDC840E04-90x90-1.jpeg\",\"width\":90,\"height\":90,\"caption\":\"Arturo Medina\"},\"logo\":{\"@id\":\"https:\/\/nitu.mx\/#\/schema\/person\/image\/\"},\"description\":\"Director NITU.mx, Egresado de la Escuela de Periodismo Carlos Septi\u00e9n Garc\u00eda. Periodista y analista especializado en turismo desde hace 35 a\u00f1os, radicado en Canc\u00fan Q.Roo. arturo@nitu.mx\",\"sameAs\":[\"https:\/\/nitu.mx\",\"https:\/\/www.facebook.com\/NITUmx\/\",\"medinacancun\",\"https:\/\/twitter.com\/@Arturo_Medina_G\"]},{\"@type\":\"Person\",\"@id\":\"https:\/\/nitu.mx\/#\/schema\/person\/4a28fe9bd65924f7c90623773daf1b0b\",\"name\":\"Redacci\u00f3n\",\"image\":{\"@type\":\"ImageObject\",\"inLanguage\":\"es-MX\",\"@id\":\"https:\/\/nitu.mx\/#\/schema\/person\/image\/\",\"url\":\"https:\/\/secure.gravatar.com\/avatar\/5dd011c8ccfc5cd7e4c81e42252aab38?s=96&d=mm&r=g\",\"contentUrl\":\"https:\/\/secure.gravatar.com\/avatar\/5dd011c8ccfc5cd7e4c81e42252aab38?s=96&d=mm&r=g\",\"caption\":\"Redacci\u00f3n\"},\"url\":\"https:\/\/nitu.mx\/index.php\/author\/redaccion\/\"}]}<\/script>\n<!-- \/ Yoast SEO plugin. -->","yoast_head_json":{"title":"Morelos lanza estrategia de actividades rumbo al Mundial 2026 - Nitu - Noticias de la Industria Turistica","robots":{"index":"index","follow":"follow","max-snippet":"max-snippet:-1","max-image-preview":"max-image-preview:large","max-video-preview":"max-video-preview:-1"},"canonical":"https:\/\/nitu.mx\/index.php\/2026\/04\/23\/morelos-activa-su-estrategia-rumbo-al-mundial-2026\/","twitter_card":"summary_large_image","twitter_title":"Morelos lanza estrategia de actividades rumbo al Mundial 2026 - Nitu - Noticias de la Industria Turistica","twitter_description":"En el estado de Morelos se llev\u00f3 a cabo la presentaci\u00f3n de las actividades que se realizar\u00e1n durante los pr\u00f3ximos meses, esto como parte del Mundial de Futbol 2026, con una estrategia integral orientada a fortalecer el turismo, la econom\u00eda local, la convivencia social, as\u00ed como la recuperaci\u00f3n de espacios p\u00fablicos. La gobernadora Margarita Gonz\u00e1lez [&hellip;]","twitter_image":"https:\/\/nitu.mx\/wp-content\/uploads\/2026\/04\/Morelos-la-primavera-del-Mundial.jpg","twitter_creator":"@NITUmx","twitter_site":"@Arturo_Medina_G","twitter_misc":{"Escrito por":"Redacci\u00f3n","Tiempo de lectura":"3 minutos"},"schema":{"@context":"https:\/\/schema.org","@graph":[{"@type":"Article","@id":"https:\/\/nitu.mx\/index.php\/2026\/04\/23\/morelos-activa-su-estrategia-rumbo-al-mundial-2026\/#article","isPartOf":{"@id":"https:\/\/nitu.mx\/index.php\/2026\/04\/23\/morelos-activa-su-estrategia-rumbo-al-mundial-2026\/"},"author":{"name":"Redacci\u00f3n","@id":"https:\/\/nitu.mx\/#\/schema\/person\/4a28fe9bd65924f7c90623773daf1b0b"},"headline":"Morelos lanza estrategia de actividades rumbo al Mundial 2026","datePublished":"2026-04-23T23:36:13+00:00","dateModified":"2026-04-24T02:10:46+00:00","mainEntityOfPage":{"@id":"https:\/\/nitu.mx\/index.php\/2026\/04\/23\/morelos-activa-su-estrategia-rumbo-al-mundial-2026\/"},"wordCount":611,"publisher":{"@id":"https:\/\/nitu.mx\/#\/schema\/person\/ae7a53426417292d3dd07b45a33e01bc"},"image":{"@id":"https:\/\/nitu.mx\/index.php\/2026\/04\/23\/morelos-activa-su-estrategia-rumbo-al-mundial-2026\/#primaryimage"},"thumbnailUrl":"https:\/\/nitu.mx\/wp-content\/uploads\/2026\/04\/Morelos-la-primavera-del-Mundial.jpg","keywords":["Daniel Altafi","Morelos","Mundial de Futbol","Sectur"],"articleSection":["Destinos"],"inLanguage":"es-MX"},{"@type":"WebPage","@id":"https:\/\/nitu.mx\/index.php\/2026\/04\/23\/morelos-activa-su-estrategia-rumbo-al-mundial-2026\/","url":"https:\/\/nitu.mx\/index.php\/2026\/04\/23\/morelos-activa-su-estrategia-rumbo-al-mundial-2026\/","name":"Morelos lanza estrategia de actividades rumbo al Mundial 2026 - Nitu - Noticias de la Industria Turistica","isPartOf":{"@id":"https:\/\/nitu.mx\/#website"},"primaryImageOfPage":{"@id":"https:\/\/nitu.mx\/index.php\/2026\/04\/23\/morelos-activa-su-estrategia-rumbo-al-mundial-2026\/#primaryimage"},"image":{"@id":"https:\/\/nitu.mx\/index.php\/2026\/04\/23\/morelos-activa-su-estrategia-rumbo-al-mundial-2026\/#primaryimage"},"thumbnailUrl":"https:\/\/nitu.mx\/wp-content\/uploads\/2026\/04\/Morelos-la-primavera-del-Mundial.jpg","datePublished":"2026-04-23T23:36:13+00:00","dateModified":"2026-04-24T02:10:46+00:00","breadcrumb":{"@id":"https:\/\/nitu.mx\/index.php\/2026\/04\/23\/morelos-activa-su-estrategia-rumbo-al-mundial-2026\/#breadcrumb"},"inLanguage":"es-MX","potentialAction":[{"@type":"ReadAction","target":["https:\/\/nitu.mx\/index.php\/2026\/04\/23\/morelos-activa-su-estrategia-rumbo-al-mundial-2026\/"]}]},{"@type":"ImageObject","inLanguage":"es-MX","@id":"https:\/\/nitu.mx\/index.php\/2026\/04\/23\/morelos-activa-su-estrategia-rumbo-al-mundial-2026\/#primaryimage","url":"https:\/\/nitu.mx\/wp-content\/uploads\/2026\/04\/Morelos-la-primavera-del-Mundial.jpg","contentUrl":"https:\/\/nitu.mx\/wp-content\/uploads\/2026\/04\/Morelos-la-primavera-del-Mundial.jpg","width":1200,"height":675,"caption":"Morelos la primavera del Mundial"},{"@type":"BreadcrumbList","@id":"https:\/\/nitu.mx\/index.php\/2026\/04\/23\/morelos-activa-su-estrategia-rumbo-al-mundial-2026\/#breadcrumb","itemListElement":[{"@type":"ListItem","position":1,"name":"Inicio","item":"https:\/\/nitu.mx\/"},{"@type":"ListItem","position":2,"name":"Morelos lanza estrategia de actividades rumbo al Mundial 2026"}]},{"@type":"WebSite","@id":"https:\/\/nitu.mx\/#website","url":"https:\/\/nitu.mx\/","name":"Nitu - Noticias de la Industria Turistica","description":"Noticias de la Industria Turistica","publisher":{"@id":"https:\/\/nitu.mx\/#\/schema\/person\/ae7a53426417292d3dd07b45a33e01bc"},"alternateName":"Noticias de la Industria Turistica","potentialAction":[{"@type":"SearchAction","target":{"@type":"EntryPoint","urlTemplate":"https:\/\/nitu.mx\/?s={search_term_string}"},"query-input":"required name=search_term_string"}],"inLanguage":"es-MX"},{"@type":["Person","Organization"],"@id":"https:\/\/nitu.mx\/#\/schema\/person\/ae7a53426417292d3dd07b45a33e01bc","name":"Arturo Medina","image":{"@type":"ImageObject","inLanguage":"es-MX","@id":"https:\/\/nitu.mx\/#\/schema\/person\/image\/","url":"https:\/\/nitu.mx\/wp-content\/uploads\/2024\/04\/4A315622-1904-4D5C-B022-878CDC840E04-90x90-1.jpeg","contentUrl":"https:\/\/nitu.mx\/wp-content\/uploads\/2024\/04\/4A315622-1904-4D5C-B022-878CDC840E04-90x90-1.jpeg","width":90,"height":90,"caption":"Arturo Medina"},"logo":{"@id":"https:\/\/nitu.mx\/#\/schema\/person\/image\/"},"description":"Director NITU.mx, Egresado de la Escuela de Periodismo Carlos Septi\u00e9n Garc\u00eda. Periodista y analista especializado en turismo desde hace 35 a\u00f1os, radicado en Canc\u00fan Q.Roo. arturo@nitu.mx","sameAs":["https:\/\/nitu.mx","https:\/\/www.facebook.com\/NITUmx\/","medinacancun","https:\/\/twitter.com\/@Arturo_Medina_G"]},{"@type":"Person","@id":"https:\/\/nitu.mx\/#\/schema\/person\/4a28fe9bd65924f7c90623773daf1b0b","name":"Redacci\u00f3n","image":{"@type":"ImageObject","inLanguage":"es-MX","@id":"https:\/\/nitu.mx\/#\/schema\/person\/image\/","url":"https:\/\/secure.gravatar.com\/avatar\/5dd011c8ccfc5cd7e4c81e42252aab38?s=96&d=mm&r=g","contentUrl":"https:\/\/secure.gravatar.com\/avatar\/5dd011c8ccfc5cd7e4c81e42252aab38?s=96&d=mm&r=g","caption":"Redacci\u00f3n"},"url":"https:\/\/nitu.mx\/index.php\/author\/redaccion\/"}]}},"views":173,"_links":{"self":[{"href":"https:\/\/nitu.mx\/index.php\/wp-json\/wp\/v2\/posts\/87356"}],"collection":[{"href":"https:\/\/nitu.mx\/index.php\/wp-json\/wp\/v2\/posts"}],"about":[{"href":"https:\/\/nitu.mx\/index.php\/wp-json\/wp\/v2\/types\/post"}],"author":[{"embeddable":true,"href":"https:\/\/nitu.mx\/index.php\/wp-json\/wp\/v2\/users\/17"}],"replies":[{"embeddable":true,"href":"https:\/\/nitu.mx\/index.php\/wp-json\/wp\/v2\/comments?post=87356"}],"version-history":[{"count":3,"href":"https:\/\/nitu.mx\/index.php\/wp-json\/wp\/v2\/posts\/87356\/revisions"}],"predecessor-version":[{"id":87384,"href":"https:\/\/nitu.mx\/index.php\/wp-json\/wp\/v2\/posts\/87356\/revisions\/87384"}],"wp:featuredmedia":[{"embeddable":true,"href":"https:\/\/nitu.mx\/index.php\/wp-json\/wp\/v2\/media\/87361"}],"wp:attachment":[{"href":"https:\/\/nitu.mx\/index.php\/wp-json\/wp\/v2\/media?parent=87356"}],"wp:term":[{"taxonomy":"category","embeddable":true,"href":"https:\/\/nitu.mx\/index.php\/wp-json\/wp\/v2\/categories?post=87356"},{"taxonomy":"post_tag","embeddable":true,"href":"https:\/\/nitu.mx\/index.php\/wp-json\/wp\/v2\/tags?post=87356"}],"curies":[{"name":"wp","href":"https:\/\/api.w.org\/{rel}","templated":true}]}}