{"id":8679,"date":"2017-04-11T23:53:18","date_gmt":"2017-04-12T04:53:18","guid":{"rendered":"http:\/\/www.dev.nitu.mx\/?p=8679"},"modified":"2017-04-12T00:09:10","modified_gmt":"2017-04-12T05:09:10","slug":"conexstur-promovera-el-mundo-maya-en-europa","status":"publish","type":"post","link":"https:\/\/nitu.mx\/index.php\/2017\/04\/11\/conexstur-promovera-el-mundo-maya-en-europa\/","title":{"rendered":"Conexstur promover\u00e1 el Mundo Maya en Europa"},"content":{"rendered":"<p>La red del Consejo Nacional de Exportadores de Servicios Tur\u00edsticos (Conexstur), ser\u00e1 la entidad encarga de promover el producto de Mundo Maya, por lo que la Secretar\u00eda de Turismo de Quintana Roo, que preside Marisol Vanegas, y sus hom\u00f3logos conf\u00edan en que las estrategias implementadas, ahora s\u00ed detonen la ruta Mundo Maya relanzada por anteriores gobiernos en diversas ocasiones.<\/p>\n<p>Jorge Enrique Manos, secretario de Turismo de Campeche, Dar\u00edo Flota Ocampo, Titular del Fideicomiso de Promoci\u00f3n Tur\u00edstica de la Riviera Maya; Lizzie Cole Guerrero, de la Oficina de Visitantes y Convenciones (OVC) y la titular de la Sedetur se reunieron para dar a conocer los pormenores de este plan que adem\u00e1s de Yucat\u00e1n, Quintana Roo, Chiapas, Tabasco y Campeche sumar\u00e1 a Oaxaca.<\/p>\n<p>Con miras a traer al turismo principalmente europeo de Alemania, Francia, Italia, Inglaterra y Espa\u00f1a, es que se contrataron los servicios de la red de Conexstur que tiene entre sus miembros, ocho operadores receptivos: Juli\u00e1 Tours, M\u00e9xico Overseas, Kinich Coyol, Mexitours, Viajes Meca, Sat M\u00e9xico, Marcelleti y Seven Tours.<\/p>\n<p>Manos puntualiz\u00f3 que con el apoyo de la nueva ruta de Aeromar, se conectar\u00e1 a Canc\u00fan con Campeche, que en carretera representa un viaje de 5 horas, esta nueva conexi\u00f3n a\u00e9rea esperan los lleve a incrementar la pernocta promedio de 1.2 y 1.4 a dos o tres noches.<\/p>\n<p>La ruta iniciar\u00e1 operaciones en julio pr\u00f3ximo los d\u00edas jueves y domingo con la ruta: Campeche-Canc\u00fan-M\u00e9rida-Tabasco y Tuxtla Guti\u00e9rrez. Ser\u00e1 temporal durante julio, agosto y parte de septiembre m\u00e1s temporadas vacacionales importantes.<\/p>\n<p>A este proyecto, el Consejo de Promoci\u00f3n Tur\u00edstica de M\u00e9xico (CPTM) ya tiene comprometidos seis millones de pesos m\u00e1s lo que invertir\u00e1n los municipios y estados (que a\u00fan no est\u00e1n definidos). Asimismo se plante\u00f3 una estrategia conjunta en inversi\u00f3n en infraestructura, se\u00f1al\u00e9tica, y la utilizaci\u00f3n de folletos, videos y promocionales de anteriores campa\u00f1as para el Mundo Maya que a\u00fan son \u00fatiles.<\/p>\n<p>En el 2006, siendo secretario de Turismo, Rodolfo Elizondo, M\u00e9xico asumi\u00f3 la presidencia de la Organizaci\u00f3n Mundo Maya, as\u00ed los ministros de Turismo de Honduras, El Salvador, Guatemala y M\u00e9xico acordaron elaborar un estudio de mercado para lanzar un programa integral de promoci\u00f3n y comercializaci\u00f3n de los destinos tur\u00edsticos de cuatro pa\u00edses en los que se asent\u00f3 esa cultura. Programa que no logra despuntar como se report\u00f3 en <em><strong>NITU.mx<\/strong><\/em>.\u00a0(<a title=\"Mundo Maya a\u00fan no ofrece resultados durante presidencia de M\u00e9xico\" href=\"http:\/\/www.dev.nitu.mx\/index.php\/2016\/12\/25\/mundo-maya-aun-no-ofrece-resultados-presidencia-mexico\/\" rel=\"bookmark\">Mundo Maya a\u00fan no ofrece resultados durante presidencia de M\u00e9xico<\/a>).<\/p>\n<p>En 2012 con Felipe Calder\u00f3n como presidente se lanz\u00f3 de nuevo el Mundo Maya, y en 2014 La titular de la Sectur, Claudia Ruiz Massieu, afirm\u00f3 la importancia de unificar y posicionar Yucat\u00e1n, Quintana Roo, Chiapas, Tabasco y Campeche.<\/p>\n","protected":false},"excerpt":{"rendered":"<p>La red del Consejo Nacional de Exportadores de Servicios Tur\u00edsticos (Conexstur), ser\u00e1 la entidad encarga de promover el producto de Mundo Maya, por lo que la Secretar\u00eda de Turismo de Quintana Roo, que preside Marisol Vanegas, y sus hom\u00f3logos conf\u00edan en que las estrategias implementadas, ahora s\u00ed detonen la ruta Mundo Maya relanzada por anteriores [&hellip;]<\/p>\n","protected":false},"author":3,"featured_media":8690,"comment_status":"open","ping_status":"open","sticky":false,"template":"","format":"standard","meta":{"footnotes":""},"categories":[12,6],"tags":[400,1891,3866,874,3867,3185,906,260,3868,1153,399,3702,449],"yoast_head":"<!-- This site is optimized with the Yoast SEO plugin v22.2 - https:\/\/yoast.com\/wordpress\/plugins\/seo\/ -->\n<title>Conexstur promover\u00e1 el Mundo Maya en Europa - Nitu - Noticias de la Industria Turistica<\/title>\n<meta name=\"description\" content=\"Conexstur ser\u00e1 la entidad encarga de promover el producto de Mundo Maya; autoridades conf\u00edan en que las estrategias implementadas, ahora s\u00ed detonen la ruta.\" \/>\n<meta name=\"robots\" content=\"index, follow, max-snippet:-1, max-image-preview:large, max-video-preview:-1\" \/>\n<link rel=\"canonical\" href=\"https:\/\/nitu.mx\/index.php\/2017\/04\/11\/conexstur-promovera-el-mundo-maya-en-europa\/\" \/>\n<meta name=\"twitter:card\" content=\"summary_large_image\" \/>\n<meta name=\"twitter:title\" content=\"Conexstur promover\u00e1 el Mundo Maya en Europa - Nitu - Noticias de la Industria Turistica\" \/>\n<meta name=\"twitter:description\" content=\"Conexstur ser\u00e1 la entidad encarga de promover el producto de Mundo Maya; autoridades conf\u00edan en que las estrategias implementadas, ahora s\u00ed detonen la ruta.\" \/>\n<meta name=\"twitter:image\" content=\"https:\/\/nitu.mx\/wp-content\/uploads\/2017\/04\/Conexstur-Mundo-Maya.jpg\" \/>\n<meta name=\"twitter:creator\" content=\"@NITUmx\" \/>\n<meta name=\"twitter:site\" content=\"@Arturo_Medina_G\" \/>\n<meta name=\"twitter:label1\" content=\"Escrito por\" \/>\n\t<meta name=\"twitter:data1\" content=\"Alejandra Moncisbays\" \/>\n\t<meta name=\"twitter:label2\" content=\"Tiempo de lectura\" \/>\n\t<meta name=\"twitter:data2\" content=\"2 minutos\" \/>\n<script type=\"application\/ld+json\" class=\"yoast-schema-graph\">{\"@context\":\"https:\/\/schema.org\",\"@graph\":[{\"@type\":\"Article\",\"@id\":\"https:\/\/nitu.mx\/index.php\/2017\/04\/11\/conexstur-promovera-el-mundo-maya-en-europa\/#article\",\"isPartOf\":{\"@id\":\"https:\/\/nitu.mx\/index.php\/2017\/04\/11\/conexstur-promovera-el-mundo-maya-en-europa\/\"},\"author\":{\"name\":\"Alejandra Moncisbays\",\"@id\":\"https:\/\/nitu.mx\/#\/schema\/person\/2ecd887b19dfd3382d1f14fc5acf24a8\"},\"headline\":\"Conexstur promover\u00e1 el Mundo Maya en Europa\",\"datePublished\":\"2017-04-12T04:53:18+00:00\",\"dateModified\":\"2017-04-12T05:09:10+00:00\",\"mainEntityOfPage\":{\"@id\":\"https:\/\/nitu.mx\/index.php\/2017\/04\/11\/conexstur-promovera-el-mundo-maya-en-europa\/\"},\"wordCount\":476,\"commentCount\":0,\"publisher\":{\"@id\":\"https:\/\/nitu.mx\/#\/schema\/person\/ae7a53426417292d3dd07b45a33e01bc\"},\"image\":{\"@id\":\"https:\/\/nitu.mx\/index.php\/2017\/04\/11\/conexstur-promovera-el-mundo-maya-en-europa\/#primaryimage\"},\"thumbnailUrl\":\"https:\/\/nitu.mx\/wp-content\/uploads\/2017\/04\/Conexstur-Mundo-Maya.jpg\",\"keywords\":[\"Campeche\",\"Chiapas\",\"Consejo Nacional de Exportadores de Servicios Tur\u00edsticos (Conexstur)\",\"Dar\u00edo Flota Ocampo\",\"Jorge Enrique Manos\",\"Lizzie Cole Guerrero\",\"Oaxaca\",\"Quintana Roo\",\"secretario de Turismo de Campeche\",\"Sedetur\",\"Tabasco\",\"titular del Fideicomiso de Promoci\u00f3n Tur\u00edstica de la Riviera Maya\",\"Yucat\u00e1n\"],\"articleSection\":[\"Marketing\",\"M\u00e9xico\"],\"inLanguage\":\"es-MX\",\"potentialAction\":[{\"@type\":\"CommentAction\",\"name\":\"Comment\",\"target\":[\"https:\/\/nitu.mx\/index.php\/2017\/04\/11\/conexstur-promovera-el-mundo-maya-en-europa\/#respond\"]}]},{\"@type\":\"WebPage\",\"@id\":\"https:\/\/nitu.mx\/index.php\/2017\/04\/11\/conexstur-promovera-el-mundo-maya-en-europa\/\",\"url\":\"https:\/\/nitu.mx\/index.php\/2017\/04\/11\/conexstur-promovera-el-mundo-maya-en-europa\/\",\"name\":\"Conexstur promover\u00e1 el Mundo Maya en Europa - Nitu - Noticias de la Industria Turistica\",\"isPartOf\":{\"@id\":\"https:\/\/nitu.mx\/#website\"},\"primaryImageOfPage\":{\"@id\":\"https:\/\/nitu.mx\/index.php\/2017\/04\/11\/conexstur-promovera-el-mundo-maya-en-europa\/#primaryimage\"},\"image\":{\"@id\":\"https:\/\/nitu.mx\/index.php\/2017\/04\/11\/conexstur-promovera-el-mundo-maya-en-europa\/#primaryimage\"},\"thumbnailUrl\":\"https:\/\/nitu.mx\/wp-content\/uploads\/2017\/04\/Conexstur-Mundo-Maya.jpg\",\"datePublished\":\"2017-04-12T04:53:18+00:00\",\"dateModified\":\"2017-04-12T05:09:10+00:00\",\"description\":\"Conexstur ser\u00e1 la entidad encarga de promover el producto de Mundo Maya; autoridades conf\u00edan en que las estrategias implementadas, ahora s\u00ed detonen la ruta.\",\"breadcrumb\":{\"@id\":\"https:\/\/nitu.mx\/index.php\/2017\/04\/11\/conexstur-promovera-el-mundo-maya-en-europa\/#breadcrumb\"},\"inLanguage\":\"es-MX\",\"potentialAction\":[{\"@type\":\"ReadAction\",\"target\":[\"https:\/\/nitu.mx\/index.php\/2017\/04\/11\/conexstur-promovera-el-mundo-maya-en-europa\/\"]}]},{\"@type\":\"ImageObject\",\"inLanguage\":\"es-MX\",\"@id\":\"https:\/\/nitu.mx\/index.php\/2017\/04\/11\/conexstur-promovera-el-mundo-maya-en-europa\/#primaryimage\",\"url\":\"https:\/\/nitu.mx\/wp-content\/uploads\/2017\/04\/Conexstur-Mundo-Maya.jpg\",\"contentUrl\":\"https:\/\/nitu.mx\/wp-content\/uploads\/2017\/04\/Conexstur-Mundo-Maya.jpg\",\"width\":850,\"height\":480,\"caption\":\"Conexstur\"},{\"@type\":\"BreadcrumbList\",\"@id\":\"https:\/\/nitu.mx\/index.php\/2017\/04\/11\/conexstur-promovera-el-mundo-maya-en-europa\/#breadcrumb\",\"itemListElement\":[{\"@type\":\"ListItem\",\"position\":1,\"name\":\"Inicio\",\"item\":\"https:\/\/nitu.mx\/\"},{\"@type\":\"ListItem\",\"position\":2,\"name\":\"Conexstur promover\u00e1 el Mundo Maya en Europa\"}]},{\"@type\":\"WebSite\",\"@id\":\"https:\/\/nitu.mx\/#website\",\"url\":\"https:\/\/nitu.mx\/\",\"name\":\"Nitu - Noticias de la Industria Turistica\",\"description\":\"Noticias de la Industria Turistica\",\"publisher\":{\"@id\":\"https:\/\/nitu.mx\/#\/schema\/person\/ae7a53426417292d3dd07b45a33e01bc\"},\"alternateName\":\"Noticias de la Industria Turistica\",\"potentialAction\":[{\"@type\":\"SearchAction\",\"target\":{\"@type\":\"EntryPoint\",\"urlTemplate\":\"https:\/\/nitu.mx\/?s={search_term_string}\"},\"query-input\":\"required name=search_term_string\"}],\"inLanguage\":\"es-MX\"},{\"@type\":[\"Person\",\"Organization\"],\"@id\":\"https:\/\/nitu.mx\/#\/schema\/person\/ae7a53426417292d3dd07b45a33e01bc\",\"name\":\"Arturo Medina\",\"image\":{\"@type\":\"ImageObject\",\"inLanguage\":\"es-MX\",\"@id\":\"https:\/\/nitu.mx\/#\/schema\/person\/image\/\",\"url\":\"https:\/\/nitu.mx\/wp-content\/uploads\/2024\/04\/4A315622-1904-4D5C-B022-878CDC840E04-90x90-1.jpeg\",\"contentUrl\":\"https:\/\/nitu.mx\/wp-content\/uploads\/2024\/04\/4A315622-1904-4D5C-B022-878CDC840E04-90x90-1.jpeg\",\"width\":90,\"height\":90,\"caption\":\"Arturo Medina\"},\"logo\":{\"@id\":\"https:\/\/nitu.mx\/#\/schema\/person\/image\/\"},\"description\":\"Director NITU.mx, Egresado de la Escuela de Periodismo Carlos Septi\u00e9n Garc\u00eda. Periodista y analista especializado en turismo desde hace 35 a\u00f1os, radicado en Canc\u00fan Q.Roo. arturo@nitu.mx\",\"sameAs\":[\"https:\/\/nitu.mx\",\"https:\/\/www.facebook.com\/NITUmx\/\",\"medinacancun\",\"https:\/\/twitter.com\/@Arturo_Medina_G\"]},{\"@type\":\"Person\",\"@id\":\"https:\/\/nitu.mx\/#\/schema\/person\/2ecd887b19dfd3382d1f14fc5acf24a8\",\"name\":\"Alejandra Moncisbays\",\"image\":{\"@type\":\"ImageObject\",\"inLanguage\":\"es-MX\",\"@id\":\"https:\/\/nitu.mx\/#\/schema\/person\/image\/\",\"url\":\"https:\/\/secure.gravatar.com\/avatar\/e74f7af0be172b7804dacfd0bfbef787?s=96&d=mm&r=g\",\"contentUrl\":\"https:\/\/secure.gravatar.com\/avatar\/e74f7af0be172b7804dacfd0bfbef787?s=96&d=mm&r=g\",\"caption\":\"Alejandra Moncisbays\"},\"description\":\"Curs\u00e9 la carrera de Periodismo y Comunicaci\u00f3n en la Facultad de Estudios Profesionales Acatl\u00e1n. Vivo en Canc\u00fan desde hace 24 a\u00f1os. Fui reportera de La Tarde de Canc\u00fan, y Novedades de Quintana Roo, colabor\u00e9 en TVCUN, edit\u00e9 Cancun\u00edssimo y colabor\u00e9 en las revistas Latitud21, entre otras, con principal enfoque en los sectores empresarial y tur\u00edstico. Desde hace varios a\u00f1os soy Agente de Seguros con c\u00e9dula de la Comisi\u00f3n Nacional de Seguros y Fianzas. Actualmente, me desarrollo en los \u00e1mbitos del periodismo y el sector asegurador.\",\"sameAs\":[\"https:\/\/nitu.mx\"],\"url\":\"https:\/\/nitu.mx\/index.php\/author\/alejandra\/\"}]}<\/script>\n<!-- \/ Yoast SEO plugin. -->","yoast_head_json":{"title":"Conexstur promover\u00e1 el Mundo Maya en Europa - Nitu - Noticias de la Industria Turistica","description":"Conexstur ser\u00e1 la entidad encarga de promover el producto de Mundo Maya; autoridades conf\u00edan en que las estrategias implementadas, ahora s\u00ed detonen la ruta.","robots":{"index":"index","follow":"follow","max-snippet":"max-snippet:-1","max-image-preview":"max-image-preview:large","max-video-preview":"max-video-preview:-1"},"canonical":"https:\/\/nitu.mx\/index.php\/2017\/04\/11\/conexstur-promovera-el-mundo-maya-en-europa\/","twitter_card":"summary_large_image","twitter_title":"Conexstur promover\u00e1 el Mundo Maya en Europa - Nitu - Noticias de la Industria Turistica","twitter_description":"Conexstur ser\u00e1 la entidad encarga de promover el producto de Mundo Maya; autoridades conf\u00edan en que las estrategias implementadas, ahora s\u00ed detonen la ruta.","twitter_image":"https:\/\/nitu.mx\/wp-content\/uploads\/2017\/04\/Conexstur-Mundo-Maya.jpg","twitter_creator":"@NITUmx","twitter_site":"@Arturo_Medina_G","twitter_misc":{"Escrito por":"Alejandra Moncisbays","Tiempo de lectura":"2 minutos"},"schema":{"@context":"https:\/\/schema.org","@graph":[{"@type":"Article","@id":"https:\/\/nitu.mx\/index.php\/2017\/04\/11\/conexstur-promovera-el-mundo-maya-en-europa\/#article","isPartOf":{"@id":"https:\/\/nitu.mx\/index.php\/2017\/04\/11\/conexstur-promovera-el-mundo-maya-en-europa\/"},"author":{"name":"Alejandra Moncisbays","@id":"https:\/\/nitu.mx\/#\/schema\/person\/2ecd887b19dfd3382d1f14fc5acf24a8"},"headline":"Conexstur promover\u00e1 el Mundo Maya en Europa","datePublished":"2017-04-12T04:53:18+00:00","dateModified":"2017-04-12T05:09:10+00:00","mainEntityOfPage":{"@id":"https:\/\/nitu.mx\/index.php\/2017\/04\/11\/conexstur-promovera-el-mundo-maya-en-europa\/"},"wordCount":476,"commentCount":0,"publisher":{"@id":"https:\/\/nitu.mx\/#\/schema\/person\/ae7a53426417292d3dd07b45a33e01bc"},"image":{"@id":"https:\/\/nitu.mx\/index.php\/2017\/04\/11\/conexstur-promovera-el-mundo-maya-en-europa\/#primaryimage"},"thumbnailUrl":"https:\/\/nitu.mx\/wp-content\/uploads\/2017\/04\/Conexstur-Mundo-Maya.jpg","keywords":["Campeche","Chiapas","Consejo Nacional de Exportadores de Servicios Tur\u00edsticos (Conexstur)","Dar\u00edo Flota Ocampo","Jorge Enrique Manos","Lizzie Cole Guerrero","Oaxaca","Quintana Roo","secretario de Turismo de Campeche","Sedetur","Tabasco","titular del Fideicomiso de Promoci\u00f3n Tur\u00edstica de la Riviera Maya","Yucat\u00e1n"],"articleSection":["Marketing","M\u00e9xico"],"inLanguage":"es-MX","potentialAction":[{"@type":"CommentAction","name":"Comment","target":["https:\/\/nitu.mx\/index.php\/2017\/04\/11\/conexstur-promovera-el-mundo-maya-en-europa\/#respond"]}]},{"@type":"WebPage","@id":"https:\/\/nitu.mx\/index.php\/2017\/04\/11\/conexstur-promovera-el-mundo-maya-en-europa\/","url":"https:\/\/nitu.mx\/index.php\/2017\/04\/11\/conexstur-promovera-el-mundo-maya-en-europa\/","name":"Conexstur promover\u00e1 el Mundo Maya en Europa - Nitu - Noticias de la Industria Turistica","isPartOf":{"@id":"https:\/\/nitu.mx\/#website"},"primaryImageOfPage":{"@id":"https:\/\/nitu.mx\/index.php\/2017\/04\/11\/conexstur-promovera-el-mundo-maya-en-europa\/#primaryimage"},"image":{"@id":"https:\/\/nitu.mx\/index.php\/2017\/04\/11\/conexstur-promovera-el-mundo-maya-en-europa\/#primaryimage"},"thumbnailUrl":"https:\/\/nitu.mx\/wp-content\/uploads\/2017\/04\/Conexstur-Mundo-Maya.jpg","datePublished":"2017-04-12T04:53:18+00:00","dateModified":"2017-04-12T05:09:10+00:00","description":"Conexstur ser\u00e1 la entidad encarga de promover el producto de Mundo Maya; autoridades conf\u00edan en que las estrategias implementadas, ahora s\u00ed detonen la ruta.","breadcrumb":{"@id":"https:\/\/nitu.mx\/index.php\/2017\/04\/11\/conexstur-promovera-el-mundo-maya-en-europa\/#breadcrumb"},"inLanguage":"es-MX","potentialAction":[{"@type":"ReadAction","target":["https:\/\/nitu.mx\/index.php\/2017\/04\/11\/conexstur-promovera-el-mundo-maya-en-europa\/"]}]},{"@type":"ImageObject","inLanguage":"es-MX","@id":"https:\/\/nitu.mx\/index.php\/2017\/04\/11\/conexstur-promovera-el-mundo-maya-en-europa\/#primaryimage","url":"https:\/\/nitu.mx\/wp-content\/uploads\/2017\/04\/Conexstur-Mundo-Maya.jpg","contentUrl":"https:\/\/nitu.mx\/wp-content\/uploads\/2017\/04\/Conexstur-Mundo-Maya.jpg","width":850,"height":480,"caption":"Conexstur"},{"@type":"BreadcrumbList","@id":"https:\/\/nitu.mx\/index.php\/2017\/04\/11\/conexstur-promovera-el-mundo-maya-en-europa\/#breadcrumb","itemListElement":[{"@type":"ListItem","position":1,"name":"Inicio","item":"https:\/\/nitu.mx\/"},{"@type":"ListItem","position":2,"name":"Conexstur promover\u00e1 el Mundo Maya en Europa"}]},{"@type":"WebSite","@id":"https:\/\/nitu.mx\/#website","url":"https:\/\/nitu.mx\/","name":"Nitu - Noticias de la Industria Turistica","description":"Noticias de la Industria Turistica","publisher":{"@id":"https:\/\/nitu.mx\/#\/schema\/person\/ae7a53426417292d3dd07b45a33e01bc"},"alternateName":"Noticias de la Industria Turistica","potentialAction":[{"@type":"SearchAction","target":{"@type":"EntryPoint","urlTemplate":"https:\/\/nitu.mx\/?s={search_term_string}"},"query-input":"required name=search_term_string"}],"inLanguage":"es-MX"},{"@type":["Person","Organization"],"@id":"https:\/\/nitu.mx\/#\/schema\/person\/ae7a53426417292d3dd07b45a33e01bc","name":"Arturo Medina","image":{"@type":"ImageObject","inLanguage":"es-MX","@id":"https:\/\/nitu.mx\/#\/schema\/person\/image\/","url":"https:\/\/nitu.mx\/wp-content\/uploads\/2024\/04\/4A315622-1904-4D5C-B022-878CDC840E04-90x90-1.jpeg","contentUrl":"https:\/\/nitu.mx\/wp-content\/uploads\/2024\/04\/4A315622-1904-4D5C-B022-878CDC840E04-90x90-1.jpeg","width":90,"height":90,"caption":"Arturo Medina"},"logo":{"@id":"https:\/\/nitu.mx\/#\/schema\/person\/image\/"},"description":"Director NITU.mx, Egresado de la Escuela de Periodismo Carlos Septi\u00e9n Garc\u00eda. Periodista y analista especializado en turismo desde hace 35 a\u00f1os, radicado en Canc\u00fan Q.Roo. arturo@nitu.mx","sameAs":["https:\/\/nitu.mx","https:\/\/www.facebook.com\/NITUmx\/","medinacancun","https:\/\/twitter.com\/@Arturo_Medina_G"]},{"@type":"Person","@id":"https:\/\/nitu.mx\/#\/schema\/person\/2ecd887b19dfd3382d1f14fc5acf24a8","name":"Alejandra Moncisbays","image":{"@type":"ImageObject","inLanguage":"es-MX","@id":"https:\/\/nitu.mx\/#\/schema\/person\/image\/","url":"https:\/\/secure.gravatar.com\/avatar\/e74f7af0be172b7804dacfd0bfbef787?s=96&d=mm&r=g","contentUrl":"https:\/\/secure.gravatar.com\/avatar\/e74f7af0be172b7804dacfd0bfbef787?s=96&d=mm&r=g","caption":"Alejandra Moncisbays"},"description":"Curs\u00e9 la carrera de Periodismo y Comunicaci\u00f3n en la Facultad de Estudios Profesionales Acatl\u00e1n. Vivo en Canc\u00fan desde hace 24 a\u00f1os. Fui reportera de La Tarde de Canc\u00fan, y Novedades de Quintana Roo, colabor\u00e9 en TVCUN, edit\u00e9 Cancun\u00edssimo y colabor\u00e9 en las revistas Latitud21, entre otras, con principal enfoque en los sectores empresarial y tur\u00edstico. Desde hace varios a\u00f1os soy Agente de Seguros con c\u00e9dula de la Comisi\u00f3n Nacional de Seguros y Fianzas. Actualmente, me desarrollo en los \u00e1mbitos del periodismo y el sector asegurador.","sameAs":["https:\/\/nitu.mx"],"url":"https:\/\/nitu.mx\/index.php\/author\/alejandra\/"}]}},"views":310,"_links":{"self":[{"href":"https:\/\/nitu.mx\/index.php\/wp-json\/wp\/v2\/posts\/8679"}],"collection":[{"href":"https:\/\/nitu.mx\/index.php\/wp-json\/wp\/v2\/posts"}],"about":[{"href":"https:\/\/nitu.mx\/index.php\/wp-json\/wp\/v2\/types\/post"}],"author":[{"embeddable":true,"href":"https:\/\/nitu.mx\/index.php\/wp-json\/wp\/v2\/users\/3"}],"replies":[{"embeddable":true,"href":"https:\/\/nitu.mx\/index.php\/wp-json\/wp\/v2\/comments?post=8679"}],"version-history":[{"count":3,"href":"https:\/\/nitu.mx\/index.php\/wp-json\/wp\/v2\/posts\/8679\/revisions"}],"predecessor-version":[{"id":8687,"href":"https:\/\/nitu.mx\/index.php\/wp-json\/wp\/v2\/posts\/8679\/revisions\/8687"}],"wp:featuredmedia":[{"embeddable":true,"href":"https:\/\/nitu.mx\/index.php\/wp-json\/wp\/v2\/media\/8690"}],"wp:attachment":[{"href":"https:\/\/nitu.mx\/index.php\/wp-json\/wp\/v2\/media?parent=8679"}],"wp:term":[{"taxonomy":"category","embeddable":true,"href":"https:\/\/nitu.mx\/index.php\/wp-json\/wp\/v2\/categories?post=8679"},{"taxonomy":"post_tag","embeddable":true,"href":"https:\/\/nitu.mx\/index.php\/wp-json\/wp\/v2\/tags?post=8679"}],"curies":[{"name":"wp","href":"https:\/\/api.w.org\/{rel}","templated":true}]}}