{"id":86710,"date":"2026-03-22T18:18:25","date_gmt":"2026-03-23T00:18:25","guid":{"rendered":"https:\/\/nitu.mx\/?p=86710"},"modified":"2026-03-22T18:18:26","modified_gmt":"2026-03-23T00:18:26","slug":"tianguis-turistico-mexico-se-abre-por-primera-vez-a-destinos-internacionales","status":"publish","type":"post","link":"https:\/\/nitu.mx\/index.php\/2026\/03\/22\/tianguis-turistico-mexico-se-abre-por-primera-vez-a-destinos-internacionales\/","title":{"rendered":"Tianguis Tur\u00edstico M\u00e9xico se abre por primera vez a destinos internacionales"},"content":{"rendered":"\n<p>El Tianguis Tur\u00edstico M\u00e9xico celebra medio siglo consolid\u00e1ndose como el punto de encuentro m\u00e1s importante de la industria tur\u00edstica en Am\u00e9rica Latina, donde destinos, marcas y profesionales del sector se re\u00fanen para crear alianzas, desarrollar negocios y proyectarse al mundo.<\/p>\n\n\n\n<p>Del 27 al 30 de abril de 2026, el puerto de Acapulco, Guerrero ser\u00e1 sede de la edici\u00f3n n\u00famero 50, que marcar\u00e1 un hito al abrir por primera vez sus puertas a expositores internacionales. Los 32 estados de la Rep\u00fablica estar\u00e1n presentes y contar\u00e1 con 8 pabellones internacionales, Belice, Costa Rica, Cuba, El Salvador, Honduras, Jap\u00f3n, Nicaragua y como Pa\u00eds Invitado de Honor estar\u00e1 Colombia, relevante por ser el cuarto mercado emisor de turistas hacia M\u00e9xico.<\/p>\n\n\n\n<p>Con m\u00e1s de 15,000 asistentes y 729 compradores internacionales confirmados de 17 pa\u00edses como Brasil, Canad\u00e1, Chile, China, Espa\u00f1a, Estados Unidos, Irlanda, India, Panam\u00e1 y Reino Unido, entre otros, el Tianguis Tur\u00edstico M\u00e9xico 2026 se perfila como la edici\u00f3n m\u00e1s grande y con mayor alcance global en su historia. <\/p>\n\n\n\n<p>El evento llega adem\u00e1s en un momento hist\u00f3rico para el turismo nacional, ya que en enero de 2026 rompi\u00f3 r\u00e9cord con 8.84 millones de visitantes, un 10% m\u00e1s que en 2025, consolidando a M\u00e9xico como uno de los destinos m\u00e1s atractivos del mundo.<\/p>\n\n\n\n<p>Desde 2006, a\u00f1o en que CREATURISMO inici\u00f3 la operaci\u00f3n del evento, se han registrado 26,675 compradores que han realizado m\u00e1s de 712,392 citas de negocio, consolidando al Tianguis como motor de desarrollo econ\u00f3mico y social.<\/p>\n\n\n\n<p>\u201cHoy, el turismo del mundo tambi\u00e9n se escribe desde M\u00e9xico. Estamos muy orgullosos de operar nuestro evento n\u00famero 20 de manera consecutiva y ser parte de la historia del Tianguis Tur\u00edstico M\u00e9xico, que en 2026 reafirma su papel como vitrina internacional del turismo y motor de desarrollo econ\u00f3mico, cultural y social para todo el pa\u00eds\u201d, se\u00f1al\u00f3 Eduardo Mart\u00ednez, director de CREATURISMO.<\/p>\n\n\n\n<p>En esta edici\u00f3n n\u00famero 50, el Tianguis Tur\u00edstico M\u00e9xico ofrecer\u00e1 una agenda enriquecida que incluye Ventana M\u00e9xico, una plataforma estrat\u00e9gica de promoci\u00f3n y comercializaci\u00f3n de artesan\u00edas y gastronom\u00eda tradicional con la participaci\u00f3n de cocineras de todo el pa\u00eds.<\/p>\n\n\n\n<p>Adem\u00e1s, se desarrollar\u00e1n programas acad\u00e9micos, conferencias y talleres orientados fortalecer la competitividad tur\u00edstica, junto con el Festival del Taco y una muestra gastron\u00f3mica en Taxco, Guerrero, que celebran la riqueza culinaria nacional.<\/p>\n\n\n\n<p>As\u00ed mismo, por primera vez se entregar\u00e1n premios tur\u00edsticos y reconocimientos a los estados por su crecimiento en turismo extranjero, nacional y comunitario, mientras que el Foro de Inversiones Tur\u00edsticas presentar\u00e1 una cartera de proyectos hasta 2030, como nuevas rutas y conectividad. Y finalmente, se contar\u00e1 con un pabell\u00f3n de financiamiento para PYMES tur\u00edsticas, dise\u00f1ado para impulsar la expansi\u00f3n y consolidaci\u00f3n de empresas locales dentro del sector.<\/p>\n\n\n\n<p>Con programas B2B estrat\u00e9gicos, Hosted Buyers y espacios de networking, el Tianguis Tur\u00edstico M\u00e9xico impulsa conexiones que se convierten en resultados comprobados para los profesionales de la industria. Es un espacio de colaboraci\u00f3n, que incentiva el crecimiento, la innovaci\u00f3n y fortalece al turismo como un motor de desarrollo y experiencias para el mundo. (<a href=\"https:\/\/nitu.mx\/index.php\/2025\/12\/29\/avanza-organizacion-del-tianguis-turistico-mexico-2026-en-acapulco\/\">Avanza organizaci\u00f3n del Tianguis Tur\u00edstico M\u00e9xico 2026 en Acapulco<\/a>).<\/p>\n","protected":false},"excerpt":{"rendered":"<p>El Tianguis Tur\u00edstico M\u00e9xico celebra medio siglo consolid\u00e1ndose como el punto de encuentro m\u00e1s importante de la industria tur\u00edstica en Am\u00e9rica Latina, donde destinos, marcas y profesionales del sector se re\u00fanen para crear alianzas, desarrollar negocios y proyectarse al mundo. Del 27 al 30 de abril de 2026, el puerto de Acapulco, Guerrero ser\u00e1 sede [&hellip;]<\/p>\n","protected":false},"author":17,"featured_media":70118,"comment_status":"closed","ping_status":"closed","sticky":false,"template":"","format":"standard","meta":{"footnotes":""},"categories":[23336],"tags":[40,27734,10742,28048],"yoast_head":"<!-- This site is optimized with the Yoast SEO plugin v22.2 - https:\/\/yoast.com\/wordpress\/plugins\/seo\/ -->\n<title>Tianguis Tur\u00edstico M\u00e9xico se abre por primera vez a destinos internacionales - Nitu - Noticias de la Industria Turistica<\/title>\n<meta name=\"robots\" content=\"index, follow, max-snippet:-1, max-image-preview:large, max-video-preview:-1\" \/>\n<link rel=\"canonical\" href=\"https:\/\/nitu.mx\/index.php\/2026\/03\/22\/tianguis-turistico-mexico-se-abre-por-primera-vez-a-destinos-internacionales\/\" \/>\n<meta name=\"twitter:card\" content=\"summary_large_image\" \/>\n<meta name=\"twitter:title\" content=\"Tianguis Tur\u00edstico M\u00e9xico se abre por primera vez a destinos internacionales - Nitu - Noticias de la Industria Turistica\" \/>\n<meta name=\"twitter:description\" content=\"El Tianguis Tur\u00edstico M\u00e9xico celebra medio siglo consolid\u00e1ndose como el punto de encuentro m\u00e1s importante de la industria tur\u00edstica en Am\u00e9rica Latina, donde destinos, marcas y profesionales del sector se re\u00fanen para crear alianzas, desarrollar negocios y proyectarse al mundo. Del 27 al 30 de abril de 2026, el puerto de Acapulco, Guerrero ser\u00e1 sede [&hellip;]\" \/>\n<meta name=\"twitter:image\" content=\"https:\/\/nitu.mx\/wp-content\/uploads\/2024\/04\/COrte-de-liston.jpg\" \/>\n<meta name=\"twitter:creator\" content=\"@NITUmx\" \/>\n<meta name=\"twitter:site\" content=\"@Arturo_Medina_G\" \/>\n<meta name=\"twitter:label1\" content=\"Escrito por\" \/>\n\t<meta name=\"twitter:data1\" content=\"Redacci\u00f3n\" \/>\n\t<meta name=\"twitter:label2\" content=\"Tiempo de lectura\" \/>\n\t<meta name=\"twitter:data2\" content=\"3 minutos\" \/>\n<script type=\"application\/ld+json\" class=\"yoast-schema-graph\">{\"@context\":\"https:\/\/schema.org\",\"@graph\":[{\"@type\":\"Article\",\"@id\":\"https:\/\/nitu.mx\/index.php\/2026\/03\/22\/tianguis-turistico-mexico-se-abre-por-primera-vez-a-destinos-internacionales\/#article\",\"isPartOf\":{\"@id\":\"https:\/\/nitu.mx\/index.php\/2026\/03\/22\/tianguis-turistico-mexico-se-abre-por-primera-vez-a-destinos-internacionales\/\"},\"author\":{\"name\":\"Redacci\u00f3n\",\"@id\":\"https:\/\/nitu.mx\/#\/schema\/person\/4a28fe9bd65924f7c90623773daf1b0b\"},\"headline\":\"Tianguis Tur\u00edstico M\u00e9xico se abre por primera vez a destinos internacionales\",\"datePublished\":\"2026-03-23T00:18:25+00:00\",\"dateModified\":\"2026-03-23T00:18:26+00:00\",\"mainEntityOfPage\":{\"@id\":\"https:\/\/nitu.mx\/index.php\/2026\/03\/22\/tianguis-turistico-mexico-se-abre-por-primera-vez-a-destinos-internacionales\/\"},\"wordCount\":568,\"publisher\":{\"@id\":\"https:\/\/nitu.mx\/#\/schema\/person\/ae7a53426417292d3dd07b45a33e01bc\"},\"image\":{\"@id\":\"https:\/\/nitu.mx\/index.php\/2026\/03\/22\/tianguis-turistico-mexico-se-abre-por-primera-vez-a-destinos-internacionales\/#primaryimage\"},\"thumbnailUrl\":\"https:\/\/nitu.mx\/wp-content\/uploads\/2024\/04\/COrte-de-liston.jpg\",\"keywords\":[\"Acapulco\",\"Creaturismo\",\"Eduardo Mart\u00ednez\",\"expositores\"],\"articleSection\":[\"Tianguis Tur\u00edstico\"],\"inLanguage\":\"es-MX\"},{\"@type\":\"WebPage\",\"@id\":\"https:\/\/nitu.mx\/index.php\/2026\/03\/22\/tianguis-turistico-mexico-se-abre-por-primera-vez-a-destinos-internacionales\/\",\"url\":\"https:\/\/nitu.mx\/index.php\/2026\/03\/22\/tianguis-turistico-mexico-se-abre-por-primera-vez-a-destinos-internacionales\/\",\"name\":\"Tianguis Tur\u00edstico M\u00e9xico se abre por primera vez a destinos internacionales - Nitu - Noticias de la Industria Turistica\",\"isPartOf\":{\"@id\":\"https:\/\/nitu.mx\/#website\"},\"primaryImageOfPage\":{\"@id\":\"https:\/\/nitu.mx\/index.php\/2026\/03\/22\/tianguis-turistico-mexico-se-abre-por-primera-vez-a-destinos-internacionales\/#primaryimage\"},\"image\":{\"@id\":\"https:\/\/nitu.mx\/index.php\/2026\/03\/22\/tianguis-turistico-mexico-se-abre-por-primera-vez-a-destinos-internacionales\/#primaryimage\"},\"thumbnailUrl\":\"https:\/\/nitu.mx\/wp-content\/uploads\/2024\/04\/COrte-de-liston.jpg\",\"datePublished\":\"2026-03-23T00:18:25+00:00\",\"dateModified\":\"2026-03-23T00:18:26+00:00\",\"breadcrumb\":{\"@id\":\"https:\/\/nitu.mx\/index.php\/2026\/03\/22\/tianguis-turistico-mexico-se-abre-por-primera-vez-a-destinos-internacionales\/#breadcrumb\"},\"inLanguage\":\"es-MX\",\"potentialAction\":[{\"@type\":\"ReadAction\",\"target\":[\"https:\/\/nitu.mx\/index.php\/2026\/03\/22\/tianguis-turistico-mexico-se-abre-por-primera-vez-a-destinos-internacionales\/\"]}]},{\"@type\":\"ImageObject\",\"inLanguage\":\"es-MX\",\"@id\":\"https:\/\/nitu.mx\/index.php\/2026\/03\/22\/tianguis-turistico-mexico-se-abre-por-primera-vez-a-destinos-internacionales\/#primaryimage\",\"url\":\"https:\/\/nitu.mx\/wp-content\/uploads\/2024\/04\/COrte-de-liston.jpg\",\"contentUrl\":\"https:\/\/nitu.mx\/wp-content\/uploads\/2024\/04\/COrte-de-liston.jpg\",\"width\":1200,\"height\":675,\"caption\":\"Tianguis Tur\u00edstico 2024\"},{\"@type\":\"BreadcrumbList\",\"@id\":\"https:\/\/nitu.mx\/index.php\/2026\/03\/22\/tianguis-turistico-mexico-se-abre-por-primera-vez-a-destinos-internacionales\/#breadcrumb\",\"itemListElement\":[{\"@type\":\"ListItem\",\"position\":1,\"name\":\"Inicio\",\"item\":\"https:\/\/nitu.mx\/\"},{\"@type\":\"ListItem\",\"position\":2,\"name\":\"Tianguis Tur\u00edstico M\u00e9xico se abre por primera vez a destinos internacionales\"}]},{\"@type\":\"WebSite\",\"@id\":\"https:\/\/nitu.mx\/#website\",\"url\":\"https:\/\/nitu.mx\/\",\"name\":\"Nitu - Noticias de la Industria Turistica\",\"description\":\"Noticias de la Industria Turistica\",\"publisher\":{\"@id\":\"https:\/\/nitu.mx\/#\/schema\/person\/ae7a53426417292d3dd07b45a33e01bc\"},\"alternateName\":\"Noticias de la Industria Turistica\",\"potentialAction\":[{\"@type\":\"SearchAction\",\"target\":{\"@type\":\"EntryPoint\",\"urlTemplate\":\"https:\/\/nitu.mx\/?s={search_term_string}\"},\"query-input\":\"required name=search_term_string\"}],\"inLanguage\":\"es-MX\"},{\"@type\":[\"Person\",\"Organization\"],\"@id\":\"https:\/\/nitu.mx\/#\/schema\/person\/ae7a53426417292d3dd07b45a33e01bc\",\"name\":\"Arturo Medina\",\"image\":{\"@type\":\"ImageObject\",\"inLanguage\":\"es-MX\",\"@id\":\"https:\/\/nitu.mx\/#\/schema\/person\/image\/\",\"url\":\"https:\/\/nitu.mx\/wp-content\/uploads\/2024\/04\/4A315622-1904-4D5C-B022-878CDC840E04-90x90-1.jpeg\",\"contentUrl\":\"https:\/\/nitu.mx\/wp-content\/uploads\/2024\/04\/4A315622-1904-4D5C-B022-878CDC840E04-90x90-1.jpeg\",\"width\":90,\"height\":90,\"caption\":\"Arturo Medina\"},\"logo\":{\"@id\":\"https:\/\/nitu.mx\/#\/schema\/person\/image\/\"},\"description\":\"Director NITU.mx, Egresado de la Escuela de Periodismo Carlos Septi\u00e9n Garc\u00eda. Periodista y analista especializado en turismo desde hace 35 a\u00f1os, radicado en Canc\u00fan Q.Roo. arturo@nitu.mx\",\"sameAs\":[\"https:\/\/nitu.mx\",\"https:\/\/www.facebook.com\/NITUmx\/\",\"medinacancun\",\"https:\/\/twitter.com\/@Arturo_Medina_G\"]},{\"@type\":\"Person\",\"@id\":\"https:\/\/nitu.mx\/#\/schema\/person\/4a28fe9bd65924f7c90623773daf1b0b\",\"name\":\"Redacci\u00f3n\",\"image\":{\"@type\":\"ImageObject\",\"inLanguage\":\"es-MX\",\"@id\":\"https:\/\/nitu.mx\/#\/schema\/person\/image\/\",\"url\":\"https:\/\/secure.gravatar.com\/avatar\/5dd011c8ccfc5cd7e4c81e42252aab38?s=96&d=mm&r=g\",\"contentUrl\":\"https:\/\/secure.gravatar.com\/avatar\/5dd011c8ccfc5cd7e4c81e42252aab38?s=96&d=mm&r=g\",\"caption\":\"Redacci\u00f3n\"},\"url\":\"https:\/\/nitu.mx\/index.php\/author\/redaccion\/\"}]}<\/script>\n<!-- \/ Yoast SEO plugin. -->","yoast_head_json":{"title":"Tianguis Tur\u00edstico M\u00e9xico se abre por primera vez a destinos internacionales - Nitu - Noticias de la Industria Turistica","robots":{"index":"index","follow":"follow","max-snippet":"max-snippet:-1","max-image-preview":"max-image-preview:large","max-video-preview":"max-video-preview:-1"},"canonical":"https:\/\/nitu.mx\/index.php\/2026\/03\/22\/tianguis-turistico-mexico-se-abre-por-primera-vez-a-destinos-internacionales\/","twitter_card":"summary_large_image","twitter_title":"Tianguis Tur\u00edstico M\u00e9xico se abre por primera vez a destinos internacionales - Nitu - Noticias de la Industria Turistica","twitter_description":"El Tianguis Tur\u00edstico M\u00e9xico celebra medio siglo consolid\u00e1ndose como el punto de encuentro m\u00e1s importante de la industria tur\u00edstica en Am\u00e9rica Latina, donde destinos, marcas y profesionales del sector se re\u00fanen para crear alianzas, desarrollar negocios y proyectarse al mundo. Del 27 al 30 de abril de 2026, el puerto de Acapulco, Guerrero ser\u00e1 sede [&hellip;]","twitter_image":"https:\/\/nitu.mx\/wp-content\/uploads\/2024\/04\/COrte-de-liston.jpg","twitter_creator":"@NITUmx","twitter_site":"@Arturo_Medina_G","twitter_misc":{"Escrito por":"Redacci\u00f3n","Tiempo de lectura":"3 minutos"},"schema":{"@context":"https:\/\/schema.org","@graph":[{"@type":"Article","@id":"https:\/\/nitu.mx\/index.php\/2026\/03\/22\/tianguis-turistico-mexico-se-abre-por-primera-vez-a-destinos-internacionales\/#article","isPartOf":{"@id":"https:\/\/nitu.mx\/index.php\/2026\/03\/22\/tianguis-turistico-mexico-se-abre-por-primera-vez-a-destinos-internacionales\/"},"author":{"name":"Redacci\u00f3n","@id":"https:\/\/nitu.mx\/#\/schema\/person\/4a28fe9bd65924f7c90623773daf1b0b"},"headline":"Tianguis Tur\u00edstico M\u00e9xico se abre por primera vez a destinos internacionales","datePublished":"2026-03-23T00:18:25+00:00","dateModified":"2026-03-23T00:18:26+00:00","mainEntityOfPage":{"@id":"https:\/\/nitu.mx\/index.php\/2026\/03\/22\/tianguis-turistico-mexico-se-abre-por-primera-vez-a-destinos-internacionales\/"},"wordCount":568,"publisher":{"@id":"https:\/\/nitu.mx\/#\/schema\/person\/ae7a53426417292d3dd07b45a33e01bc"},"image":{"@id":"https:\/\/nitu.mx\/index.php\/2026\/03\/22\/tianguis-turistico-mexico-se-abre-por-primera-vez-a-destinos-internacionales\/#primaryimage"},"thumbnailUrl":"https:\/\/nitu.mx\/wp-content\/uploads\/2024\/04\/COrte-de-liston.jpg","keywords":["Acapulco","Creaturismo","Eduardo Mart\u00ednez","expositores"],"articleSection":["Tianguis Tur\u00edstico"],"inLanguage":"es-MX"},{"@type":"WebPage","@id":"https:\/\/nitu.mx\/index.php\/2026\/03\/22\/tianguis-turistico-mexico-se-abre-por-primera-vez-a-destinos-internacionales\/","url":"https:\/\/nitu.mx\/index.php\/2026\/03\/22\/tianguis-turistico-mexico-se-abre-por-primera-vez-a-destinos-internacionales\/","name":"Tianguis Tur\u00edstico M\u00e9xico se abre por primera vez a destinos internacionales - Nitu - Noticias de la Industria Turistica","isPartOf":{"@id":"https:\/\/nitu.mx\/#website"},"primaryImageOfPage":{"@id":"https:\/\/nitu.mx\/index.php\/2026\/03\/22\/tianguis-turistico-mexico-se-abre-por-primera-vez-a-destinos-internacionales\/#primaryimage"},"image":{"@id":"https:\/\/nitu.mx\/index.php\/2026\/03\/22\/tianguis-turistico-mexico-se-abre-por-primera-vez-a-destinos-internacionales\/#primaryimage"},"thumbnailUrl":"https:\/\/nitu.mx\/wp-content\/uploads\/2024\/04\/COrte-de-liston.jpg","datePublished":"2026-03-23T00:18:25+00:00","dateModified":"2026-03-23T00:18:26+00:00","breadcrumb":{"@id":"https:\/\/nitu.mx\/index.php\/2026\/03\/22\/tianguis-turistico-mexico-se-abre-por-primera-vez-a-destinos-internacionales\/#breadcrumb"},"inLanguage":"es-MX","potentialAction":[{"@type":"ReadAction","target":["https:\/\/nitu.mx\/index.php\/2026\/03\/22\/tianguis-turistico-mexico-se-abre-por-primera-vez-a-destinos-internacionales\/"]}]},{"@type":"ImageObject","inLanguage":"es-MX","@id":"https:\/\/nitu.mx\/index.php\/2026\/03\/22\/tianguis-turistico-mexico-se-abre-por-primera-vez-a-destinos-internacionales\/#primaryimage","url":"https:\/\/nitu.mx\/wp-content\/uploads\/2024\/04\/COrte-de-liston.jpg","contentUrl":"https:\/\/nitu.mx\/wp-content\/uploads\/2024\/04\/COrte-de-liston.jpg","width":1200,"height":675,"caption":"Tianguis Tur\u00edstico 2024"},{"@type":"BreadcrumbList","@id":"https:\/\/nitu.mx\/index.php\/2026\/03\/22\/tianguis-turistico-mexico-se-abre-por-primera-vez-a-destinos-internacionales\/#breadcrumb","itemListElement":[{"@type":"ListItem","position":1,"name":"Inicio","item":"https:\/\/nitu.mx\/"},{"@type":"ListItem","position":2,"name":"Tianguis Tur\u00edstico M\u00e9xico se abre por primera vez a destinos internacionales"}]},{"@type":"WebSite","@id":"https:\/\/nitu.mx\/#website","url":"https:\/\/nitu.mx\/","name":"Nitu - Noticias de la Industria Turistica","description":"Noticias de la Industria Turistica","publisher":{"@id":"https:\/\/nitu.mx\/#\/schema\/person\/ae7a53426417292d3dd07b45a33e01bc"},"alternateName":"Noticias de la Industria Turistica","potentialAction":[{"@type":"SearchAction","target":{"@type":"EntryPoint","urlTemplate":"https:\/\/nitu.mx\/?s={search_term_string}"},"query-input":"required name=search_term_string"}],"inLanguage":"es-MX"},{"@type":["Person","Organization"],"@id":"https:\/\/nitu.mx\/#\/schema\/person\/ae7a53426417292d3dd07b45a33e01bc","name":"Arturo Medina","image":{"@type":"ImageObject","inLanguage":"es-MX","@id":"https:\/\/nitu.mx\/#\/schema\/person\/image\/","url":"https:\/\/nitu.mx\/wp-content\/uploads\/2024\/04\/4A315622-1904-4D5C-B022-878CDC840E04-90x90-1.jpeg","contentUrl":"https:\/\/nitu.mx\/wp-content\/uploads\/2024\/04\/4A315622-1904-4D5C-B022-878CDC840E04-90x90-1.jpeg","width":90,"height":90,"caption":"Arturo Medina"},"logo":{"@id":"https:\/\/nitu.mx\/#\/schema\/person\/image\/"},"description":"Director NITU.mx, Egresado de la Escuela de Periodismo Carlos Septi\u00e9n Garc\u00eda. Periodista y analista especializado en turismo desde hace 35 a\u00f1os, radicado en Canc\u00fan Q.Roo. arturo@nitu.mx","sameAs":["https:\/\/nitu.mx","https:\/\/www.facebook.com\/NITUmx\/","medinacancun","https:\/\/twitter.com\/@Arturo_Medina_G"]},{"@type":"Person","@id":"https:\/\/nitu.mx\/#\/schema\/person\/4a28fe9bd65924f7c90623773daf1b0b","name":"Redacci\u00f3n","image":{"@type":"ImageObject","inLanguage":"es-MX","@id":"https:\/\/nitu.mx\/#\/schema\/person\/image\/","url":"https:\/\/secure.gravatar.com\/avatar\/5dd011c8ccfc5cd7e4c81e42252aab38?s=96&d=mm&r=g","contentUrl":"https:\/\/secure.gravatar.com\/avatar\/5dd011c8ccfc5cd7e4c81e42252aab38?s=96&d=mm&r=g","caption":"Redacci\u00f3n"},"url":"https:\/\/nitu.mx\/index.php\/author\/redaccion\/"}]}},"views":369,"_links":{"self":[{"href":"https:\/\/nitu.mx\/index.php\/wp-json\/wp\/v2\/posts\/86710"}],"collection":[{"href":"https:\/\/nitu.mx\/index.php\/wp-json\/wp\/v2\/posts"}],"about":[{"href":"https:\/\/nitu.mx\/index.php\/wp-json\/wp\/v2\/types\/post"}],"author":[{"embeddable":true,"href":"https:\/\/nitu.mx\/index.php\/wp-json\/wp\/v2\/users\/17"}],"replies":[{"embeddable":true,"href":"https:\/\/nitu.mx\/index.php\/wp-json\/wp\/v2\/comments?post=86710"}],"version-history":[{"count":2,"href":"https:\/\/nitu.mx\/index.php\/wp-json\/wp\/v2\/posts\/86710\/revisions"}],"predecessor-version":[{"id":86714,"href":"https:\/\/nitu.mx\/index.php\/wp-json\/wp\/v2\/posts\/86710\/revisions\/86714"}],"wp:featuredmedia":[{"embeddable":true,"href":"https:\/\/nitu.mx\/index.php\/wp-json\/wp\/v2\/media\/70118"}],"wp:attachment":[{"href":"https:\/\/nitu.mx\/index.php\/wp-json\/wp\/v2\/media?parent=86710"}],"wp:term":[{"taxonomy":"category","embeddable":true,"href":"https:\/\/nitu.mx\/index.php\/wp-json\/wp\/v2\/categories?post=86710"},{"taxonomy":"post_tag","embeddable":true,"href":"https:\/\/nitu.mx\/index.php\/wp-json\/wp\/v2\/tags?post=86710"}],"curies":[{"name":"wp","href":"https:\/\/api.w.org\/{rel}","templated":true}]}}