{"id":86659,"date":"2026-03-19T00:06:25","date_gmt":"2026-03-19T06:06:25","guid":{"rendered":"https:\/\/nitu.mx\/?p=86659"},"modified":"2026-03-19T00:06:26","modified_gmt":"2026-03-19T06:06:26","slug":"despegar-y-asetur-cinen-alianza-para-impulsar-el-turismo-en-mexico-rumbo-al-mundial-de-futbol","status":"publish","type":"post","link":"https:\/\/nitu.mx\/index.php\/2026\/03\/19\/despegar-y-asetur-cinen-alianza-para-impulsar-el-turismo-en-mexico-rumbo-al-mundial-de-futbol\/","title":{"rendered":"Despegar y Asetur ci\u00f1en alianza para impulsar el turismo en M\u00e9xico rumbo al Mundial de Futbol"},"content":{"rendered":"\n<p>En el marco de la LXVII Asamblea de la Asociaci\u00f3n de Secretarios y Secretarias de Turismo (ASETUR), celebrada el pasado 6 de marzo en la ciudad de Puebla, Despegar y ASETUR firmaron un convenio de colaboraci\u00f3n con el objetivo de seguir impulsando el turismo en M\u00e9xico y acercar a m\u00e1s viajeros a experiencias en todo el pa\u00eds a trav\u00e9s de soluciones digitales e innovaci\u00f3n.<\/p>\n\n\n\n<p>El acuerdo fue firmado por Claudia Alva, VP y Country Manager de Despegar M\u00e9xico, y Bernardo Cueto Riestra, presidente de ASETUR, y busca fortalecer la promoci\u00f3n de los destinos mexicanos mediante las diferentes plataformas y l\u00edneas de distribuci\u00f3n de la compa\u00f1\u00eda, as\u00ed como generar nuevas oportunidades para que m\u00e1s viajeros descubran la diversidad del pa\u00eds.<\/p>\n\n\n\n<p>\u201cEn Despegar creemos que el crecimiento del turismo en M\u00e9xico se impulsa en conjunto. La colaboraci\u00f3n entre distintos actores del sector es clave para fortalecer el ecosistema tur\u00edstico y acercar a m\u00e1s viajeros a experiencias simples y accesibles. Esta alianza con ASETUR es un paso importante en ese camino\u201d, se\u00f1al\u00f3 Claudia Alva.<\/p>\n\n\n\n<p>En este contexto, Despegar present\u00f3 su propuesta de valor ante autoridades tur\u00edsticas del pa\u00eds, destacando su enfoque en la innovaci\u00f3n y el uso de tecnolog\u00eda para entender mejor las preferencias de los viajeros y acompa\u00f1arlos en cada etapa de su viaje.<\/p>\n\n\n\n<p>Asimismo, comparti\u00f3 su estrategia de cara al Campeonato del Mundo, con iniciativas dise\u00f1adas para responder al creciente inter\u00e9s de los viajeros por vivir este evento en M\u00e9xico. A trav\u00e9s de campa\u00f1as de comunicaci\u00f3n, promociones especiales y alianzas con actores clave, Despegar busca inspirar a m\u00e1s personas a descubrir tanto las ciudades sede como destinos complementarios.<\/p>\n\n\n\n<p>Adicionalmente, se destac\u00f3 el programa de \u201cCapitanas Despegar\u201d, mediante el cual se han visitado diversos destinos del pa\u00eds para generar contenido que inspire a los viajeros a descubrir nuevas experiencias a trav\u00e9s de redes sociales y canales digitales.<\/p>\n\n\n\n<p>Con este acuerdo, Despegar y ASETUR reafirman su compromiso de trabajar de manera conjunta para fortalecer el turismo en M\u00e9xico y acompa\u00f1ar a m\u00e1s viajeros en la construcci\u00f3n de experiencias \u00fanicas en el pa\u00eds. (<a href=\"https:\/\/nitu.mx\/index.php\/2026\/03\/09\/despegar-nombra-a-pablo-abad-como-chief-technology-officer\/\">Despegar nombra a Pablo Abad como Chief Technology Officer<\/a>).<\/p>\n","protected":false},"excerpt":{"rendered":"<p>En el marco de la LXVII Asamblea de la Asociaci\u00f3n de Secretarios y Secretarias de Turismo (ASETUR), celebrada el pasado 6 de marzo en la ciudad de Puebla, Despegar y ASETUR firmaron un convenio de colaboraci\u00f3n con el objetivo de seguir impulsando el turismo en M\u00e9xico y acercar a m\u00e1s viajeros a experiencias en todo [&hellip;]<\/p>\n","protected":false},"author":17,"featured_media":86661,"comment_status":"closed","ping_status":"closed","sticky":false,"template":"","format":"standard","meta":{"footnotes":""},"categories":[3],"tags":[1118,13931,28003,2130],"yoast_head":"<!-- This site is optimized with the Yoast SEO plugin v22.2 - https:\/\/yoast.com\/wordpress\/plugins\/seo\/ -->\n<title>Despegar y Asetur ci\u00f1en alianza para impulsar el turismo en M\u00e9xico rumbo al Mundial de Futbol - Nitu - Noticias de la Industria Turistica<\/title>\n<meta name=\"robots\" content=\"index, follow, max-snippet:-1, max-image-preview:large, max-video-preview:-1\" \/>\n<link rel=\"canonical\" href=\"https:\/\/nitu.mx\/index.php\/2026\/03\/19\/despegar-y-asetur-cinen-alianza-para-impulsar-el-turismo-en-mexico-rumbo-al-mundial-de-futbol\/\" \/>\n<meta name=\"twitter:card\" content=\"summary_large_image\" \/>\n<meta name=\"twitter:title\" content=\"Despegar y Asetur ci\u00f1en alianza para impulsar el turismo en M\u00e9xico rumbo al Mundial de Futbol - Nitu - Noticias de la Industria Turistica\" \/>\n<meta name=\"twitter:description\" content=\"En el marco de la LXVII Asamblea de la Asociaci\u00f3n de Secretarios y Secretarias de Turismo (ASETUR), celebrada el pasado 6 de marzo en la ciudad de Puebla, Despegar y ASETUR firmaron un convenio de colaboraci\u00f3n con el objetivo de seguir impulsando el turismo en M\u00e9xico y acercar a m\u00e1s viajeros a experiencias en todo [&hellip;]\" \/>\n<meta name=\"twitter:image\" content=\"https:\/\/nitu.mx\/wp-content\/uploads\/2026\/03\/Despegar-y-Asetur-convenio.jpg\" \/>\n<meta name=\"twitter:creator\" content=\"@NITUmx\" \/>\n<meta name=\"twitter:site\" content=\"@Arturo_Medina_G\" \/>\n<meta name=\"twitter:label1\" content=\"Escrito por\" \/>\n\t<meta name=\"twitter:data1\" content=\"Redacci\u00f3n\" \/>\n\t<meta name=\"twitter:label2\" content=\"Tiempo de lectura\" \/>\n\t<meta name=\"twitter:data2\" content=\"2 minutos\" \/>\n<script type=\"application\/ld+json\" class=\"yoast-schema-graph\">{\"@context\":\"https:\/\/schema.org\",\"@graph\":[{\"@type\":\"Article\",\"@id\":\"https:\/\/nitu.mx\/index.php\/2026\/03\/19\/despegar-y-asetur-cinen-alianza-para-impulsar-el-turismo-en-mexico-rumbo-al-mundial-de-futbol\/#article\",\"isPartOf\":{\"@id\":\"https:\/\/nitu.mx\/index.php\/2026\/03\/19\/despegar-y-asetur-cinen-alianza-para-impulsar-el-turismo-en-mexico-rumbo-al-mundial-de-futbol\/\"},\"author\":{\"name\":\"Redacci\u00f3n\",\"@id\":\"https:\/\/nitu.mx\/#\/schema\/person\/4a28fe9bd65924f7c90623773daf1b0b\"},\"headline\":\"Despegar y Asetur ci\u00f1en alianza para impulsar el turismo en M\u00e9xico rumbo al Mundial de Futbol\",\"datePublished\":\"2026-03-19T06:06:25+00:00\",\"dateModified\":\"2026-03-19T06:06:26+00:00\",\"mainEntityOfPage\":{\"@id\":\"https:\/\/nitu.mx\/index.php\/2026\/03\/19\/despegar-y-asetur-cinen-alianza-para-impulsar-el-turismo-en-mexico-rumbo-al-mundial-de-futbol\/\"},\"wordCount\":403,\"publisher\":{\"@id\":\"https:\/\/nitu.mx\/#\/schema\/person\/ae7a53426417292d3dd07b45a33e01bc\"},\"image\":{\"@id\":\"https:\/\/nitu.mx\/index.php\/2026\/03\/19\/despegar-y-asetur-cinen-alianza-para-impulsar-el-turismo-en-mexico-rumbo-al-mundial-de-futbol\/#primaryimage\"},\"thumbnailUrl\":\"https:\/\/nitu.mx\/wp-content\/uploads\/2026\/03\/Despegar-y-Asetur-convenio.jpg\",\"keywords\":[\"Asetur\",\"Bernardo Cueto\",\"Claudia Alva\",\"Despegar\"],\"articleSection\":[\"Agencias de Viajes\"],\"inLanguage\":\"es-MX\"},{\"@type\":\"WebPage\",\"@id\":\"https:\/\/nitu.mx\/index.php\/2026\/03\/19\/despegar-y-asetur-cinen-alianza-para-impulsar-el-turismo-en-mexico-rumbo-al-mundial-de-futbol\/\",\"url\":\"https:\/\/nitu.mx\/index.php\/2026\/03\/19\/despegar-y-asetur-cinen-alianza-para-impulsar-el-turismo-en-mexico-rumbo-al-mundial-de-futbol\/\",\"name\":\"Despegar y Asetur ci\u00f1en alianza para impulsar el turismo en M\u00e9xico rumbo al Mundial de Futbol - Nitu - Noticias de la Industria Turistica\",\"isPartOf\":{\"@id\":\"https:\/\/nitu.mx\/#website\"},\"primaryImageOfPage\":{\"@id\":\"https:\/\/nitu.mx\/index.php\/2026\/03\/19\/despegar-y-asetur-cinen-alianza-para-impulsar-el-turismo-en-mexico-rumbo-al-mundial-de-futbol\/#primaryimage\"},\"image\":{\"@id\":\"https:\/\/nitu.mx\/index.php\/2026\/03\/19\/despegar-y-asetur-cinen-alianza-para-impulsar-el-turismo-en-mexico-rumbo-al-mundial-de-futbol\/#primaryimage\"},\"thumbnailUrl\":\"https:\/\/nitu.mx\/wp-content\/uploads\/2026\/03\/Despegar-y-Asetur-convenio.jpg\",\"datePublished\":\"2026-03-19T06:06:25+00:00\",\"dateModified\":\"2026-03-19T06:06:26+00:00\",\"breadcrumb\":{\"@id\":\"https:\/\/nitu.mx\/index.php\/2026\/03\/19\/despegar-y-asetur-cinen-alianza-para-impulsar-el-turismo-en-mexico-rumbo-al-mundial-de-futbol\/#breadcrumb\"},\"inLanguage\":\"es-MX\",\"potentialAction\":[{\"@type\":\"ReadAction\",\"target\":[\"https:\/\/nitu.mx\/index.php\/2026\/03\/19\/despegar-y-asetur-cinen-alianza-para-impulsar-el-turismo-en-mexico-rumbo-al-mundial-de-futbol\/\"]}]},{\"@type\":\"ImageObject\",\"inLanguage\":\"es-MX\",\"@id\":\"https:\/\/nitu.mx\/index.php\/2026\/03\/19\/despegar-y-asetur-cinen-alianza-para-impulsar-el-turismo-en-mexico-rumbo-al-mundial-de-futbol\/#primaryimage\",\"url\":\"https:\/\/nitu.mx\/wp-content\/uploads\/2026\/03\/Despegar-y-Asetur-convenio.jpg\",\"contentUrl\":\"https:\/\/nitu.mx\/wp-content\/uploads\/2026\/03\/Despegar-y-Asetur-convenio.jpg\",\"width\":1200,\"height\":675,\"caption\":\"Despegar y Asetur convenio\"},{\"@type\":\"BreadcrumbList\",\"@id\":\"https:\/\/nitu.mx\/index.php\/2026\/03\/19\/despegar-y-asetur-cinen-alianza-para-impulsar-el-turismo-en-mexico-rumbo-al-mundial-de-futbol\/#breadcrumb\",\"itemListElement\":[{\"@type\":\"ListItem\",\"position\":1,\"name\":\"Inicio\",\"item\":\"https:\/\/nitu.mx\/\"},{\"@type\":\"ListItem\",\"position\":2,\"name\":\"Despegar y Asetur ci\u00f1en alianza para impulsar el turismo en M\u00e9xico rumbo al Mundial de Futbol\"}]},{\"@type\":\"WebSite\",\"@id\":\"https:\/\/nitu.mx\/#website\",\"url\":\"https:\/\/nitu.mx\/\",\"name\":\"Nitu - Noticias de la Industria Turistica\",\"description\":\"Noticias de la Industria Turistica\",\"publisher\":{\"@id\":\"https:\/\/nitu.mx\/#\/schema\/person\/ae7a53426417292d3dd07b45a33e01bc\"},\"alternateName\":\"Noticias de la Industria Turistica\",\"potentialAction\":[{\"@type\":\"SearchAction\",\"target\":{\"@type\":\"EntryPoint\",\"urlTemplate\":\"https:\/\/nitu.mx\/?s={search_term_string}\"},\"query-input\":\"required name=search_term_string\"}],\"inLanguage\":\"es-MX\"},{\"@type\":[\"Person\",\"Organization\"],\"@id\":\"https:\/\/nitu.mx\/#\/schema\/person\/ae7a53426417292d3dd07b45a33e01bc\",\"name\":\"Arturo Medina\",\"image\":{\"@type\":\"ImageObject\",\"inLanguage\":\"es-MX\",\"@id\":\"https:\/\/nitu.mx\/#\/schema\/person\/image\/\",\"url\":\"https:\/\/nitu.mx\/wp-content\/uploads\/2024\/04\/4A315622-1904-4D5C-B022-878CDC840E04-90x90-1.jpeg\",\"contentUrl\":\"https:\/\/nitu.mx\/wp-content\/uploads\/2024\/04\/4A315622-1904-4D5C-B022-878CDC840E04-90x90-1.jpeg\",\"width\":90,\"height\":90,\"caption\":\"Arturo Medina\"},\"logo\":{\"@id\":\"https:\/\/nitu.mx\/#\/schema\/person\/image\/\"},\"description\":\"Director NITU.mx, Egresado de la Escuela de Periodismo Carlos Septi\u00e9n Garc\u00eda. Periodista y analista especializado en turismo desde hace 35 a\u00f1os, radicado en Canc\u00fan Q.Roo. arturo@nitu.mx\",\"sameAs\":[\"https:\/\/nitu.mx\",\"https:\/\/www.facebook.com\/NITUmx\/\",\"medinacancun\",\"https:\/\/twitter.com\/@Arturo_Medina_G\"]},{\"@type\":\"Person\",\"@id\":\"https:\/\/nitu.mx\/#\/schema\/person\/4a28fe9bd65924f7c90623773daf1b0b\",\"name\":\"Redacci\u00f3n\",\"image\":{\"@type\":\"ImageObject\",\"inLanguage\":\"es-MX\",\"@id\":\"https:\/\/nitu.mx\/#\/schema\/person\/image\/\",\"url\":\"https:\/\/secure.gravatar.com\/avatar\/5dd011c8ccfc5cd7e4c81e42252aab38?s=96&d=mm&r=g\",\"contentUrl\":\"https:\/\/secure.gravatar.com\/avatar\/5dd011c8ccfc5cd7e4c81e42252aab38?s=96&d=mm&r=g\",\"caption\":\"Redacci\u00f3n\"},\"url\":\"https:\/\/nitu.mx\/index.php\/author\/redaccion\/\"}]}<\/script>\n<!-- \/ Yoast SEO plugin. -->","yoast_head_json":{"title":"Despegar y Asetur ci\u00f1en alianza para impulsar el turismo en M\u00e9xico rumbo al Mundial de Futbol - Nitu - Noticias de la Industria Turistica","robots":{"index":"index","follow":"follow","max-snippet":"max-snippet:-1","max-image-preview":"max-image-preview:large","max-video-preview":"max-video-preview:-1"},"canonical":"https:\/\/nitu.mx\/index.php\/2026\/03\/19\/despegar-y-asetur-cinen-alianza-para-impulsar-el-turismo-en-mexico-rumbo-al-mundial-de-futbol\/","twitter_card":"summary_large_image","twitter_title":"Despegar y Asetur ci\u00f1en alianza para impulsar el turismo en M\u00e9xico rumbo al Mundial de Futbol - Nitu - Noticias de la Industria Turistica","twitter_description":"En el marco de la LXVII Asamblea de la Asociaci\u00f3n de Secretarios y Secretarias de Turismo (ASETUR), celebrada el pasado 6 de marzo en la ciudad de Puebla, Despegar y ASETUR firmaron un convenio de colaboraci\u00f3n con el objetivo de seguir impulsando el turismo en M\u00e9xico y acercar a m\u00e1s viajeros a experiencias en todo [&hellip;]","twitter_image":"https:\/\/nitu.mx\/wp-content\/uploads\/2026\/03\/Despegar-y-Asetur-convenio.jpg","twitter_creator":"@NITUmx","twitter_site":"@Arturo_Medina_G","twitter_misc":{"Escrito por":"Redacci\u00f3n","Tiempo de lectura":"2 minutos"},"schema":{"@context":"https:\/\/schema.org","@graph":[{"@type":"Article","@id":"https:\/\/nitu.mx\/index.php\/2026\/03\/19\/despegar-y-asetur-cinen-alianza-para-impulsar-el-turismo-en-mexico-rumbo-al-mundial-de-futbol\/#article","isPartOf":{"@id":"https:\/\/nitu.mx\/index.php\/2026\/03\/19\/despegar-y-asetur-cinen-alianza-para-impulsar-el-turismo-en-mexico-rumbo-al-mundial-de-futbol\/"},"author":{"name":"Redacci\u00f3n","@id":"https:\/\/nitu.mx\/#\/schema\/person\/4a28fe9bd65924f7c90623773daf1b0b"},"headline":"Despegar y Asetur ci\u00f1en alianza para impulsar el turismo en M\u00e9xico rumbo al Mundial de Futbol","datePublished":"2026-03-19T06:06:25+00:00","dateModified":"2026-03-19T06:06:26+00:00","mainEntityOfPage":{"@id":"https:\/\/nitu.mx\/index.php\/2026\/03\/19\/despegar-y-asetur-cinen-alianza-para-impulsar-el-turismo-en-mexico-rumbo-al-mundial-de-futbol\/"},"wordCount":403,"publisher":{"@id":"https:\/\/nitu.mx\/#\/schema\/person\/ae7a53426417292d3dd07b45a33e01bc"},"image":{"@id":"https:\/\/nitu.mx\/index.php\/2026\/03\/19\/despegar-y-asetur-cinen-alianza-para-impulsar-el-turismo-en-mexico-rumbo-al-mundial-de-futbol\/#primaryimage"},"thumbnailUrl":"https:\/\/nitu.mx\/wp-content\/uploads\/2026\/03\/Despegar-y-Asetur-convenio.jpg","keywords":["Asetur","Bernardo Cueto","Claudia Alva","Despegar"],"articleSection":["Agencias de Viajes"],"inLanguage":"es-MX"},{"@type":"WebPage","@id":"https:\/\/nitu.mx\/index.php\/2026\/03\/19\/despegar-y-asetur-cinen-alianza-para-impulsar-el-turismo-en-mexico-rumbo-al-mundial-de-futbol\/","url":"https:\/\/nitu.mx\/index.php\/2026\/03\/19\/despegar-y-asetur-cinen-alianza-para-impulsar-el-turismo-en-mexico-rumbo-al-mundial-de-futbol\/","name":"Despegar y Asetur ci\u00f1en alianza para impulsar el turismo en M\u00e9xico rumbo al Mundial de Futbol - Nitu - Noticias de la Industria Turistica","isPartOf":{"@id":"https:\/\/nitu.mx\/#website"},"primaryImageOfPage":{"@id":"https:\/\/nitu.mx\/index.php\/2026\/03\/19\/despegar-y-asetur-cinen-alianza-para-impulsar-el-turismo-en-mexico-rumbo-al-mundial-de-futbol\/#primaryimage"},"image":{"@id":"https:\/\/nitu.mx\/index.php\/2026\/03\/19\/despegar-y-asetur-cinen-alianza-para-impulsar-el-turismo-en-mexico-rumbo-al-mundial-de-futbol\/#primaryimage"},"thumbnailUrl":"https:\/\/nitu.mx\/wp-content\/uploads\/2026\/03\/Despegar-y-Asetur-convenio.jpg","datePublished":"2026-03-19T06:06:25+00:00","dateModified":"2026-03-19T06:06:26+00:00","breadcrumb":{"@id":"https:\/\/nitu.mx\/index.php\/2026\/03\/19\/despegar-y-asetur-cinen-alianza-para-impulsar-el-turismo-en-mexico-rumbo-al-mundial-de-futbol\/#breadcrumb"},"inLanguage":"es-MX","potentialAction":[{"@type":"ReadAction","target":["https:\/\/nitu.mx\/index.php\/2026\/03\/19\/despegar-y-asetur-cinen-alianza-para-impulsar-el-turismo-en-mexico-rumbo-al-mundial-de-futbol\/"]}]},{"@type":"ImageObject","inLanguage":"es-MX","@id":"https:\/\/nitu.mx\/index.php\/2026\/03\/19\/despegar-y-asetur-cinen-alianza-para-impulsar-el-turismo-en-mexico-rumbo-al-mundial-de-futbol\/#primaryimage","url":"https:\/\/nitu.mx\/wp-content\/uploads\/2026\/03\/Despegar-y-Asetur-convenio.jpg","contentUrl":"https:\/\/nitu.mx\/wp-content\/uploads\/2026\/03\/Despegar-y-Asetur-convenio.jpg","width":1200,"height":675,"caption":"Despegar y Asetur convenio"},{"@type":"BreadcrumbList","@id":"https:\/\/nitu.mx\/index.php\/2026\/03\/19\/despegar-y-asetur-cinen-alianza-para-impulsar-el-turismo-en-mexico-rumbo-al-mundial-de-futbol\/#breadcrumb","itemListElement":[{"@type":"ListItem","position":1,"name":"Inicio","item":"https:\/\/nitu.mx\/"},{"@type":"ListItem","position":2,"name":"Despegar y Asetur ci\u00f1en alianza para impulsar el turismo en M\u00e9xico rumbo al Mundial de Futbol"}]},{"@type":"WebSite","@id":"https:\/\/nitu.mx\/#website","url":"https:\/\/nitu.mx\/","name":"Nitu - Noticias de la Industria Turistica","description":"Noticias de la Industria Turistica","publisher":{"@id":"https:\/\/nitu.mx\/#\/schema\/person\/ae7a53426417292d3dd07b45a33e01bc"},"alternateName":"Noticias de la Industria Turistica","potentialAction":[{"@type":"SearchAction","target":{"@type":"EntryPoint","urlTemplate":"https:\/\/nitu.mx\/?s={search_term_string}"},"query-input":"required name=search_term_string"}],"inLanguage":"es-MX"},{"@type":["Person","Organization"],"@id":"https:\/\/nitu.mx\/#\/schema\/person\/ae7a53426417292d3dd07b45a33e01bc","name":"Arturo Medina","image":{"@type":"ImageObject","inLanguage":"es-MX","@id":"https:\/\/nitu.mx\/#\/schema\/person\/image\/","url":"https:\/\/nitu.mx\/wp-content\/uploads\/2024\/04\/4A315622-1904-4D5C-B022-878CDC840E04-90x90-1.jpeg","contentUrl":"https:\/\/nitu.mx\/wp-content\/uploads\/2024\/04\/4A315622-1904-4D5C-B022-878CDC840E04-90x90-1.jpeg","width":90,"height":90,"caption":"Arturo Medina"},"logo":{"@id":"https:\/\/nitu.mx\/#\/schema\/person\/image\/"},"description":"Director NITU.mx, Egresado de la Escuela de Periodismo Carlos Septi\u00e9n Garc\u00eda. Periodista y analista especializado en turismo desde hace 35 a\u00f1os, radicado en Canc\u00fan Q.Roo. arturo@nitu.mx","sameAs":["https:\/\/nitu.mx","https:\/\/www.facebook.com\/NITUmx\/","medinacancun","https:\/\/twitter.com\/@Arturo_Medina_G"]},{"@type":"Person","@id":"https:\/\/nitu.mx\/#\/schema\/person\/4a28fe9bd65924f7c90623773daf1b0b","name":"Redacci\u00f3n","image":{"@type":"ImageObject","inLanguage":"es-MX","@id":"https:\/\/nitu.mx\/#\/schema\/person\/image\/","url":"https:\/\/secure.gravatar.com\/avatar\/5dd011c8ccfc5cd7e4c81e42252aab38?s=96&d=mm&r=g","contentUrl":"https:\/\/secure.gravatar.com\/avatar\/5dd011c8ccfc5cd7e4c81e42252aab38?s=96&d=mm&r=g","caption":"Redacci\u00f3n"},"url":"https:\/\/nitu.mx\/index.php\/author\/redaccion\/"}]}},"views":487,"_links":{"self":[{"href":"https:\/\/nitu.mx\/index.php\/wp-json\/wp\/v2\/posts\/86659"}],"collection":[{"href":"https:\/\/nitu.mx\/index.php\/wp-json\/wp\/v2\/posts"}],"about":[{"href":"https:\/\/nitu.mx\/index.php\/wp-json\/wp\/v2\/types\/post"}],"author":[{"embeddable":true,"href":"https:\/\/nitu.mx\/index.php\/wp-json\/wp\/v2\/users\/17"}],"replies":[{"embeddable":true,"href":"https:\/\/nitu.mx\/index.php\/wp-json\/wp\/v2\/comments?post=86659"}],"version-history":[{"count":1,"href":"https:\/\/nitu.mx\/index.php\/wp-json\/wp\/v2\/posts\/86659\/revisions"}],"predecessor-version":[{"id":86662,"href":"https:\/\/nitu.mx\/index.php\/wp-json\/wp\/v2\/posts\/86659\/revisions\/86662"}],"wp:featuredmedia":[{"embeddable":true,"href":"https:\/\/nitu.mx\/index.php\/wp-json\/wp\/v2\/media\/86661"}],"wp:attachment":[{"href":"https:\/\/nitu.mx\/index.php\/wp-json\/wp\/v2\/media?parent=86659"}],"wp:term":[{"taxonomy":"category","embeddable":true,"href":"https:\/\/nitu.mx\/index.php\/wp-json\/wp\/v2\/categories?post=86659"},{"taxonomy":"post_tag","embeddable":true,"href":"https:\/\/nitu.mx\/index.php\/wp-json\/wp\/v2\/tags?post=86659"}],"curies":[{"name":"wp","href":"https:\/\/api.w.org\/{rel}","templated":true}]}}