{"id":86621,"date":"2026-03-17T16:30:00","date_gmt":"2026-03-17T22:30:00","guid":{"rendered":"https:\/\/nitu.mx\/?p=86621"},"modified":"2026-03-17T15:58:11","modified_gmt":"2026-03-17T21:58:11","slug":"yavas-de-volaris-registra-historico-incremento-de-110-en-reservas-al-arranque-de-2026","status":"publish","type":"post","link":"https:\/\/nitu.mx\/index.php\/2026\/03\/17\/yavas-de-volaris-registra-historico-incremento-de-110-en-reservas-al-arranque-de-2026\/","title":{"rendered":"YaVas de Volaris registra hist\u00f3rico incremento de 110% en reservas al arranque de 2026"},"content":{"rendered":"\n<p>El arranque del a\u00f1o confirma que viajar sigue siendo una prioridad para los consumidores. A pesar de la incertidumbre econ\u00f3mica, la intenci\u00f3n de viaje se mantiene s\u00f3lida, reflejada en un crecimiento hist\u00f3rico: las reservas aumentaron 110% y el n\u00famero de pasajeros se increment\u00f3 137% durante los primeros meses de 2026, superando ampliamente los registros del mismo periodo del a\u00f1o anterior de acuerdo con la plataforma YaVas de Volaris.<\/p>\n\n\n\n<p>Estos resultados, de acuerdo con tendencias observadas por YaVas, consolidan al turismo como un motor clave de consumo y bienestar, impulsado por la b\u00fasqueda de ocio, relajaci\u00f3n y enriquecimiento cultural.<\/p>\n\n\n\n<p>La intenci\u00f3n de viajar se mantiene muy activa y los destinos en M\u00e9xico que lideran la preferencia de los turistas son:<\/p>\n\n\n\n<ul>\n<li>Jalisco y Ciudad de M\u00e9xico registran los niveles m\u00e1s altos de reservaciones hoteleras.<\/li>\n\n\n\n<li>Quintana Roo y Baja California Sur se posicionan como los favoritos de los viajeros, quienes destinan una parte sustancial de su presupuesto a experiencias \u00fanicas y escapadas memorables.<\/li>\n\n\n\n<li>M\u00e1s de 17 mil viajeros en M\u00e9xico han concentrado su inter\u00e9s en estos destinos gracias a su conectividad, diversidad de oferta tur\u00edstica y riqueza cultural y gastron\u00f3mica.<\/li>\n<\/ul>\n\n\n\n<p><strong>La nueva tendencia: explorar lo emergente<\/strong><\/p>\n\n\n\n<p>M\u00e1s all\u00e1 de los polos tradicionales, el comportamiento del viajero est\u00e1 evolucionando hacia destinos alternativos y menos saturados. La motivaci\u00f3n principal es vivir experiencias aut\u00e9nticas y personalizadas, donde el valor radica tanto en el descubrimiento de nuevas culturas como en la conexi\u00f3n con comunidades locales.<\/p>\n\n\n\n<p>Esta transformaci\u00f3n apunta a un turismo m\u00e1s significativo, que privilegia la calidad de las vivencias sobre la masividad. Para 2026, la industria anticipa que los destinos emergentes seguir\u00e1n ganando terreno en la planeaci\u00f3n de viajes, abriendo oportunidades para regiones con propuestas innovadoras y sostenibles<strong>.<\/strong><\/p>\n\n\n\n<p>YaVas, la agencia de viajes de Volaris, reafirm\u00f3 su compromiso de impulsar un turismo responsable, inclusivo y de calidad en M\u00e9xico. A trav\u00e9s de innovaci\u00f3n, alianzas estrat\u00e9gicas y el fortalecimiento de experiencias aut\u00e9nticas, la compa\u00f1\u00eda busca consolidar al sector como un motor de desarrollo econ\u00f3mico, social y cultural, generando valor tanto para los viajeros como para las comunidades anfitrionas. (<a href=\"https:\/\/nitu.mx\/index.php\/2025\/12\/01\/ya-vas-de-volaris-detecta-aumento-de-52-en-anticipacion-de-compra-de-viajes\/\">Ya Vas de Volaris detecta aumento de 52% en anticipaci\u00f3n de compra de viajes<\/a>).<\/p>\n","protected":false},"excerpt":{"rendered":"<p>El arranque del a\u00f1o confirma que viajar sigue siendo una prioridad para los consumidores. A pesar de la incertidumbre econ\u00f3mica, la intenci\u00f3n de viaje se mantiene s\u00f3lida, reflejada en un crecimiento hist\u00f3rico: las reservas aumentaron 110% y el n\u00famero de pasajeros se increment\u00f3 137% durante los primeros meses de 2026, superando ampliamente los registros del [&hellip;]<\/p>\n","protected":false},"author":17,"featured_media":82625,"comment_status":"closed","ping_status":"closed","sticky":false,"template":"","format":"standard","meta":{"footnotes":""},"categories":[29,3],"tags":[6431,131,15339],"yoast_head":"<!-- This site is optimized with the Yoast SEO plugin v22.2 - https:\/\/yoast.com\/wordpress\/plugins\/seo\/ -->\n<title>YaVas de Volaris registra hist\u00f3rico incremento de 110% en reservas al arranque de 2026 - Nitu - Noticias de la Industria Turistica<\/title>\n<meta name=\"robots\" content=\"index, follow, max-snippet:-1, max-image-preview:large, max-video-preview:-1\" \/>\n<link rel=\"canonical\" href=\"https:\/\/nitu.mx\/index.php\/2026\/03\/17\/yavas-de-volaris-registra-historico-incremento-de-110-en-reservas-al-arranque-de-2026\/\" \/>\n<meta name=\"twitter:card\" content=\"summary_large_image\" \/>\n<meta name=\"twitter:title\" content=\"YaVas de Volaris registra hist\u00f3rico incremento de 110% en reservas al arranque de 2026 - Nitu - Noticias de la Industria Turistica\" \/>\n<meta name=\"twitter:description\" content=\"El arranque del a\u00f1o confirma que viajar sigue siendo una prioridad para los consumidores. A pesar de la incertidumbre econ\u00f3mica, la intenci\u00f3n de viaje se mantiene s\u00f3lida, reflejada en un crecimiento hist\u00f3rico: las reservas aumentaron 110% y el n\u00famero de pasajeros se increment\u00f3 137% durante los primeros meses de 2026, superando ampliamente los registros del [&hellip;]\" \/>\n<meta name=\"twitter:image\" content=\"https:\/\/nitu.mx\/wp-content\/uploads\/2025\/08\/Nayarit-nuevas-rutas-internacionales.jpg\" \/>\n<meta name=\"twitter:creator\" content=\"@NITUmx\" \/>\n<meta name=\"twitter:site\" content=\"@Arturo_Medina_G\" \/>\n<meta name=\"twitter:label1\" content=\"Escrito por\" \/>\n\t<meta name=\"twitter:data1\" content=\"Redacci\u00f3n\" \/>\n\t<meta name=\"twitter:label2\" content=\"Tiempo de lectura\" \/>\n\t<meta name=\"twitter:data2\" content=\"2 minutos\" \/>\n<script type=\"application\/ld+json\" class=\"yoast-schema-graph\">{\"@context\":\"https:\/\/schema.org\",\"@graph\":[{\"@type\":\"Article\",\"@id\":\"https:\/\/nitu.mx\/index.php\/2026\/03\/17\/yavas-de-volaris-registra-historico-incremento-de-110-en-reservas-al-arranque-de-2026\/#article\",\"isPartOf\":{\"@id\":\"https:\/\/nitu.mx\/index.php\/2026\/03\/17\/yavas-de-volaris-registra-historico-incremento-de-110-en-reservas-al-arranque-de-2026\/\"},\"author\":{\"name\":\"Redacci\u00f3n\",\"@id\":\"https:\/\/nitu.mx\/#\/schema\/person\/4a28fe9bd65924f7c90623773daf1b0b\"},\"headline\":\"YaVas de Volaris registra hist\u00f3rico incremento de 110% en reservas al arranque de 2026\",\"datePublished\":\"2026-03-17T22:30:00+00:00\",\"dateModified\":\"2026-03-17T21:58:11+00:00\",\"mainEntityOfPage\":{\"@id\":\"https:\/\/nitu.mx\/index.php\/2026\/03\/17\/yavas-de-volaris-registra-historico-incremento-de-110-en-reservas-al-arranque-de-2026\/\"},\"wordCount\":396,\"publisher\":{\"@id\":\"https:\/\/nitu.mx\/#\/schema\/person\/ae7a53426417292d3dd07b45a33e01bc\"},\"image\":{\"@id\":\"https:\/\/nitu.mx\/index.php\/2026\/03\/17\/yavas-de-volaris-registra-historico-incremento-de-110-en-reservas-al-arranque-de-2026\/#primaryimage\"},\"thumbnailUrl\":\"https:\/\/nitu.mx\/wp-content\/uploads\/2025\/08\/Nayarit-nuevas-rutas-internacionales.jpg\",\"keywords\":[\"Reservaciones\",\"Volaris\",\"YaVas\"],\"articleSection\":[\"Aerol\u00edneas\",\"Agencias de Viajes\"],\"inLanguage\":\"es-MX\"},{\"@type\":\"WebPage\",\"@id\":\"https:\/\/nitu.mx\/index.php\/2026\/03\/17\/yavas-de-volaris-registra-historico-incremento-de-110-en-reservas-al-arranque-de-2026\/\",\"url\":\"https:\/\/nitu.mx\/index.php\/2026\/03\/17\/yavas-de-volaris-registra-historico-incremento-de-110-en-reservas-al-arranque-de-2026\/\",\"name\":\"YaVas de Volaris registra hist\u00f3rico incremento de 110% en reservas al arranque de 2026 - Nitu - Noticias de la Industria Turistica\",\"isPartOf\":{\"@id\":\"https:\/\/nitu.mx\/#website\"},\"primaryImageOfPage\":{\"@id\":\"https:\/\/nitu.mx\/index.php\/2026\/03\/17\/yavas-de-volaris-registra-historico-incremento-de-110-en-reservas-al-arranque-de-2026\/#primaryimage\"},\"image\":{\"@id\":\"https:\/\/nitu.mx\/index.php\/2026\/03\/17\/yavas-de-volaris-registra-historico-incremento-de-110-en-reservas-al-arranque-de-2026\/#primaryimage\"},\"thumbnailUrl\":\"https:\/\/nitu.mx\/wp-content\/uploads\/2025\/08\/Nayarit-nuevas-rutas-internacionales.jpg\",\"datePublished\":\"2026-03-17T22:30:00+00:00\",\"dateModified\":\"2026-03-17T21:58:11+00:00\",\"breadcrumb\":{\"@id\":\"https:\/\/nitu.mx\/index.php\/2026\/03\/17\/yavas-de-volaris-registra-historico-incremento-de-110-en-reservas-al-arranque-de-2026\/#breadcrumb\"},\"inLanguage\":\"es-MX\",\"potentialAction\":[{\"@type\":\"ReadAction\",\"target\":[\"https:\/\/nitu.mx\/index.php\/2026\/03\/17\/yavas-de-volaris-registra-historico-incremento-de-110-en-reservas-al-arranque-de-2026\/\"]}]},{\"@type\":\"ImageObject\",\"inLanguage\":\"es-MX\",\"@id\":\"https:\/\/nitu.mx\/index.php\/2026\/03\/17\/yavas-de-volaris-registra-historico-incremento-de-110-en-reservas-al-arranque-de-2026\/#primaryimage\",\"url\":\"https:\/\/nitu.mx\/wp-content\/uploads\/2025\/08\/Nayarit-nuevas-rutas-internacionales.jpg\",\"contentUrl\":\"https:\/\/nitu.mx\/wp-content\/uploads\/2025\/08\/Nayarit-nuevas-rutas-internacionales.jpg\",\"width\":1200,\"height\":675,\"caption\":\"Nayarit nuevas rutas internacionales\"},{\"@type\":\"BreadcrumbList\",\"@id\":\"https:\/\/nitu.mx\/index.php\/2026\/03\/17\/yavas-de-volaris-registra-historico-incremento-de-110-en-reservas-al-arranque-de-2026\/#breadcrumb\",\"itemListElement\":[{\"@type\":\"ListItem\",\"position\":1,\"name\":\"Inicio\",\"item\":\"https:\/\/nitu.mx\/\"},{\"@type\":\"ListItem\",\"position\":2,\"name\":\"YaVas de Volaris registra hist\u00f3rico incremento de 110% en reservas al arranque de 2026\"}]},{\"@type\":\"WebSite\",\"@id\":\"https:\/\/nitu.mx\/#website\",\"url\":\"https:\/\/nitu.mx\/\",\"name\":\"Nitu - Noticias de la Industria Turistica\",\"description\":\"Noticias de la Industria Turistica\",\"publisher\":{\"@id\":\"https:\/\/nitu.mx\/#\/schema\/person\/ae7a53426417292d3dd07b45a33e01bc\"},\"alternateName\":\"Noticias de la Industria Turistica\",\"potentialAction\":[{\"@type\":\"SearchAction\",\"target\":{\"@type\":\"EntryPoint\",\"urlTemplate\":\"https:\/\/nitu.mx\/?s={search_term_string}\"},\"query-input\":\"required name=search_term_string\"}],\"inLanguage\":\"es-MX\"},{\"@type\":[\"Person\",\"Organization\"],\"@id\":\"https:\/\/nitu.mx\/#\/schema\/person\/ae7a53426417292d3dd07b45a33e01bc\",\"name\":\"Arturo Medina\",\"image\":{\"@type\":\"ImageObject\",\"inLanguage\":\"es-MX\",\"@id\":\"https:\/\/nitu.mx\/#\/schema\/person\/image\/\",\"url\":\"https:\/\/nitu.mx\/wp-content\/uploads\/2024\/04\/4A315622-1904-4D5C-B022-878CDC840E04-90x90-1.jpeg\",\"contentUrl\":\"https:\/\/nitu.mx\/wp-content\/uploads\/2024\/04\/4A315622-1904-4D5C-B022-878CDC840E04-90x90-1.jpeg\",\"width\":90,\"height\":90,\"caption\":\"Arturo Medina\"},\"logo\":{\"@id\":\"https:\/\/nitu.mx\/#\/schema\/person\/image\/\"},\"description\":\"Director NITU.mx, Egresado de la Escuela de Periodismo Carlos Septi\u00e9n Garc\u00eda. Periodista y analista especializado en turismo desde hace 35 a\u00f1os, radicado en Canc\u00fan Q.Roo. arturo@nitu.mx\",\"sameAs\":[\"https:\/\/nitu.mx\",\"https:\/\/www.facebook.com\/NITUmx\/\",\"medinacancun\",\"https:\/\/twitter.com\/@Arturo_Medina_G\"]},{\"@type\":\"Person\",\"@id\":\"https:\/\/nitu.mx\/#\/schema\/person\/4a28fe9bd65924f7c90623773daf1b0b\",\"name\":\"Redacci\u00f3n\",\"image\":{\"@type\":\"ImageObject\",\"inLanguage\":\"es-MX\",\"@id\":\"https:\/\/nitu.mx\/#\/schema\/person\/image\/\",\"url\":\"https:\/\/secure.gravatar.com\/avatar\/5dd011c8ccfc5cd7e4c81e42252aab38?s=96&d=mm&r=g\",\"contentUrl\":\"https:\/\/secure.gravatar.com\/avatar\/5dd011c8ccfc5cd7e4c81e42252aab38?s=96&d=mm&r=g\",\"caption\":\"Redacci\u00f3n\"},\"url\":\"https:\/\/nitu.mx\/index.php\/author\/redaccion\/\"}]}<\/script>\n<!-- \/ Yoast SEO plugin. -->","yoast_head_json":{"title":"YaVas de Volaris registra hist\u00f3rico incremento de 110% en reservas al arranque de 2026 - Nitu - Noticias de la Industria Turistica","robots":{"index":"index","follow":"follow","max-snippet":"max-snippet:-1","max-image-preview":"max-image-preview:large","max-video-preview":"max-video-preview:-1"},"canonical":"https:\/\/nitu.mx\/index.php\/2026\/03\/17\/yavas-de-volaris-registra-historico-incremento-de-110-en-reservas-al-arranque-de-2026\/","twitter_card":"summary_large_image","twitter_title":"YaVas de Volaris registra hist\u00f3rico incremento de 110% en reservas al arranque de 2026 - Nitu - Noticias de la Industria Turistica","twitter_description":"El arranque del a\u00f1o confirma que viajar sigue siendo una prioridad para los consumidores. A pesar de la incertidumbre econ\u00f3mica, la intenci\u00f3n de viaje se mantiene s\u00f3lida, reflejada en un crecimiento hist\u00f3rico: las reservas aumentaron 110% y el n\u00famero de pasajeros se increment\u00f3 137% durante los primeros meses de 2026, superando ampliamente los registros del [&hellip;]","twitter_image":"https:\/\/nitu.mx\/wp-content\/uploads\/2025\/08\/Nayarit-nuevas-rutas-internacionales.jpg","twitter_creator":"@NITUmx","twitter_site":"@Arturo_Medina_G","twitter_misc":{"Escrito por":"Redacci\u00f3n","Tiempo de lectura":"2 minutos"},"schema":{"@context":"https:\/\/schema.org","@graph":[{"@type":"Article","@id":"https:\/\/nitu.mx\/index.php\/2026\/03\/17\/yavas-de-volaris-registra-historico-incremento-de-110-en-reservas-al-arranque-de-2026\/#article","isPartOf":{"@id":"https:\/\/nitu.mx\/index.php\/2026\/03\/17\/yavas-de-volaris-registra-historico-incremento-de-110-en-reservas-al-arranque-de-2026\/"},"author":{"name":"Redacci\u00f3n","@id":"https:\/\/nitu.mx\/#\/schema\/person\/4a28fe9bd65924f7c90623773daf1b0b"},"headline":"YaVas de Volaris registra hist\u00f3rico incremento de 110% en reservas al arranque de 2026","datePublished":"2026-03-17T22:30:00+00:00","dateModified":"2026-03-17T21:58:11+00:00","mainEntityOfPage":{"@id":"https:\/\/nitu.mx\/index.php\/2026\/03\/17\/yavas-de-volaris-registra-historico-incremento-de-110-en-reservas-al-arranque-de-2026\/"},"wordCount":396,"publisher":{"@id":"https:\/\/nitu.mx\/#\/schema\/person\/ae7a53426417292d3dd07b45a33e01bc"},"image":{"@id":"https:\/\/nitu.mx\/index.php\/2026\/03\/17\/yavas-de-volaris-registra-historico-incremento-de-110-en-reservas-al-arranque-de-2026\/#primaryimage"},"thumbnailUrl":"https:\/\/nitu.mx\/wp-content\/uploads\/2025\/08\/Nayarit-nuevas-rutas-internacionales.jpg","keywords":["Reservaciones","Volaris","YaVas"],"articleSection":["Aerol\u00edneas","Agencias de Viajes"],"inLanguage":"es-MX"},{"@type":"WebPage","@id":"https:\/\/nitu.mx\/index.php\/2026\/03\/17\/yavas-de-volaris-registra-historico-incremento-de-110-en-reservas-al-arranque-de-2026\/","url":"https:\/\/nitu.mx\/index.php\/2026\/03\/17\/yavas-de-volaris-registra-historico-incremento-de-110-en-reservas-al-arranque-de-2026\/","name":"YaVas de Volaris registra hist\u00f3rico incremento de 110% en reservas al arranque de 2026 - Nitu - Noticias de la Industria Turistica","isPartOf":{"@id":"https:\/\/nitu.mx\/#website"},"primaryImageOfPage":{"@id":"https:\/\/nitu.mx\/index.php\/2026\/03\/17\/yavas-de-volaris-registra-historico-incremento-de-110-en-reservas-al-arranque-de-2026\/#primaryimage"},"image":{"@id":"https:\/\/nitu.mx\/index.php\/2026\/03\/17\/yavas-de-volaris-registra-historico-incremento-de-110-en-reservas-al-arranque-de-2026\/#primaryimage"},"thumbnailUrl":"https:\/\/nitu.mx\/wp-content\/uploads\/2025\/08\/Nayarit-nuevas-rutas-internacionales.jpg","datePublished":"2026-03-17T22:30:00+00:00","dateModified":"2026-03-17T21:58:11+00:00","breadcrumb":{"@id":"https:\/\/nitu.mx\/index.php\/2026\/03\/17\/yavas-de-volaris-registra-historico-incremento-de-110-en-reservas-al-arranque-de-2026\/#breadcrumb"},"inLanguage":"es-MX","potentialAction":[{"@type":"ReadAction","target":["https:\/\/nitu.mx\/index.php\/2026\/03\/17\/yavas-de-volaris-registra-historico-incremento-de-110-en-reservas-al-arranque-de-2026\/"]}]},{"@type":"ImageObject","inLanguage":"es-MX","@id":"https:\/\/nitu.mx\/index.php\/2026\/03\/17\/yavas-de-volaris-registra-historico-incremento-de-110-en-reservas-al-arranque-de-2026\/#primaryimage","url":"https:\/\/nitu.mx\/wp-content\/uploads\/2025\/08\/Nayarit-nuevas-rutas-internacionales.jpg","contentUrl":"https:\/\/nitu.mx\/wp-content\/uploads\/2025\/08\/Nayarit-nuevas-rutas-internacionales.jpg","width":1200,"height":675,"caption":"Nayarit nuevas rutas internacionales"},{"@type":"BreadcrumbList","@id":"https:\/\/nitu.mx\/index.php\/2026\/03\/17\/yavas-de-volaris-registra-historico-incremento-de-110-en-reservas-al-arranque-de-2026\/#breadcrumb","itemListElement":[{"@type":"ListItem","position":1,"name":"Inicio","item":"https:\/\/nitu.mx\/"},{"@type":"ListItem","position":2,"name":"YaVas de Volaris registra hist\u00f3rico incremento de 110% en reservas al arranque de 2026"}]},{"@type":"WebSite","@id":"https:\/\/nitu.mx\/#website","url":"https:\/\/nitu.mx\/","name":"Nitu - Noticias de la Industria Turistica","description":"Noticias de la Industria Turistica","publisher":{"@id":"https:\/\/nitu.mx\/#\/schema\/person\/ae7a53426417292d3dd07b45a33e01bc"},"alternateName":"Noticias de la Industria Turistica","potentialAction":[{"@type":"SearchAction","target":{"@type":"EntryPoint","urlTemplate":"https:\/\/nitu.mx\/?s={search_term_string}"},"query-input":"required name=search_term_string"}],"inLanguage":"es-MX"},{"@type":["Person","Organization"],"@id":"https:\/\/nitu.mx\/#\/schema\/person\/ae7a53426417292d3dd07b45a33e01bc","name":"Arturo Medina","image":{"@type":"ImageObject","inLanguage":"es-MX","@id":"https:\/\/nitu.mx\/#\/schema\/person\/image\/","url":"https:\/\/nitu.mx\/wp-content\/uploads\/2024\/04\/4A315622-1904-4D5C-B022-878CDC840E04-90x90-1.jpeg","contentUrl":"https:\/\/nitu.mx\/wp-content\/uploads\/2024\/04\/4A315622-1904-4D5C-B022-878CDC840E04-90x90-1.jpeg","width":90,"height":90,"caption":"Arturo Medina"},"logo":{"@id":"https:\/\/nitu.mx\/#\/schema\/person\/image\/"},"description":"Director NITU.mx, Egresado de la Escuela de Periodismo Carlos Septi\u00e9n Garc\u00eda. Periodista y analista especializado en turismo desde hace 35 a\u00f1os, radicado en Canc\u00fan Q.Roo. arturo@nitu.mx","sameAs":["https:\/\/nitu.mx","https:\/\/www.facebook.com\/NITUmx\/","medinacancun","https:\/\/twitter.com\/@Arturo_Medina_G"]},{"@type":"Person","@id":"https:\/\/nitu.mx\/#\/schema\/person\/4a28fe9bd65924f7c90623773daf1b0b","name":"Redacci\u00f3n","image":{"@type":"ImageObject","inLanguage":"es-MX","@id":"https:\/\/nitu.mx\/#\/schema\/person\/image\/","url":"https:\/\/secure.gravatar.com\/avatar\/5dd011c8ccfc5cd7e4c81e42252aab38?s=96&d=mm&r=g","contentUrl":"https:\/\/secure.gravatar.com\/avatar\/5dd011c8ccfc5cd7e4c81e42252aab38?s=96&d=mm&r=g","caption":"Redacci\u00f3n"},"url":"https:\/\/nitu.mx\/index.php\/author\/redaccion\/"}]}},"views":287,"_links":{"self":[{"href":"https:\/\/nitu.mx\/index.php\/wp-json\/wp\/v2\/posts\/86621"}],"collection":[{"href":"https:\/\/nitu.mx\/index.php\/wp-json\/wp\/v2\/posts"}],"about":[{"href":"https:\/\/nitu.mx\/index.php\/wp-json\/wp\/v2\/types\/post"}],"author":[{"embeddable":true,"href":"https:\/\/nitu.mx\/index.php\/wp-json\/wp\/v2\/users\/17"}],"replies":[{"embeddable":true,"href":"https:\/\/nitu.mx\/index.php\/wp-json\/wp\/v2\/comments?post=86621"}],"version-history":[{"count":2,"href":"https:\/\/nitu.mx\/index.php\/wp-json\/wp\/v2\/posts\/86621\/revisions"}],"predecessor-version":[{"id":86625,"href":"https:\/\/nitu.mx\/index.php\/wp-json\/wp\/v2\/posts\/86621\/revisions\/86625"}],"wp:featuredmedia":[{"embeddable":true,"href":"https:\/\/nitu.mx\/index.php\/wp-json\/wp\/v2\/media\/82625"}],"wp:attachment":[{"href":"https:\/\/nitu.mx\/index.php\/wp-json\/wp\/v2\/media?parent=86621"}],"wp:term":[{"taxonomy":"category","embeddable":true,"href":"https:\/\/nitu.mx\/index.php\/wp-json\/wp\/v2\/categories?post=86621"},{"taxonomy":"post_tag","embeddable":true,"href":"https:\/\/nitu.mx\/index.php\/wp-json\/wp\/v2\/tags?post=86621"}],"curies":[{"name":"wp","href":"https:\/\/api.w.org\/{rel}","templated":true}]}}