{"id":86610,"date":"2026-03-16T18:44:33","date_gmt":"2026-03-17T00:44:33","guid":{"rendered":"https:\/\/nitu.mx\/?p=86610"},"modified":"2026-03-16T18:44:33","modified_gmt":"2026-03-17T00:44:33","slug":"caribe-mexicano-proyecta-duplicar-llegada-de-turistas-de-brasil-en-2026","status":"publish","type":"post","link":"https:\/\/nitu.mx\/index.php\/2026\/03\/16\/caribe-mexicano-proyecta-duplicar-llegada-de-turistas-de-brasil-en-2026\/","title":{"rendered":"Caribe Mexicano proyecta duplicar llegada de turistas de Brasil en 2026"},"content":{"rendered":"\n<p>El Caribe Mexicano refuerza su posicionamiento en el mercado brasile\u00f1o con la implementaci\u00f3n del visado electr\u00f3nico para ciudadanos de Brasil, una medida que ha reactivado el inter\u00e9s de aerol\u00edneas, agencias de viajes y touroperadores por el destino y que podr\u00eda permitir duplicar la llegada de turistas de ese pa\u00eds durante este a\u00f1o.<\/p>\n\n\n\n<p>El gobierno de Quintana Roo, que encabeza Mara Lezama Espinosa, particip\u00f3 en un evento de promoci\u00f3n tur\u00edstica con la participaci\u00f3n de autoridades y representantes del sector, quienes presentaron las ventajas del nuevo sistema de visa digital, el cual permite a los brasile\u00f1os tramitar su autorizaci\u00f3n de ingreso a M\u00e9xico de manera completamente en l\u00ednea, disponible las 24 horas del d\u00eda y los siete d\u00edas de la semana.<\/p>\n\n\n\n<p>De acuerdo con el titular de la Sedetur, Bernardo Cueto Riestra, la presentaci\u00f3n reuni\u00f3 a m\u00e1s de 200 agentes de viajes, adem\u00e1s de aerol\u00edneas que operan rutas entre Brasil y M\u00e9xico, entre ellas Aerom\u00e9xico, Gol, Azul, Avianca y Copa Airlines, as\u00ed como a los principales touroperadores que comercializan los destinos del Caribe Mexicano.<\/p>\n\n\n\n<p>En el encuentro tambi\u00e9n hubo reconocimiento a aerol\u00edneas, agencias y operadores tur\u00edsticos que han mantenido la promoci\u00f3n del destino en el mercado brasile\u00f1o, incluso durante periodos de restricciones migratorias.<\/p>\n\n\n\n<p>Bernardo Cueto, acompa\u00f1ado de Jorge T\u00e9llez, director ejecutivo de Promoci\u00f3n del CPTQ, dijo que la respuesta del sector fue calificada como positiva por los organizadores, quienes destacaron el entusiasmo de los agentes de viajes ante el regreso del Caribe Mexicano con mayor facilidad de acceso para los viajeros de Brasil.<\/p>\n\n\n\n<p>Uno de los anuncios relevantes fue la confirmaci\u00f3n de que la aerol\u00ednea Gol retomar\u00e1 de manera permanente su vuelo directo Canc\u00fan-Brasilia, a partir de junio para quedarse todo el a\u00f1o, con tres frecuencias semanales, luego de que la ruta operara anteriormente solo por temporadas.<\/p>\n\n\n\n<p>Adem\u00e1s, aerol\u00edneas como Avianca y Copa Airlines analizan ampliar su conectividad hacia el destino mediante rutas con escala en Panam\u00e1 y Colombia, lo que permitir\u00eda incrementar el flujo de visitantes brasile\u00f1os hacia el Caribe Mexicano.<\/p>\n\n\n\n<p>El evento cont\u00f3 tambi\u00e9n con la participaci\u00f3n del Consulado de M\u00e9xico en Sao Paulo, cuyo c\u00f3nsul destac\u00f3 que no hab\u00eda visto una reuni\u00f3n similar en cuatro a\u00f1os y medio que lleva trabajando en ese pa\u00eds.<\/p>\n\n\n\n<p>Bernardo Cueto a\u00f1adi\u00f3 que la estrategia de promoci\u00f3n continuar\u00e1 en las pr\u00f3ximas semanas con la participaci\u00f3n de la Secretar\u00eda de Turismo de M\u00e9xico y del Caribe Mexicano en la feria tur\u00edstica World Travel Market (WTM) Latin America, que se realizar\u00e1 en Sao Paulo, donde se fortalecer\u00e1n las relaciones comerciales con el sector tur\u00edstico brasile\u00f1o.<\/p>\n\n\n\n<p>Asimismo, se prev\u00e9 una visita oficial de la presidenta de M\u00e9xico Claudia Sheinbaum Pardo a Brasil en los pr\u00f3ximos meses, lo que podr\u00eda contribuir a consolidar los v\u00ednculos bilaterales.<\/p>\n\n\n\n<p>De acuerdo con cifras del sector, el Caribe Mexicano recibi\u00f3 alrededor de 85 mil turistas brasile\u00f1os el a\u00f1o pasado, y la meta para este a\u00f1o es al menos duplicar esa cifra, impulsada por la nueva conectividad a\u00e9rea y la simplificaci\u00f3n del proceso migratorio mediante el visado electr\u00f3nico. (<a href=\"https:\/\/nitu.mx\/index.php\/2026\/02\/10\/celebra-mara-lezama-visado-electronico-para-brasilenos\/\">Celebra Mara Lezama visado electr\u00f3nico para brasile\u00f1os<\/a>).<\/p>\n","protected":false},"excerpt":{"rendered":"<p>El Caribe Mexicano refuerza su posicionamiento en el mercado brasile\u00f1o con la implementaci\u00f3n del visado electr\u00f3nico para ciudadanos de Brasil, una medida que ha reactivado el inter\u00e9s de aerol\u00edneas, agencias de viajes y touroperadores por el destino y que podr\u00eda permitir duplicar la llegada de turistas de ese pa\u00eds durante este a\u00f1o. El gobierno de [&hellip;]<\/p>\n","protected":false},"author":17,"featured_media":86616,"comment_status":"closed","ping_status":"closed","sticky":false,"template":"","format":"standard","meta":{"footnotes":""},"categories":[18475],"tags":[13931,8145,1292,260,23505],"yoast_head":"<!-- This site is optimized with the Yoast SEO plugin v22.2 - https:\/\/yoast.com\/wordpress\/plugins\/seo\/ -->\n<title>Caribe Mexicano proyecta duplicar llegada de turistas de Brasil en 2026 - Nitu - Noticias de la Industria Turistica<\/title>\n<meta name=\"robots\" content=\"index, follow, max-snippet:-1, max-image-preview:large, max-video-preview:-1\" \/>\n<link rel=\"canonical\" href=\"https:\/\/nitu.mx\/index.php\/2026\/03\/16\/caribe-mexicano-proyecta-duplicar-llegada-de-turistas-de-brasil-en-2026\/\" \/>\n<meta name=\"twitter:card\" content=\"summary_large_image\" \/>\n<meta name=\"twitter:title\" content=\"Caribe Mexicano proyecta duplicar llegada de turistas de Brasil en 2026 - Nitu - Noticias de la Industria Turistica\" \/>\n<meta name=\"twitter:description\" content=\"El Caribe Mexicano refuerza su posicionamiento en el mercado brasile\u00f1o con la implementaci\u00f3n del visado electr\u00f3nico para ciudadanos de Brasil, una medida que ha reactivado el inter\u00e9s de aerol\u00edneas, agencias de viajes y touroperadores por el destino y que podr\u00eda permitir duplicar la llegada de turistas de ese pa\u00eds durante este a\u00f1o. El gobierno de [&hellip;]\" \/>\n<meta name=\"twitter:image\" content=\"https:\/\/nitu.mx\/wp-content\/uploads\/2026\/03\/Caribe-Mexicano-promocion-Brasil.jpg\" \/>\n<meta name=\"twitter:creator\" content=\"@NITUmx\" \/>\n<meta name=\"twitter:site\" content=\"@Arturo_Medina_G\" \/>\n<meta name=\"twitter:label1\" content=\"Escrito por\" \/>\n\t<meta name=\"twitter:data1\" content=\"Redacci\u00f3n\" \/>\n\t<meta name=\"twitter:label2\" content=\"Tiempo de lectura\" \/>\n\t<meta name=\"twitter:data2\" content=\"3 minutos\" \/>\n<script type=\"application\/ld+json\" class=\"yoast-schema-graph\">{\"@context\":\"https:\/\/schema.org\",\"@graph\":[{\"@type\":\"Article\",\"@id\":\"https:\/\/nitu.mx\/index.php\/2026\/03\/16\/caribe-mexicano-proyecta-duplicar-llegada-de-turistas-de-brasil-en-2026\/#article\",\"isPartOf\":{\"@id\":\"https:\/\/nitu.mx\/index.php\/2026\/03\/16\/caribe-mexicano-proyecta-duplicar-llegada-de-turistas-de-brasil-en-2026\/\"},\"author\":{\"name\":\"Redacci\u00f3n\",\"@id\":\"https:\/\/nitu.mx\/#\/schema\/person\/4a28fe9bd65924f7c90623773daf1b0b\"},\"headline\":\"Caribe Mexicano proyecta duplicar llegada de turistas de Brasil en 2026\",\"datePublished\":\"2026-03-17T00:44:33+00:00\",\"dateModified\":\"2026-03-17T00:44:33+00:00\",\"mainEntityOfPage\":{\"@id\":\"https:\/\/nitu.mx\/index.php\/2026\/03\/16\/caribe-mexicano-proyecta-duplicar-llegada-de-turistas-de-brasil-en-2026\/\"},\"wordCount\":578,\"publisher\":{\"@id\":\"https:\/\/nitu.mx\/#\/schema\/person\/ae7a53426417292d3dd07b45a33e01bc\"},\"image\":{\"@id\":\"https:\/\/nitu.mx\/index.php\/2026\/03\/16\/caribe-mexicano-proyecta-duplicar-llegada-de-turistas-de-brasil-en-2026\/#primaryimage\"},\"thumbnailUrl\":\"https:\/\/nitu.mx\/wp-content\/uploads\/2026\/03\/Caribe-Mexicano-promocion-Brasil.jpg\",\"keywords\":[\"Bernardo Cueto\",\"CPTQ\",\"gol\",\"Quintana Roo\",\"turismo brasile\u00f1o\"],\"articleSection\":[\"Caribe Mexicano\"],\"inLanguage\":\"es-MX\"},{\"@type\":\"WebPage\",\"@id\":\"https:\/\/nitu.mx\/index.php\/2026\/03\/16\/caribe-mexicano-proyecta-duplicar-llegada-de-turistas-de-brasil-en-2026\/\",\"url\":\"https:\/\/nitu.mx\/index.php\/2026\/03\/16\/caribe-mexicano-proyecta-duplicar-llegada-de-turistas-de-brasil-en-2026\/\",\"name\":\"Caribe Mexicano proyecta duplicar llegada de turistas de Brasil en 2026 - Nitu - Noticias de la Industria Turistica\",\"isPartOf\":{\"@id\":\"https:\/\/nitu.mx\/#website\"},\"primaryImageOfPage\":{\"@id\":\"https:\/\/nitu.mx\/index.php\/2026\/03\/16\/caribe-mexicano-proyecta-duplicar-llegada-de-turistas-de-brasil-en-2026\/#primaryimage\"},\"image\":{\"@id\":\"https:\/\/nitu.mx\/index.php\/2026\/03\/16\/caribe-mexicano-proyecta-duplicar-llegada-de-turistas-de-brasil-en-2026\/#primaryimage\"},\"thumbnailUrl\":\"https:\/\/nitu.mx\/wp-content\/uploads\/2026\/03\/Caribe-Mexicano-promocion-Brasil.jpg\",\"datePublished\":\"2026-03-17T00:44:33+00:00\",\"dateModified\":\"2026-03-17T00:44:33+00:00\",\"breadcrumb\":{\"@id\":\"https:\/\/nitu.mx\/index.php\/2026\/03\/16\/caribe-mexicano-proyecta-duplicar-llegada-de-turistas-de-brasil-en-2026\/#breadcrumb\"},\"inLanguage\":\"es-MX\",\"potentialAction\":[{\"@type\":\"ReadAction\",\"target\":[\"https:\/\/nitu.mx\/index.php\/2026\/03\/16\/caribe-mexicano-proyecta-duplicar-llegada-de-turistas-de-brasil-en-2026\/\"]}]},{\"@type\":\"ImageObject\",\"inLanguage\":\"es-MX\",\"@id\":\"https:\/\/nitu.mx\/index.php\/2026\/03\/16\/caribe-mexicano-proyecta-duplicar-llegada-de-turistas-de-brasil-en-2026\/#primaryimage\",\"url\":\"https:\/\/nitu.mx\/wp-content\/uploads\/2026\/03\/Caribe-Mexicano-promocion-Brasil.jpg\",\"contentUrl\":\"https:\/\/nitu.mx\/wp-content\/uploads\/2026\/03\/Caribe-Mexicano-promocion-Brasil.jpg\",\"width\":1200,\"height\":675,\"caption\":\"Caribe Mexicano promoci\u00f3n Brasil\"},{\"@type\":\"BreadcrumbList\",\"@id\":\"https:\/\/nitu.mx\/index.php\/2026\/03\/16\/caribe-mexicano-proyecta-duplicar-llegada-de-turistas-de-brasil-en-2026\/#breadcrumb\",\"itemListElement\":[{\"@type\":\"ListItem\",\"position\":1,\"name\":\"Inicio\",\"item\":\"https:\/\/nitu.mx\/\"},{\"@type\":\"ListItem\",\"position\":2,\"name\":\"Caribe Mexicano proyecta duplicar llegada de turistas de Brasil en 2026\"}]},{\"@type\":\"WebSite\",\"@id\":\"https:\/\/nitu.mx\/#website\",\"url\":\"https:\/\/nitu.mx\/\",\"name\":\"Nitu - Noticias de la Industria Turistica\",\"description\":\"Noticias de la Industria Turistica\",\"publisher\":{\"@id\":\"https:\/\/nitu.mx\/#\/schema\/person\/ae7a53426417292d3dd07b45a33e01bc\"},\"alternateName\":\"Noticias de la Industria Turistica\",\"potentialAction\":[{\"@type\":\"SearchAction\",\"target\":{\"@type\":\"EntryPoint\",\"urlTemplate\":\"https:\/\/nitu.mx\/?s={search_term_string}\"},\"query-input\":\"required name=search_term_string\"}],\"inLanguage\":\"es-MX\"},{\"@type\":[\"Person\",\"Organization\"],\"@id\":\"https:\/\/nitu.mx\/#\/schema\/person\/ae7a53426417292d3dd07b45a33e01bc\",\"name\":\"Arturo Medina\",\"image\":{\"@type\":\"ImageObject\",\"inLanguage\":\"es-MX\",\"@id\":\"https:\/\/nitu.mx\/#\/schema\/person\/image\/\",\"url\":\"https:\/\/nitu.mx\/wp-content\/uploads\/2024\/04\/4A315622-1904-4D5C-B022-878CDC840E04-90x90-1.jpeg\",\"contentUrl\":\"https:\/\/nitu.mx\/wp-content\/uploads\/2024\/04\/4A315622-1904-4D5C-B022-878CDC840E04-90x90-1.jpeg\",\"width\":90,\"height\":90,\"caption\":\"Arturo Medina\"},\"logo\":{\"@id\":\"https:\/\/nitu.mx\/#\/schema\/person\/image\/\"},\"description\":\"Director NITU.mx, Egresado de la Escuela de Periodismo Carlos Septi\u00e9n Garc\u00eda. Periodista y analista especializado en turismo desde hace 35 a\u00f1os, radicado en Canc\u00fan Q.Roo. arturo@nitu.mx\",\"sameAs\":[\"https:\/\/nitu.mx\",\"https:\/\/www.facebook.com\/NITUmx\/\",\"medinacancun\",\"https:\/\/twitter.com\/@Arturo_Medina_G\"]},{\"@type\":\"Person\",\"@id\":\"https:\/\/nitu.mx\/#\/schema\/person\/4a28fe9bd65924f7c90623773daf1b0b\",\"name\":\"Redacci\u00f3n\",\"image\":{\"@type\":\"ImageObject\",\"inLanguage\":\"es-MX\",\"@id\":\"https:\/\/nitu.mx\/#\/schema\/person\/image\/\",\"url\":\"https:\/\/secure.gravatar.com\/avatar\/5dd011c8ccfc5cd7e4c81e42252aab38?s=96&d=mm&r=g\",\"contentUrl\":\"https:\/\/secure.gravatar.com\/avatar\/5dd011c8ccfc5cd7e4c81e42252aab38?s=96&d=mm&r=g\",\"caption\":\"Redacci\u00f3n\"},\"url\":\"https:\/\/nitu.mx\/index.php\/author\/redaccion\/\"}]}<\/script>\n<!-- \/ Yoast SEO plugin. -->","yoast_head_json":{"title":"Caribe Mexicano proyecta duplicar llegada de turistas de Brasil en 2026 - Nitu - Noticias de la Industria Turistica","robots":{"index":"index","follow":"follow","max-snippet":"max-snippet:-1","max-image-preview":"max-image-preview:large","max-video-preview":"max-video-preview:-1"},"canonical":"https:\/\/nitu.mx\/index.php\/2026\/03\/16\/caribe-mexicano-proyecta-duplicar-llegada-de-turistas-de-brasil-en-2026\/","twitter_card":"summary_large_image","twitter_title":"Caribe Mexicano proyecta duplicar llegada de turistas de Brasil en 2026 - Nitu - Noticias de la Industria Turistica","twitter_description":"El Caribe Mexicano refuerza su posicionamiento en el mercado brasile\u00f1o con la implementaci\u00f3n del visado electr\u00f3nico para ciudadanos de Brasil, una medida que ha reactivado el inter\u00e9s de aerol\u00edneas, agencias de viajes y touroperadores por el destino y que podr\u00eda permitir duplicar la llegada de turistas de ese pa\u00eds durante este a\u00f1o. El gobierno de [&hellip;]","twitter_image":"https:\/\/nitu.mx\/wp-content\/uploads\/2026\/03\/Caribe-Mexicano-promocion-Brasil.jpg","twitter_creator":"@NITUmx","twitter_site":"@Arturo_Medina_G","twitter_misc":{"Escrito por":"Redacci\u00f3n","Tiempo de lectura":"3 minutos"},"schema":{"@context":"https:\/\/schema.org","@graph":[{"@type":"Article","@id":"https:\/\/nitu.mx\/index.php\/2026\/03\/16\/caribe-mexicano-proyecta-duplicar-llegada-de-turistas-de-brasil-en-2026\/#article","isPartOf":{"@id":"https:\/\/nitu.mx\/index.php\/2026\/03\/16\/caribe-mexicano-proyecta-duplicar-llegada-de-turistas-de-brasil-en-2026\/"},"author":{"name":"Redacci\u00f3n","@id":"https:\/\/nitu.mx\/#\/schema\/person\/4a28fe9bd65924f7c90623773daf1b0b"},"headline":"Caribe Mexicano proyecta duplicar llegada de turistas de Brasil en 2026","datePublished":"2026-03-17T00:44:33+00:00","dateModified":"2026-03-17T00:44:33+00:00","mainEntityOfPage":{"@id":"https:\/\/nitu.mx\/index.php\/2026\/03\/16\/caribe-mexicano-proyecta-duplicar-llegada-de-turistas-de-brasil-en-2026\/"},"wordCount":578,"publisher":{"@id":"https:\/\/nitu.mx\/#\/schema\/person\/ae7a53426417292d3dd07b45a33e01bc"},"image":{"@id":"https:\/\/nitu.mx\/index.php\/2026\/03\/16\/caribe-mexicano-proyecta-duplicar-llegada-de-turistas-de-brasil-en-2026\/#primaryimage"},"thumbnailUrl":"https:\/\/nitu.mx\/wp-content\/uploads\/2026\/03\/Caribe-Mexicano-promocion-Brasil.jpg","keywords":["Bernardo Cueto","CPTQ","gol","Quintana Roo","turismo brasile\u00f1o"],"articleSection":["Caribe Mexicano"],"inLanguage":"es-MX"},{"@type":"WebPage","@id":"https:\/\/nitu.mx\/index.php\/2026\/03\/16\/caribe-mexicano-proyecta-duplicar-llegada-de-turistas-de-brasil-en-2026\/","url":"https:\/\/nitu.mx\/index.php\/2026\/03\/16\/caribe-mexicano-proyecta-duplicar-llegada-de-turistas-de-brasil-en-2026\/","name":"Caribe Mexicano proyecta duplicar llegada de turistas de Brasil en 2026 - Nitu - Noticias de la Industria Turistica","isPartOf":{"@id":"https:\/\/nitu.mx\/#website"},"primaryImageOfPage":{"@id":"https:\/\/nitu.mx\/index.php\/2026\/03\/16\/caribe-mexicano-proyecta-duplicar-llegada-de-turistas-de-brasil-en-2026\/#primaryimage"},"image":{"@id":"https:\/\/nitu.mx\/index.php\/2026\/03\/16\/caribe-mexicano-proyecta-duplicar-llegada-de-turistas-de-brasil-en-2026\/#primaryimage"},"thumbnailUrl":"https:\/\/nitu.mx\/wp-content\/uploads\/2026\/03\/Caribe-Mexicano-promocion-Brasil.jpg","datePublished":"2026-03-17T00:44:33+00:00","dateModified":"2026-03-17T00:44:33+00:00","breadcrumb":{"@id":"https:\/\/nitu.mx\/index.php\/2026\/03\/16\/caribe-mexicano-proyecta-duplicar-llegada-de-turistas-de-brasil-en-2026\/#breadcrumb"},"inLanguage":"es-MX","potentialAction":[{"@type":"ReadAction","target":["https:\/\/nitu.mx\/index.php\/2026\/03\/16\/caribe-mexicano-proyecta-duplicar-llegada-de-turistas-de-brasil-en-2026\/"]}]},{"@type":"ImageObject","inLanguage":"es-MX","@id":"https:\/\/nitu.mx\/index.php\/2026\/03\/16\/caribe-mexicano-proyecta-duplicar-llegada-de-turistas-de-brasil-en-2026\/#primaryimage","url":"https:\/\/nitu.mx\/wp-content\/uploads\/2026\/03\/Caribe-Mexicano-promocion-Brasil.jpg","contentUrl":"https:\/\/nitu.mx\/wp-content\/uploads\/2026\/03\/Caribe-Mexicano-promocion-Brasil.jpg","width":1200,"height":675,"caption":"Caribe Mexicano promoci\u00f3n Brasil"},{"@type":"BreadcrumbList","@id":"https:\/\/nitu.mx\/index.php\/2026\/03\/16\/caribe-mexicano-proyecta-duplicar-llegada-de-turistas-de-brasil-en-2026\/#breadcrumb","itemListElement":[{"@type":"ListItem","position":1,"name":"Inicio","item":"https:\/\/nitu.mx\/"},{"@type":"ListItem","position":2,"name":"Caribe Mexicano proyecta duplicar llegada de turistas de Brasil en 2026"}]},{"@type":"WebSite","@id":"https:\/\/nitu.mx\/#website","url":"https:\/\/nitu.mx\/","name":"Nitu - Noticias de la Industria Turistica","description":"Noticias de la Industria Turistica","publisher":{"@id":"https:\/\/nitu.mx\/#\/schema\/person\/ae7a53426417292d3dd07b45a33e01bc"},"alternateName":"Noticias de la Industria Turistica","potentialAction":[{"@type":"SearchAction","target":{"@type":"EntryPoint","urlTemplate":"https:\/\/nitu.mx\/?s={search_term_string}"},"query-input":"required name=search_term_string"}],"inLanguage":"es-MX"},{"@type":["Person","Organization"],"@id":"https:\/\/nitu.mx\/#\/schema\/person\/ae7a53426417292d3dd07b45a33e01bc","name":"Arturo Medina","image":{"@type":"ImageObject","inLanguage":"es-MX","@id":"https:\/\/nitu.mx\/#\/schema\/person\/image\/","url":"https:\/\/nitu.mx\/wp-content\/uploads\/2024\/04\/4A315622-1904-4D5C-B022-878CDC840E04-90x90-1.jpeg","contentUrl":"https:\/\/nitu.mx\/wp-content\/uploads\/2024\/04\/4A315622-1904-4D5C-B022-878CDC840E04-90x90-1.jpeg","width":90,"height":90,"caption":"Arturo Medina"},"logo":{"@id":"https:\/\/nitu.mx\/#\/schema\/person\/image\/"},"description":"Director NITU.mx, Egresado de la Escuela de Periodismo Carlos Septi\u00e9n Garc\u00eda. Periodista y analista especializado en turismo desde hace 35 a\u00f1os, radicado en Canc\u00fan Q.Roo. arturo@nitu.mx","sameAs":["https:\/\/nitu.mx","https:\/\/www.facebook.com\/NITUmx\/","medinacancun","https:\/\/twitter.com\/@Arturo_Medina_G"]},{"@type":"Person","@id":"https:\/\/nitu.mx\/#\/schema\/person\/4a28fe9bd65924f7c90623773daf1b0b","name":"Redacci\u00f3n","image":{"@type":"ImageObject","inLanguage":"es-MX","@id":"https:\/\/nitu.mx\/#\/schema\/person\/image\/","url":"https:\/\/secure.gravatar.com\/avatar\/5dd011c8ccfc5cd7e4c81e42252aab38?s=96&d=mm&r=g","contentUrl":"https:\/\/secure.gravatar.com\/avatar\/5dd011c8ccfc5cd7e4c81e42252aab38?s=96&d=mm&r=g","caption":"Redacci\u00f3n"},"url":"https:\/\/nitu.mx\/index.php\/author\/redaccion\/"}]}},"views":281,"_links":{"self":[{"href":"https:\/\/nitu.mx\/index.php\/wp-json\/wp\/v2\/posts\/86610"}],"collection":[{"href":"https:\/\/nitu.mx\/index.php\/wp-json\/wp\/v2\/posts"}],"about":[{"href":"https:\/\/nitu.mx\/index.php\/wp-json\/wp\/v2\/types\/post"}],"author":[{"embeddable":true,"href":"https:\/\/nitu.mx\/index.php\/wp-json\/wp\/v2\/users\/17"}],"replies":[{"embeddable":true,"href":"https:\/\/nitu.mx\/index.php\/wp-json\/wp\/v2\/comments?post=86610"}],"version-history":[{"count":1,"href":"https:\/\/nitu.mx\/index.php\/wp-json\/wp\/v2\/posts\/86610\/revisions"}],"predecessor-version":[{"id":86617,"href":"https:\/\/nitu.mx\/index.php\/wp-json\/wp\/v2\/posts\/86610\/revisions\/86617"}],"wp:featuredmedia":[{"embeddable":true,"href":"https:\/\/nitu.mx\/index.php\/wp-json\/wp\/v2\/media\/86616"}],"wp:attachment":[{"href":"https:\/\/nitu.mx\/index.php\/wp-json\/wp\/v2\/media?parent=86610"}],"wp:term":[{"taxonomy":"category","embeddable":true,"href":"https:\/\/nitu.mx\/index.php\/wp-json\/wp\/v2\/categories?post=86610"},{"taxonomy":"post_tag","embeddable":true,"href":"https:\/\/nitu.mx\/index.php\/wp-json\/wp\/v2\/tags?post=86610"}],"curies":[{"name":"wp","href":"https:\/\/api.w.org\/{rel}","templated":true}]}}