{"id":86605,"date":"2026-03-16T18:40:46","date_gmt":"2026-03-17T00:40:46","guid":{"rendered":"https:\/\/nitu.mx\/?p=86605"},"modified":"2026-03-16T18:45:07","modified_gmt":"2026-03-17T00:45:07","slug":"cozumel-fortalece-la-conectividad-nacional-con-vuelo-a-monterrey-de-viva","status":"publish","type":"post","link":"https:\/\/nitu.mx\/index.php\/2026\/03\/16\/cozumel-fortalece-la-conectividad-nacional-con-vuelo-a-monterrey-de-viva\/","title":{"rendered":"Cozumel fortalece la conectividad nacional con vuelo a Monterrey de Viva"},"content":{"rendered":"\n<p>Como parte de la estrategia de promoci\u00f3n tur\u00edstica y fortalecimiento de la conectividad a\u00e9rea que impulsa la gobernadora de Quintana Roo, Mara Lezama Espinosa, para consolidar al Caribe Mexicano como la Capital Mundial de las Vacaciones, se anunci\u00f3 la apertura de un nuevo vuelo directo entre Monterrey y Cozumel, operado por la aerol\u00ednea Viva Aerobus.<\/p>\n\n\n\n<p>Esta nueva conexi\u00f3n a\u00e9rea permitir\u00e1 ampliar la llegada de visitantes del norte del pa\u00eds hacia la isla, fortaleciendo la actividad tur\u00edstica y la econom\u00eda local.<\/p>\n\n\n\n<p>La ruta reiniciar\u00e1 operaciones el 26 de marzo con dos frecuencias semanales, los d\u00edas jueves y domingo.<\/p>\n\n\n\n<p>El itinerario contempla la salida desde Monterrey a las 16:35 horas, con llegada a Cozumel a las 19:50 horas. El vuelo de regreso despegar\u00e1 de la isla a las 20:30 horas, aterrizando en Monterrey a las 22:15 horas.<\/p>\n\n\n\n<p>Cada operaci\u00f3n contar\u00e1 con una capacidad de hasta 180 pasajeros, lo que contribuir\u00e1 a incrementar el flujo tur\u00edstico hacia el destino.<\/p>\n\n\n\n<p>Durante 2025, el Aeropuerto Internacional de Cozumel registr\u00f3 la llegada de m\u00e1s de 646 mil pasajeros, reflejo del crecimiento sostenido del destino y de las acciones coordinadas para fortalecer su conectividad.<\/p>\n\n\n\n<p>Esta nueva ruta es resultado del trabajo de promoci\u00f3n tur\u00edstica realizado por el Gobierno del Estado durante la participaci\u00f3n de Quintana Roo en la Feria Internacional de Turismo (FITUR) en Madrid y en la feria internacional ANATO, celebrada en Bogot\u00e1, Colombia, donde se consolidaron acuerdos estrat\u00e9gicos con aerol\u00edneas y socios del sector para ampliar la presencia del Caribe Mexicano en mercados clave.<\/p>\n\n\n\n<p>Con estas acciones, el Gobierno del Estado reafirma su compromiso de continuar impulsando al turismo como motor de desarrollo, fortaleciendo la conectividad del Caribe Mexicano y generando m\u00e1s oportunidades, bienestar y prosperidad compartida para las y los quintanarroenses. (<a href=\"https:\/\/nitu.mx\/index.php\/2026\/03\/09\/inicia-ruta-montreal-cozumel-de-vacances-westjet-quebec\/\">Inicia ruta Montreal-Cozumel de Vacances WestJet Qu\u00e9bec<\/a>).<\/p>\n","protected":false},"excerpt":{"rendered":"<p>Como parte de la estrategia de promoci\u00f3n tur\u00edstica y fortalecimiento de la conectividad a\u00e9rea que impulsa la gobernadora de Quintana Roo, Mara Lezama Espinosa, para consolidar al Caribe Mexicano como la Capital Mundial de las Vacaciones, se anunci\u00f3 la apertura de un nuevo vuelo directo entre Monterrey y Cozumel, operado por la aerol\u00ednea Viva Aerobus. [&hellip;]<\/p>\n","protected":false},"author":17,"featured_media":77631,"comment_status":"closed","ping_status":"closed","sticky":false,"template":"","format":"standard","meta":{"footnotes":""},"categories":[29],"tags":[110,14028,491,2628],"yoast_head":"<!-- This site is optimized with the Yoast SEO plugin v22.2 - https:\/\/yoast.com\/wordpress\/plugins\/seo\/ -->\n<title>Cozumel fortalece la conectividad nacional con vuelo a Monterrey de Viva - Nitu - Noticias de la Industria Turistica<\/title>\n<meta name=\"robots\" content=\"index, follow, max-snippet:-1, max-image-preview:large, max-video-preview:-1\" \/>\n<link rel=\"canonical\" href=\"https:\/\/nitu.mx\/index.php\/2026\/03\/16\/cozumel-fortalece-la-conectividad-nacional-con-vuelo-a-monterrey-de-viva\/\" \/>\n<meta name=\"twitter:card\" content=\"summary_large_image\" \/>\n<meta name=\"twitter:title\" content=\"Cozumel fortalece la conectividad nacional con vuelo a Monterrey de Viva - Nitu - Noticias de la Industria Turistica\" \/>\n<meta name=\"twitter:description\" content=\"Como parte de la estrategia de promoci\u00f3n tur\u00edstica y fortalecimiento de la conectividad a\u00e9rea que impulsa la gobernadora de Quintana Roo, Mara Lezama Espinosa, para consolidar al Caribe Mexicano como la Capital Mundial de las Vacaciones, se anunci\u00f3 la apertura de un nuevo vuelo directo entre Monterrey y Cozumel, operado por la aerol\u00ednea Viva Aerobus. [&hellip;]\" \/>\n<meta name=\"twitter:image\" content=\"https:\/\/nitu.mx\/wp-content\/uploads\/2024\/12\/Viva-Avion.jpg\" \/>\n<meta name=\"twitter:creator\" content=\"@NITUmx\" \/>\n<meta name=\"twitter:site\" content=\"@Arturo_Medina_G\" \/>\n<meta name=\"twitter:label1\" content=\"Escrito por\" \/>\n\t<meta name=\"twitter:data1\" content=\"Redacci\u00f3n\" \/>\n\t<meta name=\"twitter:label2\" content=\"Tiempo de lectura\" \/>\n\t<meta name=\"twitter:data2\" content=\"2 minutos\" \/>\n<script type=\"application\/ld+json\" class=\"yoast-schema-graph\">{\"@context\":\"https:\/\/schema.org\",\"@graph\":[{\"@type\":\"Article\",\"@id\":\"https:\/\/nitu.mx\/index.php\/2026\/03\/16\/cozumel-fortalece-la-conectividad-nacional-con-vuelo-a-monterrey-de-viva\/#article\",\"isPartOf\":{\"@id\":\"https:\/\/nitu.mx\/index.php\/2026\/03\/16\/cozumel-fortalece-la-conectividad-nacional-con-vuelo-a-monterrey-de-viva\/\"},\"author\":{\"name\":\"Redacci\u00f3n\",\"@id\":\"https:\/\/nitu.mx\/#\/schema\/person\/4a28fe9bd65924f7c90623773daf1b0b\"},\"headline\":\"Cozumel fortalece la conectividad nacional con vuelo a Monterrey de Viva\",\"datePublished\":\"2026-03-17T00:40:46+00:00\",\"dateModified\":\"2026-03-17T00:45:07+00:00\",\"mainEntityOfPage\":{\"@id\":\"https:\/\/nitu.mx\/index.php\/2026\/03\/16\/cozumel-fortalece-la-conectividad-nacional-con-vuelo-a-monterrey-de-viva\/\"},\"wordCount\":317,\"publisher\":{\"@id\":\"https:\/\/nitu.mx\/#\/schema\/person\/ae7a53426417292d3dd07b45a33e01bc\"},\"image\":{\"@id\":\"https:\/\/nitu.mx\/index.php\/2026\/03\/16\/cozumel-fortalece-la-conectividad-nacional-con-vuelo-a-monterrey-de-viva\/#primaryimage\"},\"thumbnailUrl\":\"https:\/\/nitu.mx\/wp-content\/uploads\/2024\/12\/Viva-Avion.jpg\",\"keywords\":[\"Cozumel\",\"Mara Lezama\",\"Monterrey\",\"Viva\"],\"articleSection\":[\"Aerol\u00edneas\"],\"inLanguage\":\"es-MX\"},{\"@type\":\"WebPage\",\"@id\":\"https:\/\/nitu.mx\/index.php\/2026\/03\/16\/cozumel-fortalece-la-conectividad-nacional-con-vuelo-a-monterrey-de-viva\/\",\"url\":\"https:\/\/nitu.mx\/index.php\/2026\/03\/16\/cozumel-fortalece-la-conectividad-nacional-con-vuelo-a-monterrey-de-viva\/\",\"name\":\"Cozumel fortalece la conectividad nacional con vuelo a Monterrey de Viva - Nitu - Noticias de la Industria Turistica\",\"isPartOf\":{\"@id\":\"https:\/\/nitu.mx\/#website\"},\"primaryImageOfPage\":{\"@id\":\"https:\/\/nitu.mx\/index.php\/2026\/03\/16\/cozumel-fortalece-la-conectividad-nacional-con-vuelo-a-monterrey-de-viva\/#primaryimage\"},\"image\":{\"@id\":\"https:\/\/nitu.mx\/index.php\/2026\/03\/16\/cozumel-fortalece-la-conectividad-nacional-con-vuelo-a-monterrey-de-viva\/#primaryimage\"},\"thumbnailUrl\":\"https:\/\/nitu.mx\/wp-content\/uploads\/2024\/12\/Viva-Avion.jpg\",\"datePublished\":\"2026-03-17T00:40:46+00:00\",\"dateModified\":\"2026-03-17T00:45:07+00:00\",\"breadcrumb\":{\"@id\":\"https:\/\/nitu.mx\/index.php\/2026\/03\/16\/cozumel-fortalece-la-conectividad-nacional-con-vuelo-a-monterrey-de-viva\/#breadcrumb\"},\"inLanguage\":\"es-MX\",\"potentialAction\":[{\"@type\":\"ReadAction\",\"target\":[\"https:\/\/nitu.mx\/index.php\/2026\/03\/16\/cozumel-fortalece-la-conectividad-nacional-con-vuelo-a-monterrey-de-viva\/\"]}]},{\"@type\":\"ImageObject\",\"inLanguage\":\"es-MX\",\"@id\":\"https:\/\/nitu.mx\/index.php\/2026\/03\/16\/cozumel-fortalece-la-conectividad-nacional-con-vuelo-a-monterrey-de-viva\/#primaryimage\",\"url\":\"https:\/\/nitu.mx\/wp-content\/uploads\/2024\/12\/Viva-Avion.jpg\",\"contentUrl\":\"https:\/\/nitu.mx\/wp-content\/uploads\/2024\/12\/Viva-Avion.jpg\",\"width\":1200,\"height\":675,\"caption\":\"Viva Avi\u00f3n\"},{\"@type\":\"BreadcrumbList\",\"@id\":\"https:\/\/nitu.mx\/index.php\/2026\/03\/16\/cozumel-fortalece-la-conectividad-nacional-con-vuelo-a-monterrey-de-viva\/#breadcrumb\",\"itemListElement\":[{\"@type\":\"ListItem\",\"position\":1,\"name\":\"Inicio\",\"item\":\"https:\/\/nitu.mx\/\"},{\"@type\":\"ListItem\",\"position\":2,\"name\":\"Cozumel fortalece la conectividad nacional con vuelo a Monterrey de Viva\"}]},{\"@type\":\"WebSite\",\"@id\":\"https:\/\/nitu.mx\/#website\",\"url\":\"https:\/\/nitu.mx\/\",\"name\":\"Nitu - Noticias de la Industria Turistica\",\"description\":\"Noticias de la Industria Turistica\",\"publisher\":{\"@id\":\"https:\/\/nitu.mx\/#\/schema\/person\/ae7a53426417292d3dd07b45a33e01bc\"},\"alternateName\":\"Noticias de la Industria Turistica\",\"potentialAction\":[{\"@type\":\"SearchAction\",\"target\":{\"@type\":\"EntryPoint\",\"urlTemplate\":\"https:\/\/nitu.mx\/?s={search_term_string}\"},\"query-input\":\"required name=search_term_string\"}],\"inLanguage\":\"es-MX\"},{\"@type\":[\"Person\",\"Organization\"],\"@id\":\"https:\/\/nitu.mx\/#\/schema\/person\/ae7a53426417292d3dd07b45a33e01bc\",\"name\":\"Arturo Medina\",\"image\":{\"@type\":\"ImageObject\",\"inLanguage\":\"es-MX\",\"@id\":\"https:\/\/nitu.mx\/#\/schema\/person\/image\/\",\"url\":\"https:\/\/nitu.mx\/wp-content\/uploads\/2024\/04\/4A315622-1904-4D5C-B022-878CDC840E04-90x90-1.jpeg\",\"contentUrl\":\"https:\/\/nitu.mx\/wp-content\/uploads\/2024\/04\/4A315622-1904-4D5C-B022-878CDC840E04-90x90-1.jpeg\",\"width\":90,\"height\":90,\"caption\":\"Arturo Medina\"},\"logo\":{\"@id\":\"https:\/\/nitu.mx\/#\/schema\/person\/image\/\"},\"description\":\"Director NITU.mx, Egresado de la Escuela de Periodismo Carlos Septi\u00e9n Garc\u00eda. Periodista y analista especializado en turismo desde hace 35 a\u00f1os, radicado en Canc\u00fan Q.Roo. arturo@nitu.mx\",\"sameAs\":[\"https:\/\/nitu.mx\",\"https:\/\/www.facebook.com\/NITUmx\/\",\"medinacancun\",\"https:\/\/twitter.com\/@Arturo_Medina_G\"]},{\"@type\":\"Person\",\"@id\":\"https:\/\/nitu.mx\/#\/schema\/person\/4a28fe9bd65924f7c90623773daf1b0b\",\"name\":\"Redacci\u00f3n\",\"image\":{\"@type\":\"ImageObject\",\"inLanguage\":\"es-MX\",\"@id\":\"https:\/\/nitu.mx\/#\/schema\/person\/image\/\",\"url\":\"https:\/\/secure.gravatar.com\/avatar\/5dd011c8ccfc5cd7e4c81e42252aab38?s=96&d=mm&r=g\",\"contentUrl\":\"https:\/\/secure.gravatar.com\/avatar\/5dd011c8ccfc5cd7e4c81e42252aab38?s=96&d=mm&r=g\",\"caption\":\"Redacci\u00f3n\"},\"url\":\"https:\/\/nitu.mx\/index.php\/author\/redaccion\/\"}]}<\/script>\n<!-- \/ Yoast SEO plugin. -->","yoast_head_json":{"title":"Cozumel fortalece la conectividad nacional con vuelo a Monterrey de Viva - Nitu - Noticias de la Industria Turistica","robots":{"index":"index","follow":"follow","max-snippet":"max-snippet:-1","max-image-preview":"max-image-preview:large","max-video-preview":"max-video-preview:-1"},"canonical":"https:\/\/nitu.mx\/index.php\/2026\/03\/16\/cozumel-fortalece-la-conectividad-nacional-con-vuelo-a-monterrey-de-viva\/","twitter_card":"summary_large_image","twitter_title":"Cozumel fortalece la conectividad nacional con vuelo a Monterrey de Viva - Nitu - Noticias de la Industria Turistica","twitter_description":"Como parte de la estrategia de promoci\u00f3n tur\u00edstica y fortalecimiento de la conectividad a\u00e9rea que impulsa la gobernadora de Quintana Roo, Mara Lezama Espinosa, para consolidar al Caribe Mexicano como la Capital Mundial de las Vacaciones, se anunci\u00f3 la apertura de un nuevo vuelo directo entre Monterrey y Cozumel, operado por la aerol\u00ednea Viva Aerobus. [&hellip;]","twitter_image":"https:\/\/nitu.mx\/wp-content\/uploads\/2024\/12\/Viva-Avion.jpg","twitter_creator":"@NITUmx","twitter_site":"@Arturo_Medina_G","twitter_misc":{"Escrito por":"Redacci\u00f3n","Tiempo de lectura":"2 minutos"},"schema":{"@context":"https:\/\/schema.org","@graph":[{"@type":"Article","@id":"https:\/\/nitu.mx\/index.php\/2026\/03\/16\/cozumel-fortalece-la-conectividad-nacional-con-vuelo-a-monterrey-de-viva\/#article","isPartOf":{"@id":"https:\/\/nitu.mx\/index.php\/2026\/03\/16\/cozumel-fortalece-la-conectividad-nacional-con-vuelo-a-monterrey-de-viva\/"},"author":{"name":"Redacci\u00f3n","@id":"https:\/\/nitu.mx\/#\/schema\/person\/4a28fe9bd65924f7c90623773daf1b0b"},"headline":"Cozumel fortalece la conectividad nacional con vuelo a Monterrey de Viva","datePublished":"2026-03-17T00:40:46+00:00","dateModified":"2026-03-17T00:45:07+00:00","mainEntityOfPage":{"@id":"https:\/\/nitu.mx\/index.php\/2026\/03\/16\/cozumel-fortalece-la-conectividad-nacional-con-vuelo-a-monterrey-de-viva\/"},"wordCount":317,"publisher":{"@id":"https:\/\/nitu.mx\/#\/schema\/person\/ae7a53426417292d3dd07b45a33e01bc"},"image":{"@id":"https:\/\/nitu.mx\/index.php\/2026\/03\/16\/cozumel-fortalece-la-conectividad-nacional-con-vuelo-a-monterrey-de-viva\/#primaryimage"},"thumbnailUrl":"https:\/\/nitu.mx\/wp-content\/uploads\/2024\/12\/Viva-Avion.jpg","keywords":["Cozumel","Mara Lezama","Monterrey","Viva"],"articleSection":["Aerol\u00edneas"],"inLanguage":"es-MX"},{"@type":"WebPage","@id":"https:\/\/nitu.mx\/index.php\/2026\/03\/16\/cozumel-fortalece-la-conectividad-nacional-con-vuelo-a-monterrey-de-viva\/","url":"https:\/\/nitu.mx\/index.php\/2026\/03\/16\/cozumel-fortalece-la-conectividad-nacional-con-vuelo-a-monterrey-de-viva\/","name":"Cozumel fortalece la conectividad nacional con vuelo a Monterrey de Viva - Nitu - Noticias de la Industria Turistica","isPartOf":{"@id":"https:\/\/nitu.mx\/#website"},"primaryImageOfPage":{"@id":"https:\/\/nitu.mx\/index.php\/2026\/03\/16\/cozumel-fortalece-la-conectividad-nacional-con-vuelo-a-monterrey-de-viva\/#primaryimage"},"image":{"@id":"https:\/\/nitu.mx\/index.php\/2026\/03\/16\/cozumel-fortalece-la-conectividad-nacional-con-vuelo-a-monterrey-de-viva\/#primaryimage"},"thumbnailUrl":"https:\/\/nitu.mx\/wp-content\/uploads\/2024\/12\/Viva-Avion.jpg","datePublished":"2026-03-17T00:40:46+00:00","dateModified":"2026-03-17T00:45:07+00:00","breadcrumb":{"@id":"https:\/\/nitu.mx\/index.php\/2026\/03\/16\/cozumel-fortalece-la-conectividad-nacional-con-vuelo-a-monterrey-de-viva\/#breadcrumb"},"inLanguage":"es-MX","potentialAction":[{"@type":"ReadAction","target":["https:\/\/nitu.mx\/index.php\/2026\/03\/16\/cozumel-fortalece-la-conectividad-nacional-con-vuelo-a-monterrey-de-viva\/"]}]},{"@type":"ImageObject","inLanguage":"es-MX","@id":"https:\/\/nitu.mx\/index.php\/2026\/03\/16\/cozumel-fortalece-la-conectividad-nacional-con-vuelo-a-monterrey-de-viva\/#primaryimage","url":"https:\/\/nitu.mx\/wp-content\/uploads\/2024\/12\/Viva-Avion.jpg","contentUrl":"https:\/\/nitu.mx\/wp-content\/uploads\/2024\/12\/Viva-Avion.jpg","width":1200,"height":675,"caption":"Viva Avi\u00f3n"},{"@type":"BreadcrumbList","@id":"https:\/\/nitu.mx\/index.php\/2026\/03\/16\/cozumel-fortalece-la-conectividad-nacional-con-vuelo-a-monterrey-de-viva\/#breadcrumb","itemListElement":[{"@type":"ListItem","position":1,"name":"Inicio","item":"https:\/\/nitu.mx\/"},{"@type":"ListItem","position":2,"name":"Cozumel fortalece la conectividad nacional con vuelo a Monterrey de Viva"}]},{"@type":"WebSite","@id":"https:\/\/nitu.mx\/#website","url":"https:\/\/nitu.mx\/","name":"Nitu - Noticias de la Industria Turistica","description":"Noticias de la Industria Turistica","publisher":{"@id":"https:\/\/nitu.mx\/#\/schema\/person\/ae7a53426417292d3dd07b45a33e01bc"},"alternateName":"Noticias de la Industria Turistica","potentialAction":[{"@type":"SearchAction","target":{"@type":"EntryPoint","urlTemplate":"https:\/\/nitu.mx\/?s={search_term_string}"},"query-input":"required name=search_term_string"}],"inLanguage":"es-MX"},{"@type":["Person","Organization"],"@id":"https:\/\/nitu.mx\/#\/schema\/person\/ae7a53426417292d3dd07b45a33e01bc","name":"Arturo Medina","image":{"@type":"ImageObject","inLanguage":"es-MX","@id":"https:\/\/nitu.mx\/#\/schema\/person\/image\/","url":"https:\/\/nitu.mx\/wp-content\/uploads\/2024\/04\/4A315622-1904-4D5C-B022-878CDC840E04-90x90-1.jpeg","contentUrl":"https:\/\/nitu.mx\/wp-content\/uploads\/2024\/04\/4A315622-1904-4D5C-B022-878CDC840E04-90x90-1.jpeg","width":90,"height":90,"caption":"Arturo Medina"},"logo":{"@id":"https:\/\/nitu.mx\/#\/schema\/person\/image\/"},"description":"Director NITU.mx, Egresado de la Escuela de Periodismo Carlos Septi\u00e9n Garc\u00eda. Periodista y analista especializado en turismo desde hace 35 a\u00f1os, radicado en Canc\u00fan Q.Roo. arturo@nitu.mx","sameAs":["https:\/\/nitu.mx","https:\/\/www.facebook.com\/NITUmx\/","medinacancun","https:\/\/twitter.com\/@Arturo_Medina_G"]},{"@type":"Person","@id":"https:\/\/nitu.mx\/#\/schema\/person\/4a28fe9bd65924f7c90623773daf1b0b","name":"Redacci\u00f3n","image":{"@type":"ImageObject","inLanguage":"es-MX","@id":"https:\/\/nitu.mx\/#\/schema\/person\/image\/","url":"https:\/\/secure.gravatar.com\/avatar\/5dd011c8ccfc5cd7e4c81e42252aab38?s=96&d=mm&r=g","contentUrl":"https:\/\/secure.gravatar.com\/avatar\/5dd011c8ccfc5cd7e4c81e42252aab38?s=96&d=mm&r=g","caption":"Redacci\u00f3n"},"url":"https:\/\/nitu.mx\/index.php\/author\/redaccion\/"}]}},"views":252,"_links":{"self":[{"href":"https:\/\/nitu.mx\/index.php\/wp-json\/wp\/v2\/posts\/86605"}],"collection":[{"href":"https:\/\/nitu.mx\/index.php\/wp-json\/wp\/v2\/posts"}],"about":[{"href":"https:\/\/nitu.mx\/index.php\/wp-json\/wp\/v2\/types\/post"}],"author":[{"embeddable":true,"href":"https:\/\/nitu.mx\/index.php\/wp-json\/wp\/v2\/users\/17"}],"replies":[{"embeddable":true,"href":"https:\/\/nitu.mx\/index.php\/wp-json\/wp\/v2\/comments?post=86605"}],"version-history":[{"count":2,"href":"https:\/\/nitu.mx\/index.php\/wp-json\/wp\/v2\/posts\/86605\/revisions"}],"predecessor-version":[{"id":86609,"href":"https:\/\/nitu.mx\/index.php\/wp-json\/wp\/v2\/posts\/86605\/revisions\/86609"}],"wp:featuredmedia":[{"embeddable":true,"href":"https:\/\/nitu.mx\/index.php\/wp-json\/wp\/v2\/media\/77631"}],"wp:attachment":[{"href":"https:\/\/nitu.mx\/index.php\/wp-json\/wp\/v2\/media?parent=86605"}],"wp:term":[{"taxonomy":"category","embeddable":true,"href":"https:\/\/nitu.mx\/index.php\/wp-json\/wp\/v2\/categories?post=86605"},{"taxonomy":"post_tag","embeddable":true,"href":"https:\/\/nitu.mx\/index.php\/wp-json\/wp\/v2\/tags?post=86605"}],"curies":[{"name":"wp","href":"https:\/\/api.w.org\/{rel}","templated":true}]}}