{"id":86602,"date":"2026-03-16T17:44:02","date_gmt":"2026-03-16T23:44:02","guid":{"rendered":"https:\/\/nitu.mx\/?p=86602"},"modified":"2026-03-16T17:44:03","modified_gmt":"2026-03-16T23:44:03","slug":"aeromexico-y-delta-reanudaran-la-ruta-estacional-monterrey-nueva-york","status":"publish","type":"post","link":"https:\/\/nitu.mx\/index.php\/2026\/03\/16\/aeromexico-y-delta-reanudaran-la-ruta-estacional-monterrey-nueva-york\/","title":{"rendered":"Aerom\u00e9xico y Delta reanudar\u00e1n la ruta estacional Monterrey-Nueva York"},"content":{"rendered":"\n<p>Como parte de su estrategia para seguir impulsando la conectividad entre las principales ciudades de M\u00e9xico y Estados Unidos, la alianza Aerom\u00e9xico\u2013Delta operar\u00e1 nuevamente la ruta de temporada que conectar\u00e1 los aeropuertos internacionales de Monterrey y John F. Kennedy de Nueva York, luego del exitoso desempe\u00f1o que tuvo durante el pasado invierno.<\/p>\n\n\n\n<p>El servicio, que ser\u00e1 operado por Aerom\u00e9xico, contar\u00e1 con cinco frecuencias semanales durante la temporada de verano, iniciando a partir del 11 de junio y hasta el 30 de agosto de 2026, con una oferta de m\u00e1s de mil 600 asientos semanales.<\/p>\n\n\n\n<p>Los detalles del itinerario son los siguientes:<\/p>\n\n\n\n<figure class=\"wp-block-table\"><table><tbody><tr><td><strong>RUTA<\/strong><\/td><td><strong>D\u00cdAS<\/strong><\/td><td><strong>SALIDA<\/strong><\/td><td><strong>LLEGADA<\/strong><\/td><\/tr><tr><td><strong>Monterrey \u2013<\/strong><strong>Nueva York<\/strong><\/td><td>Lunes, jueves, viernes, s\u00e1bado y domingo<\/td><td>16:35 h<\/td><td>23:00 h<\/td><\/tr><tr><td><strong>Nueva York &#8211; Monterrey<\/strong><\/td><td>Lunes, martes, viernes, s\u00e1bado, domingo<\/td><td>09:30 h<\/td><td>12:15 h<\/td><\/tr><\/tbody><\/table><\/figure>\n\n\n\n<p>Al respecto, Giancarlo Mulinelli, vicepresidente senior de ventas globales de Aerom\u00e9xico expres\u00f3:\u00a0\u201cLa alianza Aerom\u00e9xico-Delta contin\u00faa ofreciendo opciones de conectividad para el verano 2026. Con esta ruta buscaremos facilitar la conexi\u00f3n de pasajeros entre m\u00e1s ciudades de M\u00e9xico y Estados Unidos durante la temporada alta, al tiempo que aprovechamos la eficiencia de la flota B737 MAX, de la cual Aerom\u00e9xico ya suma 75 aeronaves&#8221;.<\/p>\n\n\n\n<p>La incorporaci\u00f3n de este servicio se suma a la oferta de otros vuelos de temporada que Aerom\u00e9xico operar\u00e1 durante el verano de 2026 hacia Estados Unidos, tales como Guadalajara \u2013 Seattle y Canc\u00fan \u2013 Raleigh-Durham. Asimismo, refuerza la posici\u00f3n de Monterrey como punto de conexi\u00f3n internacional.<\/p>\n\n\n\n<p>Todos los vuelos ser\u00e1n operados con equipos 737 MAX 8, uno de los aviones m\u00e1s modernos y eficientes de la flota de Aerom\u00e9xico. Estas aeronaves cuentan con capacidad para 166 pasajeros y entre sus principales amenidades destacan la conectividad bluetooth, WiFi de alta velocidad y un sistema de entretenimiento a bordo con m\u00e1s de 200 contenidos entre series, pel\u00edculas, m\u00fasica y podcasts.<\/p>\n\n\n\n<p>La venta de boletos ya est\u00e1 disponible en los canales oficiales de Aerom\u00e9xico y Delta. (<a href=\"https:\/\/nitu.mx\/index.php\/2026\/02\/04\/aeromexico-hace-historia-al-repetir-como-aerolinea-global-mas-puntual-del-mundo-y-ser-la-mejor-de-norteamerica\/\">Aerom\u00e9xico hace historia al repetir como aerol\u00ednea global m\u00e1s puntual del mundo y ser la mejor de Norteam\u00e9rica<\/a>).<\/p>\n","protected":false},"excerpt":{"rendered":"<p>Como parte de su estrategia para seguir impulsando la conectividad entre las principales ciudades de M\u00e9xico y Estados Unidos, la alianza Aerom\u00e9xico\u2013Delta operar\u00e1 nuevamente la ruta de temporada que conectar\u00e1 los aeropuertos internacionales de Monterrey y John F. Kennedy de Nueva York, luego del exitoso desempe\u00f1o que tuvo durante el pasado invierno. El servicio, que [&hellip;]<\/p>\n","protected":false},"author":17,"featured_media":54076,"comment_status":"closed","ping_status":"closed","sticky":false,"template":"","format":"standard","meta":{"footnotes":""},"categories":[29],"tags":[30,1520,491,452],"yoast_head":"<!-- This site is optimized with the Yoast SEO plugin v22.2 - https:\/\/yoast.com\/wordpress\/plugins\/seo\/ -->\n<title>Aerom\u00e9xico y Delta reanudar\u00e1n la ruta estacional Monterrey-Nueva York - Nitu - Noticias de la Industria Turistica<\/title>\n<meta name=\"robots\" content=\"index, follow, max-snippet:-1, max-image-preview:large, max-video-preview:-1\" \/>\n<link rel=\"canonical\" href=\"https:\/\/nitu.mx\/index.php\/2026\/03\/16\/aeromexico-y-delta-reanudaran-la-ruta-estacional-monterrey-nueva-york\/\" \/>\n<meta name=\"twitter:card\" content=\"summary_large_image\" \/>\n<meta name=\"twitter:title\" content=\"Aerom\u00e9xico y Delta reanudar\u00e1n la ruta estacional Monterrey-Nueva York - Nitu - Noticias de la Industria Turistica\" \/>\n<meta name=\"twitter:description\" content=\"Como parte de su estrategia para seguir impulsando la conectividad entre las principales ciudades de M\u00e9xico y Estados Unidos, la alianza Aerom\u00e9xico\u2013Delta operar\u00e1 nuevamente la ruta de temporada que conectar\u00e1 los aeropuertos internacionales de Monterrey y John F. Kennedy de Nueva York, luego del exitoso desempe\u00f1o que tuvo durante el pasado invierno. El servicio, que [&hellip;]\" \/>\n<meta name=\"twitter:image\" content=\"https:\/\/nitu.mx\/wp-content\/uploads\/2021\/07\/Aeromexico-737-MAX.jpg\" \/>\n<meta name=\"twitter:creator\" content=\"@NITUmx\" \/>\n<meta name=\"twitter:site\" content=\"@Arturo_Medina_G\" \/>\n<meta name=\"twitter:label1\" content=\"Escrito por\" \/>\n\t<meta name=\"twitter:data1\" content=\"Redacci\u00f3n\" \/>\n\t<meta name=\"twitter:label2\" content=\"Tiempo de lectura\" \/>\n\t<meta name=\"twitter:data2\" content=\"2 minutos\" \/>\n<script type=\"application\/ld+json\" class=\"yoast-schema-graph\">{\"@context\":\"https:\/\/schema.org\",\"@graph\":[{\"@type\":\"Article\",\"@id\":\"https:\/\/nitu.mx\/index.php\/2026\/03\/16\/aeromexico-y-delta-reanudaran-la-ruta-estacional-monterrey-nueva-york\/#article\",\"isPartOf\":{\"@id\":\"https:\/\/nitu.mx\/index.php\/2026\/03\/16\/aeromexico-y-delta-reanudaran-la-ruta-estacional-monterrey-nueva-york\/\"},\"author\":{\"name\":\"Redacci\u00f3n\",\"@id\":\"https:\/\/nitu.mx\/#\/schema\/person\/4a28fe9bd65924f7c90623773daf1b0b\"},\"headline\":\"Aerom\u00e9xico y Delta reanudar\u00e1n la ruta estacional Monterrey-Nueva York\",\"datePublished\":\"2026-03-16T23:44:02+00:00\",\"dateModified\":\"2026-03-16T23:44:03+00:00\",\"mainEntityOfPage\":{\"@id\":\"https:\/\/nitu.mx\/index.php\/2026\/03\/16\/aeromexico-y-delta-reanudaran-la-ruta-estacional-monterrey-nueva-york\/\"},\"wordCount\":362,\"publisher\":{\"@id\":\"https:\/\/nitu.mx\/#\/schema\/person\/ae7a53426417292d3dd07b45a33e01bc\"},\"image\":{\"@id\":\"https:\/\/nitu.mx\/index.php\/2026\/03\/16\/aeromexico-y-delta-reanudaran-la-ruta-estacional-monterrey-nueva-york\/#primaryimage\"},\"thumbnailUrl\":\"https:\/\/nitu.mx\/wp-content\/uploads\/2021\/07\/Aeromexico-737-MAX.jpg\",\"keywords\":[\"Aerom\u00e9xico\",\"Delta Air Lines\",\"Monterrey\",\"Nueva York\"],\"articleSection\":[\"Aerol\u00edneas\"],\"inLanguage\":\"es-MX\"},{\"@type\":\"WebPage\",\"@id\":\"https:\/\/nitu.mx\/index.php\/2026\/03\/16\/aeromexico-y-delta-reanudaran-la-ruta-estacional-monterrey-nueva-york\/\",\"url\":\"https:\/\/nitu.mx\/index.php\/2026\/03\/16\/aeromexico-y-delta-reanudaran-la-ruta-estacional-monterrey-nueva-york\/\",\"name\":\"Aerom\u00e9xico y Delta reanudar\u00e1n la ruta estacional Monterrey-Nueva York - Nitu - Noticias de la Industria Turistica\",\"isPartOf\":{\"@id\":\"https:\/\/nitu.mx\/#website\"},\"primaryImageOfPage\":{\"@id\":\"https:\/\/nitu.mx\/index.php\/2026\/03\/16\/aeromexico-y-delta-reanudaran-la-ruta-estacional-monterrey-nueva-york\/#primaryimage\"},\"image\":{\"@id\":\"https:\/\/nitu.mx\/index.php\/2026\/03\/16\/aeromexico-y-delta-reanudaran-la-ruta-estacional-monterrey-nueva-york\/#primaryimage\"},\"thumbnailUrl\":\"https:\/\/nitu.mx\/wp-content\/uploads\/2021\/07\/Aeromexico-737-MAX.jpg\",\"datePublished\":\"2026-03-16T23:44:02+00:00\",\"dateModified\":\"2026-03-16T23:44:03+00:00\",\"breadcrumb\":{\"@id\":\"https:\/\/nitu.mx\/index.php\/2026\/03\/16\/aeromexico-y-delta-reanudaran-la-ruta-estacional-monterrey-nueva-york\/#breadcrumb\"},\"inLanguage\":\"es-MX\",\"potentialAction\":[{\"@type\":\"ReadAction\",\"target\":[\"https:\/\/nitu.mx\/index.php\/2026\/03\/16\/aeromexico-y-delta-reanudaran-la-ruta-estacional-monterrey-nueva-york\/\"]}]},{\"@type\":\"ImageObject\",\"inLanguage\":\"es-MX\",\"@id\":\"https:\/\/nitu.mx\/index.php\/2026\/03\/16\/aeromexico-y-delta-reanudaran-la-ruta-estacional-monterrey-nueva-york\/#primaryimage\",\"url\":\"https:\/\/nitu.mx\/wp-content\/uploads\/2021\/07\/Aeromexico-737-MAX.jpg\",\"contentUrl\":\"https:\/\/nitu.mx\/wp-content\/uploads\/2021\/07\/Aeromexico-737-MAX.jpg\",\"width\":1200,\"height\":675,\"caption\":\"Aerom\u00e9xico\"},{\"@type\":\"BreadcrumbList\",\"@id\":\"https:\/\/nitu.mx\/index.php\/2026\/03\/16\/aeromexico-y-delta-reanudaran-la-ruta-estacional-monterrey-nueva-york\/#breadcrumb\",\"itemListElement\":[{\"@type\":\"ListItem\",\"position\":1,\"name\":\"Inicio\",\"item\":\"https:\/\/nitu.mx\/\"},{\"@type\":\"ListItem\",\"position\":2,\"name\":\"Aerom\u00e9xico y Delta reanudar\u00e1n la ruta estacional Monterrey-Nueva York\"}]},{\"@type\":\"WebSite\",\"@id\":\"https:\/\/nitu.mx\/#website\",\"url\":\"https:\/\/nitu.mx\/\",\"name\":\"Nitu - Noticias de la Industria Turistica\",\"description\":\"Noticias de la Industria Turistica\",\"publisher\":{\"@id\":\"https:\/\/nitu.mx\/#\/schema\/person\/ae7a53426417292d3dd07b45a33e01bc\"},\"alternateName\":\"Noticias de la Industria Turistica\",\"potentialAction\":[{\"@type\":\"SearchAction\",\"target\":{\"@type\":\"EntryPoint\",\"urlTemplate\":\"https:\/\/nitu.mx\/?s={search_term_string}\"},\"query-input\":\"required name=search_term_string\"}],\"inLanguage\":\"es-MX\"},{\"@type\":[\"Person\",\"Organization\"],\"@id\":\"https:\/\/nitu.mx\/#\/schema\/person\/ae7a53426417292d3dd07b45a33e01bc\",\"name\":\"Arturo Medina\",\"image\":{\"@type\":\"ImageObject\",\"inLanguage\":\"es-MX\",\"@id\":\"https:\/\/nitu.mx\/#\/schema\/person\/image\/\",\"url\":\"https:\/\/nitu.mx\/wp-content\/uploads\/2024\/04\/4A315622-1904-4D5C-B022-878CDC840E04-90x90-1.jpeg\",\"contentUrl\":\"https:\/\/nitu.mx\/wp-content\/uploads\/2024\/04\/4A315622-1904-4D5C-B022-878CDC840E04-90x90-1.jpeg\",\"width\":90,\"height\":90,\"caption\":\"Arturo Medina\"},\"logo\":{\"@id\":\"https:\/\/nitu.mx\/#\/schema\/person\/image\/\"},\"description\":\"Director NITU.mx, Egresado de la Escuela de Periodismo Carlos Septi\u00e9n Garc\u00eda. Periodista y analista especializado en turismo desde hace 35 a\u00f1os, radicado en Canc\u00fan Q.Roo. arturo@nitu.mx\",\"sameAs\":[\"https:\/\/nitu.mx\",\"https:\/\/www.facebook.com\/NITUmx\/\",\"medinacancun\",\"https:\/\/twitter.com\/@Arturo_Medina_G\"]},{\"@type\":\"Person\",\"@id\":\"https:\/\/nitu.mx\/#\/schema\/person\/4a28fe9bd65924f7c90623773daf1b0b\",\"name\":\"Redacci\u00f3n\",\"image\":{\"@type\":\"ImageObject\",\"inLanguage\":\"es-MX\",\"@id\":\"https:\/\/nitu.mx\/#\/schema\/person\/image\/\",\"url\":\"https:\/\/secure.gravatar.com\/avatar\/5dd011c8ccfc5cd7e4c81e42252aab38?s=96&d=mm&r=g\",\"contentUrl\":\"https:\/\/secure.gravatar.com\/avatar\/5dd011c8ccfc5cd7e4c81e42252aab38?s=96&d=mm&r=g\",\"caption\":\"Redacci\u00f3n\"},\"url\":\"https:\/\/nitu.mx\/index.php\/author\/redaccion\/\"}]}<\/script>\n<!-- \/ Yoast SEO plugin. -->","yoast_head_json":{"title":"Aerom\u00e9xico y Delta reanudar\u00e1n la ruta estacional Monterrey-Nueva York - Nitu - Noticias de la Industria Turistica","robots":{"index":"index","follow":"follow","max-snippet":"max-snippet:-1","max-image-preview":"max-image-preview:large","max-video-preview":"max-video-preview:-1"},"canonical":"https:\/\/nitu.mx\/index.php\/2026\/03\/16\/aeromexico-y-delta-reanudaran-la-ruta-estacional-monterrey-nueva-york\/","twitter_card":"summary_large_image","twitter_title":"Aerom\u00e9xico y Delta reanudar\u00e1n la ruta estacional Monterrey-Nueva York - Nitu - Noticias de la Industria Turistica","twitter_description":"Como parte de su estrategia para seguir impulsando la conectividad entre las principales ciudades de M\u00e9xico y Estados Unidos, la alianza Aerom\u00e9xico\u2013Delta operar\u00e1 nuevamente la ruta de temporada que conectar\u00e1 los aeropuertos internacionales de Monterrey y John F. Kennedy de Nueva York, luego del exitoso desempe\u00f1o que tuvo durante el pasado invierno. El servicio, que [&hellip;]","twitter_image":"https:\/\/nitu.mx\/wp-content\/uploads\/2021\/07\/Aeromexico-737-MAX.jpg","twitter_creator":"@NITUmx","twitter_site":"@Arturo_Medina_G","twitter_misc":{"Escrito por":"Redacci\u00f3n","Tiempo de lectura":"2 minutos"},"schema":{"@context":"https:\/\/schema.org","@graph":[{"@type":"Article","@id":"https:\/\/nitu.mx\/index.php\/2026\/03\/16\/aeromexico-y-delta-reanudaran-la-ruta-estacional-monterrey-nueva-york\/#article","isPartOf":{"@id":"https:\/\/nitu.mx\/index.php\/2026\/03\/16\/aeromexico-y-delta-reanudaran-la-ruta-estacional-monterrey-nueva-york\/"},"author":{"name":"Redacci\u00f3n","@id":"https:\/\/nitu.mx\/#\/schema\/person\/4a28fe9bd65924f7c90623773daf1b0b"},"headline":"Aerom\u00e9xico y Delta reanudar\u00e1n la ruta estacional Monterrey-Nueva York","datePublished":"2026-03-16T23:44:02+00:00","dateModified":"2026-03-16T23:44:03+00:00","mainEntityOfPage":{"@id":"https:\/\/nitu.mx\/index.php\/2026\/03\/16\/aeromexico-y-delta-reanudaran-la-ruta-estacional-monterrey-nueva-york\/"},"wordCount":362,"publisher":{"@id":"https:\/\/nitu.mx\/#\/schema\/person\/ae7a53426417292d3dd07b45a33e01bc"},"image":{"@id":"https:\/\/nitu.mx\/index.php\/2026\/03\/16\/aeromexico-y-delta-reanudaran-la-ruta-estacional-monterrey-nueva-york\/#primaryimage"},"thumbnailUrl":"https:\/\/nitu.mx\/wp-content\/uploads\/2021\/07\/Aeromexico-737-MAX.jpg","keywords":["Aerom\u00e9xico","Delta Air Lines","Monterrey","Nueva York"],"articleSection":["Aerol\u00edneas"],"inLanguage":"es-MX"},{"@type":"WebPage","@id":"https:\/\/nitu.mx\/index.php\/2026\/03\/16\/aeromexico-y-delta-reanudaran-la-ruta-estacional-monterrey-nueva-york\/","url":"https:\/\/nitu.mx\/index.php\/2026\/03\/16\/aeromexico-y-delta-reanudaran-la-ruta-estacional-monterrey-nueva-york\/","name":"Aerom\u00e9xico y Delta reanudar\u00e1n la ruta estacional Monterrey-Nueva York - Nitu - Noticias de la Industria Turistica","isPartOf":{"@id":"https:\/\/nitu.mx\/#website"},"primaryImageOfPage":{"@id":"https:\/\/nitu.mx\/index.php\/2026\/03\/16\/aeromexico-y-delta-reanudaran-la-ruta-estacional-monterrey-nueva-york\/#primaryimage"},"image":{"@id":"https:\/\/nitu.mx\/index.php\/2026\/03\/16\/aeromexico-y-delta-reanudaran-la-ruta-estacional-monterrey-nueva-york\/#primaryimage"},"thumbnailUrl":"https:\/\/nitu.mx\/wp-content\/uploads\/2021\/07\/Aeromexico-737-MAX.jpg","datePublished":"2026-03-16T23:44:02+00:00","dateModified":"2026-03-16T23:44:03+00:00","breadcrumb":{"@id":"https:\/\/nitu.mx\/index.php\/2026\/03\/16\/aeromexico-y-delta-reanudaran-la-ruta-estacional-monterrey-nueva-york\/#breadcrumb"},"inLanguage":"es-MX","potentialAction":[{"@type":"ReadAction","target":["https:\/\/nitu.mx\/index.php\/2026\/03\/16\/aeromexico-y-delta-reanudaran-la-ruta-estacional-monterrey-nueva-york\/"]}]},{"@type":"ImageObject","inLanguage":"es-MX","@id":"https:\/\/nitu.mx\/index.php\/2026\/03\/16\/aeromexico-y-delta-reanudaran-la-ruta-estacional-monterrey-nueva-york\/#primaryimage","url":"https:\/\/nitu.mx\/wp-content\/uploads\/2021\/07\/Aeromexico-737-MAX.jpg","contentUrl":"https:\/\/nitu.mx\/wp-content\/uploads\/2021\/07\/Aeromexico-737-MAX.jpg","width":1200,"height":675,"caption":"Aerom\u00e9xico"},{"@type":"BreadcrumbList","@id":"https:\/\/nitu.mx\/index.php\/2026\/03\/16\/aeromexico-y-delta-reanudaran-la-ruta-estacional-monterrey-nueva-york\/#breadcrumb","itemListElement":[{"@type":"ListItem","position":1,"name":"Inicio","item":"https:\/\/nitu.mx\/"},{"@type":"ListItem","position":2,"name":"Aerom\u00e9xico y Delta reanudar\u00e1n la ruta estacional Monterrey-Nueva York"}]},{"@type":"WebSite","@id":"https:\/\/nitu.mx\/#website","url":"https:\/\/nitu.mx\/","name":"Nitu - Noticias de la Industria Turistica","description":"Noticias de la Industria Turistica","publisher":{"@id":"https:\/\/nitu.mx\/#\/schema\/person\/ae7a53426417292d3dd07b45a33e01bc"},"alternateName":"Noticias de la Industria Turistica","potentialAction":[{"@type":"SearchAction","target":{"@type":"EntryPoint","urlTemplate":"https:\/\/nitu.mx\/?s={search_term_string}"},"query-input":"required name=search_term_string"}],"inLanguage":"es-MX"},{"@type":["Person","Organization"],"@id":"https:\/\/nitu.mx\/#\/schema\/person\/ae7a53426417292d3dd07b45a33e01bc","name":"Arturo Medina","image":{"@type":"ImageObject","inLanguage":"es-MX","@id":"https:\/\/nitu.mx\/#\/schema\/person\/image\/","url":"https:\/\/nitu.mx\/wp-content\/uploads\/2024\/04\/4A315622-1904-4D5C-B022-878CDC840E04-90x90-1.jpeg","contentUrl":"https:\/\/nitu.mx\/wp-content\/uploads\/2024\/04\/4A315622-1904-4D5C-B022-878CDC840E04-90x90-1.jpeg","width":90,"height":90,"caption":"Arturo Medina"},"logo":{"@id":"https:\/\/nitu.mx\/#\/schema\/person\/image\/"},"description":"Director NITU.mx, Egresado de la Escuela de Periodismo Carlos Septi\u00e9n Garc\u00eda. Periodista y analista especializado en turismo desde hace 35 a\u00f1os, radicado en Canc\u00fan Q.Roo. arturo@nitu.mx","sameAs":["https:\/\/nitu.mx","https:\/\/www.facebook.com\/NITUmx\/","medinacancun","https:\/\/twitter.com\/@Arturo_Medina_G"]},{"@type":"Person","@id":"https:\/\/nitu.mx\/#\/schema\/person\/4a28fe9bd65924f7c90623773daf1b0b","name":"Redacci\u00f3n","image":{"@type":"ImageObject","inLanguage":"es-MX","@id":"https:\/\/nitu.mx\/#\/schema\/person\/image\/","url":"https:\/\/secure.gravatar.com\/avatar\/5dd011c8ccfc5cd7e4c81e42252aab38?s=96&d=mm&r=g","contentUrl":"https:\/\/secure.gravatar.com\/avatar\/5dd011c8ccfc5cd7e4c81e42252aab38?s=96&d=mm&r=g","caption":"Redacci\u00f3n"},"url":"https:\/\/nitu.mx\/index.php\/author\/redaccion\/"}]}},"views":248,"_links":{"self":[{"href":"https:\/\/nitu.mx\/index.php\/wp-json\/wp\/v2\/posts\/86602"}],"collection":[{"href":"https:\/\/nitu.mx\/index.php\/wp-json\/wp\/v2\/posts"}],"about":[{"href":"https:\/\/nitu.mx\/index.php\/wp-json\/wp\/v2\/types\/post"}],"author":[{"embeddable":true,"href":"https:\/\/nitu.mx\/index.php\/wp-json\/wp\/v2\/users\/17"}],"replies":[{"embeddable":true,"href":"https:\/\/nitu.mx\/index.php\/wp-json\/wp\/v2\/comments?post=86602"}],"version-history":[{"count":1,"href":"https:\/\/nitu.mx\/index.php\/wp-json\/wp\/v2\/posts\/86602\/revisions"}],"predecessor-version":[{"id":86604,"href":"https:\/\/nitu.mx\/index.php\/wp-json\/wp\/v2\/posts\/86602\/revisions\/86604"}],"wp:featuredmedia":[{"embeddable":true,"href":"https:\/\/nitu.mx\/index.php\/wp-json\/wp\/v2\/media\/54076"}],"wp:attachment":[{"href":"https:\/\/nitu.mx\/index.php\/wp-json\/wp\/v2\/media?parent=86602"}],"wp:term":[{"taxonomy":"category","embeddable":true,"href":"https:\/\/nitu.mx\/index.php\/wp-json\/wp\/v2\/categories?post=86602"},{"taxonomy":"post_tag","embeddable":true,"href":"https:\/\/nitu.mx\/index.php\/wp-json\/wp\/v2\/tags?post=86602"}],"curies":[{"name":"wp","href":"https:\/\/api.w.org\/{rel}","templated":true}]}}