{"id":86579,"date":"2026-03-12T23:12:14","date_gmt":"2026-03-13T05:12:14","guid":{"rendered":"https:\/\/nitu.mx\/?p=86579"},"modified":"2026-03-12T23:17:43","modified_gmt":"2026-03-13T05:17:43","slug":"hoteleros-urgen-regular-rentas-vacacionales-al-representar-43-5-de-lo-que-tiene-la-oferta-formal","status":"publish","type":"post","link":"https:\/\/nitu.mx\/index.php\/2026\/03\/12\/hoteleros-urgen-regular-rentas-vacacionales-al-representar-43-5-de-lo-que-tiene-la-oferta-formal\/","title":{"rendered":"Hoteleros urgen regular rentas vacacionales al representar 43.5% de lo que tiene la oferta formal"},"content":{"rendered":"\n<p>La Asociaci\u00f3n Nacional de Cadenas Hoteleras (ANCH) y la Asociaci\u00f3n Mexicana de Hoteles y Moteles (AMHM), en colaboraci\u00f3n con el Sustainable Tourism Advanced Research Center (STARC) de la Universidad An\u00e1huac Canc\u00fan, analizaron el policy paper &#8220;Dimensionamiento y caracterizaci\u00f3n de las rentas vacacionales en M\u00e9xico&#8221;. El documento revela una profunda asimetr\u00eda competitiva que pone en riesgo la sostenibilidad del sector tur\u00edstico formal en el pa\u00eds.<\/p>\n\n\n\n<p>A escasos d\u00edas del inicio de las vacaciones de Semana Santa (29 de marzo al 5 de abril) y con la mira puesta en la Copa Mundial de la FIFA 2026, los datos exponen que las rentas vacacionales han dejado de ser &#8220;econom\u00eda colaborativa&#8221; para convertirse en un negocio de gran escala debido a cuatro factores: 1) la oferta masiva, 2) el volumen de negocio, 3) la concentraci\u00f3n de propiedades y 4) los ingresos.<\/p>\n\n\n\n<p>Al respecto, los hoteleros se\u00f1alan que las unidades de renta vacacional ya equivalen al 43.5% de la oferta hotelera formal del pa\u00eds, con una oferta de 403 mil 535 cuartos, frente a los 927 mil 500 que tienen los hoteles debidamente regulados. <\/p>\n\n\n\n<p>En menos de 15 a\u00f1os, las plataformas de renta han alcanzado el 50% de lo que la hoteler\u00eda construy\u00f3 en un siglo pero sin someterse a la regulaci\u00f3n de uso de suelo, protecci\u00f3n civil, registro nacional y el pago de impuestos que s\u00ed ha hecho el sector a lo largo de los a\u00f1os.<\/p>\n\n\n\n<p>&#8220;La hoteler\u00eda es una industria acostumbrada a la innovaci\u00f3n, pero no podemos competir cuando las reglas del juego son disparejas para nosotros. Es urgente que las rentas vacacionales sean reguladas como establecimientos mercantiles y prestadores de servicios tur\u00edsticos, cumpliendo, al menos, con los est\u00e1ndares de seguridad y protecci\u00f3n civil que nosotros garantizamos\u201d, se\u00f1al\u00f3 Jorge Paoli D\u00edaz, presidente de la ANCH.<\/p>\n\n\n\n<p>El reporte subraya que, ante eventos de talla internacional como el Mundial de futbol 2026, la falta de regulaci\u00f3n estricta fomenta el encarecimiento de la vivienda para locales, violaciones al uso de suelo y riesgos de seguridad para el turista. Se han documentado casos graves asociados a la falta de supervisi\u00f3n en estas plataformas, desde incidentes por intoxicaci\u00f3n hasta el uso de propiedades por parte de grupos criminales.<\/p>\n\n\n\n<p>&#8220;Estamos viendo una tendencia preocupante donde el alojamiento temporal desplaza la vivienda residencial. De cara al Mundial, necesitamos una regulaci\u00f3n ambiciosa que incluya licencias obligatorias, aprobaci\u00f3n de cond\u00f3minos y el pago equitativo de impuestos y servicios p\u00fablicos en todo el pa\u00eds.&#8221;, dijo en su intervenci\u00f3n Miguel \u00c1ngel Fong, presidente de la AMHM.<\/p>\n\n\n\n<p>En 2025, este segmento gener\u00f3 ventas por m\u00e1s de 5 mil millones de d\u00f3lares en M\u00e9xico, pues existen m\u00e1s de 21 mil propietarios que poseen m\u00e1s de dos unidades para renta; incluso se registra un solo &#8220;anfitri\u00f3n&#8221; con 455 unidades. De acuerdo con los hoteleros, un propietario promedio en el esquema de renta por aplicaci\u00f3n percibe ingresos anuales cercanos al mill\u00f3n de pesos.<\/p>\n\n\n\n<p>&#8220;Hay aspectos muy destacados que debemos se\u00f1alar, las rentas vacacionales no est\u00e1n diversificando destinos, se concentran en los ya consolidados como Los Cabos y CDMX. Siguiendo la tendencia de ciudades como Barcelona o Nueva York, M\u00e9xico debe exigir el registro obligatorio y limitar el n\u00famero de unidades por propietario para mantener la competitividad del destino&#8221;, concluy\u00f3 Francisco Madrid, director de STARC.<\/p>\n\n\n\n<p>Para asegurar un turismo responsable en Semana Santa y el Mundial de Futbol 2026, es imperativo establecer un piso parejo que garantice seguridad al viajero y sostenibilidad a las comunidades receptoras. La regulaci\u00f3n de estas plataformas no es una opci\u00f3n, sino una necesidad urgente para preservar la integridad y el prestigio del ecosistema tur\u00edstico de M\u00e9xico. (<a href=\"https:\/\/nitu.mx\/index.php\/2026\/02\/08\/hoteleros-de-la-riviera-maya-celebran-regreso-de-la-visa-electronica-para-turistas-brasilenos\/\">Hoteleros de la Riviera Maya celebran regreso de la visa electr\u00f3nica para turistas brasile\u00f1os<\/a>).<\/p>\n","protected":false},"excerpt":{"rendered":"<p>La Asociaci\u00f3n Nacional de Cadenas Hoteleras (ANCH) y la Asociaci\u00f3n Mexicana de Hoteles y Moteles (AMHM), en colaboraci\u00f3n con el Sustainable Tourism Advanced Research Center (STARC) de la Universidad An\u00e1huac Canc\u00fan, analizaron el policy paper &#8220;Dimensionamiento y caracterizaci\u00f3n de las rentas vacacionales en M\u00e9xico&#8221;. El documento revela una profunda asimetr\u00eda competitiva que pone en riesgo [&hellip;]<\/p>\n","protected":false},"author":18,"featured_media":86562,"comment_status":"closed","ping_status":"closed","sticky":false,"template":"","format":"standard","meta":{"footnotes":""},"categories":[2],"tags":[1685,1928,27232,24258,4878],"yoast_head":"<!-- This site is optimized with the Yoast SEO plugin v22.2 - https:\/\/yoast.com\/wordpress\/plugins\/seo\/ -->\n<title>Hoteleros urgen regular rentas vacacionales al representar 43.5% de lo que tiene la oferta formal - Nitu - Noticias de la Industria Turistica<\/title>\n<meta name=\"robots\" content=\"index, follow, max-snippet:-1, max-image-preview:large, max-video-preview:-1\" \/>\n<link rel=\"canonical\" href=\"https:\/\/nitu.mx\/index.php\/2026\/03\/12\/hoteleros-urgen-regular-rentas-vacacionales-al-representar-43-5-de-lo-que-tiene-la-oferta-formal\/\" \/>\n<meta name=\"twitter:card\" content=\"summary_large_image\" \/>\n<meta name=\"twitter:title\" content=\"Hoteleros urgen regular rentas vacacionales al representar 43.5% de lo que tiene la oferta formal - Nitu - Noticias de la Industria Turistica\" \/>\n<meta name=\"twitter:description\" content=\"La Asociaci\u00f3n Nacional de Cadenas Hoteleras (ANCH) y la Asociaci\u00f3n Mexicana de Hoteles y Moteles (AMHM), en colaboraci\u00f3n con el Sustainable Tourism Advanced Research Center (STARC) de la Universidad An\u00e1huac Canc\u00fan, analizaron el policy paper &#8220;Dimensionamiento y caracterizaci\u00f3n de las rentas vacacionales en M\u00e9xico&#8221;. El documento revela una profunda asimetr\u00eda competitiva que pone en riesgo [&hellip;]\" \/>\n<meta name=\"twitter:image\" content=\"https:\/\/nitu.mx\/wp-content\/uploads\/2026\/03\/ANCH-CONFERENCIA.jpg\" \/>\n<meta name=\"twitter:creator\" content=\"@NITUmx\" \/>\n<meta name=\"twitter:site\" content=\"@Arturo_Medina_G\" \/>\n<meta name=\"twitter:label1\" content=\"Escrito por\" \/>\n\t<meta name=\"twitter:data1\" content=\"Guadalupe Sixto\" \/>\n\t<meta name=\"twitter:label2\" content=\"Tiempo de lectura\" \/>\n\t<meta name=\"twitter:data2\" content=\"3 minutos\" \/>\n<script type=\"application\/ld+json\" class=\"yoast-schema-graph\">{\"@context\":\"https:\/\/schema.org\",\"@graph\":[{\"@type\":\"Article\",\"@id\":\"https:\/\/nitu.mx\/index.php\/2026\/03\/12\/hoteleros-urgen-regular-rentas-vacacionales-al-representar-43-5-de-lo-que-tiene-la-oferta-formal\/#article\",\"isPartOf\":{\"@id\":\"https:\/\/nitu.mx\/index.php\/2026\/03\/12\/hoteleros-urgen-regular-rentas-vacacionales-al-representar-43-5-de-lo-que-tiene-la-oferta-formal\/\"},\"author\":{\"name\":\"Guadalupe Sixto\",\"@id\":\"https:\/\/nitu.mx\/#\/schema\/person\/3df3082b5e46037e3f13614d28ee0b77\"},\"headline\":\"Hoteleros urgen regular rentas vacacionales al representar 43.5% de lo que tiene la oferta formal\",\"datePublished\":\"2026-03-13T05:12:14+00:00\",\"dateModified\":\"2026-03-13T05:17:43+00:00\",\"mainEntityOfPage\":{\"@id\":\"https:\/\/nitu.mx\/index.php\/2026\/03\/12\/hoteleros-urgen-regular-rentas-vacacionales-al-representar-43-5-de-lo-que-tiene-la-oferta-formal\/\"},\"wordCount\":655,\"publisher\":{\"@id\":\"https:\/\/nitu.mx\/#\/schema\/person\/ae7a53426417292d3dd07b45a33e01bc\"},\"image\":{\"@id\":\"https:\/\/nitu.mx\/index.php\/2026\/03\/12\/hoteleros-urgen-regular-rentas-vacacionales-al-representar-43-5-de-lo-que-tiene-la-oferta-formal\/#primaryimage\"},\"thumbnailUrl\":\"https:\/\/nitu.mx\/wp-content\/uploads\/2026\/03\/ANCH-CONFERENCIA.jpg\",\"keywords\":[\"AMHM\",\"ANCH\",\"Jorge Paoli D\u00edaz\",\"Miguel \u00c1ngel Fong\",\"rentas vacacionales\"],\"articleSection\":[\"Hoteles\"],\"inLanguage\":\"es-MX\"},{\"@type\":\"WebPage\",\"@id\":\"https:\/\/nitu.mx\/index.php\/2026\/03\/12\/hoteleros-urgen-regular-rentas-vacacionales-al-representar-43-5-de-lo-que-tiene-la-oferta-formal\/\",\"url\":\"https:\/\/nitu.mx\/index.php\/2026\/03\/12\/hoteleros-urgen-regular-rentas-vacacionales-al-representar-43-5-de-lo-que-tiene-la-oferta-formal\/\",\"name\":\"Hoteleros urgen regular rentas vacacionales al representar 43.5% de lo que tiene la oferta formal - Nitu - Noticias de la Industria Turistica\",\"isPartOf\":{\"@id\":\"https:\/\/nitu.mx\/#website\"},\"primaryImageOfPage\":{\"@id\":\"https:\/\/nitu.mx\/index.php\/2026\/03\/12\/hoteleros-urgen-regular-rentas-vacacionales-al-representar-43-5-de-lo-que-tiene-la-oferta-formal\/#primaryimage\"},\"image\":{\"@id\":\"https:\/\/nitu.mx\/index.php\/2026\/03\/12\/hoteleros-urgen-regular-rentas-vacacionales-al-representar-43-5-de-lo-que-tiene-la-oferta-formal\/#primaryimage\"},\"thumbnailUrl\":\"https:\/\/nitu.mx\/wp-content\/uploads\/2026\/03\/ANCH-CONFERENCIA.jpg\",\"datePublished\":\"2026-03-13T05:12:14+00:00\",\"dateModified\":\"2026-03-13T05:17:43+00:00\",\"breadcrumb\":{\"@id\":\"https:\/\/nitu.mx\/index.php\/2026\/03\/12\/hoteleros-urgen-regular-rentas-vacacionales-al-representar-43-5-de-lo-que-tiene-la-oferta-formal\/#breadcrumb\"},\"inLanguage\":\"es-MX\",\"potentialAction\":[{\"@type\":\"ReadAction\",\"target\":[\"https:\/\/nitu.mx\/index.php\/2026\/03\/12\/hoteleros-urgen-regular-rentas-vacacionales-al-representar-43-5-de-lo-que-tiene-la-oferta-formal\/\"]}]},{\"@type\":\"ImageObject\",\"inLanguage\":\"es-MX\",\"@id\":\"https:\/\/nitu.mx\/index.php\/2026\/03\/12\/hoteleros-urgen-regular-rentas-vacacionales-al-representar-43-5-de-lo-que-tiene-la-oferta-formal\/#primaryimage\",\"url\":\"https:\/\/nitu.mx\/wp-content\/uploads\/2026\/03\/ANCH-CONFERENCIA.jpg\",\"contentUrl\":\"https:\/\/nitu.mx\/wp-content\/uploads\/2026\/03\/ANCH-CONFERENCIA.jpg\",\"width\":1200,\"height\":675},{\"@type\":\"BreadcrumbList\",\"@id\":\"https:\/\/nitu.mx\/index.php\/2026\/03\/12\/hoteleros-urgen-regular-rentas-vacacionales-al-representar-43-5-de-lo-que-tiene-la-oferta-formal\/#breadcrumb\",\"itemListElement\":[{\"@type\":\"ListItem\",\"position\":1,\"name\":\"Inicio\",\"item\":\"https:\/\/nitu.mx\/\"},{\"@type\":\"ListItem\",\"position\":2,\"name\":\"Hoteleros urgen regular rentas vacacionales al representar 43.5% de lo que tiene la oferta formal\"}]},{\"@type\":\"WebSite\",\"@id\":\"https:\/\/nitu.mx\/#website\",\"url\":\"https:\/\/nitu.mx\/\",\"name\":\"Nitu - Noticias de la Industria Turistica\",\"description\":\"Noticias de la Industria Turistica\",\"publisher\":{\"@id\":\"https:\/\/nitu.mx\/#\/schema\/person\/ae7a53426417292d3dd07b45a33e01bc\"},\"alternateName\":\"Noticias de la Industria Turistica\",\"potentialAction\":[{\"@type\":\"SearchAction\",\"target\":{\"@type\":\"EntryPoint\",\"urlTemplate\":\"https:\/\/nitu.mx\/?s={search_term_string}\"},\"query-input\":\"required name=search_term_string\"}],\"inLanguage\":\"es-MX\"},{\"@type\":[\"Person\",\"Organization\"],\"@id\":\"https:\/\/nitu.mx\/#\/schema\/person\/ae7a53426417292d3dd07b45a33e01bc\",\"name\":\"Arturo Medina\",\"image\":{\"@type\":\"ImageObject\",\"inLanguage\":\"es-MX\",\"@id\":\"https:\/\/nitu.mx\/#\/schema\/person\/image\/\",\"url\":\"https:\/\/nitu.mx\/wp-content\/uploads\/2024\/04\/4A315622-1904-4D5C-B022-878CDC840E04-90x90-1.jpeg\",\"contentUrl\":\"https:\/\/nitu.mx\/wp-content\/uploads\/2024\/04\/4A315622-1904-4D5C-B022-878CDC840E04-90x90-1.jpeg\",\"width\":90,\"height\":90,\"caption\":\"Arturo Medina\"},\"logo\":{\"@id\":\"https:\/\/nitu.mx\/#\/schema\/person\/image\/\"},\"description\":\"Director NITU.mx, Egresado de la Escuela de Periodismo Carlos Septi\u00e9n Garc\u00eda. Periodista y analista especializado en turismo desde hace 35 a\u00f1os, radicado en Canc\u00fan Q.Roo. arturo@nitu.mx\",\"sameAs\":[\"https:\/\/nitu.mx\",\"https:\/\/www.facebook.com\/NITUmx\/\",\"medinacancun\",\"https:\/\/twitter.com\/@Arturo_Medina_G\"]},{\"@type\":\"Person\",\"@id\":\"https:\/\/nitu.mx\/#\/schema\/person\/3df3082b5e46037e3f13614d28ee0b77\",\"name\":\"Guadalupe Sixto\",\"image\":{\"@type\":\"ImageObject\",\"inLanguage\":\"es-MX\",\"@id\":\"https:\/\/nitu.mx\/#\/schema\/person\/image\/\",\"url\":\"https:\/\/secure.gravatar.com\/avatar\/13914e1b0e1919e91f9539de4dc584c4?s=96&d=mm&r=g\",\"contentUrl\":\"https:\/\/secure.gravatar.com\/avatar\/13914e1b0e1919e91f9539de4dc584c4?s=96&d=mm&r=g\",\"caption\":\"Guadalupe Sixto\"},\"url\":\"https:\/\/nitu.mx\/index.php\/author\/gsixto\/\"}]}<\/script>\n<!-- \/ Yoast SEO plugin. -->","yoast_head_json":{"title":"Hoteleros urgen regular rentas vacacionales al representar 43.5% de lo que tiene la oferta formal - Nitu - Noticias de la Industria Turistica","robots":{"index":"index","follow":"follow","max-snippet":"max-snippet:-1","max-image-preview":"max-image-preview:large","max-video-preview":"max-video-preview:-1"},"canonical":"https:\/\/nitu.mx\/index.php\/2026\/03\/12\/hoteleros-urgen-regular-rentas-vacacionales-al-representar-43-5-de-lo-que-tiene-la-oferta-formal\/","twitter_card":"summary_large_image","twitter_title":"Hoteleros urgen regular rentas vacacionales al representar 43.5% de lo que tiene la oferta formal - Nitu - Noticias de la Industria Turistica","twitter_description":"La Asociaci\u00f3n Nacional de Cadenas Hoteleras (ANCH) y la Asociaci\u00f3n Mexicana de Hoteles y Moteles (AMHM), en colaboraci\u00f3n con el Sustainable Tourism Advanced Research Center (STARC) de la Universidad An\u00e1huac Canc\u00fan, analizaron el policy paper &#8220;Dimensionamiento y caracterizaci\u00f3n de las rentas vacacionales en M\u00e9xico&#8221;. El documento revela una profunda asimetr\u00eda competitiva que pone en riesgo [&hellip;]","twitter_image":"https:\/\/nitu.mx\/wp-content\/uploads\/2026\/03\/ANCH-CONFERENCIA.jpg","twitter_creator":"@NITUmx","twitter_site":"@Arturo_Medina_G","twitter_misc":{"Escrito por":"Guadalupe Sixto","Tiempo de lectura":"3 minutos"},"schema":{"@context":"https:\/\/schema.org","@graph":[{"@type":"Article","@id":"https:\/\/nitu.mx\/index.php\/2026\/03\/12\/hoteleros-urgen-regular-rentas-vacacionales-al-representar-43-5-de-lo-que-tiene-la-oferta-formal\/#article","isPartOf":{"@id":"https:\/\/nitu.mx\/index.php\/2026\/03\/12\/hoteleros-urgen-regular-rentas-vacacionales-al-representar-43-5-de-lo-que-tiene-la-oferta-formal\/"},"author":{"name":"Guadalupe Sixto","@id":"https:\/\/nitu.mx\/#\/schema\/person\/3df3082b5e46037e3f13614d28ee0b77"},"headline":"Hoteleros urgen regular rentas vacacionales al representar 43.5% de lo que tiene la oferta formal","datePublished":"2026-03-13T05:12:14+00:00","dateModified":"2026-03-13T05:17:43+00:00","mainEntityOfPage":{"@id":"https:\/\/nitu.mx\/index.php\/2026\/03\/12\/hoteleros-urgen-regular-rentas-vacacionales-al-representar-43-5-de-lo-que-tiene-la-oferta-formal\/"},"wordCount":655,"publisher":{"@id":"https:\/\/nitu.mx\/#\/schema\/person\/ae7a53426417292d3dd07b45a33e01bc"},"image":{"@id":"https:\/\/nitu.mx\/index.php\/2026\/03\/12\/hoteleros-urgen-regular-rentas-vacacionales-al-representar-43-5-de-lo-que-tiene-la-oferta-formal\/#primaryimage"},"thumbnailUrl":"https:\/\/nitu.mx\/wp-content\/uploads\/2026\/03\/ANCH-CONFERENCIA.jpg","keywords":["AMHM","ANCH","Jorge Paoli D\u00edaz","Miguel \u00c1ngel Fong","rentas vacacionales"],"articleSection":["Hoteles"],"inLanguage":"es-MX"},{"@type":"WebPage","@id":"https:\/\/nitu.mx\/index.php\/2026\/03\/12\/hoteleros-urgen-regular-rentas-vacacionales-al-representar-43-5-de-lo-que-tiene-la-oferta-formal\/","url":"https:\/\/nitu.mx\/index.php\/2026\/03\/12\/hoteleros-urgen-regular-rentas-vacacionales-al-representar-43-5-de-lo-que-tiene-la-oferta-formal\/","name":"Hoteleros urgen regular rentas vacacionales al representar 43.5% de lo que tiene la oferta formal - Nitu - Noticias de la Industria Turistica","isPartOf":{"@id":"https:\/\/nitu.mx\/#website"},"primaryImageOfPage":{"@id":"https:\/\/nitu.mx\/index.php\/2026\/03\/12\/hoteleros-urgen-regular-rentas-vacacionales-al-representar-43-5-de-lo-que-tiene-la-oferta-formal\/#primaryimage"},"image":{"@id":"https:\/\/nitu.mx\/index.php\/2026\/03\/12\/hoteleros-urgen-regular-rentas-vacacionales-al-representar-43-5-de-lo-que-tiene-la-oferta-formal\/#primaryimage"},"thumbnailUrl":"https:\/\/nitu.mx\/wp-content\/uploads\/2026\/03\/ANCH-CONFERENCIA.jpg","datePublished":"2026-03-13T05:12:14+00:00","dateModified":"2026-03-13T05:17:43+00:00","breadcrumb":{"@id":"https:\/\/nitu.mx\/index.php\/2026\/03\/12\/hoteleros-urgen-regular-rentas-vacacionales-al-representar-43-5-de-lo-que-tiene-la-oferta-formal\/#breadcrumb"},"inLanguage":"es-MX","potentialAction":[{"@type":"ReadAction","target":["https:\/\/nitu.mx\/index.php\/2026\/03\/12\/hoteleros-urgen-regular-rentas-vacacionales-al-representar-43-5-de-lo-que-tiene-la-oferta-formal\/"]}]},{"@type":"ImageObject","inLanguage":"es-MX","@id":"https:\/\/nitu.mx\/index.php\/2026\/03\/12\/hoteleros-urgen-regular-rentas-vacacionales-al-representar-43-5-de-lo-que-tiene-la-oferta-formal\/#primaryimage","url":"https:\/\/nitu.mx\/wp-content\/uploads\/2026\/03\/ANCH-CONFERENCIA.jpg","contentUrl":"https:\/\/nitu.mx\/wp-content\/uploads\/2026\/03\/ANCH-CONFERENCIA.jpg","width":1200,"height":675},{"@type":"BreadcrumbList","@id":"https:\/\/nitu.mx\/index.php\/2026\/03\/12\/hoteleros-urgen-regular-rentas-vacacionales-al-representar-43-5-de-lo-que-tiene-la-oferta-formal\/#breadcrumb","itemListElement":[{"@type":"ListItem","position":1,"name":"Inicio","item":"https:\/\/nitu.mx\/"},{"@type":"ListItem","position":2,"name":"Hoteleros urgen regular rentas vacacionales al representar 43.5% de lo que tiene la oferta formal"}]},{"@type":"WebSite","@id":"https:\/\/nitu.mx\/#website","url":"https:\/\/nitu.mx\/","name":"Nitu - Noticias de la Industria Turistica","description":"Noticias de la Industria Turistica","publisher":{"@id":"https:\/\/nitu.mx\/#\/schema\/person\/ae7a53426417292d3dd07b45a33e01bc"},"alternateName":"Noticias de la Industria Turistica","potentialAction":[{"@type":"SearchAction","target":{"@type":"EntryPoint","urlTemplate":"https:\/\/nitu.mx\/?s={search_term_string}"},"query-input":"required name=search_term_string"}],"inLanguage":"es-MX"},{"@type":["Person","Organization"],"@id":"https:\/\/nitu.mx\/#\/schema\/person\/ae7a53426417292d3dd07b45a33e01bc","name":"Arturo Medina","image":{"@type":"ImageObject","inLanguage":"es-MX","@id":"https:\/\/nitu.mx\/#\/schema\/person\/image\/","url":"https:\/\/nitu.mx\/wp-content\/uploads\/2024\/04\/4A315622-1904-4D5C-B022-878CDC840E04-90x90-1.jpeg","contentUrl":"https:\/\/nitu.mx\/wp-content\/uploads\/2024\/04\/4A315622-1904-4D5C-B022-878CDC840E04-90x90-1.jpeg","width":90,"height":90,"caption":"Arturo Medina"},"logo":{"@id":"https:\/\/nitu.mx\/#\/schema\/person\/image\/"},"description":"Director NITU.mx, Egresado de la Escuela de Periodismo Carlos Septi\u00e9n Garc\u00eda. Periodista y analista especializado en turismo desde hace 35 a\u00f1os, radicado en Canc\u00fan Q.Roo. arturo@nitu.mx","sameAs":["https:\/\/nitu.mx","https:\/\/www.facebook.com\/NITUmx\/","medinacancun","https:\/\/twitter.com\/@Arturo_Medina_G"]},{"@type":"Person","@id":"https:\/\/nitu.mx\/#\/schema\/person\/3df3082b5e46037e3f13614d28ee0b77","name":"Guadalupe Sixto","image":{"@type":"ImageObject","inLanguage":"es-MX","@id":"https:\/\/nitu.mx\/#\/schema\/person\/image\/","url":"https:\/\/secure.gravatar.com\/avatar\/13914e1b0e1919e91f9539de4dc584c4?s=96&d=mm&r=g","contentUrl":"https:\/\/secure.gravatar.com\/avatar\/13914e1b0e1919e91f9539de4dc584c4?s=96&d=mm&r=g","caption":"Guadalupe Sixto"},"url":"https:\/\/nitu.mx\/index.php\/author\/gsixto\/"}]}},"views":441,"_links":{"self":[{"href":"https:\/\/nitu.mx\/index.php\/wp-json\/wp\/v2\/posts\/86579"}],"collection":[{"href":"https:\/\/nitu.mx\/index.php\/wp-json\/wp\/v2\/posts"}],"about":[{"href":"https:\/\/nitu.mx\/index.php\/wp-json\/wp\/v2\/types\/post"}],"author":[{"embeddable":true,"href":"https:\/\/nitu.mx\/index.php\/wp-json\/wp\/v2\/users\/18"}],"replies":[{"embeddable":true,"href":"https:\/\/nitu.mx\/index.php\/wp-json\/wp\/v2\/comments?post=86579"}],"version-history":[{"count":2,"href":"https:\/\/nitu.mx\/index.php\/wp-json\/wp\/v2\/posts\/86579\/revisions"}],"predecessor-version":[{"id":86583,"href":"https:\/\/nitu.mx\/index.php\/wp-json\/wp\/v2\/posts\/86579\/revisions\/86583"}],"wp:featuredmedia":[{"embeddable":true,"href":"https:\/\/nitu.mx\/index.php\/wp-json\/wp\/v2\/media\/86562"}],"wp:attachment":[{"href":"https:\/\/nitu.mx\/index.php\/wp-json\/wp\/v2\/media?parent=86579"}],"wp:term":[{"taxonomy":"category","embeddable":true,"href":"https:\/\/nitu.mx\/index.php\/wp-json\/wp\/v2\/categories?post=86579"},{"taxonomy":"post_tag","embeddable":true,"href":"https:\/\/nitu.mx\/index.php\/wp-json\/wp\/v2\/tags?post=86579"}],"curies":[{"name":"wp","href":"https:\/\/api.w.org\/{rel}","templated":true}]}}