{"id":86575,"date":"2026-03-12T23:06:26","date_gmt":"2026-03-13T05:06:26","guid":{"rendered":"https:\/\/nitu.mx\/?p=86575"},"modified":"2026-03-12T23:06:26","modified_gmt":"2026-03-13T05:06:26","slug":"sectur-preve-1-78-millones-de-turistas-en-hotel-en-este-fin-de-semana-largo","status":"publish","type":"post","link":"https:\/\/nitu.mx\/index.php\/2026\/03\/12\/sectur-preve-1-78-millones-de-turistas-en-hotel-en-este-fin-de-semana-largo\/","title":{"rendered":"Sectur prev\u00e9 1.78 millones de turistas en hotel en este fin de semana largo"},"content":{"rendered":"\n<p>La secretaria de Turismo federal, Josefina Rodr\u00edguez Zamora, dio a conocer que, con motivo del fin de semana largo de marzo \u2014que comprende del viernes 13 al lunes 16 de marzo de 2026\u2014, se estima la llegada de 1.78 millones de turistas a cuartos de hotel en el pa\u00eds.<\/p>\n\n\n\n<p>\u201cLos fines de semana largos y los puentes vacacionales impulsan el turismo nacional y permiten que m\u00e1s personas viajen y disfruten de los destinos de nuestro pa\u00eds. Esta actividad genera empleo, fortalece las econom\u00edas locales y contribuye a que los beneficios del turismo se traduzcan en prosperidad compartida para las comunidades\u201d, destac\u00f3.<\/p>\n\n\n\n<p>La titular de la Secretar\u00eda de Turismo (Sectur) detall\u00f3 que esta cifra representa un incremento de 1.8 por ciento respecto al mismo periodo de 2025.<\/p>\n\n\n\n<p>Se\u00f1al\u00f3 que, de acuerdo con estimaciones de la dependencia, la ocupaci\u00f3n hotelera a nivel nacional alcanzar\u00eda un promedio de 67.1 por ciento, lo que representa 0.2 puntos porcentuales m\u00e1s que lo registrado en 2025.<\/p>\n\n\n\n<p>\u201cEstos resultados reflejan el dinamismo y la fortaleza del turismo nacional, as\u00ed como la preferencia de las y los viajeros por los diversos destinos del pa\u00eds, lo que impulsa la actividad econ\u00f3mica, el empleo y el bienestar de las comunidades que dependen de esta actividad\u201d, mencion\u00f3.<\/p>\n\n\n\n<p>Agreg\u00f3 que durante este periodo se espera una importante afluencia de visitantes en los principales centros tur\u00edsticos del pa\u00eds, particularmente en destinos de playa, ciudades coloniales y Pueblos M\u00e1gicos, donde se prev\u00e9 una significativa derrama econ\u00f3mica para las regiones receptoras.<\/p>\n\n\n\n<p>Rodr\u00edguez Zamora inform\u00f3 que, entre los principales centros tur\u00edsticos del pa\u00eds por llegada de turistas a cuartos de hotel, destaca Ciudad de M\u00e9xico, con una estimaci\u00f3n de 153 mil 238 turistas, lo que representa un crecimiento de 3.7 por ciento respecto a 2025; seguida de Canc\u00fan, con 76 mil 878 turistas y una ocupaci\u00f3n hotelera estimada de 82 por ciento.<\/p>\n\n\n\n<p>Asimismo, se prev\u00e9 la llegada de 66 mil 399 turistas a Riviera Maya, con una ocupaci\u00f3n estimada de 83.5 por ciento; 66 mil 024 turistas en Acapulco, con 50 por ciento de ocupaci\u00f3n; y 51 mil 851 turistas en Guadalajara, lo que representa un incremento estimado de 6.9 por ciento.<\/p>\n\n\n\n<p>En otros destinos relevantes, se proyecta la llegada de 46 mil 312 turistas a Monterrey, con un crecimiento estimado de 6.9 por ciento; 42 mil 639 turistas en Puebla, que registrar\u00eda el mayor incremento porcentual con 9.3 por ciento; y 40 mil 608 turistas en Los Cabos, donde se estima una ocupaci\u00f3n hotelera de 82.7 por ciento.<\/p>\n\n\n\n<p>De igual manera, se prev\u00e9 la llegada de 29 mil 763 turistas a Puerto Vallarta, con una ocupaci\u00f3n estimada de 84 por ciento, y 26 mil 144 turistas en M\u00e9rida, con una ocupaci\u00f3n aproximada de 63.4 por ciento durante este periodo. (<a href=\"https:\/\/nitu.mx\/index.php\/2026\/03\/11\/mexico-inicia-el-2026-con-3-mil-477-mdd-por-turismo\/\">M\u00e9xico inicia el 2026 con 3 mil 477 MDD por turismo<\/a>).<\/p>\n","protected":false},"excerpt":{"rendered":"<p>La secretaria de Turismo federal, Josefina Rodr\u00edguez Zamora, dio a conocer que, con motivo del fin de semana largo de marzo \u2014que comprende del viernes 13 al lunes 16 de marzo de 2026\u2014, se estima la llegada de 1.78 millones de turistas a cuartos de hotel en el pa\u00eds. \u201cLos fines de semana largos y [&hellip;]<\/p>\n","protected":false},"author":17,"featured_media":86577,"comment_status":"closed","ping_status":"closed","sticky":false,"template":"","format":"standard","meta":{"footnotes":""},"categories":[12],"tags":[13146,25659,93],"yoast_head":"<!-- This site is optimized with the Yoast SEO plugin v22.2 - https:\/\/yoast.com\/wordpress\/plugins\/seo\/ -->\n<title>Sectur prev\u00e9 1.78 millones de turistas en hotel en este fin de semana largo - Nitu - Noticias de la Industria Turistica<\/title>\n<meta name=\"robots\" content=\"index, follow, max-snippet:-1, max-image-preview:large, max-video-preview:-1\" \/>\n<link rel=\"canonical\" href=\"https:\/\/nitu.mx\/index.php\/2026\/03\/12\/sectur-preve-1-78-millones-de-turistas-en-hotel-en-este-fin-de-semana-largo\/\" \/>\n<meta name=\"twitter:card\" content=\"summary_large_image\" \/>\n<meta name=\"twitter:title\" content=\"Sectur prev\u00e9 1.78 millones de turistas en hotel en este fin de semana largo - Nitu - Noticias de la Industria Turistica\" \/>\n<meta name=\"twitter:description\" content=\"La secretaria de Turismo federal, Josefina Rodr\u00edguez Zamora, dio a conocer que, con motivo del fin de semana largo de marzo \u2014que comprende del viernes 13 al lunes 16 de marzo de 2026\u2014, se estima la llegada de 1.78 millones de turistas a cuartos de hotel en el pa\u00eds. \u201cLos fines de semana largos y [&hellip;]\" \/>\n<meta name=\"twitter:image\" content=\"https:\/\/nitu.mx\/wp-content\/uploads\/2026\/03\/Turistas-en-playa.jpg\" \/>\n<meta name=\"twitter:creator\" content=\"@NITUmx\" \/>\n<meta name=\"twitter:site\" content=\"@Arturo_Medina_G\" \/>\n<meta name=\"twitter:label1\" content=\"Escrito por\" \/>\n\t<meta name=\"twitter:data1\" content=\"Redacci\u00f3n\" \/>\n\t<meta name=\"twitter:label2\" content=\"Tiempo de lectura\" \/>\n\t<meta name=\"twitter:data2\" content=\"2 minutos\" \/>\n<script type=\"application\/ld+json\" class=\"yoast-schema-graph\">{\"@context\":\"https:\/\/schema.org\",\"@graph\":[{\"@type\":\"Article\",\"@id\":\"https:\/\/nitu.mx\/index.php\/2026\/03\/12\/sectur-preve-1-78-millones-de-turistas-en-hotel-en-este-fin-de-semana-largo\/#article\",\"isPartOf\":{\"@id\":\"https:\/\/nitu.mx\/index.php\/2026\/03\/12\/sectur-preve-1-78-millones-de-turistas-en-hotel-en-este-fin-de-semana-largo\/\"},\"author\":{\"name\":\"Redacci\u00f3n\",\"@id\":\"https:\/\/nitu.mx\/#\/schema\/person\/4a28fe9bd65924f7c90623773daf1b0b\"},\"headline\":\"Sectur prev\u00e9 1.78 millones de turistas en hotel en este fin de semana largo\",\"datePublished\":\"2026-03-13T05:06:26+00:00\",\"dateModified\":\"2026-03-13T05:06:26+00:00\",\"mainEntityOfPage\":{\"@id\":\"https:\/\/nitu.mx\/index.php\/2026\/03\/12\/sectur-preve-1-78-millones-de-turistas-en-hotel-en-este-fin-de-semana-largo\/\"},\"wordCount\":466,\"publisher\":{\"@id\":\"https:\/\/nitu.mx\/#\/schema\/person\/ae7a53426417292d3dd07b45a33e01bc\"},\"image\":{\"@id\":\"https:\/\/nitu.mx\/index.php\/2026\/03\/12\/sectur-preve-1-78-millones-de-turistas-en-hotel-en-este-fin-de-semana-largo\/#primaryimage\"},\"thumbnailUrl\":\"https:\/\/nitu.mx\/wp-content\/uploads\/2026\/03\/Turistas-en-playa.jpg\",\"keywords\":[\"Fin de semana largo\",\"Josefina Rodr\u00edguez\",\"Sectur\"],\"articleSection\":[\"Marketing\"],\"inLanguage\":\"es-MX\"},{\"@type\":\"WebPage\",\"@id\":\"https:\/\/nitu.mx\/index.php\/2026\/03\/12\/sectur-preve-1-78-millones-de-turistas-en-hotel-en-este-fin-de-semana-largo\/\",\"url\":\"https:\/\/nitu.mx\/index.php\/2026\/03\/12\/sectur-preve-1-78-millones-de-turistas-en-hotel-en-este-fin-de-semana-largo\/\",\"name\":\"Sectur prev\u00e9 1.78 millones de turistas en hotel en este fin de semana largo - Nitu - Noticias de la Industria Turistica\",\"isPartOf\":{\"@id\":\"https:\/\/nitu.mx\/#website\"},\"primaryImageOfPage\":{\"@id\":\"https:\/\/nitu.mx\/index.php\/2026\/03\/12\/sectur-preve-1-78-millones-de-turistas-en-hotel-en-este-fin-de-semana-largo\/#primaryimage\"},\"image\":{\"@id\":\"https:\/\/nitu.mx\/index.php\/2026\/03\/12\/sectur-preve-1-78-millones-de-turistas-en-hotel-en-este-fin-de-semana-largo\/#primaryimage\"},\"thumbnailUrl\":\"https:\/\/nitu.mx\/wp-content\/uploads\/2026\/03\/Turistas-en-playa.jpg\",\"datePublished\":\"2026-03-13T05:06:26+00:00\",\"dateModified\":\"2026-03-13T05:06:26+00:00\",\"breadcrumb\":{\"@id\":\"https:\/\/nitu.mx\/index.php\/2026\/03\/12\/sectur-preve-1-78-millones-de-turistas-en-hotel-en-este-fin-de-semana-largo\/#breadcrumb\"},\"inLanguage\":\"es-MX\",\"potentialAction\":[{\"@type\":\"ReadAction\",\"target\":[\"https:\/\/nitu.mx\/index.php\/2026\/03\/12\/sectur-preve-1-78-millones-de-turistas-en-hotel-en-este-fin-de-semana-largo\/\"]}]},{\"@type\":\"ImageObject\",\"inLanguage\":\"es-MX\",\"@id\":\"https:\/\/nitu.mx\/index.php\/2026\/03\/12\/sectur-preve-1-78-millones-de-turistas-en-hotel-en-este-fin-de-semana-largo\/#primaryimage\",\"url\":\"https:\/\/nitu.mx\/wp-content\/uploads\/2026\/03\/Turistas-en-playa.jpg\",\"contentUrl\":\"https:\/\/nitu.mx\/wp-content\/uploads\/2026\/03\/Turistas-en-playa.jpg\",\"width\":1200,\"height\":675,\"caption\":\"Turistas en playa\"},{\"@type\":\"BreadcrumbList\",\"@id\":\"https:\/\/nitu.mx\/index.php\/2026\/03\/12\/sectur-preve-1-78-millones-de-turistas-en-hotel-en-este-fin-de-semana-largo\/#breadcrumb\",\"itemListElement\":[{\"@type\":\"ListItem\",\"position\":1,\"name\":\"Inicio\",\"item\":\"https:\/\/nitu.mx\/\"},{\"@type\":\"ListItem\",\"position\":2,\"name\":\"Sectur prev\u00e9 1.78 millones de turistas en hotel en este fin de semana largo\"}]},{\"@type\":\"WebSite\",\"@id\":\"https:\/\/nitu.mx\/#website\",\"url\":\"https:\/\/nitu.mx\/\",\"name\":\"Nitu - Noticias de la Industria Turistica\",\"description\":\"Noticias de la Industria Turistica\",\"publisher\":{\"@id\":\"https:\/\/nitu.mx\/#\/schema\/person\/ae7a53426417292d3dd07b45a33e01bc\"},\"alternateName\":\"Noticias de la Industria Turistica\",\"potentialAction\":[{\"@type\":\"SearchAction\",\"target\":{\"@type\":\"EntryPoint\",\"urlTemplate\":\"https:\/\/nitu.mx\/?s={search_term_string}\"},\"query-input\":\"required name=search_term_string\"}],\"inLanguage\":\"es-MX\"},{\"@type\":[\"Person\",\"Organization\"],\"@id\":\"https:\/\/nitu.mx\/#\/schema\/person\/ae7a53426417292d3dd07b45a33e01bc\",\"name\":\"Arturo Medina\",\"image\":{\"@type\":\"ImageObject\",\"inLanguage\":\"es-MX\",\"@id\":\"https:\/\/nitu.mx\/#\/schema\/person\/image\/\",\"url\":\"https:\/\/nitu.mx\/wp-content\/uploads\/2024\/04\/4A315622-1904-4D5C-B022-878CDC840E04-90x90-1.jpeg\",\"contentUrl\":\"https:\/\/nitu.mx\/wp-content\/uploads\/2024\/04\/4A315622-1904-4D5C-B022-878CDC840E04-90x90-1.jpeg\",\"width\":90,\"height\":90,\"caption\":\"Arturo Medina\"},\"logo\":{\"@id\":\"https:\/\/nitu.mx\/#\/schema\/person\/image\/\"},\"description\":\"Director NITU.mx, Egresado de la Escuela de Periodismo Carlos Septi\u00e9n Garc\u00eda. Periodista y analista especializado en turismo desde hace 35 a\u00f1os, radicado en Canc\u00fan Q.Roo. arturo@nitu.mx\",\"sameAs\":[\"https:\/\/nitu.mx\",\"https:\/\/www.facebook.com\/NITUmx\/\",\"medinacancun\",\"https:\/\/twitter.com\/@Arturo_Medina_G\"]},{\"@type\":\"Person\",\"@id\":\"https:\/\/nitu.mx\/#\/schema\/person\/4a28fe9bd65924f7c90623773daf1b0b\",\"name\":\"Redacci\u00f3n\",\"image\":{\"@type\":\"ImageObject\",\"inLanguage\":\"es-MX\",\"@id\":\"https:\/\/nitu.mx\/#\/schema\/person\/image\/\",\"url\":\"https:\/\/secure.gravatar.com\/avatar\/5dd011c8ccfc5cd7e4c81e42252aab38?s=96&d=mm&r=g\",\"contentUrl\":\"https:\/\/secure.gravatar.com\/avatar\/5dd011c8ccfc5cd7e4c81e42252aab38?s=96&d=mm&r=g\",\"caption\":\"Redacci\u00f3n\"},\"url\":\"https:\/\/nitu.mx\/index.php\/author\/redaccion\/\"}]}<\/script>\n<!-- \/ Yoast SEO plugin. -->","yoast_head_json":{"title":"Sectur prev\u00e9 1.78 millones de turistas en hotel en este fin de semana largo - Nitu - Noticias de la Industria Turistica","robots":{"index":"index","follow":"follow","max-snippet":"max-snippet:-1","max-image-preview":"max-image-preview:large","max-video-preview":"max-video-preview:-1"},"canonical":"https:\/\/nitu.mx\/index.php\/2026\/03\/12\/sectur-preve-1-78-millones-de-turistas-en-hotel-en-este-fin-de-semana-largo\/","twitter_card":"summary_large_image","twitter_title":"Sectur prev\u00e9 1.78 millones de turistas en hotel en este fin de semana largo - Nitu - Noticias de la Industria Turistica","twitter_description":"La secretaria de Turismo federal, Josefina Rodr\u00edguez Zamora, dio a conocer que, con motivo del fin de semana largo de marzo \u2014que comprende del viernes 13 al lunes 16 de marzo de 2026\u2014, se estima la llegada de 1.78 millones de turistas a cuartos de hotel en el pa\u00eds. \u201cLos fines de semana largos y [&hellip;]","twitter_image":"https:\/\/nitu.mx\/wp-content\/uploads\/2026\/03\/Turistas-en-playa.jpg","twitter_creator":"@NITUmx","twitter_site":"@Arturo_Medina_G","twitter_misc":{"Escrito por":"Redacci\u00f3n","Tiempo de lectura":"2 minutos"},"schema":{"@context":"https:\/\/schema.org","@graph":[{"@type":"Article","@id":"https:\/\/nitu.mx\/index.php\/2026\/03\/12\/sectur-preve-1-78-millones-de-turistas-en-hotel-en-este-fin-de-semana-largo\/#article","isPartOf":{"@id":"https:\/\/nitu.mx\/index.php\/2026\/03\/12\/sectur-preve-1-78-millones-de-turistas-en-hotel-en-este-fin-de-semana-largo\/"},"author":{"name":"Redacci\u00f3n","@id":"https:\/\/nitu.mx\/#\/schema\/person\/4a28fe9bd65924f7c90623773daf1b0b"},"headline":"Sectur prev\u00e9 1.78 millones de turistas en hotel en este fin de semana largo","datePublished":"2026-03-13T05:06:26+00:00","dateModified":"2026-03-13T05:06:26+00:00","mainEntityOfPage":{"@id":"https:\/\/nitu.mx\/index.php\/2026\/03\/12\/sectur-preve-1-78-millones-de-turistas-en-hotel-en-este-fin-de-semana-largo\/"},"wordCount":466,"publisher":{"@id":"https:\/\/nitu.mx\/#\/schema\/person\/ae7a53426417292d3dd07b45a33e01bc"},"image":{"@id":"https:\/\/nitu.mx\/index.php\/2026\/03\/12\/sectur-preve-1-78-millones-de-turistas-en-hotel-en-este-fin-de-semana-largo\/#primaryimage"},"thumbnailUrl":"https:\/\/nitu.mx\/wp-content\/uploads\/2026\/03\/Turistas-en-playa.jpg","keywords":["Fin de semana largo","Josefina Rodr\u00edguez","Sectur"],"articleSection":["Marketing"],"inLanguage":"es-MX"},{"@type":"WebPage","@id":"https:\/\/nitu.mx\/index.php\/2026\/03\/12\/sectur-preve-1-78-millones-de-turistas-en-hotel-en-este-fin-de-semana-largo\/","url":"https:\/\/nitu.mx\/index.php\/2026\/03\/12\/sectur-preve-1-78-millones-de-turistas-en-hotel-en-este-fin-de-semana-largo\/","name":"Sectur prev\u00e9 1.78 millones de turistas en hotel en este fin de semana largo - Nitu - Noticias de la Industria Turistica","isPartOf":{"@id":"https:\/\/nitu.mx\/#website"},"primaryImageOfPage":{"@id":"https:\/\/nitu.mx\/index.php\/2026\/03\/12\/sectur-preve-1-78-millones-de-turistas-en-hotel-en-este-fin-de-semana-largo\/#primaryimage"},"image":{"@id":"https:\/\/nitu.mx\/index.php\/2026\/03\/12\/sectur-preve-1-78-millones-de-turistas-en-hotel-en-este-fin-de-semana-largo\/#primaryimage"},"thumbnailUrl":"https:\/\/nitu.mx\/wp-content\/uploads\/2026\/03\/Turistas-en-playa.jpg","datePublished":"2026-03-13T05:06:26+00:00","dateModified":"2026-03-13T05:06:26+00:00","breadcrumb":{"@id":"https:\/\/nitu.mx\/index.php\/2026\/03\/12\/sectur-preve-1-78-millones-de-turistas-en-hotel-en-este-fin-de-semana-largo\/#breadcrumb"},"inLanguage":"es-MX","potentialAction":[{"@type":"ReadAction","target":["https:\/\/nitu.mx\/index.php\/2026\/03\/12\/sectur-preve-1-78-millones-de-turistas-en-hotel-en-este-fin-de-semana-largo\/"]}]},{"@type":"ImageObject","inLanguage":"es-MX","@id":"https:\/\/nitu.mx\/index.php\/2026\/03\/12\/sectur-preve-1-78-millones-de-turistas-en-hotel-en-este-fin-de-semana-largo\/#primaryimage","url":"https:\/\/nitu.mx\/wp-content\/uploads\/2026\/03\/Turistas-en-playa.jpg","contentUrl":"https:\/\/nitu.mx\/wp-content\/uploads\/2026\/03\/Turistas-en-playa.jpg","width":1200,"height":675,"caption":"Turistas en playa"},{"@type":"BreadcrumbList","@id":"https:\/\/nitu.mx\/index.php\/2026\/03\/12\/sectur-preve-1-78-millones-de-turistas-en-hotel-en-este-fin-de-semana-largo\/#breadcrumb","itemListElement":[{"@type":"ListItem","position":1,"name":"Inicio","item":"https:\/\/nitu.mx\/"},{"@type":"ListItem","position":2,"name":"Sectur prev\u00e9 1.78 millones de turistas en hotel en este fin de semana largo"}]},{"@type":"WebSite","@id":"https:\/\/nitu.mx\/#website","url":"https:\/\/nitu.mx\/","name":"Nitu - Noticias de la Industria Turistica","description":"Noticias de la Industria Turistica","publisher":{"@id":"https:\/\/nitu.mx\/#\/schema\/person\/ae7a53426417292d3dd07b45a33e01bc"},"alternateName":"Noticias de la Industria Turistica","potentialAction":[{"@type":"SearchAction","target":{"@type":"EntryPoint","urlTemplate":"https:\/\/nitu.mx\/?s={search_term_string}"},"query-input":"required name=search_term_string"}],"inLanguage":"es-MX"},{"@type":["Person","Organization"],"@id":"https:\/\/nitu.mx\/#\/schema\/person\/ae7a53426417292d3dd07b45a33e01bc","name":"Arturo Medina","image":{"@type":"ImageObject","inLanguage":"es-MX","@id":"https:\/\/nitu.mx\/#\/schema\/person\/image\/","url":"https:\/\/nitu.mx\/wp-content\/uploads\/2024\/04\/4A315622-1904-4D5C-B022-878CDC840E04-90x90-1.jpeg","contentUrl":"https:\/\/nitu.mx\/wp-content\/uploads\/2024\/04\/4A315622-1904-4D5C-B022-878CDC840E04-90x90-1.jpeg","width":90,"height":90,"caption":"Arturo Medina"},"logo":{"@id":"https:\/\/nitu.mx\/#\/schema\/person\/image\/"},"description":"Director NITU.mx, Egresado de la Escuela de Periodismo Carlos Septi\u00e9n Garc\u00eda. Periodista y analista especializado en turismo desde hace 35 a\u00f1os, radicado en Canc\u00fan Q.Roo. arturo@nitu.mx","sameAs":["https:\/\/nitu.mx","https:\/\/www.facebook.com\/NITUmx\/","medinacancun","https:\/\/twitter.com\/@Arturo_Medina_G"]},{"@type":"Person","@id":"https:\/\/nitu.mx\/#\/schema\/person\/4a28fe9bd65924f7c90623773daf1b0b","name":"Redacci\u00f3n","image":{"@type":"ImageObject","inLanguage":"es-MX","@id":"https:\/\/nitu.mx\/#\/schema\/person\/image\/","url":"https:\/\/secure.gravatar.com\/avatar\/5dd011c8ccfc5cd7e4c81e42252aab38?s=96&d=mm&r=g","contentUrl":"https:\/\/secure.gravatar.com\/avatar\/5dd011c8ccfc5cd7e4c81e42252aab38?s=96&d=mm&r=g","caption":"Redacci\u00f3n"},"url":"https:\/\/nitu.mx\/index.php\/author\/redaccion\/"}]}},"views":243,"_links":{"self":[{"href":"https:\/\/nitu.mx\/index.php\/wp-json\/wp\/v2\/posts\/86575"}],"collection":[{"href":"https:\/\/nitu.mx\/index.php\/wp-json\/wp\/v2\/posts"}],"about":[{"href":"https:\/\/nitu.mx\/index.php\/wp-json\/wp\/v2\/types\/post"}],"author":[{"embeddable":true,"href":"https:\/\/nitu.mx\/index.php\/wp-json\/wp\/v2\/users\/17"}],"replies":[{"embeddable":true,"href":"https:\/\/nitu.mx\/index.php\/wp-json\/wp\/v2\/comments?post=86575"}],"version-history":[{"count":1,"href":"https:\/\/nitu.mx\/index.php\/wp-json\/wp\/v2\/posts\/86575\/revisions"}],"predecessor-version":[{"id":86578,"href":"https:\/\/nitu.mx\/index.php\/wp-json\/wp\/v2\/posts\/86575\/revisions\/86578"}],"wp:featuredmedia":[{"embeddable":true,"href":"https:\/\/nitu.mx\/index.php\/wp-json\/wp\/v2\/media\/86577"}],"wp:attachment":[{"href":"https:\/\/nitu.mx\/index.php\/wp-json\/wp\/v2\/media?parent=86575"}],"wp:term":[{"taxonomy":"category","embeddable":true,"href":"https:\/\/nitu.mx\/index.php\/wp-json\/wp\/v2\/categories?post=86575"},{"taxonomy":"post_tag","embeddable":true,"href":"https:\/\/nitu.mx\/index.php\/wp-json\/wp\/v2\/tags?post=86575"}],"curies":[{"name":"wp","href":"https:\/\/api.w.org\/{rel}","templated":true}]}}