{"id":86565,"date":"2026-03-12T22:54:35","date_gmt":"2026-03-13T04:54:35","guid":{"rendered":"https:\/\/nitu.mx\/?p=86565"},"modified":"2026-03-12T22:54:36","modified_gmt":"2026-03-13T04:54:36","slug":"ado-devela-el-autobus-de-la-seleccion-nacional-mexicana","status":"publish","type":"post","link":"https:\/\/nitu.mx\/index.php\/2026\/03\/12\/ado-devela-el-autobus-de-la-seleccion-nacional-mexicana\/","title":{"rendered":"ADO devela el autob\u00fas de la Selecci\u00f3n Nacional Mexicana"},"content":{"rendered":"\n<p>ADO, empresa l\u00edder en transporte terrestre de pasajeros, present\u00f3 en la Terminal de Autobuses de Pasajeros de Oriente (TAPO) de la Ciudad de M\u00e9xico, el autob\u00fas de la Selecci\u00f3n Nacional Mexicana, una unidad que acompa\u00f1ar\u00e1 al equipo en su participaci\u00f3n en el pr\u00f3ximo Mundial y que simboliza m\u00e1s de dos d\u00e9cadas de relaci\u00f3n con el deporte en M\u00e9xico.<\/p>\n\n\n\n<p>La develaci\u00f3n se realiz\u00f3 como parte de Amantes del Orgullo, una iniciativa que celebra la conexi\u00f3n entre el deporte, la identidad nacional y la pasi\u00f3n que une a millones de mexicanos.<\/p>\n\n\n\n<p>Para ADO, el deporte representa mucho m\u00e1s que competencia: es una fuerza que construye comunidad, promueve valores como disciplina, respeto, responsabilidad y perseverancia, y genera un sentido de pertenencia que trasciende generaciones. Estos principios han guiado a la empresa durante m\u00e1s de 85 a\u00f1os, conectando personas, comunidades y destinos en el centro y sureste del pa\u00eds.<\/p>\n\n\n\n<p>\u201cEl deporte tiene una capacidad \u00fanica para unir a las personas, para generar comunidad y orgullo colectivo. En ADO creemos profundamente en esa fuerza. Hoy no solo presentamos un autob\u00fas; celebramos el orgullo de acompa\u00f1ar a M\u00e9xico en un momento que nos vuelve a reunir como pa\u00eds\u201d, se\u00f1al\u00f3 Luis Valdivia Figueroa, Gerente General TAPO<\/p>\n\n\n\n<p>La unidad presentada incorpora elementos visuales inspirados en los colores patrios y en el \u00e1guila que representa a la Selecci\u00f3n Nacional, se retoman s\u00edmbolos que evocan el orgullo nacional y la pasi\u00f3n que millones de mexicanos sienten por el f\u00fatbol. Entre los que destaca la emblem\u00e1tica Piedra del Sol, uno de los \u00edconos m\u00e1s representativos de la cultura mexicana, cuya presencia en el dise\u00f1o honra la riqueza hist\u00f3rica y cultural de M\u00e9xico.<\/p>\n\n\n\n<p>Al volante de este autob\u00fas estar\u00e1 Eustaquio Gardu\u00f1o \u201cTaqui\u201d, conductor de ADO con m\u00e1s de veinte a\u00f1os de experiencia transportando a la selecci\u00f3n nacional, una responsabilidad que ha asumido como parte de una trayectoria dedicada a acompa\u00f1ar algunos de los momentos m\u00e1s representativos del f\u00fatbol mexicano.<\/p>\n\n\n\n<p>Como parte de esta iniciativa, cuatro autobuses adicionales con la misma identidad visual recorrer\u00e1n rutas del centro y sur del pa\u00eds, permitiendo que los pasajeros que viajen en nuestro servicio de ADO Primera se encuentren con los autobuses en nuestras terminales, se tomen fotos y sientan que el f\u00fatbol tambi\u00e9n viaja con ellos.<\/p>\n\n\n\n<p>Adem\u00e1s, Turibus tambi\u00e9n portar\u00e1 esta identidad visual con dos unidades especiales \u2013 una en Ciudad de M\u00e9xico y otra en Puebla \u2013 que recorrer\u00e1n las calles con la misma imagen del autob\u00fas oficial, acercando a locales y visitantes a algunos de los lugares m\u00e1s emblem\u00e1ticos de ambas ciudades.<\/p>\n\n\n\n<p>Esta presentaci\u00f3n cobra especial relevancia rumbo al mundial 2026, donde M\u00e9xico ser\u00e1 una de las sedes del torneo. La llegada de este evento internacional atraer\u00e1 visitantes de distintas partes del mundo y permitir\u00e1 mostrar la riqueza cultural tur\u00edstica y gastron\u00f3mica del pa\u00eds.<\/p>\n\n\n\n<p>En este contexto, la movilidad juega un papel fundamental para conectar a las personas con los destinos y experiencias que forman parte de la identidad nacional. A trav\u00e9s de su red de rutas, ADO facilita el acceso a ciudades del centro y sureste de M\u00e9xico, acercando a visitantes y aficionados a la diversidad cultural del pa\u00eds.<\/p>\n\n\n\n<p>A trav\u00e9s de iniciativas como Amantes del Orgullo, ADO reafirma su convicci\u00f3n de que la movilidad tambi\u00e9n puede ser una forma de celebrar aquello que nos llena de orgullo. (<a href=\"https:\/\/nitu.mx\/index.php\/2025\/10\/05\/turibus-celebra-25-anos-con-mas-de-22-millones-de-pasajeros-transportados\/\">Turibus celebra 25 a\u00f1os con m\u00e1s de 22 millones de pasajeros transportados<\/a>).<\/p>\n","protected":false},"excerpt":{"rendered":"<p>ADO, empresa l\u00edder en transporte terrestre de pasajeros, present\u00f3 en la Terminal de Autobuses de Pasajeros de Oriente (TAPO) de la Ciudad de M\u00e9xico, el autob\u00fas de la Selecci\u00f3n Nacional Mexicana, una unidad que acompa\u00f1ar\u00e1 al equipo en su participaci\u00f3n en el pr\u00f3ximo Mundial y que simboliza m\u00e1s de dos d\u00e9cadas de relaci\u00f3n con el [&hellip;]<\/p>\n","protected":false},"author":17,"featured_media":86567,"comment_status":"closed","ping_status":"closed","sticky":false,"template":"","format":"standard","meta":{"footnotes":""},"categories":[12],"tags":[5091,4124,25875],"yoast_head":"<!-- This site is optimized with the Yoast SEO plugin v22.2 - https:\/\/yoast.com\/wordpress\/plugins\/seo\/ -->\n<title>ADO devela el autob\u00fas de la Selecci\u00f3n Nacional Mexicana - Nitu - Noticias de la Industria Turistica<\/title>\n<meta name=\"robots\" content=\"index, follow, max-snippet:-1, max-image-preview:large, max-video-preview:-1\" \/>\n<link rel=\"canonical\" href=\"https:\/\/nitu.mx\/index.php\/2026\/03\/12\/ado-devela-el-autobus-de-la-seleccion-nacional-mexicana\/\" \/>\n<meta name=\"twitter:card\" content=\"summary_large_image\" \/>\n<meta name=\"twitter:title\" content=\"ADO devela el autob\u00fas de la Selecci\u00f3n Nacional Mexicana - Nitu - Noticias de la Industria Turistica\" \/>\n<meta name=\"twitter:description\" content=\"ADO, empresa l\u00edder en transporte terrestre de pasajeros, present\u00f3 en la Terminal de Autobuses de Pasajeros de Oriente (TAPO) de la Ciudad de M\u00e9xico, el autob\u00fas de la Selecci\u00f3n Nacional Mexicana, una unidad que acompa\u00f1ar\u00e1 al equipo en su participaci\u00f3n en el pr\u00f3ximo Mundial y que simboliza m\u00e1s de dos d\u00e9cadas de relaci\u00f3n con el [&hellip;]\" \/>\n<meta name=\"twitter:image\" content=\"https:\/\/nitu.mx\/wp-content\/uploads\/2026\/03\/ADO-Autobus-seleccion-mexicana.jpeg\" \/>\n<meta name=\"twitter:creator\" content=\"@NITUmx\" \/>\n<meta name=\"twitter:site\" content=\"@Arturo_Medina_G\" \/>\n<meta name=\"twitter:label1\" content=\"Escrito por\" \/>\n\t<meta name=\"twitter:data1\" content=\"Redacci\u00f3n\" \/>\n\t<meta name=\"twitter:label2\" content=\"Tiempo de lectura\" \/>\n\t<meta name=\"twitter:data2\" content=\"3 minutos\" \/>\n<script type=\"application\/ld+json\" class=\"yoast-schema-graph\">{\"@context\":\"https:\/\/schema.org\",\"@graph\":[{\"@type\":\"Article\",\"@id\":\"https:\/\/nitu.mx\/index.php\/2026\/03\/12\/ado-devela-el-autobus-de-la-seleccion-nacional-mexicana\/#article\",\"isPartOf\":{\"@id\":\"https:\/\/nitu.mx\/index.php\/2026\/03\/12\/ado-devela-el-autobus-de-la-seleccion-nacional-mexicana\/\"},\"author\":{\"name\":\"Redacci\u00f3n\",\"@id\":\"https:\/\/nitu.mx\/#\/schema\/person\/4a28fe9bd65924f7c90623773daf1b0b\"},\"headline\":\"ADO devela el autob\u00fas de la Selecci\u00f3n Nacional Mexicana\",\"datePublished\":\"2026-03-13T04:54:35+00:00\",\"dateModified\":\"2026-03-13T04:54:36+00:00\",\"mainEntityOfPage\":{\"@id\":\"https:\/\/nitu.mx\/index.php\/2026\/03\/12\/ado-devela-el-autobus-de-la-seleccion-nacional-mexicana\/\"},\"wordCount\":626,\"publisher\":{\"@id\":\"https:\/\/nitu.mx\/#\/schema\/person\/ae7a53426417292d3dd07b45a33e01bc\"},\"image\":{\"@id\":\"https:\/\/nitu.mx\/index.php\/2026\/03\/12\/ado-devela-el-autobus-de-la-seleccion-nacional-mexicana\/#primaryimage\"},\"thumbnailUrl\":\"https:\/\/nitu.mx\/wp-content\/uploads\/2026\/03\/ADO-Autobus-seleccion-mexicana.jpeg\",\"keywords\":[\"ADO\",\"Selecci\u00f3n Mexicana de Futbol\",\"Turibus\"],\"articleSection\":[\"Marketing\"],\"inLanguage\":\"es-MX\"},{\"@type\":\"WebPage\",\"@id\":\"https:\/\/nitu.mx\/index.php\/2026\/03\/12\/ado-devela-el-autobus-de-la-seleccion-nacional-mexicana\/\",\"url\":\"https:\/\/nitu.mx\/index.php\/2026\/03\/12\/ado-devela-el-autobus-de-la-seleccion-nacional-mexicana\/\",\"name\":\"ADO devela el autob\u00fas de la Selecci\u00f3n Nacional Mexicana - Nitu - Noticias de la Industria Turistica\",\"isPartOf\":{\"@id\":\"https:\/\/nitu.mx\/#website\"},\"primaryImageOfPage\":{\"@id\":\"https:\/\/nitu.mx\/index.php\/2026\/03\/12\/ado-devela-el-autobus-de-la-seleccion-nacional-mexicana\/#primaryimage\"},\"image\":{\"@id\":\"https:\/\/nitu.mx\/index.php\/2026\/03\/12\/ado-devela-el-autobus-de-la-seleccion-nacional-mexicana\/#primaryimage\"},\"thumbnailUrl\":\"https:\/\/nitu.mx\/wp-content\/uploads\/2026\/03\/ADO-Autobus-seleccion-mexicana.jpeg\",\"datePublished\":\"2026-03-13T04:54:35+00:00\",\"dateModified\":\"2026-03-13T04:54:36+00:00\",\"breadcrumb\":{\"@id\":\"https:\/\/nitu.mx\/index.php\/2026\/03\/12\/ado-devela-el-autobus-de-la-seleccion-nacional-mexicana\/#breadcrumb\"},\"inLanguage\":\"es-MX\",\"potentialAction\":[{\"@type\":\"ReadAction\",\"target\":[\"https:\/\/nitu.mx\/index.php\/2026\/03\/12\/ado-devela-el-autobus-de-la-seleccion-nacional-mexicana\/\"]}]},{\"@type\":\"ImageObject\",\"inLanguage\":\"es-MX\",\"@id\":\"https:\/\/nitu.mx\/index.php\/2026\/03\/12\/ado-devela-el-autobus-de-la-seleccion-nacional-mexicana\/#primaryimage\",\"url\":\"https:\/\/nitu.mx\/wp-content\/uploads\/2026\/03\/ADO-Autobus-seleccion-mexicana.jpeg\",\"contentUrl\":\"https:\/\/nitu.mx\/wp-content\/uploads\/2026\/03\/ADO-Autobus-seleccion-mexicana.jpeg\",\"width\":1600,\"height\":1200,\"caption\":\"ADO Autob\u00fas selecci\u00f3n mexicana\"},{\"@type\":\"BreadcrumbList\",\"@id\":\"https:\/\/nitu.mx\/index.php\/2026\/03\/12\/ado-devela-el-autobus-de-la-seleccion-nacional-mexicana\/#breadcrumb\",\"itemListElement\":[{\"@type\":\"ListItem\",\"position\":1,\"name\":\"Inicio\",\"item\":\"https:\/\/nitu.mx\/\"},{\"@type\":\"ListItem\",\"position\":2,\"name\":\"ADO devela el autob\u00fas de la Selecci\u00f3n Nacional Mexicana\"}]},{\"@type\":\"WebSite\",\"@id\":\"https:\/\/nitu.mx\/#website\",\"url\":\"https:\/\/nitu.mx\/\",\"name\":\"Nitu - Noticias de la Industria Turistica\",\"description\":\"Noticias de la Industria Turistica\",\"publisher\":{\"@id\":\"https:\/\/nitu.mx\/#\/schema\/person\/ae7a53426417292d3dd07b45a33e01bc\"},\"alternateName\":\"Noticias de la Industria Turistica\",\"potentialAction\":[{\"@type\":\"SearchAction\",\"target\":{\"@type\":\"EntryPoint\",\"urlTemplate\":\"https:\/\/nitu.mx\/?s={search_term_string}\"},\"query-input\":\"required name=search_term_string\"}],\"inLanguage\":\"es-MX\"},{\"@type\":[\"Person\",\"Organization\"],\"@id\":\"https:\/\/nitu.mx\/#\/schema\/person\/ae7a53426417292d3dd07b45a33e01bc\",\"name\":\"Arturo Medina\",\"image\":{\"@type\":\"ImageObject\",\"inLanguage\":\"es-MX\",\"@id\":\"https:\/\/nitu.mx\/#\/schema\/person\/image\/\",\"url\":\"https:\/\/nitu.mx\/wp-content\/uploads\/2024\/04\/4A315622-1904-4D5C-B022-878CDC840E04-90x90-1.jpeg\",\"contentUrl\":\"https:\/\/nitu.mx\/wp-content\/uploads\/2024\/04\/4A315622-1904-4D5C-B022-878CDC840E04-90x90-1.jpeg\",\"width\":90,\"height\":90,\"caption\":\"Arturo Medina\"},\"logo\":{\"@id\":\"https:\/\/nitu.mx\/#\/schema\/person\/image\/\"},\"description\":\"Director NITU.mx, Egresado de la Escuela de Periodismo Carlos Septi\u00e9n Garc\u00eda. Periodista y analista especializado en turismo desde hace 35 a\u00f1os, radicado en Canc\u00fan Q.Roo. arturo@nitu.mx\",\"sameAs\":[\"https:\/\/nitu.mx\",\"https:\/\/www.facebook.com\/NITUmx\/\",\"medinacancun\",\"https:\/\/twitter.com\/@Arturo_Medina_G\"]},{\"@type\":\"Person\",\"@id\":\"https:\/\/nitu.mx\/#\/schema\/person\/4a28fe9bd65924f7c90623773daf1b0b\",\"name\":\"Redacci\u00f3n\",\"image\":{\"@type\":\"ImageObject\",\"inLanguage\":\"es-MX\",\"@id\":\"https:\/\/nitu.mx\/#\/schema\/person\/image\/\",\"url\":\"https:\/\/secure.gravatar.com\/avatar\/5dd011c8ccfc5cd7e4c81e42252aab38?s=96&d=mm&r=g\",\"contentUrl\":\"https:\/\/secure.gravatar.com\/avatar\/5dd011c8ccfc5cd7e4c81e42252aab38?s=96&d=mm&r=g\",\"caption\":\"Redacci\u00f3n\"},\"url\":\"https:\/\/nitu.mx\/index.php\/author\/redaccion\/\"}]}<\/script>\n<!-- \/ Yoast SEO plugin. -->","yoast_head_json":{"title":"ADO devela el autob\u00fas de la Selecci\u00f3n Nacional Mexicana - Nitu - Noticias de la Industria Turistica","robots":{"index":"index","follow":"follow","max-snippet":"max-snippet:-1","max-image-preview":"max-image-preview:large","max-video-preview":"max-video-preview:-1"},"canonical":"https:\/\/nitu.mx\/index.php\/2026\/03\/12\/ado-devela-el-autobus-de-la-seleccion-nacional-mexicana\/","twitter_card":"summary_large_image","twitter_title":"ADO devela el autob\u00fas de la Selecci\u00f3n Nacional Mexicana - Nitu - Noticias de la Industria Turistica","twitter_description":"ADO, empresa l\u00edder en transporte terrestre de pasajeros, present\u00f3 en la Terminal de Autobuses de Pasajeros de Oriente (TAPO) de la Ciudad de M\u00e9xico, el autob\u00fas de la Selecci\u00f3n Nacional Mexicana, una unidad que acompa\u00f1ar\u00e1 al equipo en su participaci\u00f3n en el pr\u00f3ximo Mundial y que simboliza m\u00e1s de dos d\u00e9cadas de relaci\u00f3n con el [&hellip;]","twitter_image":"https:\/\/nitu.mx\/wp-content\/uploads\/2026\/03\/ADO-Autobus-seleccion-mexicana.jpeg","twitter_creator":"@NITUmx","twitter_site":"@Arturo_Medina_G","twitter_misc":{"Escrito por":"Redacci\u00f3n","Tiempo de lectura":"3 minutos"},"schema":{"@context":"https:\/\/schema.org","@graph":[{"@type":"Article","@id":"https:\/\/nitu.mx\/index.php\/2026\/03\/12\/ado-devela-el-autobus-de-la-seleccion-nacional-mexicana\/#article","isPartOf":{"@id":"https:\/\/nitu.mx\/index.php\/2026\/03\/12\/ado-devela-el-autobus-de-la-seleccion-nacional-mexicana\/"},"author":{"name":"Redacci\u00f3n","@id":"https:\/\/nitu.mx\/#\/schema\/person\/4a28fe9bd65924f7c90623773daf1b0b"},"headline":"ADO devela el autob\u00fas de la Selecci\u00f3n Nacional Mexicana","datePublished":"2026-03-13T04:54:35+00:00","dateModified":"2026-03-13T04:54:36+00:00","mainEntityOfPage":{"@id":"https:\/\/nitu.mx\/index.php\/2026\/03\/12\/ado-devela-el-autobus-de-la-seleccion-nacional-mexicana\/"},"wordCount":626,"publisher":{"@id":"https:\/\/nitu.mx\/#\/schema\/person\/ae7a53426417292d3dd07b45a33e01bc"},"image":{"@id":"https:\/\/nitu.mx\/index.php\/2026\/03\/12\/ado-devela-el-autobus-de-la-seleccion-nacional-mexicana\/#primaryimage"},"thumbnailUrl":"https:\/\/nitu.mx\/wp-content\/uploads\/2026\/03\/ADO-Autobus-seleccion-mexicana.jpeg","keywords":["ADO","Selecci\u00f3n Mexicana de Futbol","Turibus"],"articleSection":["Marketing"],"inLanguage":"es-MX"},{"@type":"WebPage","@id":"https:\/\/nitu.mx\/index.php\/2026\/03\/12\/ado-devela-el-autobus-de-la-seleccion-nacional-mexicana\/","url":"https:\/\/nitu.mx\/index.php\/2026\/03\/12\/ado-devela-el-autobus-de-la-seleccion-nacional-mexicana\/","name":"ADO devela el autob\u00fas de la Selecci\u00f3n Nacional Mexicana - Nitu - Noticias de la Industria Turistica","isPartOf":{"@id":"https:\/\/nitu.mx\/#website"},"primaryImageOfPage":{"@id":"https:\/\/nitu.mx\/index.php\/2026\/03\/12\/ado-devela-el-autobus-de-la-seleccion-nacional-mexicana\/#primaryimage"},"image":{"@id":"https:\/\/nitu.mx\/index.php\/2026\/03\/12\/ado-devela-el-autobus-de-la-seleccion-nacional-mexicana\/#primaryimage"},"thumbnailUrl":"https:\/\/nitu.mx\/wp-content\/uploads\/2026\/03\/ADO-Autobus-seleccion-mexicana.jpeg","datePublished":"2026-03-13T04:54:35+00:00","dateModified":"2026-03-13T04:54:36+00:00","breadcrumb":{"@id":"https:\/\/nitu.mx\/index.php\/2026\/03\/12\/ado-devela-el-autobus-de-la-seleccion-nacional-mexicana\/#breadcrumb"},"inLanguage":"es-MX","potentialAction":[{"@type":"ReadAction","target":["https:\/\/nitu.mx\/index.php\/2026\/03\/12\/ado-devela-el-autobus-de-la-seleccion-nacional-mexicana\/"]}]},{"@type":"ImageObject","inLanguage":"es-MX","@id":"https:\/\/nitu.mx\/index.php\/2026\/03\/12\/ado-devela-el-autobus-de-la-seleccion-nacional-mexicana\/#primaryimage","url":"https:\/\/nitu.mx\/wp-content\/uploads\/2026\/03\/ADO-Autobus-seleccion-mexicana.jpeg","contentUrl":"https:\/\/nitu.mx\/wp-content\/uploads\/2026\/03\/ADO-Autobus-seleccion-mexicana.jpeg","width":1600,"height":1200,"caption":"ADO Autob\u00fas selecci\u00f3n mexicana"},{"@type":"BreadcrumbList","@id":"https:\/\/nitu.mx\/index.php\/2026\/03\/12\/ado-devela-el-autobus-de-la-seleccion-nacional-mexicana\/#breadcrumb","itemListElement":[{"@type":"ListItem","position":1,"name":"Inicio","item":"https:\/\/nitu.mx\/"},{"@type":"ListItem","position":2,"name":"ADO devela el autob\u00fas de la Selecci\u00f3n Nacional Mexicana"}]},{"@type":"WebSite","@id":"https:\/\/nitu.mx\/#website","url":"https:\/\/nitu.mx\/","name":"Nitu - Noticias de la Industria Turistica","description":"Noticias de la Industria Turistica","publisher":{"@id":"https:\/\/nitu.mx\/#\/schema\/person\/ae7a53426417292d3dd07b45a33e01bc"},"alternateName":"Noticias de la Industria Turistica","potentialAction":[{"@type":"SearchAction","target":{"@type":"EntryPoint","urlTemplate":"https:\/\/nitu.mx\/?s={search_term_string}"},"query-input":"required name=search_term_string"}],"inLanguage":"es-MX"},{"@type":["Person","Organization"],"@id":"https:\/\/nitu.mx\/#\/schema\/person\/ae7a53426417292d3dd07b45a33e01bc","name":"Arturo Medina","image":{"@type":"ImageObject","inLanguage":"es-MX","@id":"https:\/\/nitu.mx\/#\/schema\/person\/image\/","url":"https:\/\/nitu.mx\/wp-content\/uploads\/2024\/04\/4A315622-1904-4D5C-B022-878CDC840E04-90x90-1.jpeg","contentUrl":"https:\/\/nitu.mx\/wp-content\/uploads\/2024\/04\/4A315622-1904-4D5C-B022-878CDC840E04-90x90-1.jpeg","width":90,"height":90,"caption":"Arturo Medina"},"logo":{"@id":"https:\/\/nitu.mx\/#\/schema\/person\/image\/"},"description":"Director NITU.mx, Egresado de la Escuela de Periodismo Carlos Septi\u00e9n Garc\u00eda. Periodista y analista especializado en turismo desde hace 35 a\u00f1os, radicado en Canc\u00fan Q.Roo. arturo@nitu.mx","sameAs":["https:\/\/nitu.mx","https:\/\/www.facebook.com\/NITUmx\/","medinacancun","https:\/\/twitter.com\/@Arturo_Medina_G"]},{"@type":"Person","@id":"https:\/\/nitu.mx\/#\/schema\/person\/4a28fe9bd65924f7c90623773daf1b0b","name":"Redacci\u00f3n","image":{"@type":"ImageObject","inLanguage":"es-MX","@id":"https:\/\/nitu.mx\/#\/schema\/person\/image\/","url":"https:\/\/secure.gravatar.com\/avatar\/5dd011c8ccfc5cd7e4c81e42252aab38?s=96&d=mm&r=g","contentUrl":"https:\/\/secure.gravatar.com\/avatar\/5dd011c8ccfc5cd7e4c81e42252aab38?s=96&d=mm&r=g","caption":"Redacci\u00f3n"},"url":"https:\/\/nitu.mx\/index.php\/author\/redaccion\/"}]}},"views":269,"_links":{"self":[{"href":"https:\/\/nitu.mx\/index.php\/wp-json\/wp\/v2\/posts\/86565"}],"collection":[{"href":"https:\/\/nitu.mx\/index.php\/wp-json\/wp\/v2\/posts"}],"about":[{"href":"https:\/\/nitu.mx\/index.php\/wp-json\/wp\/v2\/types\/post"}],"author":[{"embeddable":true,"href":"https:\/\/nitu.mx\/index.php\/wp-json\/wp\/v2\/users\/17"}],"replies":[{"embeddable":true,"href":"https:\/\/nitu.mx\/index.php\/wp-json\/wp\/v2\/comments?post=86565"}],"version-history":[{"count":1,"href":"https:\/\/nitu.mx\/index.php\/wp-json\/wp\/v2\/posts\/86565\/revisions"}],"predecessor-version":[{"id":86568,"href":"https:\/\/nitu.mx\/index.php\/wp-json\/wp\/v2\/posts\/86565\/revisions\/86568"}],"wp:featuredmedia":[{"embeddable":true,"href":"https:\/\/nitu.mx\/index.php\/wp-json\/wp\/v2\/media\/86567"}],"wp:attachment":[{"href":"https:\/\/nitu.mx\/index.php\/wp-json\/wp\/v2\/media?parent=86565"}],"wp:term":[{"taxonomy":"category","embeddable":true,"href":"https:\/\/nitu.mx\/index.php\/wp-json\/wp\/v2\/categories?post=86565"},{"taxonomy":"post_tag","embeddable":true,"href":"https:\/\/nitu.mx\/index.php\/wp-json\/wp\/v2\/tags?post=86565"}],"curies":[{"name":"wp","href":"https:\/\/api.w.org\/{rel}","templated":true}]}}