{"id":86550,"date":"2026-03-11T22:32:57","date_gmt":"2026-03-12T04:32:57","guid":{"rendered":"https:\/\/nitu.mx\/?p=86550"},"modified":"2026-03-11T22:32:58","modified_gmt":"2026-03-12T04:32:58","slug":"conflicto-en-iran-genera-perdidas-diarias-al-turismo-por-600-mdd-wttc","status":"publish","type":"post","link":"https:\/\/nitu.mx\/index.php\/2026\/03\/11\/conflicto-en-iran-genera-perdidas-diarias-al-turismo-por-600-mdd-wttc\/","title":{"rendered":"Conflicto en Ir\u00e1n genera p\u00e9rdidas diarias al turismo por 600 MDD: WTTC"},"content":{"rendered":"\n<p>El Consejo Mundial de Viajes y Turismo (WTTC, por sus siglas en ingl\u00e9s) estima que el conflicto en Ir\u00e1n est\u00e1 impactando seriamente al sector de viajes y turismo en Medio Oriente con al menos 600 millones de d\u00f3lares diarios en el gasto de turistas internacionales.<br><br>Las interrupciones en los viajes a\u00e9reos, la confianza de los viajeros y los problemas de conectividad regional est\u00e1n afectando la demanda.<br><br>El an\u00e1lisis del WTTC se basa en su pron\u00f3stico previo al conflicto para 2026 en Medio Oriente, que proyectaba 207 mil millones de d\u00f3lares en gasto de visitantes internacionales en la regi\u00f3n durante este a\u00f1o. Cualquier interrupci\u00f3n en los flujos de viaje se traduce r\u00e1pidamente en un impacto econ\u00f3mico sustancial en todo el ecosistema tur\u00edstico.<br><br>Medio Oriente desempe\u00f1a un papel vital en los viajes globales, ya que la regi\u00f3n representa el 5% de las llegadas internacionales a nivel mundial y el 14% del tr\u00e1fico internacional de tr\u00e1nsito. Cualquier interrupci\u00f3n afecta la demanda en todo el mundo, lo que impacta a aeropuertos y vuelos, hoteles, empresas de alquiler de autos y l\u00edneas de cruceros.<br><br>Los principales centros regionales de aviaci\u00f3n, incluidos Dub\u00e1i, Abu Dabi, Doha y Bar\u00e9in, que en conjunto procesan alrededor de 526,000 pasajeros al d\u00eda, han experimentado cierres e interrupciones operativas a medida que el conflicto se intensifica, lo que afecta significativamente la conectividad regional y global.<br><br>A pesar de los desaf\u00edos actuales, el WTTC enfatiza que el sector de viajes y turismo es uno de los sectores econ\u00f3micos m\u00e1s resilientes del mundo.<br><br>Investigaciones del WTTC sobre crisis anteriores muestran que la demanda tur\u00edstica tras incidentes relacionados con la seguridad, con la respuesta adecuada, puede recuperarse en tan solo dos meses, cuando los gobiernos y la industria act\u00faan r\u00e1pidamente para restaurar la confianza de los viajeros.<br><br>Gloria Guevara, presidenta y CEO del WTTC, se\u00f1al\u00f3:\u00a0\u201cEl sector de Viajes y Turismo es el m\u00e1s resiliente de todos. El impacto del gasto de los visitantes internacionales en todo Medio Oriente es significativo y promedia alrededor de 600 millones de d\u00f3lares estadounidenses al d\u00eda, pero la historia demuestra que el sector puede recuperarse r\u00e1pidamente, especialmente cuando los gobiernos apoyan a los viajeros mediante asistencia hotelera o repatriaci\u00f3n. Nuestro an\u00e1lisis de crisis anteriores demuestra que los incidentes relacionados con la seguridad suelen registrar los tiempos de recuperaci\u00f3n tur\u00edstica m\u00e1s r\u00e1pidos, en algunos casos tan pronto como en dos meses, cuando los gobiernos y la industria trabajan juntos para restablecer la confianza de los viajeros. El WTTC reconoce a los gobiernos que han trabajado incansablemente en los \u00faltimos d\u00edas para apoyar los esfuerzos de recuperaci\u00f3n.<\/p>\n\n\n\n<p>\u201cLa comunicaci\u00f3n clara, una s\u00f3lida coordinaci\u00f3n entre los sectores p\u00fablico y privado, y las medidas que refuercen la seguridad y la estabilidad son fundamentales para reconstruir la confianza de los viajeros y apoyar la recuperaci\u00f3n del sector.\u201d<\/p>\n\n\n\n<p>El WTTC, que representa al sector privado, contin\u00faa monitoreando la evoluci\u00f3n de la situaci\u00f3n en nombre de sus miembros y mantiene un contacto cercano con gobiernos y l\u00edderes de la industria para apoyar la seguridad de los viajeros y la resiliencia del sector global de viajes y turismo. (<a href=\"https:\/\/nitu.mx\/index.php\/2026\/03\/03\/quintana-roo-y-guadalajara-entre-los-15-destinos-que-buscan-la-cumbre-global-del-wttc\/\">Quintana Roo y Guadalajara, entre los 15 destinos que buscan la Cumbre Global del WTTC<\/a>).<\/p>\n","protected":false},"excerpt":{"rendered":"<p>El Consejo Mundial de Viajes y Turismo (WTTC, por sus siglas en ingl\u00e9s) estima que el conflicto en Ir\u00e1n est\u00e1 impactando seriamente al sector de viajes y turismo en Medio Oriente con al menos 600 millones de d\u00f3lares diarios en el gasto de turistas internacionales. Las interrupciones en los viajes a\u00e9reos, la confianza de los [&hellip;]<\/p>\n","protected":false},"author":17,"featured_media":86554,"comment_status":"closed","ping_status":"closed","sticky":false,"template":"","format":"standard","meta":{"footnotes":""},"categories":[12],"tags":[1494,28041,4673,4931],"yoast_head":"<!-- This site is optimized with the Yoast SEO plugin v22.2 - https:\/\/yoast.com\/wordpress\/plugins\/seo\/ -->\n<title>Conflicto en Ir\u00e1n genera p\u00e9rdidas diarias al turismo por 600 MDD: WTTC - Nitu - Noticias de la Industria Turistica<\/title>\n<meta name=\"robots\" content=\"index, follow, max-snippet:-1, max-image-preview:large, max-video-preview:-1\" \/>\n<link rel=\"canonical\" href=\"https:\/\/nitu.mx\/index.php\/2026\/03\/11\/conflicto-en-iran-genera-perdidas-diarias-al-turismo-por-600-mdd-wttc\/\" \/>\n<meta name=\"twitter:card\" content=\"summary_large_image\" \/>\n<meta name=\"twitter:title\" content=\"Conflicto en Ir\u00e1n genera p\u00e9rdidas diarias al turismo por 600 MDD: WTTC - Nitu - Noticias de la Industria Turistica\" \/>\n<meta name=\"twitter:description\" content=\"El Consejo Mundial de Viajes y Turismo (WTTC, por sus siglas en ingl\u00e9s) estima que el conflicto en Ir\u00e1n est\u00e1 impactando seriamente al sector de viajes y turismo en Medio Oriente con al menos 600 millones de d\u00f3lares diarios en el gasto de turistas internacionales. Las interrupciones en los viajes a\u00e9reos, la confianza de los [&hellip;]\" \/>\n<meta name=\"twitter:image\" content=\"https:\/\/nitu.mx\/wp-content\/uploads\/2026\/03\/wttc-pasajera-en-aeropuerto.jpg\" \/>\n<meta name=\"twitter:creator\" content=\"@NITUmx\" \/>\n<meta name=\"twitter:site\" content=\"@Arturo_Medina_G\" \/>\n<meta name=\"twitter:label1\" content=\"Escrito por\" \/>\n\t<meta name=\"twitter:data1\" content=\"Redacci\u00f3n\" \/>\n\t<meta name=\"twitter:label2\" content=\"Tiempo de lectura\" \/>\n\t<meta name=\"twitter:data2\" content=\"3 minutos\" \/>\n<script type=\"application\/ld+json\" class=\"yoast-schema-graph\">{\"@context\":\"https:\/\/schema.org\",\"@graph\":[{\"@type\":\"Article\",\"@id\":\"https:\/\/nitu.mx\/index.php\/2026\/03\/11\/conflicto-en-iran-genera-perdidas-diarias-al-turismo-por-600-mdd-wttc\/#article\",\"isPartOf\":{\"@id\":\"https:\/\/nitu.mx\/index.php\/2026\/03\/11\/conflicto-en-iran-genera-perdidas-diarias-al-turismo-por-600-mdd-wttc\/\"},\"author\":{\"name\":\"Redacci\u00f3n\",\"@id\":\"https:\/\/nitu.mx\/#\/schema\/person\/4a28fe9bd65924f7c90623773daf1b0b\"},\"headline\":\"Conflicto en Ir\u00e1n genera p\u00e9rdidas diarias al turismo por 600 MDD: WTTC\",\"datePublished\":\"2026-03-12T04:32:57+00:00\",\"dateModified\":\"2026-03-12T04:32:58+00:00\",\"mainEntityOfPage\":{\"@id\":\"https:\/\/nitu.mx\/index.php\/2026\/03\/11\/conflicto-en-iran-genera-perdidas-diarias-al-turismo-por-600-mdd-wttc\/\"},\"wordCount\":584,\"publisher\":{\"@id\":\"https:\/\/nitu.mx\/#\/schema\/person\/ae7a53426417292d3dd07b45a33e01bc\"},\"image\":{\"@id\":\"https:\/\/nitu.mx\/index.php\/2026\/03\/11\/conflicto-en-iran-genera-perdidas-diarias-al-turismo-por-600-mdd-wttc\/#primaryimage\"},\"thumbnailUrl\":\"https:\/\/nitu.mx\/wp-content\/uploads\/2026\/03\/wttc-pasajera-en-aeropuerto.jpg\",\"keywords\":[\"Gloria Guevara\",\"Ir\u00e1n\",\"turistas internacionales\",\"WTTC\"],\"articleSection\":[\"Marketing\"],\"inLanguage\":\"es-MX\"},{\"@type\":\"WebPage\",\"@id\":\"https:\/\/nitu.mx\/index.php\/2026\/03\/11\/conflicto-en-iran-genera-perdidas-diarias-al-turismo-por-600-mdd-wttc\/\",\"url\":\"https:\/\/nitu.mx\/index.php\/2026\/03\/11\/conflicto-en-iran-genera-perdidas-diarias-al-turismo-por-600-mdd-wttc\/\",\"name\":\"Conflicto en Ir\u00e1n genera p\u00e9rdidas diarias al turismo por 600 MDD: WTTC - Nitu - Noticias de la Industria Turistica\",\"isPartOf\":{\"@id\":\"https:\/\/nitu.mx\/#website\"},\"primaryImageOfPage\":{\"@id\":\"https:\/\/nitu.mx\/index.php\/2026\/03\/11\/conflicto-en-iran-genera-perdidas-diarias-al-turismo-por-600-mdd-wttc\/#primaryimage\"},\"image\":{\"@id\":\"https:\/\/nitu.mx\/index.php\/2026\/03\/11\/conflicto-en-iran-genera-perdidas-diarias-al-turismo-por-600-mdd-wttc\/#primaryimage\"},\"thumbnailUrl\":\"https:\/\/nitu.mx\/wp-content\/uploads\/2026\/03\/wttc-pasajera-en-aeropuerto.jpg\",\"datePublished\":\"2026-03-12T04:32:57+00:00\",\"dateModified\":\"2026-03-12T04:32:58+00:00\",\"breadcrumb\":{\"@id\":\"https:\/\/nitu.mx\/index.php\/2026\/03\/11\/conflicto-en-iran-genera-perdidas-diarias-al-turismo-por-600-mdd-wttc\/#breadcrumb\"},\"inLanguage\":\"es-MX\",\"potentialAction\":[{\"@type\":\"ReadAction\",\"target\":[\"https:\/\/nitu.mx\/index.php\/2026\/03\/11\/conflicto-en-iran-genera-perdidas-diarias-al-turismo-por-600-mdd-wttc\/\"]}]},{\"@type\":\"ImageObject\",\"inLanguage\":\"es-MX\",\"@id\":\"https:\/\/nitu.mx\/index.php\/2026\/03\/11\/conflicto-en-iran-genera-perdidas-diarias-al-turismo-por-600-mdd-wttc\/#primaryimage\",\"url\":\"https:\/\/nitu.mx\/wp-content\/uploads\/2026\/03\/wttc-pasajera-en-aeropuerto.jpg\",\"contentUrl\":\"https:\/\/nitu.mx\/wp-content\/uploads\/2026\/03\/wttc-pasajera-en-aeropuerto.jpg\",\"width\":1200,\"height\":675,\"caption\":\"wttc pasajera en aeropuerto\"},{\"@type\":\"BreadcrumbList\",\"@id\":\"https:\/\/nitu.mx\/index.php\/2026\/03\/11\/conflicto-en-iran-genera-perdidas-diarias-al-turismo-por-600-mdd-wttc\/#breadcrumb\",\"itemListElement\":[{\"@type\":\"ListItem\",\"position\":1,\"name\":\"Inicio\",\"item\":\"https:\/\/nitu.mx\/\"},{\"@type\":\"ListItem\",\"position\":2,\"name\":\"Conflicto en Ir\u00e1n genera p\u00e9rdidas diarias al turismo por 600 MDD: WTTC\"}]},{\"@type\":\"WebSite\",\"@id\":\"https:\/\/nitu.mx\/#website\",\"url\":\"https:\/\/nitu.mx\/\",\"name\":\"Nitu - Noticias de la Industria Turistica\",\"description\":\"Noticias de la Industria Turistica\",\"publisher\":{\"@id\":\"https:\/\/nitu.mx\/#\/schema\/person\/ae7a53426417292d3dd07b45a33e01bc\"},\"alternateName\":\"Noticias de la Industria Turistica\",\"potentialAction\":[{\"@type\":\"SearchAction\",\"target\":{\"@type\":\"EntryPoint\",\"urlTemplate\":\"https:\/\/nitu.mx\/?s={search_term_string}\"},\"query-input\":\"required name=search_term_string\"}],\"inLanguage\":\"es-MX\"},{\"@type\":[\"Person\",\"Organization\"],\"@id\":\"https:\/\/nitu.mx\/#\/schema\/person\/ae7a53426417292d3dd07b45a33e01bc\",\"name\":\"Arturo Medina\",\"image\":{\"@type\":\"ImageObject\",\"inLanguage\":\"es-MX\",\"@id\":\"https:\/\/nitu.mx\/#\/schema\/person\/image\/\",\"url\":\"https:\/\/nitu.mx\/wp-content\/uploads\/2024\/04\/4A315622-1904-4D5C-B022-878CDC840E04-90x90-1.jpeg\",\"contentUrl\":\"https:\/\/nitu.mx\/wp-content\/uploads\/2024\/04\/4A315622-1904-4D5C-B022-878CDC840E04-90x90-1.jpeg\",\"width\":90,\"height\":90,\"caption\":\"Arturo Medina\"},\"logo\":{\"@id\":\"https:\/\/nitu.mx\/#\/schema\/person\/image\/\"},\"description\":\"Director NITU.mx, Egresado de la Escuela de Periodismo Carlos Septi\u00e9n Garc\u00eda. Periodista y analista especializado en turismo desde hace 35 a\u00f1os, radicado en Canc\u00fan Q.Roo. arturo@nitu.mx\",\"sameAs\":[\"https:\/\/nitu.mx\",\"https:\/\/www.facebook.com\/NITUmx\/\",\"medinacancun\",\"https:\/\/twitter.com\/@Arturo_Medina_G\"]},{\"@type\":\"Person\",\"@id\":\"https:\/\/nitu.mx\/#\/schema\/person\/4a28fe9bd65924f7c90623773daf1b0b\",\"name\":\"Redacci\u00f3n\",\"image\":{\"@type\":\"ImageObject\",\"inLanguage\":\"es-MX\",\"@id\":\"https:\/\/nitu.mx\/#\/schema\/person\/image\/\",\"url\":\"https:\/\/secure.gravatar.com\/avatar\/5dd011c8ccfc5cd7e4c81e42252aab38?s=96&d=mm&r=g\",\"contentUrl\":\"https:\/\/secure.gravatar.com\/avatar\/5dd011c8ccfc5cd7e4c81e42252aab38?s=96&d=mm&r=g\",\"caption\":\"Redacci\u00f3n\"},\"url\":\"https:\/\/nitu.mx\/index.php\/author\/redaccion\/\"}]}<\/script>\n<!-- \/ Yoast SEO plugin. -->","yoast_head_json":{"title":"Conflicto en Ir\u00e1n genera p\u00e9rdidas diarias al turismo por 600 MDD: WTTC - Nitu - Noticias de la Industria Turistica","robots":{"index":"index","follow":"follow","max-snippet":"max-snippet:-1","max-image-preview":"max-image-preview:large","max-video-preview":"max-video-preview:-1"},"canonical":"https:\/\/nitu.mx\/index.php\/2026\/03\/11\/conflicto-en-iran-genera-perdidas-diarias-al-turismo-por-600-mdd-wttc\/","twitter_card":"summary_large_image","twitter_title":"Conflicto en Ir\u00e1n genera p\u00e9rdidas diarias al turismo por 600 MDD: WTTC - Nitu - Noticias de la Industria Turistica","twitter_description":"El Consejo Mundial de Viajes y Turismo (WTTC, por sus siglas en ingl\u00e9s) estima que el conflicto en Ir\u00e1n est\u00e1 impactando seriamente al sector de viajes y turismo en Medio Oriente con al menos 600 millones de d\u00f3lares diarios en el gasto de turistas internacionales. Las interrupciones en los viajes a\u00e9reos, la confianza de los [&hellip;]","twitter_image":"https:\/\/nitu.mx\/wp-content\/uploads\/2026\/03\/wttc-pasajera-en-aeropuerto.jpg","twitter_creator":"@NITUmx","twitter_site":"@Arturo_Medina_G","twitter_misc":{"Escrito por":"Redacci\u00f3n","Tiempo de lectura":"3 minutos"},"schema":{"@context":"https:\/\/schema.org","@graph":[{"@type":"Article","@id":"https:\/\/nitu.mx\/index.php\/2026\/03\/11\/conflicto-en-iran-genera-perdidas-diarias-al-turismo-por-600-mdd-wttc\/#article","isPartOf":{"@id":"https:\/\/nitu.mx\/index.php\/2026\/03\/11\/conflicto-en-iran-genera-perdidas-diarias-al-turismo-por-600-mdd-wttc\/"},"author":{"name":"Redacci\u00f3n","@id":"https:\/\/nitu.mx\/#\/schema\/person\/4a28fe9bd65924f7c90623773daf1b0b"},"headline":"Conflicto en Ir\u00e1n genera p\u00e9rdidas diarias al turismo por 600 MDD: WTTC","datePublished":"2026-03-12T04:32:57+00:00","dateModified":"2026-03-12T04:32:58+00:00","mainEntityOfPage":{"@id":"https:\/\/nitu.mx\/index.php\/2026\/03\/11\/conflicto-en-iran-genera-perdidas-diarias-al-turismo-por-600-mdd-wttc\/"},"wordCount":584,"publisher":{"@id":"https:\/\/nitu.mx\/#\/schema\/person\/ae7a53426417292d3dd07b45a33e01bc"},"image":{"@id":"https:\/\/nitu.mx\/index.php\/2026\/03\/11\/conflicto-en-iran-genera-perdidas-diarias-al-turismo-por-600-mdd-wttc\/#primaryimage"},"thumbnailUrl":"https:\/\/nitu.mx\/wp-content\/uploads\/2026\/03\/wttc-pasajera-en-aeropuerto.jpg","keywords":["Gloria Guevara","Ir\u00e1n","turistas internacionales","WTTC"],"articleSection":["Marketing"],"inLanguage":"es-MX"},{"@type":"WebPage","@id":"https:\/\/nitu.mx\/index.php\/2026\/03\/11\/conflicto-en-iran-genera-perdidas-diarias-al-turismo-por-600-mdd-wttc\/","url":"https:\/\/nitu.mx\/index.php\/2026\/03\/11\/conflicto-en-iran-genera-perdidas-diarias-al-turismo-por-600-mdd-wttc\/","name":"Conflicto en Ir\u00e1n genera p\u00e9rdidas diarias al turismo por 600 MDD: WTTC - Nitu - Noticias de la Industria Turistica","isPartOf":{"@id":"https:\/\/nitu.mx\/#website"},"primaryImageOfPage":{"@id":"https:\/\/nitu.mx\/index.php\/2026\/03\/11\/conflicto-en-iran-genera-perdidas-diarias-al-turismo-por-600-mdd-wttc\/#primaryimage"},"image":{"@id":"https:\/\/nitu.mx\/index.php\/2026\/03\/11\/conflicto-en-iran-genera-perdidas-diarias-al-turismo-por-600-mdd-wttc\/#primaryimage"},"thumbnailUrl":"https:\/\/nitu.mx\/wp-content\/uploads\/2026\/03\/wttc-pasajera-en-aeropuerto.jpg","datePublished":"2026-03-12T04:32:57+00:00","dateModified":"2026-03-12T04:32:58+00:00","breadcrumb":{"@id":"https:\/\/nitu.mx\/index.php\/2026\/03\/11\/conflicto-en-iran-genera-perdidas-diarias-al-turismo-por-600-mdd-wttc\/#breadcrumb"},"inLanguage":"es-MX","potentialAction":[{"@type":"ReadAction","target":["https:\/\/nitu.mx\/index.php\/2026\/03\/11\/conflicto-en-iran-genera-perdidas-diarias-al-turismo-por-600-mdd-wttc\/"]}]},{"@type":"ImageObject","inLanguage":"es-MX","@id":"https:\/\/nitu.mx\/index.php\/2026\/03\/11\/conflicto-en-iran-genera-perdidas-diarias-al-turismo-por-600-mdd-wttc\/#primaryimage","url":"https:\/\/nitu.mx\/wp-content\/uploads\/2026\/03\/wttc-pasajera-en-aeropuerto.jpg","contentUrl":"https:\/\/nitu.mx\/wp-content\/uploads\/2026\/03\/wttc-pasajera-en-aeropuerto.jpg","width":1200,"height":675,"caption":"wttc pasajera en aeropuerto"},{"@type":"BreadcrumbList","@id":"https:\/\/nitu.mx\/index.php\/2026\/03\/11\/conflicto-en-iran-genera-perdidas-diarias-al-turismo-por-600-mdd-wttc\/#breadcrumb","itemListElement":[{"@type":"ListItem","position":1,"name":"Inicio","item":"https:\/\/nitu.mx\/"},{"@type":"ListItem","position":2,"name":"Conflicto en Ir\u00e1n genera p\u00e9rdidas diarias al turismo por 600 MDD: WTTC"}]},{"@type":"WebSite","@id":"https:\/\/nitu.mx\/#website","url":"https:\/\/nitu.mx\/","name":"Nitu - Noticias de la Industria Turistica","description":"Noticias de la Industria Turistica","publisher":{"@id":"https:\/\/nitu.mx\/#\/schema\/person\/ae7a53426417292d3dd07b45a33e01bc"},"alternateName":"Noticias de la Industria Turistica","potentialAction":[{"@type":"SearchAction","target":{"@type":"EntryPoint","urlTemplate":"https:\/\/nitu.mx\/?s={search_term_string}"},"query-input":"required name=search_term_string"}],"inLanguage":"es-MX"},{"@type":["Person","Organization"],"@id":"https:\/\/nitu.mx\/#\/schema\/person\/ae7a53426417292d3dd07b45a33e01bc","name":"Arturo Medina","image":{"@type":"ImageObject","inLanguage":"es-MX","@id":"https:\/\/nitu.mx\/#\/schema\/person\/image\/","url":"https:\/\/nitu.mx\/wp-content\/uploads\/2024\/04\/4A315622-1904-4D5C-B022-878CDC840E04-90x90-1.jpeg","contentUrl":"https:\/\/nitu.mx\/wp-content\/uploads\/2024\/04\/4A315622-1904-4D5C-B022-878CDC840E04-90x90-1.jpeg","width":90,"height":90,"caption":"Arturo Medina"},"logo":{"@id":"https:\/\/nitu.mx\/#\/schema\/person\/image\/"},"description":"Director NITU.mx, Egresado de la Escuela de Periodismo Carlos Septi\u00e9n Garc\u00eda. Periodista y analista especializado en turismo desde hace 35 a\u00f1os, radicado en Canc\u00fan Q.Roo. arturo@nitu.mx","sameAs":["https:\/\/nitu.mx","https:\/\/www.facebook.com\/NITUmx\/","medinacancun","https:\/\/twitter.com\/@Arturo_Medina_G"]},{"@type":"Person","@id":"https:\/\/nitu.mx\/#\/schema\/person\/4a28fe9bd65924f7c90623773daf1b0b","name":"Redacci\u00f3n","image":{"@type":"ImageObject","inLanguage":"es-MX","@id":"https:\/\/nitu.mx\/#\/schema\/person\/image\/","url":"https:\/\/secure.gravatar.com\/avatar\/5dd011c8ccfc5cd7e4c81e42252aab38?s=96&d=mm&r=g","contentUrl":"https:\/\/secure.gravatar.com\/avatar\/5dd011c8ccfc5cd7e4c81e42252aab38?s=96&d=mm&r=g","caption":"Redacci\u00f3n"},"url":"https:\/\/nitu.mx\/index.php\/author\/redaccion\/"}]}},"views":302,"_links":{"self":[{"href":"https:\/\/nitu.mx\/index.php\/wp-json\/wp\/v2\/posts\/86550"}],"collection":[{"href":"https:\/\/nitu.mx\/index.php\/wp-json\/wp\/v2\/posts"}],"about":[{"href":"https:\/\/nitu.mx\/index.php\/wp-json\/wp\/v2\/types\/post"}],"author":[{"embeddable":true,"href":"https:\/\/nitu.mx\/index.php\/wp-json\/wp\/v2\/users\/17"}],"replies":[{"embeddable":true,"href":"https:\/\/nitu.mx\/index.php\/wp-json\/wp\/v2\/comments?post=86550"}],"version-history":[{"count":2,"href":"https:\/\/nitu.mx\/index.php\/wp-json\/wp\/v2\/posts\/86550\/revisions"}],"predecessor-version":[{"id":86555,"href":"https:\/\/nitu.mx\/index.php\/wp-json\/wp\/v2\/posts\/86550\/revisions\/86555"}],"wp:featuredmedia":[{"embeddable":true,"href":"https:\/\/nitu.mx\/index.php\/wp-json\/wp\/v2\/media\/86554"}],"wp:attachment":[{"href":"https:\/\/nitu.mx\/index.php\/wp-json\/wp\/v2\/media?parent=86550"}],"wp:term":[{"taxonomy":"category","embeddable":true,"href":"https:\/\/nitu.mx\/index.php\/wp-json\/wp\/v2\/categories?post=86550"},{"taxonomy":"post_tag","embeddable":true,"href":"https:\/\/nitu.mx\/index.php\/wp-json\/wp\/v2\/tags?post=86550"}],"curies":[{"name":"wp","href":"https:\/\/api.w.org\/{rel}","templated":true}]}}