{"id":86535,"date":"2026-03-11T22:07:15","date_gmt":"2026-03-12T04:07:15","guid":{"rendered":"https:\/\/nitu.mx\/?p=86535"},"modified":"2026-03-11T22:09:19","modified_gmt":"2026-03-12T04:09:19","slug":"morelos-llega-a-la-cdmx-con-su-riqueza-cultural-y-artesanal","status":"publish","type":"post","link":"https:\/\/nitu.mx\/index.php\/2026\/03\/11\/morelos-llega-a-la-cdmx-con-su-riqueza-cultural-y-artesanal\/","title":{"rendered":"Morelos llega a la CDMX con su riqueza cultural y artesanal"},"content":{"rendered":"\n<p>El gobierno del estado de Morelos y la Secretar\u00eda de Turismo federal, pusieron en marcha la presencia de Morelos en Punto M\u00e9xico, que durante el mes de marzo mostrar\u00e1 la riqueza cultural, artesanal y los destinos tur\u00edsticos que ofrece la entidad a los visitantes nacionales y extranjeros.<br><br>Daniel Altafi Valladares, secretario de Turismo estatal afirm\u00f3 que Morelos se convierte en el mejor destino de viaje en ocasi\u00f3n de la Semana Santa y el per\u00edodo vacacional de verano que se avecinan. \u201cLos visitantes en Punto M\u00e9xico podr\u00e1n descubrir la riqueza cultural, artesanal y tur\u00edstica que distingue la identidad de La tierra que nos une\u201d, se\u00f1al\u00f3.<br><br>Por su parte, la secretaria Josefina Rodr\u00edguez Zamora resalt\u00f3 que Morelos es un destino relevante que ofrece a los visitantes un excelente clima, as\u00ed como sus cuatro Pueblos M\u00e1gicos (Tepoztl\u00e1n, Tlayacapan, Tlaltizap\u00e1n de Zapata y Xochitepec), que destacan por su cultura, tradiciones y naturaleza, adem\u00e1s de su gastronom\u00eda.<\/p>\n\n\n\n<p>Resalt\u00f3 que Morelos fue la primera entidad en crear una Direcci\u00f3n de Turismo Comunitario, modelo que se busca replicar a nivel nacional para fortalecer el desarrollo local y la participaci\u00f3n de las comunidades en la actividad tur\u00edstica.<\/p>\n\n\n\n<p>A\u00f1adi\u00f3 que el estado tambi\u00e9n se prepara para recibir importantes eventos deportivos y gastron\u00f3micos que fortalecer\u00e1n su posicionamiento tur\u00edstico, como Desaf\u00edo Morelos by La Vuelta 2026, competencia internacional de ciclismo que se realizar\u00e1 en octubre; el Triatl\u00f3n de Tequesquitengo, programado para el 18 de abril; as\u00ed como el Encuentro de Cocineras Tradicionales del Estado.<\/p>\n\n\n\n<p>La muestra destaca los telares de cintura de Tlaltizap\u00e1n, textiles de Hueyapan, los tradicionales chinelos confeccionados en hoja de ma\u00edz, as\u00ed como miniaturas de cuexcomates de Chalcatzingo y joyer\u00eda inspirada en figuras prehisp\u00e1nicas, entre otros.<br><br>La presencia del estado de Morelos en Punto M\u00e9xico forma parte de una estrategia integral de promoci\u00f3n tur\u00edstica que busca atraer a un mayor n\u00famero de visitantes.<br><br>El Gobierno del Estado de Morelos impulsa acciones de promoci\u00f3n que consolidan al estado como un destino competitivo, sostenible y atractivo. En esta administraci\u00f3n la cultura, las tradiciones y el talento morelense se han convertido en motores fundamentales de bienestar social y desarrollo econ\u00f3mico. <\/p>\n\n\n\n<p>La muestra estar\u00e1 abierta hasta el\u00a028 de marzo, en un horario de 9:00 a 18:00 o 19:00 horas, y permitir\u00e1 a visitantes nacionales e internacionales conocer la diversidad cultural y tur\u00edstica de la entidad. (<a href=\"https:\/\/nitu.mx\/index.php\/2026\/02\/05\/morelos-presenta-su-programa-maestro-de-desarrollo-turistico\/\">Morelos presenta su Programa Maestro de Desarrollo Tur\u00edstico<\/a>).<\/p>\n","protected":false},"excerpt":{"rendered":"<p>El gobierno del estado de Morelos y la Secretar\u00eda de Turismo federal, pusieron en marcha la presencia de Morelos en Punto M\u00e9xico, que durante el mes de marzo mostrar\u00e1 la riqueza cultural, artesanal y los destinos tur\u00edsticos que ofrece la entidad a los visitantes nacionales y extranjeros. Daniel Altafi Valladares, secretario de Turismo estatal afirm\u00f3 [&hellip;]<\/p>\n","protected":false},"author":17,"featured_media":86540,"comment_status":"closed","ping_status":"closed","sticky":false,"template":"","format":"standard","meta":{"footnotes":""},"categories":[5],"tags":[27385,25659,4997,25645,93],"yoast_head":"<!-- This site is optimized with the Yoast SEO plugin v22.2 - https:\/\/yoast.com\/wordpress\/plugins\/seo\/ -->\n<title>Morelos llega a la CDMX con su riqueza cultural y artesanal - Nitu - Noticias de la Industria Turistica<\/title>\n<meta name=\"robots\" content=\"index, follow, max-snippet:-1, max-image-preview:large, max-video-preview:-1\" \/>\n<link rel=\"canonical\" href=\"https:\/\/nitu.mx\/index.php\/2026\/03\/11\/morelos-llega-a-la-cdmx-con-su-riqueza-cultural-y-artesanal\/\" \/>\n<meta name=\"twitter:card\" content=\"summary_large_image\" \/>\n<meta name=\"twitter:title\" content=\"Morelos llega a la CDMX con su riqueza cultural y artesanal - Nitu - Noticias de la Industria Turistica\" \/>\n<meta name=\"twitter:description\" content=\"El gobierno del estado de Morelos y la Secretar\u00eda de Turismo federal, pusieron en marcha la presencia de Morelos en Punto M\u00e9xico, que durante el mes de marzo mostrar\u00e1 la riqueza cultural, artesanal y los destinos tur\u00edsticos que ofrece la entidad a los visitantes nacionales y extranjeros. Daniel Altafi Valladares, secretario de Turismo estatal afirm\u00f3 [&hellip;]\" \/>\n<meta name=\"twitter:image\" content=\"https:\/\/nitu.mx\/wp-content\/uploads\/2026\/03\/Morelos-Punto-Mexico-2026.jpg\" \/>\n<meta name=\"twitter:creator\" content=\"@NITUmx\" \/>\n<meta name=\"twitter:site\" content=\"@Arturo_Medina_G\" \/>\n<meta name=\"twitter:label1\" content=\"Escrito por\" \/>\n\t<meta name=\"twitter:data1\" content=\"Redacci\u00f3n\" \/>\n\t<meta name=\"twitter:label2\" content=\"Tiempo de lectura\" \/>\n\t<meta name=\"twitter:data2\" content=\"2 minutos\" \/>\n<script type=\"application\/ld+json\" class=\"yoast-schema-graph\">{\"@context\":\"https:\/\/schema.org\",\"@graph\":[{\"@type\":\"Article\",\"@id\":\"https:\/\/nitu.mx\/index.php\/2026\/03\/11\/morelos-llega-a-la-cdmx-con-su-riqueza-cultural-y-artesanal\/#article\",\"isPartOf\":{\"@id\":\"https:\/\/nitu.mx\/index.php\/2026\/03\/11\/morelos-llega-a-la-cdmx-con-su-riqueza-cultural-y-artesanal\/\"},\"author\":{\"name\":\"Redacci\u00f3n\",\"@id\":\"https:\/\/nitu.mx\/#\/schema\/person\/4a28fe9bd65924f7c90623773daf1b0b\"},\"headline\":\"Morelos llega a la CDMX con su riqueza cultural y artesanal\",\"datePublished\":\"2026-03-12T04:07:15+00:00\",\"dateModified\":\"2026-03-12T04:09:19+00:00\",\"mainEntityOfPage\":{\"@id\":\"https:\/\/nitu.mx\/index.php\/2026\/03\/11\/morelos-llega-a-la-cdmx-con-su-riqueza-cultural-y-artesanal\/\"},\"wordCount\":435,\"publisher\":{\"@id\":\"https:\/\/nitu.mx\/#\/schema\/person\/ae7a53426417292d3dd07b45a33e01bc\"},\"image\":{\"@id\":\"https:\/\/nitu.mx\/index.php\/2026\/03\/11\/morelos-llega-a-la-cdmx-con-su-riqueza-cultural-y-artesanal\/#primaryimage\"},\"thumbnailUrl\":\"https:\/\/nitu.mx\/wp-content\/uploads\/2026\/03\/Morelos-Punto-Mexico-2026.jpg\",\"keywords\":[\"Daniel Altafi\",\"Josefina Rodr\u00edguez\",\"Morelos\",\"Pueblos Magicos\",\"Sectur\"],\"articleSection\":[\"Destinos\"],\"inLanguage\":\"es-MX\"},{\"@type\":\"WebPage\",\"@id\":\"https:\/\/nitu.mx\/index.php\/2026\/03\/11\/morelos-llega-a-la-cdmx-con-su-riqueza-cultural-y-artesanal\/\",\"url\":\"https:\/\/nitu.mx\/index.php\/2026\/03\/11\/morelos-llega-a-la-cdmx-con-su-riqueza-cultural-y-artesanal\/\",\"name\":\"Morelos llega a la CDMX con su riqueza cultural y artesanal - Nitu - Noticias de la Industria Turistica\",\"isPartOf\":{\"@id\":\"https:\/\/nitu.mx\/#website\"},\"primaryImageOfPage\":{\"@id\":\"https:\/\/nitu.mx\/index.php\/2026\/03\/11\/morelos-llega-a-la-cdmx-con-su-riqueza-cultural-y-artesanal\/#primaryimage\"},\"image\":{\"@id\":\"https:\/\/nitu.mx\/index.php\/2026\/03\/11\/morelos-llega-a-la-cdmx-con-su-riqueza-cultural-y-artesanal\/#primaryimage\"},\"thumbnailUrl\":\"https:\/\/nitu.mx\/wp-content\/uploads\/2026\/03\/Morelos-Punto-Mexico-2026.jpg\",\"datePublished\":\"2026-03-12T04:07:15+00:00\",\"dateModified\":\"2026-03-12T04:09:19+00:00\",\"breadcrumb\":{\"@id\":\"https:\/\/nitu.mx\/index.php\/2026\/03\/11\/morelos-llega-a-la-cdmx-con-su-riqueza-cultural-y-artesanal\/#breadcrumb\"},\"inLanguage\":\"es-MX\",\"potentialAction\":[{\"@type\":\"ReadAction\",\"target\":[\"https:\/\/nitu.mx\/index.php\/2026\/03\/11\/morelos-llega-a-la-cdmx-con-su-riqueza-cultural-y-artesanal\/\"]}]},{\"@type\":\"ImageObject\",\"inLanguage\":\"es-MX\",\"@id\":\"https:\/\/nitu.mx\/index.php\/2026\/03\/11\/morelos-llega-a-la-cdmx-con-su-riqueza-cultural-y-artesanal\/#primaryimage\",\"url\":\"https:\/\/nitu.mx\/wp-content\/uploads\/2026\/03\/Morelos-Punto-Mexico-2026.jpg\",\"contentUrl\":\"https:\/\/nitu.mx\/wp-content\/uploads\/2026\/03\/Morelos-Punto-Mexico-2026.jpg\",\"width\":1200,\"height\":675,\"caption\":\"Morelos Punto M\u00e9xico 2026\"},{\"@type\":\"BreadcrumbList\",\"@id\":\"https:\/\/nitu.mx\/index.php\/2026\/03\/11\/morelos-llega-a-la-cdmx-con-su-riqueza-cultural-y-artesanal\/#breadcrumb\",\"itemListElement\":[{\"@type\":\"ListItem\",\"position\":1,\"name\":\"Inicio\",\"item\":\"https:\/\/nitu.mx\/\"},{\"@type\":\"ListItem\",\"position\":2,\"name\":\"Morelos llega a la CDMX con su riqueza cultural y artesanal\"}]},{\"@type\":\"WebSite\",\"@id\":\"https:\/\/nitu.mx\/#website\",\"url\":\"https:\/\/nitu.mx\/\",\"name\":\"Nitu - Noticias de la Industria Turistica\",\"description\":\"Noticias de la Industria Turistica\",\"publisher\":{\"@id\":\"https:\/\/nitu.mx\/#\/schema\/person\/ae7a53426417292d3dd07b45a33e01bc\"},\"alternateName\":\"Noticias de la Industria Turistica\",\"potentialAction\":[{\"@type\":\"SearchAction\",\"target\":{\"@type\":\"EntryPoint\",\"urlTemplate\":\"https:\/\/nitu.mx\/?s={search_term_string}\"},\"query-input\":\"required name=search_term_string\"}],\"inLanguage\":\"es-MX\"},{\"@type\":[\"Person\",\"Organization\"],\"@id\":\"https:\/\/nitu.mx\/#\/schema\/person\/ae7a53426417292d3dd07b45a33e01bc\",\"name\":\"Arturo Medina\",\"image\":{\"@type\":\"ImageObject\",\"inLanguage\":\"es-MX\",\"@id\":\"https:\/\/nitu.mx\/#\/schema\/person\/image\/\",\"url\":\"https:\/\/nitu.mx\/wp-content\/uploads\/2024\/04\/4A315622-1904-4D5C-B022-878CDC840E04-90x90-1.jpeg\",\"contentUrl\":\"https:\/\/nitu.mx\/wp-content\/uploads\/2024\/04\/4A315622-1904-4D5C-B022-878CDC840E04-90x90-1.jpeg\",\"width\":90,\"height\":90,\"caption\":\"Arturo Medina\"},\"logo\":{\"@id\":\"https:\/\/nitu.mx\/#\/schema\/person\/image\/\"},\"description\":\"Director NITU.mx, Egresado de la Escuela de Periodismo Carlos Septi\u00e9n Garc\u00eda. Periodista y analista especializado en turismo desde hace 35 a\u00f1os, radicado en Canc\u00fan Q.Roo. arturo@nitu.mx\",\"sameAs\":[\"https:\/\/nitu.mx\",\"https:\/\/www.facebook.com\/NITUmx\/\",\"medinacancun\",\"https:\/\/twitter.com\/@Arturo_Medina_G\"]},{\"@type\":\"Person\",\"@id\":\"https:\/\/nitu.mx\/#\/schema\/person\/4a28fe9bd65924f7c90623773daf1b0b\",\"name\":\"Redacci\u00f3n\",\"image\":{\"@type\":\"ImageObject\",\"inLanguage\":\"es-MX\",\"@id\":\"https:\/\/nitu.mx\/#\/schema\/person\/image\/\",\"url\":\"https:\/\/secure.gravatar.com\/avatar\/5dd011c8ccfc5cd7e4c81e42252aab38?s=96&d=mm&r=g\",\"contentUrl\":\"https:\/\/secure.gravatar.com\/avatar\/5dd011c8ccfc5cd7e4c81e42252aab38?s=96&d=mm&r=g\",\"caption\":\"Redacci\u00f3n\"},\"url\":\"https:\/\/nitu.mx\/index.php\/author\/redaccion\/\"}]}<\/script>\n<!-- \/ Yoast SEO plugin. -->","yoast_head_json":{"title":"Morelos llega a la CDMX con su riqueza cultural y artesanal - Nitu - Noticias de la Industria Turistica","robots":{"index":"index","follow":"follow","max-snippet":"max-snippet:-1","max-image-preview":"max-image-preview:large","max-video-preview":"max-video-preview:-1"},"canonical":"https:\/\/nitu.mx\/index.php\/2026\/03\/11\/morelos-llega-a-la-cdmx-con-su-riqueza-cultural-y-artesanal\/","twitter_card":"summary_large_image","twitter_title":"Morelos llega a la CDMX con su riqueza cultural y artesanal - Nitu - Noticias de la Industria Turistica","twitter_description":"El gobierno del estado de Morelos y la Secretar\u00eda de Turismo federal, pusieron en marcha la presencia de Morelos en Punto M\u00e9xico, que durante el mes de marzo mostrar\u00e1 la riqueza cultural, artesanal y los destinos tur\u00edsticos que ofrece la entidad a los visitantes nacionales y extranjeros. Daniel Altafi Valladares, secretario de Turismo estatal afirm\u00f3 [&hellip;]","twitter_image":"https:\/\/nitu.mx\/wp-content\/uploads\/2026\/03\/Morelos-Punto-Mexico-2026.jpg","twitter_creator":"@NITUmx","twitter_site":"@Arturo_Medina_G","twitter_misc":{"Escrito por":"Redacci\u00f3n","Tiempo de lectura":"2 minutos"},"schema":{"@context":"https:\/\/schema.org","@graph":[{"@type":"Article","@id":"https:\/\/nitu.mx\/index.php\/2026\/03\/11\/morelos-llega-a-la-cdmx-con-su-riqueza-cultural-y-artesanal\/#article","isPartOf":{"@id":"https:\/\/nitu.mx\/index.php\/2026\/03\/11\/morelos-llega-a-la-cdmx-con-su-riqueza-cultural-y-artesanal\/"},"author":{"name":"Redacci\u00f3n","@id":"https:\/\/nitu.mx\/#\/schema\/person\/4a28fe9bd65924f7c90623773daf1b0b"},"headline":"Morelos llega a la CDMX con su riqueza cultural y artesanal","datePublished":"2026-03-12T04:07:15+00:00","dateModified":"2026-03-12T04:09:19+00:00","mainEntityOfPage":{"@id":"https:\/\/nitu.mx\/index.php\/2026\/03\/11\/morelos-llega-a-la-cdmx-con-su-riqueza-cultural-y-artesanal\/"},"wordCount":435,"publisher":{"@id":"https:\/\/nitu.mx\/#\/schema\/person\/ae7a53426417292d3dd07b45a33e01bc"},"image":{"@id":"https:\/\/nitu.mx\/index.php\/2026\/03\/11\/morelos-llega-a-la-cdmx-con-su-riqueza-cultural-y-artesanal\/#primaryimage"},"thumbnailUrl":"https:\/\/nitu.mx\/wp-content\/uploads\/2026\/03\/Morelos-Punto-Mexico-2026.jpg","keywords":["Daniel Altafi","Josefina Rodr\u00edguez","Morelos","Pueblos Magicos","Sectur"],"articleSection":["Destinos"],"inLanguage":"es-MX"},{"@type":"WebPage","@id":"https:\/\/nitu.mx\/index.php\/2026\/03\/11\/morelos-llega-a-la-cdmx-con-su-riqueza-cultural-y-artesanal\/","url":"https:\/\/nitu.mx\/index.php\/2026\/03\/11\/morelos-llega-a-la-cdmx-con-su-riqueza-cultural-y-artesanal\/","name":"Morelos llega a la CDMX con su riqueza cultural y artesanal - Nitu - Noticias de la Industria Turistica","isPartOf":{"@id":"https:\/\/nitu.mx\/#website"},"primaryImageOfPage":{"@id":"https:\/\/nitu.mx\/index.php\/2026\/03\/11\/morelos-llega-a-la-cdmx-con-su-riqueza-cultural-y-artesanal\/#primaryimage"},"image":{"@id":"https:\/\/nitu.mx\/index.php\/2026\/03\/11\/morelos-llega-a-la-cdmx-con-su-riqueza-cultural-y-artesanal\/#primaryimage"},"thumbnailUrl":"https:\/\/nitu.mx\/wp-content\/uploads\/2026\/03\/Morelos-Punto-Mexico-2026.jpg","datePublished":"2026-03-12T04:07:15+00:00","dateModified":"2026-03-12T04:09:19+00:00","breadcrumb":{"@id":"https:\/\/nitu.mx\/index.php\/2026\/03\/11\/morelos-llega-a-la-cdmx-con-su-riqueza-cultural-y-artesanal\/#breadcrumb"},"inLanguage":"es-MX","potentialAction":[{"@type":"ReadAction","target":["https:\/\/nitu.mx\/index.php\/2026\/03\/11\/morelos-llega-a-la-cdmx-con-su-riqueza-cultural-y-artesanal\/"]}]},{"@type":"ImageObject","inLanguage":"es-MX","@id":"https:\/\/nitu.mx\/index.php\/2026\/03\/11\/morelos-llega-a-la-cdmx-con-su-riqueza-cultural-y-artesanal\/#primaryimage","url":"https:\/\/nitu.mx\/wp-content\/uploads\/2026\/03\/Morelos-Punto-Mexico-2026.jpg","contentUrl":"https:\/\/nitu.mx\/wp-content\/uploads\/2026\/03\/Morelos-Punto-Mexico-2026.jpg","width":1200,"height":675,"caption":"Morelos Punto M\u00e9xico 2026"},{"@type":"BreadcrumbList","@id":"https:\/\/nitu.mx\/index.php\/2026\/03\/11\/morelos-llega-a-la-cdmx-con-su-riqueza-cultural-y-artesanal\/#breadcrumb","itemListElement":[{"@type":"ListItem","position":1,"name":"Inicio","item":"https:\/\/nitu.mx\/"},{"@type":"ListItem","position":2,"name":"Morelos llega a la CDMX con su riqueza cultural y artesanal"}]},{"@type":"WebSite","@id":"https:\/\/nitu.mx\/#website","url":"https:\/\/nitu.mx\/","name":"Nitu - Noticias de la Industria Turistica","description":"Noticias de la Industria Turistica","publisher":{"@id":"https:\/\/nitu.mx\/#\/schema\/person\/ae7a53426417292d3dd07b45a33e01bc"},"alternateName":"Noticias de la Industria Turistica","potentialAction":[{"@type":"SearchAction","target":{"@type":"EntryPoint","urlTemplate":"https:\/\/nitu.mx\/?s={search_term_string}"},"query-input":"required name=search_term_string"}],"inLanguage":"es-MX"},{"@type":["Person","Organization"],"@id":"https:\/\/nitu.mx\/#\/schema\/person\/ae7a53426417292d3dd07b45a33e01bc","name":"Arturo Medina","image":{"@type":"ImageObject","inLanguage":"es-MX","@id":"https:\/\/nitu.mx\/#\/schema\/person\/image\/","url":"https:\/\/nitu.mx\/wp-content\/uploads\/2024\/04\/4A315622-1904-4D5C-B022-878CDC840E04-90x90-1.jpeg","contentUrl":"https:\/\/nitu.mx\/wp-content\/uploads\/2024\/04\/4A315622-1904-4D5C-B022-878CDC840E04-90x90-1.jpeg","width":90,"height":90,"caption":"Arturo Medina"},"logo":{"@id":"https:\/\/nitu.mx\/#\/schema\/person\/image\/"},"description":"Director NITU.mx, Egresado de la Escuela de Periodismo Carlos Septi\u00e9n Garc\u00eda. Periodista y analista especializado en turismo desde hace 35 a\u00f1os, radicado en Canc\u00fan Q.Roo. arturo@nitu.mx","sameAs":["https:\/\/nitu.mx","https:\/\/www.facebook.com\/NITUmx\/","medinacancun","https:\/\/twitter.com\/@Arturo_Medina_G"]},{"@type":"Person","@id":"https:\/\/nitu.mx\/#\/schema\/person\/4a28fe9bd65924f7c90623773daf1b0b","name":"Redacci\u00f3n","image":{"@type":"ImageObject","inLanguage":"es-MX","@id":"https:\/\/nitu.mx\/#\/schema\/person\/image\/","url":"https:\/\/secure.gravatar.com\/avatar\/5dd011c8ccfc5cd7e4c81e42252aab38?s=96&d=mm&r=g","contentUrl":"https:\/\/secure.gravatar.com\/avatar\/5dd011c8ccfc5cd7e4c81e42252aab38?s=96&d=mm&r=g","caption":"Redacci\u00f3n"},"url":"https:\/\/nitu.mx\/index.php\/author\/redaccion\/"}]}},"views":265,"_links":{"self":[{"href":"https:\/\/nitu.mx\/index.php\/wp-json\/wp\/v2\/posts\/86535"}],"collection":[{"href":"https:\/\/nitu.mx\/index.php\/wp-json\/wp\/v2\/posts"}],"about":[{"href":"https:\/\/nitu.mx\/index.php\/wp-json\/wp\/v2\/types\/post"}],"author":[{"embeddable":true,"href":"https:\/\/nitu.mx\/index.php\/wp-json\/wp\/v2\/users\/17"}],"replies":[{"embeddable":true,"href":"https:\/\/nitu.mx\/index.php\/wp-json\/wp\/v2\/comments?post=86535"}],"version-history":[{"count":2,"href":"https:\/\/nitu.mx\/index.php\/wp-json\/wp\/v2\/posts\/86535\/revisions"}],"predecessor-version":[{"id":86539,"href":"https:\/\/nitu.mx\/index.php\/wp-json\/wp\/v2\/posts\/86535\/revisions\/86539"}],"wp:featuredmedia":[{"embeddable":true,"href":"https:\/\/nitu.mx\/index.php\/wp-json\/wp\/v2\/media\/86540"}],"wp:attachment":[{"href":"https:\/\/nitu.mx\/index.php\/wp-json\/wp\/v2\/media?parent=86535"}],"wp:term":[{"taxonomy":"category","embeddable":true,"href":"https:\/\/nitu.mx\/index.php\/wp-json\/wp\/v2\/categories?post=86535"},{"taxonomy":"post_tag","embeddable":true,"href":"https:\/\/nitu.mx\/index.php\/wp-json\/wp\/v2\/tags?post=86535"}],"curies":[{"name":"wp","href":"https:\/\/api.w.org\/{rel}","templated":true}]}}