{"id":86531,"date":"2026-03-11T21:58:18","date_gmt":"2026-03-12T03:58:18","guid":{"rendered":"https:\/\/nitu.mx\/?p=86531"},"modified":"2026-03-12T10:53:53","modified_gmt":"2026-03-12T16:53:53","slug":"leon-capara-233-mil-visitantes-con-actividades-culturales-y-deportivas-en-semana-santa","status":"publish","type":"post","link":"https:\/\/nitu.mx\/index.php\/2026\/03\/11\/leon-capara-233-mil-visitantes-con-actividades-culturales-y-deportivas-en-semana-santa\/","title":{"rendered":"Le\u00f3n captar\u00e1 233 mil visitantes con actividades culturales y deportivas en Semana Santa"},"content":{"rendered":"\n<p>Con calles llenas de color, plazas activas y espacios p\u00fablicos convertidos en puntos de encuentro para las familias, Le\u00f3n es una ciudad viva, vibrante y que ofrecer\u00e1 unas vacaciones inolvidables con Vive Le\u00f3n 450, un programa que reunir\u00e1 cultura, deporte, tradici\u00f3n, entretenimiento y experiencias para todas las edades durante la Semana Santa y Pascua.<\/p>\n\n\n\n<p>Del 27 de marzo al 12 de abril, la ciudad ofrecer\u00e1 una amplia agenda de actividades en distintos puntos del municipio, con el objetivo de que tanto las familias leonesas como los visitantes disfruten de la ciudad, fortalezcan la convivencia y vivan el esp\u00edritu festivo que caracteriza a Le\u00f3n.<\/p>\n\n\n\n<p>La presidenta municipal, Ale Guti\u00e9rrez, present\u00f3 la cartelera de actividades y destac\u00f3 que Le\u00f3n contin\u00faa apost\u00e1ndole a la generaci\u00f3n de eventos que impulsen el turismo, reactiven la econom\u00eda local y brinden m\u00e1s espacios de convivencia para las familias.<\/p>\n\n\n\n<p>\u201cQueremos que tengan opciones de donde disfrutar, donde estar alegres, donde pasarlo en familia en esta ciudad, sin necesidad de tener que salir de Le\u00f3n, y al contrario, que vengan de otras ciudades a esta bonita ciudad de Le\u00f3n. Que ustedes sepan que hay una log\u00edstica especial para albergar a nuestros visitantes, que puedan tener una experiencia fant\u00e1stica y que nuestra gente de Le\u00f3n pueda tenerla en diferentes puntos de la ciudad\u201d, destac\u00f3.<\/p>\n\n\n\n<p>Mar\u00eda Fernanda Rodr\u00edguez Gonz\u00e1lez, secretar\u00eda para la Reactivaci\u00f3n Econ\u00f3mica de Le\u00f3n, inform\u00f3 que el Centro Hist\u00f3rico ser\u00e1 uno de los principales escenarios de convivencia familiar.<\/p>\n\n\n\n<p>Inform\u00f3 que en la Plaza Principal se instalar\u00e1 el Corral del Conejo de Pascua, donde habr\u00e1 talleres de manualidades, pintacaritas, creaci\u00f3n de pi\u00f1atas, espacios fotogr\u00e1ficos y actividades infantiles del 1 al 5 de abril, en horario de 11:30 de la ma\u00f1ana a 7:00 de la tarde.<\/p>\n\n\n\n<p>En la Plaza Expiatorio habr\u00e1 una cancha de futbol (de 1 de la tarde a 7:30 de la noche) y una rueda de la fortuna gratuita, que estar\u00e1 disponible de 2:30 de la tarde a 9:30 de la noche, convirti\u00e9ndose en uno de los grandes atractivos del programa.<\/p>\n\n\n\n<p>\u201cEsperamos tener m\u00e1s de 30 mil visitantes en estas activaciones, vengan en familia, traigan a sus ni\u00f1os, todo el contenido es completamente gratuito. Estamos listos para recibirlos, nuestra ciudad se viste de fiesta\u201d, mencion\u00f3.<\/p>\n\n\n\n<p>La diversi\u00f3n no termina ah\u00ed, en el emblem\u00e1tico Arco de la Calzada habr\u00e1 actividades como m\u00fasica, baile, lucha libre, adem\u00e1s de la Feria de la Nieve, donde se instalar\u00e1n 37 neveros regionales, 72 artesanos y emprendedores y habr\u00e1 60 espect\u00e1culos familiares.<\/p>\n\n\n\n<p>Allan Le\u00f3n Aguirre, secretario de Vinculaci\u00f3n y Atenci\u00f3n a los Leoneses, destac\u00f3 que esta feria ser\u00e1 una experiencia llena de sabor, tradici\u00f3n y convivencia.<\/p>\n\n\n\n<p>\u201cEl Arco de la Calzada se llenar\u00e1 otra vez de sabor, de colores, a trav\u00e9s de esta Feria de la Nieve que se llevar\u00e1 a cabo del 27 de marzo al 5 de abril, son 10 d\u00edas de sabor, de experiencia\u201d, coment\u00f3.<\/p>\n\n\n\n<p>En el \u00e1mbito cultural, el programa incluir\u00e1 diversas actividades como la exposici\u00f3n \u201cun recorrido por el Barrio de San Miguel\u201d; concierto de la Orquesta Sinf\u00f3nica Pinto Reyes; apertura tradicional Altar de Dolores y recorridos nocturnos por el Museo de las Identidades Leonesas.<\/p>\n\n\n\n<p>El deporte tambi\u00e9n ser\u00e1 protagonista. A trav\u00e9s de COMUDE Le\u00f3n, se organizar\u00e1n eventos como el torneo tradicional de b\u00e9isbol, el partido de Leyendas, retas deportivas y un rally recreativo.<\/p>\n\n\n\n<p>El Centro de Ciencias Explora tambi\u00e9n los recibe con los brazos abiertos donde disfrutar\u00e1n de talleres tem\u00e1ticos de primavera; steam por edades, adem\u00e1s el Teatro Digital Leonardo da Vinci se transformar\u00e1 en un portal al mundo del Tyrannosaurus Rex.<\/p>\n\n\n\n<p>El Zoo Le\u00f3n ofrecer\u00e1 shows infantiles, ludoteca, interacciones con especies y corral interactivo. Por parte del Parque Metropolitano habr\u00e1 zona de inflables, rally familiar, rodada nocturna, lucha libre, observaci\u00f3n de aves y cinema picnic, y el Parque C\u00e1rcamos se una a las actividades con cuenta cuentos, bazar org\u00e1nico y jazz.<\/p>\n\n\n\n<p>De igual manera en los Centros Comunitarios y Plazas de la Ciudadan\u00eda se llevar\u00e1n a cabo talleres de manualidades, relacionados con la Semana Santa y de Pascua, adem\u00e1s de actividades en la red de parques del municipio; as\u00ed como en los siete centros DIF.<\/p>\n\n\n\n<p>En el \u00e1mbito religioso, se realizar\u00e1n representaciones en 27 colonias, as\u00ed como los tradicionales viacrucis y la Procesi\u00f3n del Silencio, que forman parte de las tradiciones m\u00e1s arraigadas de la temporada.<\/p>\n\n\n\n<p>\u201cA disfrutar esta ciudad tan linda, pero sobre todo con muchas actividades para todos los gustos, para los ni\u00f1os, adolescentes, adultos mayores, con diversi\u00f3n, con alegr\u00eda, pero tambi\u00e9n con toda nuestra tradici\u00f3n y la parte religiosa que motiva a la Semana Santa y la de Pascua, aqu\u00ed van a poder encontrar todo, a disfrutar Le\u00f3n y a vivir la pasi\u00f3n\u201d; invit\u00f3 la presidenta municipal.<\/p>\n\n\n\n<p>Para conocer m\u00e1s informaci\u00f3n sobre las actividades y horarios que habr\u00e1 en el municipio, pueden descargar la aplicaci\u00f3n Viva Le\u00f3n.<\/p>\n\n\n\n<p>Esta temporada vacacional es una oportunidad para reencontrarse con la ciudad, con sus tradiciones y con los momentos que se disfrutan en familia. Con Vive Le\u00f3n 450, cada plaza, parque y espacio p\u00fablico se convierte en un punto de encuentro donde la alegr\u00eda, la cultura, el deporte y la convivencia llenan de vida a Le\u00f3n. (<a href=\"https:\/\/nitu.mx\/index.php\/2026\/03\/03\/leon-impulsa-la-industria-de-reuniones-con-la-edicion-94-de-sapica\/\">Le\u00f3n impulsa la industria de reuniones con la edici\u00f3n 94 de Sapica<\/a>),<\/p>\n","protected":false},"excerpt":{"rendered":"<p>Con calles llenas de color, plazas activas y espacios p\u00fablicos convertidos en puntos de encuentro para las familias, Le\u00f3n es una ciudad viva, vibrante y que ofrecer\u00e1 unas vacaciones inolvidables con Vive Le\u00f3n 450, un programa que reunir\u00e1 cultura, deporte, tradici\u00f3n, entretenimiento y experiencias para todas las edades durante la Semana Santa y Pascua. Del [&hellip;]<\/p>\n","protected":false},"author":17,"featured_media":86533,"comment_status":"closed","ping_status":"closed","sticky":false,"template":"","format":"standard","meta":{"footnotes":""},"categories":[5],"tags":[26311,60,3023],"yoast_head":"<!-- This site is optimized with the Yoast SEO plugin v22.2 - https:\/\/yoast.com\/wordpress\/plugins\/seo\/ -->\n<title>Le\u00f3n captar\u00e1 233 mil visitantes con actividades culturales y deportivas en Semana Santa - Nitu - Noticias de la Industria Turistica<\/title>\n<meta name=\"robots\" content=\"index, follow, max-snippet:-1, max-image-preview:large, max-video-preview:-1\" \/>\n<link rel=\"canonical\" href=\"https:\/\/nitu.mx\/index.php\/2026\/03\/11\/leon-capara-233-mil-visitantes-con-actividades-culturales-y-deportivas-en-semana-santa\/\" \/>\n<meta name=\"twitter:card\" content=\"summary_large_image\" \/>\n<meta name=\"twitter:title\" content=\"Le\u00f3n captar\u00e1 233 mil visitantes con actividades culturales y deportivas en Semana Santa - Nitu - Noticias de la Industria Turistica\" \/>\n<meta name=\"twitter:description\" content=\"Con calles llenas de color, plazas activas y espacios p\u00fablicos convertidos en puntos de encuentro para las familias, Le\u00f3n es una ciudad viva, vibrante y que ofrecer\u00e1 unas vacaciones inolvidables con Vive Le\u00f3n 450, un programa que reunir\u00e1 cultura, deporte, tradici\u00f3n, entretenimiento y experiencias para todas las edades durante la Semana Santa y Pascua. Del [&hellip;]\" \/>\n<meta name=\"twitter:image\" content=\"https:\/\/nitu.mx\/wp-content\/uploads\/2026\/03\/Leon-Semana-Santa-2026-conferencia.jpg\" \/>\n<meta name=\"twitter:creator\" content=\"@NITUmx\" \/>\n<meta name=\"twitter:site\" content=\"@Arturo_Medina_G\" \/>\n<meta name=\"twitter:label1\" content=\"Escrito por\" \/>\n\t<meta name=\"twitter:data1\" content=\"Redacci\u00f3n\" \/>\n\t<meta name=\"twitter:label2\" content=\"Tiempo de lectura\" \/>\n\t<meta name=\"twitter:data2\" content=\"5 minutos\" \/>\n<script type=\"application\/ld+json\" class=\"yoast-schema-graph\">{\"@context\":\"https:\/\/schema.org\",\"@graph\":[{\"@type\":\"Article\",\"@id\":\"https:\/\/nitu.mx\/index.php\/2026\/03\/11\/leon-capara-233-mil-visitantes-con-actividades-culturales-y-deportivas-en-semana-santa\/#article\",\"isPartOf\":{\"@id\":\"https:\/\/nitu.mx\/index.php\/2026\/03\/11\/leon-capara-233-mil-visitantes-con-actividades-culturales-y-deportivas-en-semana-santa\/\"},\"author\":{\"name\":\"Redacci\u00f3n\",\"@id\":\"https:\/\/nitu.mx\/#\/schema\/person\/4a28fe9bd65924f7c90623773daf1b0b\"},\"headline\":\"Le\u00f3n captar\u00e1 233 mil visitantes con actividades culturales y deportivas en Semana Santa\",\"datePublished\":\"2026-03-12T03:58:18+00:00\",\"dateModified\":\"2026-03-12T16:53:53+00:00\",\"mainEntityOfPage\":{\"@id\":\"https:\/\/nitu.mx\/index.php\/2026\/03\/11\/leon-capara-233-mil-visitantes-con-actividades-culturales-y-deportivas-en-semana-santa\/\"},\"wordCount\":935,\"publisher\":{\"@id\":\"https:\/\/nitu.mx\/#\/schema\/person\/ae7a53426417292d3dd07b45a33e01bc\"},\"image\":{\"@id\":\"https:\/\/nitu.mx\/index.php\/2026\/03\/11\/leon-capara-233-mil-visitantes-con-actividades-culturales-y-deportivas-en-semana-santa\/#primaryimage\"},\"thumbnailUrl\":\"https:\/\/nitu.mx\/wp-content\/uploads\/2026\/03\/Leon-Semana-Santa-2026-conferencia.jpg\",\"keywords\":[\"Alejandra Guti\u00e9rrez\",\"Le\u00f3n\",\"semana Santa\"],\"articleSection\":[\"Destinos\"],\"inLanguage\":\"es-MX\"},{\"@type\":\"WebPage\",\"@id\":\"https:\/\/nitu.mx\/index.php\/2026\/03\/11\/leon-capara-233-mil-visitantes-con-actividades-culturales-y-deportivas-en-semana-santa\/\",\"url\":\"https:\/\/nitu.mx\/index.php\/2026\/03\/11\/leon-capara-233-mil-visitantes-con-actividades-culturales-y-deportivas-en-semana-santa\/\",\"name\":\"Le\u00f3n captar\u00e1 233 mil visitantes con actividades culturales y deportivas en Semana Santa - Nitu - Noticias de la Industria Turistica\",\"isPartOf\":{\"@id\":\"https:\/\/nitu.mx\/#website\"},\"primaryImageOfPage\":{\"@id\":\"https:\/\/nitu.mx\/index.php\/2026\/03\/11\/leon-capara-233-mil-visitantes-con-actividades-culturales-y-deportivas-en-semana-santa\/#primaryimage\"},\"image\":{\"@id\":\"https:\/\/nitu.mx\/index.php\/2026\/03\/11\/leon-capara-233-mil-visitantes-con-actividades-culturales-y-deportivas-en-semana-santa\/#primaryimage\"},\"thumbnailUrl\":\"https:\/\/nitu.mx\/wp-content\/uploads\/2026\/03\/Leon-Semana-Santa-2026-conferencia.jpg\",\"datePublished\":\"2026-03-12T03:58:18+00:00\",\"dateModified\":\"2026-03-12T16:53:53+00:00\",\"breadcrumb\":{\"@id\":\"https:\/\/nitu.mx\/index.php\/2026\/03\/11\/leon-capara-233-mil-visitantes-con-actividades-culturales-y-deportivas-en-semana-santa\/#breadcrumb\"},\"inLanguage\":\"es-MX\",\"potentialAction\":[{\"@type\":\"ReadAction\",\"target\":[\"https:\/\/nitu.mx\/index.php\/2026\/03\/11\/leon-capara-233-mil-visitantes-con-actividades-culturales-y-deportivas-en-semana-santa\/\"]}]},{\"@type\":\"ImageObject\",\"inLanguage\":\"es-MX\",\"@id\":\"https:\/\/nitu.mx\/index.php\/2026\/03\/11\/leon-capara-233-mil-visitantes-con-actividades-culturales-y-deportivas-en-semana-santa\/#primaryimage\",\"url\":\"https:\/\/nitu.mx\/wp-content\/uploads\/2026\/03\/Leon-Semana-Santa-2026-conferencia.jpg\",\"contentUrl\":\"https:\/\/nitu.mx\/wp-content\/uploads\/2026\/03\/Leon-Semana-Santa-2026-conferencia.jpg\",\"width\":1200,\"height\":675,\"caption\":\"Le\u00f3n Semana Santa 2026 conferencia\"},{\"@type\":\"BreadcrumbList\",\"@id\":\"https:\/\/nitu.mx\/index.php\/2026\/03\/11\/leon-capara-233-mil-visitantes-con-actividades-culturales-y-deportivas-en-semana-santa\/#breadcrumb\",\"itemListElement\":[{\"@type\":\"ListItem\",\"position\":1,\"name\":\"Inicio\",\"item\":\"https:\/\/nitu.mx\/\"},{\"@type\":\"ListItem\",\"position\":2,\"name\":\"Le\u00f3n captar\u00e1 233 mil visitantes con actividades culturales y deportivas en Semana Santa\"}]},{\"@type\":\"WebSite\",\"@id\":\"https:\/\/nitu.mx\/#website\",\"url\":\"https:\/\/nitu.mx\/\",\"name\":\"Nitu - Noticias de la Industria Turistica\",\"description\":\"Noticias de la Industria Turistica\",\"publisher\":{\"@id\":\"https:\/\/nitu.mx\/#\/schema\/person\/ae7a53426417292d3dd07b45a33e01bc\"},\"alternateName\":\"Noticias de la Industria Turistica\",\"potentialAction\":[{\"@type\":\"SearchAction\",\"target\":{\"@type\":\"EntryPoint\",\"urlTemplate\":\"https:\/\/nitu.mx\/?s={search_term_string}\"},\"query-input\":\"required name=search_term_string\"}],\"inLanguage\":\"es-MX\"},{\"@type\":[\"Person\",\"Organization\"],\"@id\":\"https:\/\/nitu.mx\/#\/schema\/person\/ae7a53426417292d3dd07b45a33e01bc\",\"name\":\"Arturo Medina\",\"image\":{\"@type\":\"ImageObject\",\"inLanguage\":\"es-MX\",\"@id\":\"https:\/\/nitu.mx\/#\/schema\/person\/image\/\",\"url\":\"https:\/\/nitu.mx\/wp-content\/uploads\/2024\/04\/4A315622-1904-4D5C-B022-878CDC840E04-90x90-1.jpeg\",\"contentUrl\":\"https:\/\/nitu.mx\/wp-content\/uploads\/2024\/04\/4A315622-1904-4D5C-B022-878CDC840E04-90x90-1.jpeg\",\"width\":90,\"height\":90,\"caption\":\"Arturo Medina\"},\"logo\":{\"@id\":\"https:\/\/nitu.mx\/#\/schema\/person\/image\/\"},\"description\":\"Director NITU.mx, Egresado de la Escuela de Periodismo Carlos Septi\u00e9n Garc\u00eda. Periodista y analista especializado en turismo desde hace 35 a\u00f1os, radicado en Canc\u00fan Q.Roo. arturo@nitu.mx\",\"sameAs\":[\"https:\/\/nitu.mx\",\"https:\/\/www.facebook.com\/NITUmx\/\",\"medinacancun\",\"https:\/\/twitter.com\/@Arturo_Medina_G\"]},{\"@type\":\"Person\",\"@id\":\"https:\/\/nitu.mx\/#\/schema\/person\/4a28fe9bd65924f7c90623773daf1b0b\",\"name\":\"Redacci\u00f3n\",\"image\":{\"@type\":\"ImageObject\",\"inLanguage\":\"es-MX\",\"@id\":\"https:\/\/nitu.mx\/#\/schema\/person\/image\/\",\"url\":\"https:\/\/secure.gravatar.com\/avatar\/5dd011c8ccfc5cd7e4c81e42252aab38?s=96&d=mm&r=g\",\"contentUrl\":\"https:\/\/secure.gravatar.com\/avatar\/5dd011c8ccfc5cd7e4c81e42252aab38?s=96&d=mm&r=g\",\"caption\":\"Redacci\u00f3n\"},\"url\":\"https:\/\/nitu.mx\/index.php\/author\/redaccion\/\"}]}<\/script>\n<!-- \/ Yoast SEO plugin. -->","yoast_head_json":{"title":"Le\u00f3n captar\u00e1 233 mil visitantes con actividades culturales y deportivas en Semana Santa - Nitu - Noticias de la Industria Turistica","robots":{"index":"index","follow":"follow","max-snippet":"max-snippet:-1","max-image-preview":"max-image-preview:large","max-video-preview":"max-video-preview:-1"},"canonical":"https:\/\/nitu.mx\/index.php\/2026\/03\/11\/leon-capara-233-mil-visitantes-con-actividades-culturales-y-deportivas-en-semana-santa\/","twitter_card":"summary_large_image","twitter_title":"Le\u00f3n captar\u00e1 233 mil visitantes con actividades culturales y deportivas en Semana Santa - Nitu - Noticias de la Industria Turistica","twitter_description":"Con calles llenas de color, plazas activas y espacios p\u00fablicos convertidos en puntos de encuentro para las familias, Le\u00f3n es una ciudad viva, vibrante y que ofrecer\u00e1 unas vacaciones inolvidables con Vive Le\u00f3n 450, un programa que reunir\u00e1 cultura, deporte, tradici\u00f3n, entretenimiento y experiencias para todas las edades durante la Semana Santa y Pascua. Del [&hellip;]","twitter_image":"https:\/\/nitu.mx\/wp-content\/uploads\/2026\/03\/Leon-Semana-Santa-2026-conferencia.jpg","twitter_creator":"@NITUmx","twitter_site":"@Arturo_Medina_G","twitter_misc":{"Escrito por":"Redacci\u00f3n","Tiempo de lectura":"5 minutos"},"schema":{"@context":"https:\/\/schema.org","@graph":[{"@type":"Article","@id":"https:\/\/nitu.mx\/index.php\/2026\/03\/11\/leon-capara-233-mil-visitantes-con-actividades-culturales-y-deportivas-en-semana-santa\/#article","isPartOf":{"@id":"https:\/\/nitu.mx\/index.php\/2026\/03\/11\/leon-capara-233-mil-visitantes-con-actividades-culturales-y-deportivas-en-semana-santa\/"},"author":{"name":"Redacci\u00f3n","@id":"https:\/\/nitu.mx\/#\/schema\/person\/4a28fe9bd65924f7c90623773daf1b0b"},"headline":"Le\u00f3n captar\u00e1 233 mil visitantes con actividades culturales y deportivas en Semana Santa","datePublished":"2026-03-12T03:58:18+00:00","dateModified":"2026-03-12T16:53:53+00:00","mainEntityOfPage":{"@id":"https:\/\/nitu.mx\/index.php\/2026\/03\/11\/leon-capara-233-mil-visitantes-con-actividades-culturales-y-deportivas-en-semana-santa\/"},"wordCount":935,"publisher":{"@id":"https:\/\/nitu.mx\/#\/schema\/person\/ae7a53426417292d3dd07b45a33e01bc"},"image":{"@id":"https:\/\/nitu.mx\/index.php\/2026\/03\/11\/leon-capara-233-mil-visitantes-con-actividades-culturales-y-deportivas-en-semana-santa\/#primaryimage"},"thumbnailUrl":"https:\/\/nitu.mx\/wp-content\/uploads\/2026\/03\/Leon-Semana-Santa-2026-conferencia.jpg","keywords":["Alejandra Guti\u00e9rrez","Le\u00f3n","semana Santa"],"articleSection":["Destinos"],"inLanguage":"es-MX"},{"@type":"WebPage","@id":"https:\/\/nitu.mx\/index.php\/2026\/03\/11\/leon-capara-233-mil-visitantes-con-actividades-culturales-y-deportivas-en-semana-santa\/","url":"https:\/\/nitu.mx\/index.php\/2026\/03\/11\/leon-capara-233-mil-visitantes-con-actividades-culturales-y-deportivas-en-semana-santa\/","name":"Le\u00f3n captar\u00e1 233 mil visitantes con actividades culturales y deportivas en Semana Santa - Nitu - Noticias de la Industria Turistica","isPartOf":{"@id":"https:\/\/nitu.mx\/#website"},"primaryImageOfPage":{"@id":"https:\/\/nitu.mx\/index.php\/2026\/03\/11\/leon-capara-233-mil-visitantes-con-actividades-culturales-y-deportivas-en-semana-santa\/#primaryimage"},"image":{"@id":"https:\/\/nitu.mx\/index.php\/2026\/03\/11\/leon-capara-233-mil-visitantes-con-actividades-culturales-y-deportivas-en-semana-santa\/#primaryimage"},"thumbnailUrl":"https:\/\/nitu.mx\/wp-content\/uploads\/2026\/03\/Leon-Semana-Santa-2026-conferencia.jpg","datePublished":"2026-03-12T03:58:18+00:00","dateModified":"2026-03-12T16:53:53+00:00","breadcrumb":{"@id":"https:\/\/nitu.mx\/index.php\/2026\/03\/11\/leon-capara-233-mil-visitantes-con-actividades-culturales-y-deportivas-en-semana-santa\/#breadcrumb"},"inLanguage":"es-MX","potentialAction":[{"@type":"ReadAction","target":["https:\/\/nitu.mx\/index.php\/2026\/03\/11\/leon-capara-233-mil-visitantes-con-actividades-culturales-y-deportivas-en-semana-santa\/"]}]},{"@type":"ImageObject","inLanguage":"es-MX","@id":"https:\/\/nitu.mx\/index.php\/2026\/03\/11\/leon-capara-233-mil-visitantes-con-actividades-culturales-y-deportivas-en-semana-santa\/#primaryimage","url":"https:\/\/nitu.mx\/wp-content\/uploads\/2026\/03\/Leon-Semana-Santa-2026-conferencia.jpg","contentUrl":"https:\/\/nitu.mx\/wp-content\/uploads\/2026\/03\/Leon-Semana-Santa-2026-conferencia.jpg","width":1200,"height":675,"caption":"Le\u00f3n Semana Santa 2026 conferencia"},{"@type":"BreadcrumbList","@id":"https:\/\/nitu.mx\/index.php\/2026\/03\/11\/leon-capara-233-mil-visitantes-con-actividades-culturales-y-deportivas-en-semana-santa\/#breadcrumb","itemListElement":[{"@type":"ListItem","position":1,"name":"Inicio","item":"https:\/\/nitu.mx\/"},{"@type":"ListItem","position":2,"name":"Le\u00f3n captar\u00e1 233 mil visitantes con actividades culturales y deportivas en Semana Santa"}]},{"@type":"WebSite","@id":"https:\/\/nitu.mx\/#website","url":"https:\/\/nitu.mx\/","name":"Nitu - Noticias de la Industria Turistica","description":"Noticias de la Industria Turistica","publisher":{"@id":"https:\/\/nitu.mx\/#\/schema\/person\/ae7a53426417292d3dd07b45a33e01bc"},"alternateName":"Noticias de la Industria Turistica","potentialAction":[{"@type":"SearchAction","target":{"@type":"EntryPoint","urlTemplate":"https:\/\/nitu.mx\/?s={search_term_string}"},"query-input":"required name=search_term_string"}],"inLanguage":"es-MX"},{"@type":["Person","Organization"],"@id":"https:\/\/nitu.mx\/#\/schema\/person\/ae7a53426417292d3dd07b45a33e01bc","name":"Arturo Medina","image":{"@type":"ImageObject","inLanguage":"es-MX","@id":"https:\/\/nitu.mx\/#\/schema\/person\/image\/","url":"https:\/\/nitu.mx\/wp-content\/uploads\/2024\/04\/4A315622-1904-4D5C-B022-878CDC840E04-90x90-1.jpeg","contentUrl":"https:\/\/nitu.mx\/wp-content\/uploads\/2024\/04\/4A315622-1904-4D5C-B022-878CDC840E04-90x90-1.jpeg","width":90,"height":90,"caption":"Arturo Medina"},"logo":{"@id":"https:\/\/nitu.mx\/#\/schema\/person\/image\/"},"description":"Director NITU.mx, Egresado de la Escuela de Periodismo Carlos Septi\u00e9n Garc\u00eda. Periodista y analista especializado en turismo desde hace 35 a\u00f1os, radicado en Canc\u00fan Q.Roo. arturo@nitu.mx","sameAs":["https:\/\/nitu.mx","https:\/\/www.facebook.com\/NITUmx\/","medinacancun","https:\/\/twitter.com\/@Arturo_Medina_G"]},{"@type":"Person","@id":"https:\/\/nitu.mx\/#\/schema\/person\/4a28fe9bd65924f7c90623773daf1b0b","name":"Redacci\u00f3n","image":{"@type":"ImageObject","inLanguage":"es-MX","@id":"https:\/\/nitu.mx\/#\/schema\/person\/image\/","url":"https:\/\/secure.gravatar.com\/avatar\/5dd011c8ccfc5cd7e4c81e42252aab38?s=96&d=mm&r=g","contentUrl":"https:\/\/secure.gravatar.com\/avatar\/5dd011c8ccfc5cd7e4c81e42252aab38?s=96&d=mm&r=g","caption":"Redacci\u00f3n"},"url":"https:\/\/nitu.mx\/index.php\/author\/redaccion\/"}]}},"views":277,"_links":{"self":[{"href":"https:\/\/nitu.mx\/index.php\/wp-json\/wp\/v2\/posts\/86531"}],"collection":[{"href":"https:\/\/nitu.mx\/index.php\/wp-json\/wp\/v2\/posts"}],"about":[{"href":"https:\/\/nitu.mx\/index.php\/wp-json\/wp\/v2\/types\/post"}],"author":[{"embeddable":true,"href":"https:\/\/nitu.mx\/index.php\/wp-json\/wp\/v2\/users\/17"}],"replies":[{"embeddable":true,"href":"https:\/\/nitu.mx\/index.php\/wp-json\/wp\/v2\/comments?post=86531"}],"version-history":[{"count":2,"href":"https:\/\/nitu.mx\/index.php\/wp-json\/wp\/v2\/posts\/86531\/revisions"}],"predecessor-version":[{"id":86557,"href":"https:\/\/nitu.mx\/index.php\/wp-json\/wp\/v2\/posts\/86531\/revisions\/86557"}],"wp:featuredmedia":[{"embeddable":true,"href":"https:\/\/nitu.mx\/index.php\/wp-json\/wp\/v2\/media\/86533"}],"wp:attachment":[{"href":"https:\/\/nitu.mx\/index.php\/wp-json\/wp\/v2\/media?parent=86531"}],"wp:term":[{"taxonomy":"category","embeddable":true,"href":"https:\/\/nitu.mx\/index.php\/wp-json\/wp\/v2\/categories?post=86531"},{"taxonomy":"post_tag","embeddable":true,"href":"https:\/\/nitu.mx\/index.php\/wp-json\/wp\/v2\/tags?post=86531"}],"curies":[{"name":"wp","href":"https:\/\/api.w.org\/{rel}","templated":true}]}}