{"id":86527,"date":"2026-03-10T20:07:38","date_gmt":"2026-03-11T02:07:38","guid":{"rendered":"https:\/\/nitu.mx\/?p=86527"},"modified":"2026-03-10T20:07:38","modified_gmt":"2026-03-11T02:07:38","slug":"waldorf-astoria-los-cabos-pedregal-completa-la-fase-final-de-su-transformacion-multianual","status":"publish","type":"post","link":"https:\/\/nitu.mx\/index.php\/2026\/03\/10\/waldorf-astoria-los-cabos-pedregal-completa-la-fase-final-de-su-transformacion-multianual\/","title":{"rendered":"Waldorf Astoria Los Cabos Pedregal completa la fase final de su transformaci\u00f3n multianual"},"content":{"rendered":"\n<p>La fase final de la transformaci\u00f3n plurianual del Waldorf Astoria Los Cabos Pedregal ha finalizado oficialmente. Esta extensa renovaci\u00f3n demuestra el compromiso del hotel de ofrecer alojamiento y experiencias de lujo renovados, tanto a los nuevos hu\u00e9spedes como a quienes han considerado el Waldorf Astoria Los Cabos Pedregal su hogar desde su creaci\u00f3n.<\/p>\n\n\n\n<p>Aspectos destacados de la renovaci\u00f3n del n\u00facleo<\/p>\n\n\n\n<p>La renovaci\u00f3n completa abarca las 112 habitaciones y los espacios p\u00fablicos clave:<\/p>\n\n\n\n<ul>\n<li>Alojamiento: El redise\u00f1o de todas las habitaciones, suites, suites frente a la playa, suite presidencial frente a la playa, casitas y villas presenta una paleta de colores m\u00e1s claros y neutros, con tonos relajantes que contrastan con acentos c\u00e1lidos y profundos para a\u00f1adir profundidad y riqueza. Todas cuentan con un nuevo bar en la habitaci\u00f3n que ofrece la carta de bebidas artesanales del resort.<\/li>\n\n\n\n<li>Caracter\u00edsticas art\u00edsticas: Cada habitaci\u00f3n se centra en un caparaz\u00f3n de tortuga marina met\u00e1lico elaborado a mano por Preciado Iluminaci\u00f3n.<\/li>\n\n\n\n<li>Socios de dise\u00f1o: encabezado por el dise\u00f1ador original Paul Duesing , presenta trabajos personalizados de artesanos mexicanos en Oaxaca, Baja California Sur y Jalisco.<\/li>\n\n\n\n<li>Espacios P\u00fablicos: Refrescos al Restaurante Beach Club, la piscina para adultos y el Sal\u00f3n del Spa del Waldorf Astoria.<\/li>\n\n\n\n<li>Spa mejorado: el galardonado spa Waldorf Astoria cuenta con un sal\u00f3n renovado y tratamientos guiados por las cuatro fases de la luna, todos basados \u200b\u200ben rituales tradicionales mexicanos.<\/li>\n<\/ul>\n\n\n\n<p>\u201cLa finalizaci\u00f3n de la tan esperada renovaci\u00f3n del Waldorf Astoria Los Cabos Pedregal marca un hito importante para el resort, que busca continuar con su legado hist\u00f3rico e integrar profundamente la vibrante herencia de la cultura mexicana\u201d, afirm\u00f3 Juan Gonz\u00e1lez, gerente general del Waldorf Astoria Los Cabos Pedregal . \u201cEl resort ha creado un legado aut\u00e9ntico y moderno, consolidando la posici\u00f3n del hotel como el destino predilecto en Los Cabos, tanto para los nuevos hu\u00e9spedes como para quienes regresan una y otra vez al Waldorf Astoria Los Cabos Pedregal\u201d.<\/p>\n\n\n\n<p>Innovaciones culinarias y nueva programaci\u00f3n<\/p>\n\n\n\n<p>El resort ha ampliado su oferta gastron\u00f3mica con nuevas propuestas permanentes y eventos exclusivos:<\/p>\n\n\n\n<ul>\n<li>Mar y Le\u00f1a (que significa \u201cmar\u201d y \u201cle\u00f1a\u201d):un nuevo viaje culinario frente al mar presenta un men\u00fa inspirado en Baja con cortes premium asados \u200b\u200ben varios tipos de madera en el renovado Beach Club Palapa, parte de la renovaci\u00f3n del Beach Club Restaurant.<\/li>\n\n\n\n<li>Saboree el mar :un ritual diurno junto al acantilado en la Champagne Terrace de El Farall\u00f3n que ofrece champ\u00e1n y combinaciones de mariscos locales de Baja.<\/li>\n\n\n\n<li>Colecci\u00f3n Pedregal :Ampliaci\u00f3n de la marca privada de vinos del resort con dos nuevos Champagnes exclusivos: un Blanc de Blancs y un Ros\u00e9.<\/li>\n\n\n\n<li>Brunch dominical :un nuevo programa en el Beach Club Palapa con DJ en vivo, estaciones de comida rotativas con mariscos frescos del oc\u00e9ano y creaciones chispeantes de la parrilla, una estaci\u00f3n de comida sorpresa y deleite semanal y caf\u00e9 especial de Neutral Coffee Lab.<\/li>\n\n\n\n<li>Festival de Sabores 2026 :La \u00edntima serie gastron\u00f3mica de tres d\u00edas de extravagancia culinaria contin\u00faa en 2026. Este primer Festival de Sabores de 2026 se llev\u00f3 a cabo del 12 al 15 de febrero en colaboraci\u00f3n con el chef I\u00f1aki Aldrey Teruel del restaurante Atempo en Barcelona, \u200b\u200by el pr\u00f3ximo evento de fin de semana se llevar\u00e1 a cabo del 30 de abril al 2 de mayo en colaboraci\u00f3n con la chef Sheyla Alvarado de Lunario, un restaurante con dos estrellas Michelin en el Valle de Guadalupe, M\u00e9xico.<\/li>\n<\/ul>\n\n\n\n<p>El equipo del Waldorf Astoria Los Cabos Pedregal, conocido cari\u00f1osamente como la &#8220;Gente Pedregal&#8221;, se enorgullece de presentar este nuevo cap\u00edtulo del c\u00e9lebre legado del resort. (<a href=\"https:\/\/nitu.mx\/index.php\/2025\/03\/26\/waldorf-astoria-los-cabos-pedregal-anuncia-nuevo-retiro-fitness-y-de-bienestar-con-alo-moves\/\">Waldorf Astoria Los Cabos Pedregal anuncia nuevo retiro fitness y de bienestar con Alo Moves<\/a>).<\/p>\n","protected":false},"excerpt":{"rendered":"<p>La fase final de la transformaci\u00f3n plurianual del Waldorf Astoria Los Cabos Pedregal ha finalizado oficialmente. Esta extensa renovaci\u00f3n demuestra el compromiso del hotel de ofrecer alojamiento y experiencias de lujo renovados, tanto a los nuevos hu\u00e9spedes como a quienes han considerado el Waldorf Astoria Los Cabos Pedregal su hogar desde su creaci\u00f3n. Aspectos destacados [&hellip;]<\/p>\n","protected":false},"author":17,"featured_media":86530,"comment_status":"closed","ping_status":"closed","sticky":false,"template":"","format":"standard","meta":{"footnotes":""},"categories":[2],"tags":[130,7179,7230],"yoast_head":"<!-- This site is optimized with the Yoast SEO plugin v22.2 - https:\/\/yoast.com\/wordpress\/plugins\/seo\/ -->\n<title>Waldorf Astoria Los Cabos Pedregal completa la fase final de su transformaci\u00f3n multianual - Nitu - Noticias de la Industria Turistica<\/title>\n<meta name=\"robots\" content=\"index, follow, max-snippet:-1, max-image-preview:large, max-video-preview:-1\" \/>\n<link rel=\"canonical\" href=\"https:\/\/nitu.mx\/index.php\/2026\/03\/10\/waldorf-astoria-los-cabos-pedregal-completa-la-fase-final-de-su-transformacion-multianual\/\" \/>\n<meta name=\"twitter:card\" content=\"summary_large_image\" \/>\n<meta name=\"twitter:title\" content=\"Waldorf Astoria Los Cabos Pedregal completa la fase final de su transformaci\u00f3n multianual - Nitu - Noticias de la Industria Turistica\" \/>\n<meta name=\"twitter:description\" content=\"La fase final de la transformaci\u00f3n plurianual del Waldorf Astoria Los Cabos Pedregal ha finalizado oficialmente. Esta extensa renovaci\u00f3n demuestra el compromiso del hotel de ofrecer alojamiento y experiencias de lujo renovados, tanto a los nuevos hu\u00e9spedes como a quienes han considerado el Waldorf Astoria Los Cabos Pedregal su hogar desde su creaci\u00f3n. Aspectos destacados [&hellip;]\" \/>\n<meta name=\"twitter:image\" content=\"https:\/\/nitu.mx\/wp-content\/uploads\/2026\/03\/Waldorf-Astoria-Los-Cabos-Pedregal-renovacion.jpg\" \/>\n<meta name=\"twitter:creator\" content=\"@NITUmx\" \/>\n<meta name=\"twitter:site\" content=\"@Arturo_Medina_G\" \/>\n<meta name=\"twitter:label1\" content=\"Escrito por\" \/>\n\t<meta name=\"twitter:data1\" content=\"Redacci\u00f3n\" \/>\n\t<meta name=\"twitter:label2\" content=\"Tiempo de lectura\" \/>\n\t<meta name=\"twitter:data2\" content=\"3 minutos\" \/>\n<script type=\"application\/ld+json\" class=\"yoast-schema-graph\">{\"@context\":\"https:\/\/schema.org\",\"@graph\":[{\"@type\":\"Article\",\"@id\":\"https:\/\/nitu.mx\/index.php\/2026\/03\/10\/waldorf-astoria-los-cabos-pedregal-completa-la-fase-final-de-su-transformacion-multianual\/#article\",\"isPartOf\":{\"@id\":\"https:\/\/nitu.mx\/index.php\/2026\/03\/10\/waldorf-astoria-los-cabos-pedregal-completa-la-fase-final-de-su-transformacion-multianual\/\"},\"author\":{\"name\":\"Redacci\u00f3n\",\"@id\":\"https:\/\/nitu.mx\/#\/schema\/person\/4a28fe9bd65924f7c90623773daf1b0b\"},\"headline\":\"Waldorf Astoria Los Cabos Pedregal completa la fase final de su transformaci\u00f3n multianual\",\"datePublished\":\"2026-03-11T02:07:38+00:00\",\"dateModified\":\"2026-03-11T02:07:38+00:00\",\"mainEntityOfPage\":{\"@id\":\"https:\/\/nitu.mx\/index.php\/2026\/03\/10\/waldorf-astoria-los-cabos-pedregal-completa-la-fase-final-de-su-transformacion-multianual\/\"},\"wordCount\":657,\"publisher\":{\"@id\":\"https:\/\/nitu.mx\/#\/schema\/person\/ae7a53426417292d3dd07b45a33e01bc\"},\"image\":{\"@id\":\"https:\/\/nitu.mx\/index.php\/2026\/03\/10\/waldorf-astoria-los-cabos-pedregal-completa-la-fase-final-de-su-transformacion-multianual\/#primaryimage\"},\"thumbnailUrl\":\"https:\/\/nitu.mx\/wp-content\/uploads\/2026\/03\/Waldorf-Astoria-Los-Cabos-Pedregal-renovacion.jpg\",\"keywords\":[\"Los Cabos\",\"Valle de Guadalupe\",\"Waldorf Astoria\"],\"articleSection\":[\"Hoteles\"],\"inLanguage\":\"es-MX\"},{\"@type\":\"WebPage\",\"@id\":\"https:\/\/nitu.mx\/index.php\/2026\/03\/10\/waldorf-astoria-los-cabos-pedregal-completa-la-fase-final-de-su-transformacion-multianual\/\",\"url\":\"https:\/\/nitu.mx\/index.php\/2026\/03\/10\/waldorf-astoria-los-cabos-pedregal-completa-la-fase-final-de-su-transformacion-multianual\/\",\"name\":\"Waldorf Astoria Los Cabos Pedregal completa la fase final de su transformaci\u00f3n multianual - Nitu - Noticias de la Industria Turistica\",\"isPartOf\":{\"@id\":\"https:\/\/nitu.mx\/#website\"},\"primaryImageOfPage\":{\"@id\":\"https:\/\/nitu.mx\/index.php\/2026\/03\/10\/waldorf-astoria-los-cabos-pedregal-completa-la-fase-final-de-su-transformacion-multianual\/#primaryimage\"},\"image\":{\"@id\":\"https:\/\/nitu.mx\/index.php\/2026\/03\/10\/waldorf-astoria-los-cabos-pedregal-completa-la-fase-final-de-su-transformacion-multianual\/#primaryimage\"},\"thumbnailUrl\":\"https:\/\/nitu.mx\/wp-content\/uploads\/2026\/03\/Waldorf-Astoria-Los-Cabos-Pedregal-renovacion.jpg\",\"datePublished\":\"2026-03-11T02:07:38+00:00\",\"dateModified\":\"2026-03-11T02:07:38+00:00\",\"breadcrumb\":{\"@id\":\"https:\/\/nitu.mx\/index.php\/2026\/03\/10\/waldorf-astoria-los-cabos-pedregal-completa-la-fase-final-de-su-transformacion-multianual\/#breadcrumb\"},\"inLanguage\":\"es-MX\",\"potentialAction\":[{\"@type\":\"ReadAction\",\"target\":[\"https:\/\/nitu.mx\/index.php\/2026\/03\/10\/waldorf-astoria-los-cabos-pedregal-completa-la-fase-final-de-su-transformacion-multianual\/\"]}]},{\"@type\":\"ImageObject\",\"inLanguage\":\"es-MX\",\"@id\":\"https:\/\/nitu.mx\/index.php\/2026\/03\/10\/waldorf-astoria-los-cabos-pedregal-completa-la-fase-final-de-su-transformacion-multianual\/#primaryimage\",\"url\":\"https:\/\/nitu.mx\/wp-content\/uploads\/2026\/03\/Waldorf-Astoria-Los-Cabos-Pedregal-renovacion.jpg\",\"contentUrl\":\"https:\/\/nitu.mx\/wp-content\/uploads\/2026\/03\/Waldorf-Astoria-Los-Cabos-Pedregal-renovacion.jpg\",\"width\":1200,\"height\":675,\"caption\":\"Waldorf Astoria Los Cabos Pedregal renovaci\u00f3n\"},{\"@type\":\"BreadcrumbList\",\"@id\":\"https:\/\/nitu.mx\/index.php\/2026\/03\/10\/waldorf-astoria-los-cabos-pedregal-completa-la-fase-final-de-su-transformacion-multianual\/#breadcrumb\",\"itemListElement\":[{\"@type\":\"ListItem\",\"position\":1,\"name\":\"Inicio\",\"item\":\"https:\/\/nitu.mx\/\"},{\"@type\":\"ListItem\",\"position\":2,\"name\":\"Waldorf Astoria Los Cabos Pedregal completa la fase final de su transformaci\u00f3n multianual\"}]},{\"@type\":\"WebSite\",\"@id\":\"https:\/\/nitu.mx\/#website\",\"url\":\"https:\/\/nitu.mx\/\",\"name\":\"Nitu - Noticias de la Industria Turistica\",\"description\":\"Noticias de la Industria Turistica\",\"publisher\":{\"@id\":\"https:\/\/nitu.mx\/#\/schema\/person\/ae7a53426417292d3dd07b45a33e01bc\"},\"alternateName\":\"Noticias de la Industria Turistica\",\"potentialAction\":[{\"@type\":\"SearchAction\",\"target\":{\"@type\":\"EntryPoint\",\"urlTemplate\":\"https:\/\/nitu.mx\/?s={search_term_string}\"},\"query-input\":\"required name=search_term_string\"}],\"inLanguage\":\"es-MX\"},{\"@type\":[\"Person\",\"Organization\"],\"@id\":\"https:\/\/nitu.mx\/#\/schema\/person\/ae7a53426417292d3dd07b45a33e01bc\",\"name\":\"Arturo Medina\",\"image\":{\"@type\":\"ImageObject\",\"inLanguage\":\"es-MX\",\"@id\":\"https:\/\/nitu.mx\/#\/schema\/person\/image\/\",\"url\":\"https:\/\/nitu.mx\/wp-content\/uploads\/2024\/04\/4A315622-1904-4D5C-B022-878CDC840E04-90x90-1.jpeg\",\"contentUrl\":\"https:\/\/nitu.mx\/wp-content\/uploads\/2024\/04\/4A315622-1904-4D5C-B022-878CDC840E04-90x90-1.jpeg\",\"width\":90,\"height\":90,\"caption\":\"Arturo Medina\"},\"logo\":{\"@id\":\"https:\/\/nitu.mx\/#\/schema\/person\/image\/\"},\"description\":\"Director NITU.mx, Egresado de la Escuela de Periodismo Carlos Septi\u00e9n Garc\u00eda. Periodista y analista especializado en turismo desde hace 35 a\u00f1os, radicado en Canc\u00fan Q.Roo. arturo@nitu.mx\",\"sameAs\":[\"https:\/\/nitu.mx\",\"https:\/\/www.facebook.com\/NITUmx\/\",\"medinacancun\",\"https:\/\/twitter.com\/@Arturo_Medina_G\"]},{\"@type\":\"Person\",\"@id\":\"https:\/\/nitu.mx\/#\/schema\/person\/4a28fe9bd65924f7c90623773daf1b0b\",\"name\":\"Redacci\u00f3n\",\"image\":{\"@type\":\"ImageObject\",\"inLanguage\":\"es-MX\",\"@id\":\"https:\/\/nitu.mx\/#\/schema\/person\/image\/\",\"url\":\"https:\/\/secure.gravatar.com\/avatar\/5dd011c8ccfc5cd7e4c81e42252aab38?s=96&d=mm&r=g\",\"contentUrl\":\"https:\/\/secure.gravatar.com\/avatar\/5dd011c8ccfc5cd7e4c81e42252aab38?s=96&d=mm&r=g\",\"caption\":\"Redacci\u00f3n\"},\"url\":\"https:\/\/nitu.mx\/index.php\/author\/redaccion\/\"}]}<\/script>\n<!-- \/ Yoast SEO plugin. -->","yoast_head_json":{"title":"Waldorf Astoria Los Cabos Pedregal completa la fase final de su transformaci\u00f3n multianual - Nitu - Noticias de la Industria Turistica","robots":{"index":"index","follow":"follow","max-snippet":"max-snippet:-1","max-image-preview":"max-image-preview:large","max-video-preview":"max-video-preview:-1"},"canonical":"https:\/\/nitu.mx\/index.php\/2026\/03\/10\/waldorf-astoria-los-cabos-pedregal-completa-la-fase-final-de-su-transformacion-multianual\/","twitter_card":"summary_large_image","twitter_title":"Waldorf Astoria Los Cabos Pedregal completa la fase final de su transformaci\u00f3n multianual - Nitu - Noticias de la Industria Turistica","twitter_description":"La fase final de la transformaci\u00f3n plurianual del Waldorf Astoria Los Cabos Pedregal ha finalizado oficialmente. Esta extensa renovaci\u00f3n demuestra el compromiso del hotel de ofrecer alojamiento y experiencias de lujo renovados, tanto a los nuevos hu\u00e9spedes como a quienes han considerado el Waldorf Astoria Los Cabos Pedregal su hogar desde su creaci\u00f3n. Aspectos destacados [&hellip;]","twitter_image":"https:\/\/nitu.mx\/wp-content\/uploads\/2026\/03\/Waldorf-Astoria-Los-Cabos-Pedregal-renovacion.jpg","twitter_creator":"@NITUmx","twitter_site":"@Arturo_Medina_G","twitter_misc":{"Escrito por":"Redacci\u00f3n","Tiempo de lectura":"3 minutos"},"schema":{"@context":"https:\/\/schema.org","@graph":[{"@type":"Article","@id":"https:\/\/nitu.mx\/index.php\/2026\/03\/10\/waldorf-astoria-los-cabos-pedregal-completa-la-fase-final-de-su-transformacion-multianual\/#article","isPartOf":{"@id":"https:\/\/nitu.mx\/index.php\/2026\/03\/10\/waldorf-astoria-los-cabos-pedregal-completa-la-fase-final-de-su-transformacion-multianual\/"},"author":{"name":"Redacci\u00f3n","@id":"https:\/\/nitu.mx\/#\/schema\/person\/4a28fe9bd65924f7c90623773daf1b0b"},"headline":"Waldorf Astoria Los Cabos Pedregal completa la fase final de su transformaci\u00f3n multianual","datePublished":"2026-03-11T02:07:38+00:00","dateModified":"2026-03-11T02:07:38+00:00","mainEntityOfPage":{"@id":"https:\/\/nitu.mx\/index.php\/2026\/03\/10\/waldorf-astoria-los-cabos-pedregal-completa-la-fase-final-de-su-transformacion-multianual\/"},"wordCount":657,"publisher":{"@id":"https:\/\/nitu.mx\/#\/schema\/person\/ae7a53426417292d3dd07b45a33e01bc"},"image":{"@id":"https:\/\/nitu.mx\/index.php\/2026\/03\/10\/waldorf-astoria-los-cabos-pedregal-completa-la-fase-final-de-su-transformacion-multianual\/#primaryimage"},"thumbnailUrl":"https:\/\/nitu.mx\/wp-content\/uploads\/2026\/03\/Waldorf-Astoria-Los-Cabos-Pedregal-renovacion.jpg","keywords":["Los Cabos","Valle de Guadalupe","Waldorf Astoria"],"articleSection":["Hoteles"],"inLanguage":"es-MX"},{"@type":"WebPage","@id":"https:\/\/nitu.mx\/index.php\/2026\/03\/10\/waldorf-astoria-los-cabos-pedregal-completa-la-fase-final-de-su-transformacion-multianual\/","url":"https:\/\/nitu.mx\/index.php\/2026\/03\/10\/waldorf-astoria-los-cabos-pedregal-completa-la-fase-final-de-su-transformacion-multianual\/","name":"Waldorf Astoria Los Cabos Pedregal completa la fase final de su transformaci\u00f3n multianual - Nitu - Noticias de la Industria Turistica","isPartOf":{"@id":"https:\/\/nitu.mx\/#website"},"primaryImageOfPage":{"@id":"https:\/\/nitu.mx\/index.php\/2026\/03\/10\/waldorf-astoria-los-cabos-pedregal-completa-la-fase-final-de-su-transformacion-multianual\/#primaryimage"},"image":{"@id":"https:\/\/nitu.mx\/index.php\/2026\/03\/10\/waldorf-astoria-los-cabos-pedregal-completa-la-fase-final-de-su-transformacion-multianual\/#primaryimage"},"thumbnailUrl":"https:\/\/nitu.mx\/wp-content\/uploads\/2026\/03\/Waldorf-Astoria-Los-Cabos-Pedregal-renovacion.jpg","datePublished":"2026-03-11T02:07:38+00:00","dateModified":"2026-03-11T02:07:38+00:00","breadcrumb":{"@id":"https:\/\/nitu.mx\/index.php\/2026\/03\/10\/waldorf-astoria-los-cabos-pedregal-completa-la-fase-final-de-su-transformacion-multianual\/#breadcrumb"},"inLanguage":"es-MX","potentialAction":[{"@type":"ReadAction","target":["https:\/\/nitu.mx\/index.php\/2026\/03\/10\/waldorf-astoria-los-cabos-pedregal-completa-la-fase-final-de-su-transformacion-multianual\/"]}]},{"@type":"ImageObject","inLanguage":"es-MX","@id":"https:\/\/nitu.mx\/index.php\/2026\/03\/10\/waldorf-astoria-los-cabos-pedregal-completa-la-fase-final-de-su-transformacion-multianual\/#primaryimage","url":"https:\/\/nitu.mx\/wp-content\/uploads\/2026\/03\/Waldorf-Astoria-Los-Cabos-Pedregal-renovacion.jpg","contentUrl":"https:\/\/nitu.mx\/wp-content\/uploads\/2026\/03\/Waldorf-Astoria-Los-Cabos-Pedregal-renovacion.jpg","width":1200,"height":675,"caption":"Waldorf Astoria Los Cabos Pedregal renovaci\u00f3n"},{"@type":"BreadcrumbList","@id":"https:\/\/nitu.mx\/index.php\/2026\/03\/10\/waldorf-astoria-los-cabos-pedregal-completa-la-fase-final-de-su-transformacion-multianual\/#breadcrumb","itemListElement":[{"@type":"ListItem","position":1,"name":"Inicio","item":"https:\/\/nitu.mx\/"},{"@type":"ListItem","position":2,"name":"Waldorf Astoria Los Cabos Pedregal completa la fase final de su transformaci\u00f3n multianual"}]},{"@type":"WebSite","@id":"https:\/\/nitu.mx\/#website","url":"https:\/\/nitu.mx\/","name":"Nitu - Noticias de la Industria Turistica","description":"Noticias de la Industria Turistica","publisher":{"@id":"https:\/\/nitu.mx\/#\/schema\/person\/ae7a53426417292d3dd07b45a33e01bc"},"alternateName":"Noticias de la Industria Turistica","potentialAction":[{"@type":"SearchAction","target":{"@type":"EntryPoint","urlTemplate":"https:\/\/nitu.mx\/?s={search_term_string}"},"query-input":"required name=search_term_string"}],"inLanguage":"es-MX"},{"@type":["Person","Organization"],"@id":"https:\/\/nitu.mx\/#\/schema\/person\/ae7a53426417292d3dd07b45a33e01bc","name":"Arturo Medina","image":{"@type":"ImageObject","inLanguage":"es-MX","@id":"https:\/\/nitu.mx\/#\/schema\/person\/image\/","url":"https:\/\/nitu.mx\/wp-content\/uploads\/2024\/04\/4A315622-1904-4D5C-B022-878CDC840E04-90x90-1.jpeg","contentUrl":"https:\/\/nitu.mx\/wp-content\/uploads\/2024\/04\/4A315622-1904-4D5C-B022-878CDC840E04-90x90-1.jpeg","width":90,"height":90,"caption":"Arturo Medina"},"logo":{"@id":"https:\/\/nitu.mx\/#\/schema\/person\/image\/"},"description":"Director NITU.mx, Egresado de la Escuela de Periodismo Carlos Septi\u00e9n Garc\u00eda. Periodista y analista especializado en turismo desde hace 35 a\u00f1os, radicado en Canc\u00fan Q.Roo. arturo@nitu.mx","sameAs":["https:\/\/nitu.mx","https:\/\/www.facebook.com\/NITUmx\/","medinacancun","https:\/\/twitter.com\/@Arturo_Medina_G"]},{"@type":"Person","@id":"https:\/\/nitu.mx\/#\/schema\/person\/4a28fe9bd65924f7c90623773daf1b0b","name":"Redacci\u00f3n","image":{"@type":"ImageObject","inLanguage":"es-MX","@id":"https:\/\/nitu.mx\/#\/schema\/person\/image\/","url":"https:\/\/secure.gravatar.com\/avatar\/5dd011c8ccfc5cd7e4c81e42252aab38?s=96&d=mm&r=g","contentUrl":"https:\/\/secure.gravatar.com\/avatar\/5dd011c8ccfc5cd7e4c81e42252aab38?s=96&d=mm&r=g","caption":"Redacci\u00f3n"},"url":"https:\/\/nitu.mx\/index.php\/author\/redaccion\/"}]}},"views":451,"_links":{"self":[{"href":"https:\/\/nitu.mx\/index.php\/wp-json\/wp\/v2\/posts\/86527"}],"collection":[{"href":"https:\/\/nitu.mx\/index.php\/wp-json\/wp\/v2\/posts"}],"about":[{"href":"https:\/\/nitu.mx\/index.php\/wp-json\/wp\/v2\/types\/post"}],"author":[{"embeddable":true,"href":"https:\/\/nitu.mx\/index.php\/wp-json\/wp\/v2\/users\/17"}],"replies":[{"embeddable":true,"href":"https:\/\/nitu.mx\/index.php\/wp-json\/wp\/v2\/comments?post=86527"}],"version-history":[{"count":1,"href":"https:\/\/nitu.mx\/index.php\/wp-json\/wp\/v2\/posts\/86527\/revisions"}],"predecessor-version":[{"id":86529,"href":"https:\/\/nitu.mx\/index.php\/wp-json\/wp\/v2\/posts\/86527\/revisions\/86529"}],"wp:featuredmedia":[{"embeddable":true,"href":"https:\/\/nitu.mx\/index.php\/wp-json\/wp\/v2\/media\/86530"}],"wp:attachment":[{"href":"https:\/\/nitu.mx\/index.php\/wp-json\/wp\/v2\/media?parent=86527"}],"wp:term":[{"taxonomy":"category","embeddable":true,"href":"https:\/\/nitu.mx\/index.php\/wp-json\/wp\/v2\/categories?post=86527"},{"taxonomy":"post_tag","embeddable":true,"href":"https:\/\/nitu.mx\/index.php\/wp-json\/wp\/v2\/tags?post=86527"}],"curies":[{"name":"wp","href":"https:\/\/api.w.org\/{rel}","templated":true}]}}