{"id":86488,"date":"2026-03-09T20:16:04","date_gmt":"2026-03-10T02:16:04","guid":{"rendered":"https:\/\/nitu.mx\/?p=86488"},"modified":"2026-03-09T20:16:05","modified_gmt":"2026-03-10T02:16:05","slug":"conexstur-fortalece-la-presencia-de-mexico-en-anato-2026","status":"publish","type":"post","link":"https:\/\/nitu.mx\/index.php\/2026\/03\/09\/conexstur-fortalece-la-presencia-de-mexico-en-anato-2026\/","title":{"rendered":"CONEXSTUR fortalece la presencia de M\u00e9xico en ANATO 2026"},"content":{"rendered":"\n<p>En el marco de la Vitrina Tur\u00edstica de ANATO 2026, el Consejo Nacional de Exportadores de Servicios Tur\u00edsticos (CONEXSTUR) desarroll\u00f3 una agenda estrat\u00e9gica de reuniones institucionales, citas B2B y acciones de promoci\u00f3n orientadas a fortalecer la presencia de los destinos mexicanos en el mercado colombiano.<\/p>\n\n\n\n<p>Este mercado representa un aliado estrat\u00e9gico para el turismo receptivo del pa\u00eds, manteni\u00e9ndose en el 4\u00ba puesto como mercado emisor internacional hacia M\u00e9xico, con m\u00e1s de 429 mil turistas que ingresaron v\u00eda a\u00e9rea en 2025, representando el 2.1% del total de llegadas internacionales al pa\u00eds. <\/p>\n\n\n\n<p>La relaci\u00f3n bilateral se ve respaldada por una conectividad a\u00e9rea s\u00f3lida, con 12 rutas directas y alrededor de 90 vuelos semanales entre ambos pa\u00edses, lo que facilita el intercambio tur\u00edstico y comercial.<\/p>\n\n\n\n<p>Al respecto, Birgit Grund, presidenta de CONEXSTUR, se\u00f1al\u00f3: \u201cPara CONEXSTUR, Colombia es un socio estrat\u00e9gico con el que compartimos cultura, historia y visi\u00f3n de crecimiento. Seguimos trabajando para que m\u00e1s proyectos y experiencias conecten a nuestros pa\u00edses\u201d.<\/p>\n\n\n\n<p>Durante la feria, CONEXSTUR sostuvo encuentros de trabajo con autoridades estatales y representantes del sector tur\u00edstico, entre ellos:<br>\u2022 Lic. Guadalupe Robles, Secretaria de Turismo de Guanajuato<br>\u2022 Miguel V\u00e9lez, Subsecretario de Turismo de Puebla<br>\u2022 Michelle Aguilar Ramos, Subsecretaria de Promoci\u00f3n y Operaci\u00f3n Tur\u00edstica de la Secretar\u00eda de Turismo del Estado de Sinaloa<br>\u2022 Mariel L\u00f3pez Villatoro, Subsecretaria de Operaci\u00f3n Tur\u00edstica de Oaxaca<br>\u2022 Lic. Rosa Mar\u00eda Guti\u00e9rrez, Directora de Promoci\u00f3n Tur\u00edstica de San Luis Potos\u00ed<br>\u2022 Lic. Rodrigo Ibarra, Director de Promoci\u00f3n Tur\u00edstica de Quer\u00e9taro<br>\u2022 Lic. Miguel Andr\u00e9s Hern\u00e1ndez, Subsecretario de Turismo de Jalisco, Lic. Roc\u00edo Lancaster, Directora de Promoci\u00f3n Tur\u00edstica de Jalisco y Lic. Oscar Morales, Subdirector de Relaciones P\u00fablicas y Promoci\u00f3n de la OFVC de Guadalajara<\/p>\n\n\n\n<p>Asimismo, se sostuvo una reuni\u00f3n con Ernesto Herrera L\u00f3pez, Ministro y Jefe de Canciller\u00eda, en representaci\u00f3n de la Embajada de M\u00e9xico en Colombia, con el objetivo de reforzar la coordinaci\u00f3n institucional en este mercado prioritario.<\/p>\n\n\n\n<p>Como parte de la agenda, se formaliz\u00f3 la firma del convenio de colaboraci\u00f3n entre el Gobierno del Estado de Michoac\u00e1n y CONEXSTUR, suscrito por Roberto Enrique Monroy Garc\u00eda, titular de la Secretar\u00eda de Turismo estatal.<\/p>\n\n\n\n<p>Este acuerdo da continuidad al trabajo conjunto que ambas partes mantienen desde 2023, consolidando acciones de promoci\u00f3n y comercializaci\u00f3n internacional del destino. <\/p>\n\n\n\n<p>Durante ANATO 2026 tambi\u00e9n se reafirm\u00f3 la colaboraci\u00f3n con el estado de Guanajuato, que por 12\u00ba a\u00f1o consecutivo trabaja con CONEXSTUR para impulsar acciones de promoci\u00f3n y comercializaci\u00f3n internacional.<\/p>\n\n\n\n<p>Esta alianza ha permitido desarrollar proyectos conjuntos orientados a fortalecer la presencia del destino en mercados estrat\u00e9gicos y generar nuevas oportunidades de negocio para 2026.<\/p>\n\n\n\n<p>En el \u00e1mbito comercial, los socios Mexitours, Seven Tours y Viajes de Gala atendieron reuniones con compradores interesados en ampliar su programaci\u00f3n hacia M\u00e9xico, mientras que CONEXSTUR acompa\u00f1\u00f3 la agenda institucional y de promoci\u00f3n.<\/p>\n\n\n\n<p>En el espacio coordinado con el stand de Ciudad de M\u00e9xico se realizaron 55 citas de negocio, reflejo del inter\u00e9s de operadores y compradores por diversificar la oferta tur\u00edstica hacia distintos destinos del pa\u00eds.<\/p>\n\n\n\n<p>Con esta participaci\u00f3n, CONEXSTUR reafirma su papel como articulador entre destinos, autoridades y operadores receptivos especializados, fortaleciendo la presencia de M\u00e9xico en uno de los mercados m\u00e1s relevantes de Am\u00e9rica Latina. (<a href=\"https:\/\/nitu.mx\/index.php\/2026\/02\/23\/conexstur-se-solidariza-con-la-comunidad-turistica-y-sus-viajeros\/\">Conexstur se solidariza con la comunidad tur\u00edstica y sus viajeros<\/a>).<\/p>\n","protected":false},"excerpt":{"rendered":"<p>En el marco de la Vitrina Tur\u00edstica de ANATO 2026, el Consejo Nacional de Exportadores de Servicios Tur\u00edsticos (CONEXSTUR) desarroll\u00f3 una agenda estrat\u00e9gica de reuniones institucionales, citas B2B y acciones de promoci\u00f3n orientadas a fortalecer la presencia de los destinos mexicanos en el mercado colombiano. Este mercado representa un aliado estrat\u00e9gico para el turismo receptivo [&hellip;]<\/p>\n","protected":false},"author":17,"featured_media":86493,"comment_status":"closed","ping_status":"closed","sticky":false,"template":"","format":"standard","meta":{"footnotes":""},"categories":[3],"tags":[3365,27433,1121],"yoast_head":"<!-- This site is optimized with the Yoast SEO plugin v22.2 - https:\/\/yoast.com\/wordpress\/plugins\/seo\/ -->\n<title>CONEXSTUR fortalece la presencia de M\u00e9xico en ANATO 2026 - Nitu - Noticias de la Industria Turistica<\/title>\n<meta name=\"robots\" content=\"index, follow, max-snippet:-1, max-image-preview:large, max-video-preview:-1\" \/>\n<link rel=\"canonical\" href=\"https:\/\/nitu.mx\/index.php\/2026\/03\/09\/conexstur-fortalece-la-presencia-de-mexico-en-anato-2026\/\" \/>\n<meta name=\"twitter:card\" content=\"summary_large_image\" \/>\n<meta name=\"twitter:title\" content=\"CONEXSTUR fortalece la presencia de M\u00e9xico en ANATO 2026 - Nitu - Noticias de la Industria Turistica\" \/>\n<meta name=\"twitter:description\" content=\"En el marco de la Vitrina Tur\u00edstica de ANATO 2026, el Consejo Nacional de Exportadores de Servicios Tur\u00edsticos (CONEXSTUR) desarroll\u00f3 una agenda estrat\u00e9gica de reuniones institucionales, citas B2B y acciones de promoci\u00f3n orientadas a fortalecer la presencia de los destinos mexicanos en el mercado colombiano. Este mercado representa un aliado estrat\u00e9gico para el turismo receptivo [&hellip;]\" \/>\n<meta name=\"twitter:image\" content=\"https:\/\/nitu.mx\/wp-content\/uploads\/2026\/03\/Conexstur-en-ANATO-2026.jpg\" \/>\n<meta name=\"twitter:creator\" content=\"@NITUmx\" \/>\n<meta name=\"twitter:site\" content=\"@Arturo_Medina_G\" \/>\n<meta name=\"twitter:label1\" content=\"Escrito por\" \/>\n\t<meta name=\"twitter:data1\" content=\"Redacci\u00f3n\" \/>\n\t<meta name=\"twitter:label2\" content=\"Tiempo de lectura\" \/>\n\t<meta name=\"twitter:data2\" content=\"3 minutos\" \/>\n<script type=\"application\/ld+json\" class=\"yoast-schema-graph\">{\"@context\":\"https:\/\/schema.org\",\"@graph\":[{\"@type\":\"Article\",\"@id\":\"https:\/\/nitu.mx\/index.php\/2026\/03\/09\/conexstur-fortalece-la-presencia-de-mexico-en-anato-2026\/#article\",\"isPartOf\":{\"@id\":\"https:\/\/nitu.mx\/index.php\/2026\/03\/09\/conexstur-fortalece-la-presencia-de-mexico-en-anato-2026\/\"},\"author\":{\"name\":\"Redacci\u00f3n\",\"@id\":\"https:\/\/nitu.mx\/#\/schema\/person\/4a28fe9bd65924f7c90623773daf1b0b\"},\"headline\":\"CONEXSTUR fortalece la presencia de M\u00e9xico en ANATO 2026\",\"datePublished\":\"2026-03-10T02:16:04+00:00\",\"dateModified\":\"2026-03-10T02:16:05+00:00\",\"mainEntityOfPage\":{\"@id\":\"https:\/\/nitu.mx\/index.php\/2026\/03\/09\/conexstur-fortalece-la-presencia-de-mexico-en-anato-2026\/\"},\"wordCount\":601,\"publisher\":{\"@id\":\"https:\/\/nitu.mx\/#\/schema\/person\/ae7a53426417292d3dd07b45a33e01bc\"},\"image\":{\"@id\":\"https:\/\/nitu.mx\/index.php\/2026\/03\/09\/conexstur-fortalece-la-presencia-de-mexico-en-anato-2026\/#primaryimage\"},\"thumbnailUrl\":\"https:\/\/nitu.mx\/wp-content\/uploads\/2026\/03\/Conexstur-en-ANATO-2026.jpg\",\"keywords\":[\"ANATO\",\"Birgit Grund\",\"Conexstur\"],\"articleSection\":[\"Agencias de Viajes\"],\"inLanguage\":\"es-MX\"},{\"@type\":\"WebPage\",\"@id\":\"https:\/\/nitu.mx\/index.php\/2026\/03\/09\/conexstur-fortalece-la-presencia-de-mexico-en-anato-2026\/\",\"url\":\"https:\/\/nitu.mx\/index.php\/2026\/03\/09\/conexstur-fortalece-la-presencia-de-mexico-en-anato-2026\/\",\"name\":\"CONEXSTUR fortalece la presencia de M\u00e9xico en ANATO 2026 - Nitu - Noticias de la Industria Turistica\",\"isPartOf\":{\"@id\":\"https:\/\/nitu.mx\/#website\"},\"primaryImageOfPage\":{\"@id\":\"https:\/\/nitu.mx\/index.php\/2026\/03\/09\/conexstur-fortalece-la-presencia-de-mexico-en-anato-2026\/#primaryimage\"},\"image\":{\"@id\":\"https:\/\/nitu.mx\/index.php\/2026\/03\/09\/conexstur-fortalece-la-presencia-de-mexico-en-anato-2026\/#primaryimage\"},\"thumbnailUrl\":\"https:\/\/nitu.mx\/wp-content\/uploads\/2026\/03\/Conexstur-en-ANATO-2026.jpg\",\"datePublished\":\"2026-03-10T02:16:04+00:00\",\"dateModified\":\"2026-03-10T02:16:05+00:00\",\"breadcrumb\":{\"@id\":\"https:\/\/nitu.mx\/index.php\/2026\/03\/09\/conexstur-fortalece-la-presencia-de-mexico-en-anato-2026\/#breadcrumb\"},\"inLanguage\":\"es-MX\",\"potentialAction\":[{\"@type\":\"ReadAction\",\"target\":[\"https:\/\/nitu.mx\/index.php\/2026\/03\/09\/conexstur-fortalece-la-presencia-de-mexico-en-anato-2026\/\"]}]},{\"@type\":\"ImageObject\",\"inLanguage\":\"es-MX\",\"@id\":\"https:\/\/nitu.mx\/index.php\/2026\/03\/09\/conexstur-fortalece-la-presencia-de-mexico-en-anato-2026\/#primaryimage\",\"url\":\"https:\/\/nitu.mx\/wp-content\/uploads\/2026\/03\/Conexstur-en-ANATO-2026.jpg\",\"contentUrl\":\"https:\/\/nitu.mx\/wp-content\/uploads\/2026\/03\/Conexstur-en-ANATO-2026.jpg\",\"width\":1200,\"height\":675,\"caption\":\"Conexstur en ANATO 2026\"},{\"@type\":\"BreadcrumbList\",\"@id\":\"https:\/\/nitu.mx\/index.php\/2026\/03\/09\/conexstur-fortalece-la-presencia-de-mexico-en-anato-2026\/#breadcrumb\",\"itemListElement\":[{\"@type\":\"ListItem\",\"position\":1,\"name\":\"Inicio\",\"item\":\"https:\/\/nitu.mx\/\"},{\"@type\":\"ListItem\",\"position\":2,\"name\":\"CONEXSTUR fortalece la presencia de M\u00e9xico en ANATO 2026\"}]},{\"@type\":\"WebSite\",\"@id\":\"https:\/\/nitu.mx\/#website\",\"url\":\"https:\/\/nitu.mx\/\",\"name\":\"Nitu - Noticias de la Industria Turistica\",\"description\":\"Noticias de la Industria Turistica\",\"publisher\":{\"@id\":\"https:\/\/nitu.mx\/#\/schema\/person\/ae7a53426417292d3dd07b45a33e01bc\"},\"alternateName\":\"Noticias de la Industria Turistica\",\"potentialAction\":[{\"@type\":\"SearchAction\",\"target\":{\"@type\":\"EntryPoint\",\"urlTemplate\":\"https:\/\/nitu.mx\/?s={search_term_string}\"},\"query-input\":\"required name=search_term_string\"}],\"inLanguage\":\"es-MX\"},{\"@type\":[\"Person\",\"Organization\"],\"@id\":\"https:\/\/nitu.mx\/#\/schema\/person\/ae7a53426417292d3dd07b45a33e01bc\",\"name\":\"Arturo Medina\",\"image\":{\"@type\":\"ImageObject\",\"inLanguage\":\"es-MX\",\"@id\":\"https:\/\/nitu.mx\/#\/schema\/person\/image\/\",\"url\":\"https:\/\/nitu.mx\/wp-content\/uploads\/2024\/04\/4A315622-1904-4D5C-B022-878CDC840E04-90x90-1.jpeg\",\"contentUrl\":\"https:\/\/nitu.mx\/wp-content\/uploads\/2024\/04\/4A315622-1904-4D5C-B022-878CDC840E04-90x90-1.jpeg\",\"width\":90,\"height\":90,\"caption\":\"Arturo Medina\"},\"logo\":{\"@id\":\"https:\/\/nitu.mx\/#\/schema\/person\/image\/\"},\"description\":\"Director NITU.mx, Egresado de la Escuela de Periodismo Carlos Septi\u00e9n Garc\u00eda. Periodista y analista especializado en turismo desde hace 35 a\u00f1os, radicado en Canc\u00fan Q.Roo. arturo@nitu.mx\",\"sameAs\":[\"https:\/\/nitu.mx\",\"https:\/\/www.facebook.com\/NITUmx\/\",\"medinacancun\",\"https:\/\/twitter.com\/@Arturo_Medina_G\"]},{\"@type\":\"Person\",\"@id\":\"https:\/\/nitu.mx\/#\/schema\/person\/4a28fe9bd65924f7c90623773daf1b0b\",\"name\":\"Redacci\u00f3n\",\"image\":{\"@type\":\"ImageObject\",\"inLanguage\":\"es-MX\",\"@id\":\"https:\/\/nitu.mx\/#\/schema\/person\/image\/\",\"url\":\"https:\/\/secure.gravatar.com\/avatar\/5dd011c8ccfc5cd7e4c81e42252aab38?s=96&d=mm&r=g\",\"contentUrl\":\"https:\/\/secure.gravatar.com\/avatar\/5dd011c8ccfc5cd7e4c81e42252aab38?s=96&d=mm&r=g\",\"caption\":\"Redacci\u00f3n\"},\"url\":\"https:\/\/nitu.mx\/index.php\/author\/redaccion\/\"}]}<\/script>\n<!-- \/ Yoast SEO plugin. -->","yoast_head_json":{"title":"CONEXSTUR fortalece la presencia de M\u00e9xico en ANATO 2026 - Nitu - Noticias de la Industria Turistica","robots":{"index":"index","follow":"follow","max-snippet":"max-snippet:-1","max-image-preview":"max-image-preview:large","max-video-preview":"max-video-preview:-1"},"canonical":"https:\/\/nitu.mx\/index.php\/2026\/03\/09\/conexstur-fortalece-la-presencia-de-mexico-en-anato-2026\/","twitter_card":"summary_large_image","twitter_title":"CONEXSTUR fortalece la presencia de M\u00e9xico en ANATO 2026 - Nitu - Noticias de la Industria Turistica","twitter_description":"En el marco de la Vitrina Tur\u00edstica de ANATO 2026, el Consejo Nacional de Exportadores de Servicios Tur\u00edsticos (CONEXSTUR) desarroll\u00f3 una agenda estrat\u00e9gica de reuniones institucionales, citas B2B y acciones de promoci\u00f3n orientadas a fortalecer la presencia de los destinos mexicanos en el mercado colombiano. Este mercado representa un aliado estrat\u00e9gico para el turismo receptivo [&hellip;]","twitter_image":"https:\/\/nitu.mx\/wp-content\/uploads\/2026\/03\/Conexstur-en-ANATO-2026.jpg","twitter_creator":"@NITUmx","twitter_site":"@Arturo_Medina_G","twitter_misc":{"Escrito por":"Redacci\u00f3n","Tiempo de lectura":"3 minutos"},"schema":{"@context":"https:\/\/schema.org","@graph":[{"@type":"Article","@id":"https:\/\/nitu.mx\/index.php\/2026\/03\/09\/conexstur-fortalece-la-presencia-de-mexico-en-anato-2026\/#article","isPartOf":{"@id":"https:\/\/nitu.mx\/index.php\/2026\/03\/09\/conexstur-fortalece-la-presencia-de-mexico-en-anato-2026\/"},"author":{"name":"Redacci\u00f3n","@id":"https:\/\/nitu.mx\/#\/schema\/person\/4a28fe9bd65924f7c90623773daf1b0b"},"headline":"CONEXSTUR fortalece la presencia de M\u00e9xico en ANATO 2026","datePublished":"2026-03-10T02:16:04+00:00","dateModified":"2026-03-10T02:16:05+00:00","mainEntityOfPage":{"@id":"https:\/\/nitu.mx\/index.php\/2026\/03\/09\/conexstur-fortalece-la-presencia-de-mexico-en-anato-2026\/"},"wordCount":601,"publisher":{"@id":"https:\/\/nitu.mx\/#\/schema\/person\/ae7a53426417292d3dd07b45a33e01bc"},"image":{"@id":"https:\/\/nitu.mx\/index.php\/2026\/03\/09\/conexstur-fortalece-la-presencia-de-mexico-en-anato-2026\/#primaryimage"},"thumbnailUrl":"https:\/\/nitu.mx\/wp-content\/uploads\/2026\/03\/Conexstur-en-ANATO-2026.jpg","keywords":["ANATO","Birgit Grund","Conexstur"],"articleSection":["Agencias de Viajes"],"inLanguage":"es-MX"},{"@type":"WebPage","@id":"https:\/\/nitu.mx\/index.php\/2026\/03\/09\/conexstur-fortalece-la-presencia-de-mexico-en-anato-2026\/","url":"https:\/\/nitu.mx\/index.php\/2026\/03\/09\/conexstur-fortalece-la-presencia-de-mexico-en-anato-2026\/","name":"CONEXSTUR fortalece la presencia de M\u00e9xico en ANATO 2026 - Nitu - Noticias de la Industria Turistica","isPartOf":{"@id":"https:\/\/nitu.mx\/#website"},"primaryImageOfPage":{"@id":"https:\/\/nitu.mx\/index.php\/2026\/03\/09\/conexstur-fortalece-la-presencia-de-mexico-en-anato-2026\/#primaryimage"},"image":{"@id":"https:\/\/nitu.mx\/index.php\/2026\/03\/09\/conexstur-fortalece-la-presencia-de-mexico-en-anato-2026\/#primaryimage"},"thumbnailUrl":"https:\/\/nitu.mx\/wp-content\/uploads\/2026\/03\/Conexstur-en-ANATO-2026.jpg","datePublished":"2026-03-10T02:16:04+00:00","dateModified":"2026-03-10T02:16:05+00:00","breadcrumb":{"@id":"https:\/\/nitu.mx\/index.php\/2026\/03\/09\/conexstur-fortalece-la-presencia-de-mexico-en-anato-2026\/#breadcrumb"},"inLanguage":"es-MX","potentialAction":[{"@type":"ReadAction","target":["https:\/\/nitu.mx\/index.php\/2026\/03\/09\/conexstur-fortalece-la-presencia-de-mexico-en-anato-2026\/"]}]},{"@type":"ImageObject","inLanguage":"es-MX","@id":"https:\/\/nitu.mx\/index.php\/2026\/03\/09\/conexstur-fortalece-la-presencia-de-mexico-en-anato-2026\/#primaryimage","url":"https:\/\/nitu.mx\/wp-content\/uploads\/2026\/03\/Conexstur-en-ANATO-2026.jpg","contentUrl":"https:\/\/nitu.mx\/wp-content\/uploads\/2026\/03\/Conexstur-en-ANATO-2026.jpg","width":1200,"height":675,"caption":"Conexstur en ANATO 2026"},{"@type":"BreadcrumbList","@id":"https:\/\/nitu.mx\/index.php\/2026\/03\/09\/conexstur-fortalece-la-presencia-de-mexico-en-anato-2026\/#breadcrumb","itemListElement":[{"@type":"ListItem","position":1,"name":"Inicio","item":"https:\/\/nitu.mx\/"},{"@type":"ListItem","position":2,"name":"CONEXSTUR fortalece la presencia de M\u00e9xico en ANATO 2026"}]},{"@type":"WebSite","@id":"https:\/\/nitu.mx\/#website","url":"https:\/\/nitu.mx\/","name":"Nitu - Noticias de la Industria Turistica","description":"Noticias de la Industria Turistica","publisher":{"@id":"https:\/\/nitu.mx\/#\/schema\/person\/ae7a53426417292d3dd07b45a33e01bc"},"alternateName":"Noticias de la Industria Turistica","potentialAction":[{"@type":"SearchAction","target":{"@type":"EntryPoint","urlTemplate":"https:\/\/nitu.mx\/?s={search_term_string}"},"query-input":"required name=search_term_string"}],"inLanguage":"es-MX"},{"@type":["Person","Organization"],"@id":"https:\/\/nitu.mx\/#\/schema\/person\/ae7a53426417292d3dd07b45a33e01bc","name":"Arturo Medina","image":{"@type":"ImageObject","inLanguage":"es-MX","@id":"https:\/\/nitu.mx\/#\/schema\/person\/image\/","url":"https:\/\/nitu.mx\/wp-content\/uploads\/2024\/04\/4A315622-1904-4D5C-B022-878CDC840E04-90x90-1.jpeg","contentUrl":"https:\/\/nitu.mx\/wp-content\/uploads\/2024\/04\/4A315622-1904-4D5C-B022-878CDC840E04-90x90-1.jpeg","width":90,"height":90,"caption":"Arturo Medina"},"logo":{"@id":"https:\/\/nitu.mx\/#\/schema\/person\/image\/"},"description":"Director NITU.mx, Egresado de la Escuela de Periodismo Carlos Septi\u00e9n Garc\u00eda. Periodista y analista especializado en turismo desde hace 35 a\u00f1os, radicado en Canc\u00fan Q.Roo. arturo@nitu.mx","sameAs":["https:\/\/nitu.mx","https:\/\/www.facebook.com\/NITUmx\/","medinacancun","https:\/\/twitter.com\/@Arturo_Medina_G"]},{"@type":"Person","@id":"https:\/\/nitu.mx\/#\/schema\/person\/4a28fe9bd65924f7c90623773daf1b0b","name":"Redacci\u00f3n","image":{"@type":"ImageObject","inLanguage":"es-MX","@id":"https:\/\/nitu.mx\/#\/schema\/person\/image\/","url":"https:\/\/secure.gravatar.com\/avatar\/5dd011c8ccfc5cd7e4c81e42252aab38?s=96&d=mm&r=g","contentUrl":"https:\/\/secure.gravatar.com\/avatar\/5dd011c8ccfc5cd7e4c81e42252aab38?s=96&d=mm&r=g","caption":"Redacci\u00f3n"},"url":"https:\/\/nitu.mx\/index.php\/author\/redaccion\/"}]}},"views":348,"_links":{"self":[{"href":"https:\/\/nitu.mx\/index.php\/wp-json\/wp\/v2\/posts\/86488"}],"collection":[{"href":"https:\/\/nitu.mx\/index.php\/wp-json\/wp\/v2\/posts"}],"about":[{"href":"https:\/\/nitu.mx\/index.php\/wp-json\/wp\/v2\/types\/post"}],"author":[{"embeddable":true,"href":"https:\/\/nitu.mx\/index.php\/wp-json\/wp\/v2\/users\/17"}],"replies":[{"embeddable":true,"href":"https:\/\/nitu.mx\/index.php\/wp-json\/wp\/v2\/comments?post=86488"}],"version-history":[{"count":2,"href":"https:\/\/nitu.mx\/index.php\/wp-json\/wp\/v2\/posts\/86488\/revisions"}],"predecessor-version":[{"id":86492,"href":"https:\/\/nitu.mx\/index.php\/wp-json\/wp\/v2\/posts\/86488\/revisions\/86492"}],"wp:featuredmedia":[{"embeddable":true,"href":"https:\/\/nitu.mx\/index.php\/wp-json\/wp\/v2\/media\/86493"}],"wp:attachment":[{"href":"https:\/\/nitu.mx\/index.php\/wp-json\/wp\/v2\/media?parent=86488"}],"wp:term":[{"taxonomy":"category","embeddable":true,"href":"https:\/\/nitu.mx\/index.php\/wp-json\/wp\/v2\/categories?post=86488"},{"taxonomy":"post_tag","embeddable":true,"href":"https:\/\/nitu.mx\/index.php\/wp-json\/wp\/v2\/tags?post=86488"}],"curies":[{"name":"wp","href":"https:\/\/api.w.org\/{rel}","templated":true}]}}