{"id":86484,"date":"2026-03-09T20:07:31","date_gmt":"2026-03-10T02:07:31","guid":{"rendered":"https:\/\/nitu.mx\/?p=86484"},"modified":"2026-03-09T20:07:31","modified_gmt":"2026-03-10T02:07:31","slug":"despegar-nombra-a-pablo-abad-como-chief-technology-officer","status":"publish","type":"post","link":"https:\/\/nitu.mx\/index.php\/2026\/03\/09\/despegar-nombra-a-pablo-abad-como-chief-technology-officer\/","title":{"rendered":"Despegar nombra a Pablo Abad como Chief Technology Officer"},"content":{"rendered":"\n<p>Despegar, la empresa de tecnolog\u00eda de viajes l\u00edder en Latinoam\u00e9rica, anunci\u00f3 el nombramiento de Pablo Abad como nuevo Chief Technology Officer (CTO), en un movimiento estrat\u00e9gico que refuerza el rol de la tecnolog\u00eda como eje central de su pr\u00f3xima etapa de crecimiento en la regi\u00f3n.<\/p>\n\n\n\n<p>Abad, quien forma parte de la compa\u00f1\u00eda desde 2023, cuenta con m\u00e1s de 20 a\u00f1os de experiencia en la industria tecnol\u00f3gica y se desempe\u00f1a como docente de la carrera de Ingenier\u00eda Inform\u00e1tica en el Instituto Tecnol\u00f3gico de Buenos Aires. A lo largo de su trayectoria, ha liderado equipos de alto desempe\u00f1o y procesos de transformaci\u00f3n tecnol\u00f3gica a gran escala. <\/p>\n\n\n\n<p>El nombramiento se da en el marco de la nueva etapa de liderazgo encabezada por Gonzalo Estebarena, consolidando una estructura ejecutiva con fuerte foco en la innovaci\u00f3n y la tecnolog\u00eda como motor del negocio.<\/p>\n\n\n\n<p>Desde su llegada a Despegar, Abad ha desempe\u00f1ado un papel clave en la aceleraci\u00f3n tecnol\u00f3gica de la compa\u00f1\u00eda y fue uno de los l\u00edderes detr\u00e1s de SOFIA, la asistente de viajes basada en inteligencia artificial generativa. Este desarrollo representa uno de los hitos m\u00e1s relevantes en la historia de la empresa y un paso decisivo en la transformaci\u00f3n de la experiencia de planificaci\u00f3n y compra de viajes en Am\u00e9rica Latina.<\/p>\n\n\n\n<p>En su nuevo rol, estar\u00e1 al frente de la estrategia tecnol\u00f3gica regional, con el objetivo de profundizar la innovaci\u00f3n, fortalecer la escalabilidad de la plataforma y potenciar el uso de inteligencia artificial para optimizar la experiencia de millones de viajeros.<\/p>\n\n\n\n<p>\u201cEstamos muy entusiasmados con el nombramiento de Pablo como CTO. Su experiencia, liderazgo y profundo conocimiento de nuestra plataforma ser\u00e1n clave para continuar fortaleciendo la innovaci\u00f3n en toda la organizaci\u00f3n y llevar a SOFIA al siguiente nivel. La tecnolog\u00eda es el coraz\u00f3n de Despegar y un pilar fundamental para impulsar nuestra pr\u00f3xima etapa de crecimiento\u201d, afirm\u00f3 Gonzalo Estebarena, incoming CEO de Despegar.<\/p>\n\n\n\n<p>Por su parte, Pablo Abad se\u00f1al\u00f3: \u201cAsumir el rol de CTO representa una gran responsabilidad y una oportunidad para seguir construyendo sobre el enorme trabajo que viene realizando el equipo de Despegar. En estos a\u00f1os hemos avanzado en iniciativas \u00fanicas como SOFIA, y nuestro desaf\u00edo hacia adelante ser\u00e1 continuar potenciando la innovaci\u00f3n, la escalabilidad de nuestra plataforma y el uso de inteligencia artificial para ofrecer experiencias cada vez m\u00e1s simples y personalizadas a nuestros viajeros\u201d. (<a href=\"https:\/\/nitu.mx\/index.php\/2026\/02\/16\/despegar-nombra-a-claudia-alva-como-nueva-vp-y-country-manager-en-mexico\/\">Despegar nombra a Claudia Alva como nueva VP y country manager en M\u00e9xico<\/a>).<\/p>\n","protected":false},"excerpt":{"rendered":"<p>Despegar, la empresa de tecnolog\u00eda de viajes l\u00edder en Latinoam\u00e9rica, anunci\u00f3 el nombramiento de Pablo Abad como nuevo Chief Technology Officer (CTO), en un movimiento estrat\u00e9gico que refuerza el rol de la tecnolog\u00eda como eje central de su pr\u00f3xima etapa de crecimiento en la regi\u00f3n. Abad, quien forma parte de la compa\u00f1\u00eda desde 2023, cuenta [&hellip;]<\/p>\n","protected":false},"author":17,"featured_media":86487,"comment_status":"closed","ping_status":"closed","sticky":false,"template":"","format":"standard","meta":{"footnotes":""},"categories":[3],"tags":[2130,28030,28029],"yoast_head":"<!-- This site is optimized with the Yoast SEO plugin v22.2 - https:\/\/yoast.com\/wordpress\/plugins\/seo\/ -->\n<title>Despegar nombra a Pablo Abad como Chief Technology Officer - Nitu - Noticias de la Industria Turistica<\/title>\n<meta name=\"robots\" content=\"index, follow, max-snippet:-1, max-image-preview:large, max-video-preview:-1\" \/>\n<link rel=\"canonical\" href=\"https:\/\/nitu.mx\/index.php\/2026\/03\/09\/despegar-nombra-a-pablo-abad-como-chief-technology-officer\/\" \/>\n<meta name=\"twitter:card\" content=\"summary_large_image\" \/>\n<meta name=\"twitter:title\" content=\"Despegar nombra a Pablo Abad como Chief Technology Officer - Nitu - Noticias de la Industria Turistica\" \/>\n<meta name=\"twitter:description\" content=\"Despegar, la empresa de tecnolog\u00eda de viajes l\u00edder en Latinoam\u00e9rica, anunci\u00f3 el nombramiento de Pablo Abad como nuevo Chief Technology Officer (CTO), en un movimiento estrat\u00e9gico que refuerza el rol de la tecnolog\u00eda como eje central de su pr\u00f3xima etapa de crecimiento en la regi\u00f3n. Abad, quien forma parte de la compa\u00f1\u00eda desde 2023, cuenta [&hellip;]\" \/>\n<meta name=\"twitter:image\" content=\"https:\/\/nitu.mx\/wp-content\/uploads\/2026\/03\/Despegar-Pablo-Abad.jpg\" \/>\n<meta name=\"twitter:creator\" content=\"@NITUmx\" \/>\n<meta name=\"twitter:site\" content=\"@Arturo_Medina_G\" \/>\n<meta name=\"twitter:label1\" content=\"Escrito por\" \/>\n\t<meta name=\"twitter:data1\" content=\"Redacci\u00f3n\" \/>\n\t<meta name=\"twitter:label2\" content=\"Tiempo de lectura\" \/>\n\t<meta name=\"twitter:data2\" content=\"2 minutos\" \/>\n<script type=\"application\/ld+json\" class=\"yoast-schema-graph\">{\"@context\":\"https:\/\/schema.org\",\"@graph\":[{\"@type\":\"Article\",\"@id\":\"https:\/\/nitu.mx\/index.php\/2026\/03\/09\/despegar-nombra-a-pablo-abad-como-chief-technology-officer\/#article\",\"isPartOf\":{\"@id\":\"https:\/\/nitu.mx\/index.php\/2026\/03\/09\/despegar-nombra-a-pablo-abad-como-chief-technology-officer\/\"},\"author\":{\"name\":\"Redacci\u00f3n\",\"@id\":\"https:\/\/nitu.mx\/#\/schema\/person\/4a28fe9bd65924f7c90623773daf1b0b\"},\"headline\":\"Despegar nombra a Pablo Abad como Chief Technology Officer\",\"datePublished\":\"2026-03-10T02:07:31+00:00\",\"dateModified\":\"2026-03-10T02:07:31+00:00\",\"mainEntityOfPage\":{\"@id\":\"https:\/\/nitu.mx\/index.php\/2026\/03\/09\/despegar-nombra-a-pablo-abad-como-chief-technology-officer\/\"},\"wordCount\":449,\"publisher\":{\"@id\":\"https:\/\/nitu.mx\/#\/schema\/person\/ae7a53426417292d3dd07b45a33e01bc\"},\"image\":{\"@id\":\"https:\/\/nitu.mx\/index.php\/2026\/03\/09\/despegar-nombra-a-pablo-abad-como-chief-technology-officer\/#primaryimage\"},\"thumbnailUrl\":\"https:\/\/nitu.mx\/wp-content\/uploads\/2026\/03\/Despegar-Pablo-Abad.jpg\",\"keywords\":[\"Despegar\",\"Gonzalo Estebarena\",\"Pablo Abad\"],\"articleSection\":[\"Agencias de Viajes\"],\"inLanguage\":\"es-MX\"},{\"@type\":\"WebPage\",\"@id\":\"https:\/\/nitu.mx\/index.php\/2026\/03\/09\/despegar-nombra-a-pablo-abad-como-chief-technology-officer\/\",\"url\":\"https:\/\/nitu.mx\/index.php\/2026\/03\/09\/despegar-nombra-a-pablo-abad-como-chief-technology-officer\/\",\"name\":\"Despegar nombra a Pablo Abad como Chief Technology Officer - Nitu - Noticias de la Industria Turistica\",\"isPartOf\":{\"@id\":\"https:\/\/nitu.mx\/#website\"},\"primaryImageOfPage\":{\"@id\":\"https:\/\/nitu.mx\/index.php\/2026\/03\/09\/despegar-nombra-a-pablo-abad-como-chief-technology-officer\/#primaryimage\"},\"image\":{\"@id\":\"https:\/\/nitu.mx\/index.php\/2026\/03\/09\/despegar-nombra-a-pablo-abad-como-chief-technology-officer\/#primaryimage\"},\"thumbnailUrl\":\"https:\/\/nitu.mx\/wp-content\/uploads\/2026\/03\/Despegar-Pablo-Abad.jpg\",\"datePublished\":\"2026-03-10T02:07:31+00:00\",\"dateModified\":\"2026-03-10T02:07:31+00:00\",\"breadcrumb\":{\"@id\":\"https:\/\/nitu.mx\/index.php\/2026\/03\/09\/despegar-nombra-a-pablo-abad-como-chief-technology-officer\/#breadcrumb\"},\"inLanguage\":\"es-MX\",\"potentialAction\":[{\"@type\":\"ReadAction\",\"target\":[\"https:\/\/nitu.mx\/index.php\/2026\/03\/09\/despegar-nombra-a-pablo-abad-como-chief-technology-officer\/\"]}]},{\"@type\":\"ImageObject\",\"inLanguage\":\"es-MX\",\"@id\":\"https:\/\/nitu.mx\/index.php\/2026\/03\/09\/despegar-nombra-a-pablo-abad-como-chief-technology-officer\/#primaryimage\",\"url\":\"https:\/\/nitu.mx\/wp-content\/uploads\/2026\/03\/Despegar-Pablo-Abad.jpg\",\"contentUrl\":\"https:\/\/nitu.mx\/wp-content\/uploads\/2026\/03\/Despegar-Pablo-Abad.jpg\",\"width\":1200,\"height\":675,\"caption\":\"Despegar Pablo Abad\"},{\"@type\":\"BreadcrumbList\",\"@id\":\"https:\/\/nitu.mx\/index.php\/2026\/03\/09\/despegar-nombra-a-pablo-abad-como-chief-technology-officer\/#breadcrumb\",\"itemListElement\":[{\"@type\":\"ListItem\",\"position\":1,\"name\":\"Inicio\",\"item\":\"https:\/\/nitu.mx\/\"},{\"@type\":\"ListItem\",\"position\":2,\"name\":\"Despegar nombra a Pablo Abad como Chief Technology Officer\"}]},{\"@type\":\"WebSite\",\"@id\":\"https:\/\/nitu.mx\/#website\",\"url\":\"https:\/\/nitu.mx\/\",\"name\":\"Nitu - Noticias de la Industria Turistica\",\"description\":\"Noticias de la Industria Turistica\",\"publisher\":{\"@id\":\"https:\/\/nitu.mx\/#\/schema\/person\/ae7a53426417292d3dd07b45a33e01bc\"},\"alternateName\":\"Noticias de la Industria Turistica\",\"potentialAction\":[{\"@type\":\"SearchAction\",\"target\":{\"@type\":\"EntryPoint\",\"urlTemplate\":\"https:\/\/nitu.mx\/?s={search_term_string}\"},\"query-input\":\"required name=search_term_string\"}],\"inLanguage\":\"es-MX\"},{\"@type\":[\"Person\",\"Organization\"],\"@id\":\"https:\/\/nitu.mx\/#\/schema\/person\/ae7a53426417292d3dd07b45a33e01bc\",\"name\":\"Arturo Medina\",\"image\":{\"@type\":\"ImageObject\",\"inLanguage\":\"es-MX\",\"@id\":\"https:\/\/nitu.mx\/#\/schema\/person\/image\/\",\"url\":\"https:\/\/nitu.mx\/wp-content\/uploads\/2024\/04\/4A315622-1904-4D5C-B022-878CDC840E04-90x90-1.jpeg\",\"contentUrl\":\"https:\/\/nitu.mx\/wp-content\/uploads\/2024\/04\/4A315622-1904-4D5C-B022-878CDC840E04-90x90-1.jpeg\",\"width\":90,\"height\":90,\"caption\":\"Arturo Medina\"},\"logo\":{\"@id\":\"https:\/\/nitu.mx\/#\/schema\/person\/image\/\"},\"description\":\"Director NITU.mx, Egresado de la Escuela de Periodismo Carlos Septi\u00e9n Garc\u00eda. Periodista y analista especializado en turismo desde hace 35 a\u00f1os, radicado en Canc\u00fan Q.Roo. arturo@nitu.mx\",\"sameAs\":[\"https:\/\/nitu.mx\",\"https:\/\/www.facebook.com\/NITUmx\/\",\"medinacancun\",\"https:\/\/twitter.com\/@Arturo_Medina_G\"]},{\"@type\":\"Person\",\"@id\":\"https:\/\/nitu.mx\/#\/schema\/person\/4a28fe9bd65924f7c90623773daf1b0b\",\"name\":\"Redacci\u00f3n\",\"image\":{\"@type\":\"ImageObject\",\"inLanguage\":\"es-MX\",\"@id\":\"https:\/\/nitu.mx\/#\/schema\/person\/image\/\",\"url\":\"https:\/\/secure.gravatar.com\/avatar\/5dd011c8ccfc5cd7e4c81e42252aab38?s=96&d=mm&r=g\",\"contentUrl\":\"https:\/\/secure.gravatar.com\/avatar\/5dd011c8ccfc5cd7e4c81e42252aab38?s=96&d=mm&r=g\",\"caption\":\"Redacci\u00f3n\"},\"url\":\"https:\/\/nitu.mx\/index.php\/author\/redaccion\/\"}]}<\/script>\n<!-- \/ Yoast SEO plugin. -->","yoast_head_json":{"title":"Despegar nombra a Pablo Abad como Chief Technology Officer - Nitu - Noticias de la Industria Turistica","robots":{"index":"index","follow":"follow","max-snippet":"max-snippet:-1","max-image-preview":"max-image-preview:large","max-video-preview":"max-video-preview:-1"},"canonical":"https:\/\/nitu.mx\/index.php\/2026\/03\/09\/despegar-nombra-a-pablo-abad-como-chief-technology-officer\/","twitter_card":"summary_large_image","twitter_title":"Despegar nombra a Pablo Abad como Chief Technology Officer - Nitu - Noticias de la Industria Turistica","twitter_description":"Despegar, la empresa de tecnolog\u00eda de viajes l\u00edder en Latinoam\u00e9rica, anunci\u00f3 el nombramiento de Pablo Abad como nuevo Chief Technology Officer (CTO), en un movimiento estrat\u00e9gico que refuerza el rol de la tecnolog\u00eda como eje central de su pr\u00f3xima etapa de crecimiento en la regi\u00f3n. Abad, quien forma parte de la compa\u00f1\u00eda desde 2023, cuenta [&hellip;]","twitter_image":"https:\/\/nitu.mx\/wp-content\/uploads\/2026\/03\/Despegar-Pablo-Abad.jpg","twitter_creator":"@NITUmx","twitter_site":"@Arturo_Medina_G","twitter_misc":{"Escrito por":"Redacci\u00f3n","Tiempo de lectura":"2 minutos"},"schema":{"@context":"https:\/\/schema.org","@graph":[{"@type":"Article","@id":"https:\/\/nitu.mx\/index.php\/2026\/03\/09\/despegar-nombra-a-pablo-abad-como-chief-technology-officer\/#article","isPartOf":{"@id":"https:\/\/nitu.mx\/index.php\/2026\/03\/09\/despegar-nombra-a-pablo-abad-como-chief-technology-officer\/"},"author":{"name":"Redacci\u00f3n","@id":"https:\/\/nitu.mx\/#\/schema\/person\/4a28fe9bd65924f7c90623773daf1b0b"},"headline":"Despegar nombra a Pablo Abad como Chief Technology Officer","datePublished":"2026-03-10T02:07:31+00:00","dateModified":"2026-03-10T02:07:31+00:00","mainEntityOfPage":{"@id":"https:\/\/nitu.mx\/index.php\/2026\/03\/09\/despegar-nombra-a-pablo-abad-como-chief-technology-officer\/"},"wordCount":449,"publisher":{"@id":"https:\/\/nitu.mx\/#\/schema\/person\/ae7a53426417292d3dd07b45a33e01bc"},"image":{"@id":"https:\/\/nitu.mx\/index.php\/2026\/03\/09\/despegar-nombra-a-pablo-abad-como-chief-technology-officer\/#primaryimage"},"thumbnailUrl":"https:\/\/nitu.mx\/wp-content\/uploads\/2026\/03\/Despegar-Pablo-Abad.jpg","keywords":["Despegar","Gonzalo Estebarena","Pablo Abad"],"articleSection":["Agencias de Viajes"],"inLanguage":"es-MX"},{"@type":"WebPage","@id":"https:\/\/nitu.mx\/index.php\/2026\/03\/09\/despegar-nombra-a-pablo-abad-como-chief-technology-officer\/","url":"https:\/\/nitu.mx\/index.php\/2026\/03\/09\/despegar-nombra-a-pablo-abad-como-chief-technology-officer\/","name":"Despegar nombra a Pablo Abad como Chief Technology Officer - Nitu - Noticias de la Industria Turistica","isPartOf":{"@id":"https:\/\/nitu.mx\/#website"},"primaryImageOfPage":{"@id":"https:\/\/nitu.mx\/index.php\/2026\/03\/09\/despegar-nombra-a-pablo-abad-como-chief-technology-officer\/#primaryimage"},"image":{"@id":"https:\/\/nitu.mx\/index.php\/2026\/03\/09\/despegar-nombra-a-pablo-abad-como-chief-technology-officer\/#primaryimage"},"thumbnailUrl":"https:\/\/nitu.mx\/wp-content\/uploads\/2026\/03\/Despegar-Pablo-Abad.jpg","datePublished":"2026-03-10T02:07:31+00:00","dateModified":"2026-03-10T02:07:31+00:00","breadcrumb":{"@id":"https:\/\/nitu.mx\/index.php\/2026\/03\/09\/despegar-nombra-a-pablo-abad-como-chief-technology-officer\/#breadcrumb"},"inLanguage":"es-MX","potentialAction":[{"@type":"ReadAction","target":["https:\/\/nitu.mx\/index.php\/2026\/03\/09\/despegar-nombra-a-pablo-abad-como-chief-technology-officer\/"]}]},{"@type":"ImageObject","inLanguage":"es-MX","@id":"https:\/\/nitu.mx\/index.php\/2026\/03\/09\/despegar-nombra-a-pablo-abad-como-chief-technology-officer\/#primaryimage","url":"https:\/\/nitu.mx\/wp-content\/uploads\/2026\/03\/Despegar-Pablo-Abad.jpg","contentUrl":"https:\/\/nitu.mx\/wp-content\/uploads\/2026\/03\/Despegar-Pablo-Abad.jpg","width":1200,"height":675,"caption":"Despegar Pablo Abad"},{"@type":"BreadcrumbList","@id":"https:\/\/nitu.mx\/index.php\/2026\/03\/09\/despegar-nombra-a-pablo-abad-como-chief-technology-officer\/#breadcrumb","itemListElement":[{"@type":"ListItem","position":1,"name":"Inicio","item":"https:\/\/nitu.mx\/"},{"@type":"ListItem","position":2,"name":"Despegar nombra a Pablo Abad como Chief Technology Officer"}]},{"@type":"WebSite","@id":"https:\/\/nitu.mx\/#website","url":"https:\/\/nitu.mx\/","name":"Nitu - Noticias de la Industria Turistica","description":"Noticias de la Industria Turistica","publisher":{"@id":"https:\/\/nitu.mx\/#\/schema\/person\/ae7a53426417292d3dd07b45a33e01bc"},"alternateName":"Noticias de la Industria Turistica","potentialAction":[{"@type":"SearchAction","target":{"@type":"EntryPoint","urlTemplate":"https:\/\/nitu.mx\/?s={search_term_string}"},"query-input":"required name=search_term_string"}],"inLanguage":"es-MX"},{"@type":["Person","Organization"],"@id":"https:\/\/nitu.mx\/#\/schema\/person\/ae7a53426417292d3dd07b45a33e01bc","name":"Arturo Medina","image":{"@type":"ImageObject","inLanguage":"es-MX","@id":"https:\/\/nitu.mx\/#\/schema\/person\/image\/","url":"https:\/\/nitu.mx\/wp-content\/uploads\/2024\/04\/4A315622-1904-4D5C-B022-878CDC840E04-90x90-1.jpeg","contentUrl":"https:\/\/nitu.mx\/wp-content\/uploads\/2024\/04\/4A315622-1904-4D5C-B022-878CDC840E04-90x90-1.jpeg","width":90,"height":90,"caption":"Arturo Medina"},"logo":{"@id":"https:\/\/nitu.mx\/#\/schema\/person\/image\/"},"description":"Director NITU.mx, Egresado de la Escuela de Periodismo Carlos Septi\u00e9n Garc\u00eda. Periodista y analista especializado en turismo desde hace 35 a\u00f1os, radicado en Canc\u00fan Q.Roo. arturo@nitu.mx","sameAs":["https:\/\/nitu.mx","https:\/\/www.facebook.com\/NITUmx\/","medinacancun","https:\/\/twitter.com\/@Arturo_Medina_G"]},{"@type":"Person","@id":"https:\/\/nitu.mx\/#\/schema\/person\/4a28fe9bd65924f7c90623773daf1b0b","name":"Redacci\u00f3n","image":{"@type":"ImageObject","inLanguage":"es-MX","@id":"https:\/\/nitu.mx\/#\/schema\/person\/image\/","url":"https:\/\/secure.gravatar.com\/avatar\/5dd011c8ccfc5cd7e4c81e42252aab38?s=96&d=mm&r=g","contentUrl":"https:\/\/secure.gravatar.com\/avatar\/5dd011c8ccfc5cd7e4c81e42252aab38?s=96&d=mm&r=g","caption":"Redacci\u00f3n"},"url":"https:\/\/nitu.mx\/index.php\/author\/redaccion\/"}]}},"views":291,"_links":{"self":[{"href":"https:\/\/nitu.mx\/index.php\/wp-json\/wp\/v2\/posts\/86484"}],"collection":[{"href":"https:\/\/nitu.mx\/index.php\/wp-json\/wp\/v2\/posts"}],"about":[{"href":"https:\/\/nitu.mx\/index.php\/wp-json\/wp\/v2\/types\/post"}],"author":[{"embeddable":true,"href":"https:\/\/nitu.mx\/index.php\/wp-json\/wp\/v2\/users\/17"}],"replies":[{"embeddable":true,"href":"https:\/\/nitu.mx\/index.php\/wp-json\/wp\/v2\/comments?post=86484"}],"version-history":[{"count":1,"href":"https:\/\/nitu.mx\/index.php\/wp-json\/wp\/v2\/posts\/86484\/revisions"}],"predecessor-version":[{"id":86486,"href":"https:\/\/nitu.mx\/index.php\/wp-json\/wp\/v2\/posts\/86484\/revisions\/86486"}],"wp:featuredmedia":[{"embeddable":true,"href":"https:\/\/nitu.mx\/index.php\/wp-json\/wp\/v2\/media\/86487"}],"wp:attachment":[{"href":"https:\/\/nitu.mx\/index.php\/wp-json\/wp\/v2\/media?parent=86484"}],"wp:term":[{"taxonomy":"category","embeddable":true,"href":"https:\/\/nitu.mx\/index.php\/wp-json\/wp\/v2\/categories?post=86484"},{"taxonomy":"post_tag","embeddable":true,"href":"https:\/\/nitu.mx\/index.php\/wp-json\/wp\/v2\/tags?post=86484"}],"curies":[{"name":"wp","href":"https:\/\/api.w.org\/{rel}","templated":true}]}}