{"id":86478,"date":"2026-03-08T22:30:20","date_gmt":"2026-03-09T04:30:20","guid":{"rendered":"https:\/\/nitu.mx\/?p=86478"},"modified":"2026-03-08T22:30:20","modified_gmt":"2026-03-09T04:30:20","slug":"sectur-asetur-y-cnet-refrendan-coordinacion-nacional-en-mexico-el-turismo-se-mantiene-fuerte-y-en-constante-crecimiento","status":"publish","type":"post","link":"https:\/\/nitu.mx\/index.php\/2026\/03\/08\/sectur-asetur-y-cnet-refrendan-coordinacion-nacional-en-mexico-el-turismo-se-mantiene-fuerte-y-en-constante-crecimiento\/","title":{"rendered":"SECTUR, ASETUR y CNET refrendan coordinaci\u00f3n nacional: En M\u00e9xico el turismo se mantiene fuerte y en constante crecimiento\u00a0"},"content":{"rendered":"\n<p>En el marco de la LXVII Asamblea de las Secretarias y Secretarios de Turismo de M\u00e9xico (ASETUR), la Secretar\u00eda de Turismo del Gobierno de M\u00e9xico (SECTUR), el Consejo Nacional Empresarial Tur\u00edstico (CNET), y ASETUR reafirmaron la coordinaci\u00f3n institucional que sostiene la actividad tur\u00edstica del pa\u00eds y enviaron un mensaje claro a los mercados nacionales e internacionales: En M\u00e9xico el turismo se mantiene fuerte y en constante crecimiento<\/p>\n\n\n\n<p>De acuerdo con informaci\u00f3n recabada por SECTUR y validada con las Secretar\u00edas de Turismo de las 32 entidades federativas, durante las primeras siete semanas de 2026 los principales 20 centros tur\u00edsticos del pa\u00eds registran un crecimiento de entre 3 y 4 por ciento en la llegada de turistas a hoteles, mientras que las entidades del norte, centro y sur del pa\u00eds reportan operaci\u00f3n normal y estabilidad en sus niveles de ocupaci\u00f3n hotelera en el arranque del a\u00f1o.<\/p>\n\n\n\n<p>En este contexto, ASETUR reconoci\u00f3 el liderazgo de la secretaria de Turismo del Gobierno de M\u00e9xico, Josefina Rodr\u00edguez Zamora, quien ha encabezado la coordinaci\u00f3n institucional con las entidades federativas y el sector empresarial para mantener una comunicaci\u00f3n clara y oportuna con los mercados tur\u00edsticos.<\/p>\n\n\n\n<p>Durante la Asamblea, el presidente de ASETUR y secretario de Turismo de Quintana Roo, Bernardo Cueto Riestra, subray\u00f3 que los estados mantienen una agenda activa de promoci\u00f3n, desarrollo y coordinaci\u00f3n tur\u00edstica que se refleja en la operaci\u00f3n cotidiana de los destinos en todo el pa\u00eds.<\/p>\n\n\n\n<p>\u201cEl turismo en M\u00e9xico est\u00e1 en movimiento. En cada entidad federativa se est\u00e1n desarrollando eventos, campa\u00f1as de promoci\u00f3n, rutas tur\u00edsticas, ferias y encuentros de negocios que fortalecen nuestra presencia en los mercados nacionales e internacionales. Desde ASETUR seguiremos trabajando con una visi\u00f3n clara: hacer del turismo una prioridad para M\u00e9xico, fortaleciendo la coordinaci\u00f3n entre estados, federaci\u00f3n y sector empresarial\u201d, se\u00f1al\u00f3.<\/p>\n\n\n\n<p>Cueto Riestra destac\u00f3 que, a trav\u00e9s de ASETUR y sus distintas comisiones de trabajo, los estados impulsan una agenda conjunta orientada a fortalecer la promoci\u00f3n tur\u00edstica, mejorar la competitividad de los destinos, ampliar la conectividad a\u00e9rea y diversificar la oferta tur\u00edstica del pa\u00eds.<\/p>\n\n\n\n<p>En los \u00faltimos meses, las entidades federativas, en coordinaci\u00f3n con ASETUR, han desarrollado una agenda activa de promoci\u00f3n y posicionamiento internacional, participando en espacios estrat\u00e9gicos del sector tur\u00edstico global, como ferias internacionales, misiones comerciales y encuentros de negocios, adem\u00e1s de impulsar campa\u00f1as de promoci\u00f3n conjunta y nuevos productos tur\u00edsticos en distintos destinos del pa\u00eds.<\/p>\n\n\n\n<p>Asimismo, ASETUR ha fortalecido la coordinaci\u00f3n institucional con el sector empresarial, particularmente a trav\u00e9s del reciente Convenio de Colaboraci\u00f3n con el Consejo Nacional Empresarial Tur\u00edstico (CNET), que busca impulsar esquemas de cooperaci\u00f3n p\u00fablico\u2013privada para fortalecer la promoci\u00f3n tur\u00edstica, atraer inversi\u00f3n y consolidar la competitividad de los destinos mexicanos. (<a href=\"https:\/\/nitu.mx\/index.php\/2026\/03\/05\/asetur-y-cnet-firman-convenio-de-colaboracion-que-impulsara-la-promocion-turistica-de-mexico\/\">ASETUR y CNET firman Convenio de Colaboraci\u00f3n que impulsar\u00e1 la promoci\u00f3n tur\u00edstica de M\u00e9xico<\/a>).<\/p>\n\n\n\n<p>Por su parte, el CNET, como \u00f3rgano c\u00fapula del sector empresarial tur\u00edstico, ha desempe\u00f1ado un papel clave en la articulaci\u00f3n con hoteles, aerol\u00edneas, aeropuertos, l\u00edneas de cruceros, touroperadores y prestadores de servicios tur\u00edsticos, fortaleciendo la confianza del mercado y la continuidad operativa en todo el territorio nacional.<\/p>\n\n\n\n<p>La coordinaci\u00f3n entre SECTUR, CNET y las 32 Secretar\u00edas de Turismo, subray\u00f3 Cueto Riestra, representa hoy un modelo de gobernanza tur\u00edstica que permite al pa\u00eds actuar con mayor eficacia frente a los retos del entorno global y consolidar al turismo como una prioridad estrat\u00e9gica para el desarrollo nacional.<\/p>\n\n\n\n<p>M\u00e9xico se encuentra adem\u00e1s preparado para recibir a millones de visitantes durante la pr\u00f3xima temporada de Spring Break, as\u00ed como para los distintos eventos internacionales que se desarrollar\u00e1n en el pa\u00eds rumbo a la Copa Mundial de la FIFA 2026.<\/p>\n\n\n\n<p>Con unidad, liderazgo y coordinaci\u00f3n institucional, el turismo de M\u00e9xico reafirma su papel como uno de los motores estrat\u00e9gicos del desarrollo regional, el empleo y la inversi\u00f3n, enviando un mensaje claro al mundo: En M\u00e9xico el turismo se mantiene fuerte y listo para seguir recibiendo visitantes de todo el mundo. <\/p>\n","protected":false},"excerpt":{"rendered":"<p>En el marco de la LXVII Asamblea de las Secretarias y Secretarios de Turismo de M\u00e9xico (ASETUR), la Secretar\u00eda de Turismo del Gobierno de M\u00e9xico (SECTUR), el Consejo Nacional Empresarial Tur\u00edstico (CNET), y ASETUR reafirmaron la coordinaci\u00f3n institucional que sostiene la actividad tur\u00edstica del pa\u00eds y enviaron un mensaje claro a los mercados nacionales e [&hellip;]<\/p>\n","protected":false},"author":17,"featured_media":86481,"comment_status":"closed","ping_status":"closed","sticky":false,"template":"","format":"standard","meta":{"footnotes":""},"categories":[12],"tags":[1118,13931,834,25659,93],"yoast_head":"<!-- This site is optimized with the Yoast SEO plugin v22.2 - https:\/\/yoast.com\/wordpress\/plugins\/seo\/ -->\n<title>SECTUR, ASETUR y CNET refrendan coordinaci\u00f3n nacional: En M\u00e9xico el turismo se mantiene fuerte y en constante crecimiento\u00a0 - Nitu - Noticias de la Industria Turistica<\/title>\n<meta name=\"robots\" content=\"index, follow, max-snippet:-1, max-image-preview:large, max-video-preview:-1\" \/>\n<link rel=\"canonical\" href=\"https:\/\/nitu.mx\/index.php\/2026\/03\/08\/sectur-asetur-y-cnet-refrendan-coordinacion-nacional-en-mexico-el-turismo-se-mantiene-fuerte-y-en-constante-crecimiento\/\" \/>\n<meta name=\"twitter:card\" content=\"summary_large_image\" \/>\n<meta name=\"twitter:title\" content=\"SECTUR, ASETUR y CNET refrendan coordinaci\u00f3n nacional: En M\u00e9xico el turismo se mantiene fuerte y en constante crecimiento\u00a0 - Nitu - Noticias de la Industria Turistica\" \/>\n<meta name=\"twitter:description\" content=\"En el marco de la LXVII Asamblea de las Secretarias y Secretarios de Turismo de M\u00e9xico (ASETUR), la Secretar\u00eda de Turismo del Gobierno de M\u00e9xico (SECTUR), el Consejo Nacional Empresarial Tur\u00edstico (CNET), y ASETUR reafirmaron la coordinaci\u00f3n institucional que sostiene la actividad tur\u00edstica del pa\u00eds y enviaron un mensaje claro a los mercados nacionales e [&hellip;]\" \/>\n<meta name=\"twitter:image\" content=\"https:\/\/nitu.mx\/wp-content\/uploads\/2026\/03\/Asetur-67-Asamblea.jpg\" \/>\n<meta name=\"twitter:creator\" content=\"@NITUmx\" \/>\n<meta name=\"twitter:site\" content=\"@Arturo_Medina_G\" \/>\n<meta name=\"twitter:label1\" content=\"Escrito por\" \/>\n\t<meta name=\"twitter:data1\" content=\"Redacci\u00f3n\" \/>\n\t<meta name=\"twitter:label2\" content=\"Tiempo de lectura\" \/>\n\t<meta name=\"twitter:data2\" content=\"4 minutos\" \/>\n<script type=\"application\/ld+json\" class=\"yoast-schema-graph\">{\"@context\":\"https:\/\/schema.org\",\"@graph\":[{\"@type\":\"Article\",\"@id\":\"https:\/\/nitu.mx\/index.php\/2026\/03\/08\/sectur-asetur-y-cnet-refrendan-coordinacion-nacional-en-mexico-el-turismo-se-mantiene-fuerte-y-en-constante-crecimiento\/#article\",\"isPartOf\":{\"@id\":\"https:\/\/nitu.mx\/index.php\/2026\/03\/08\/sectur-asetur-y-cnet-refrendan-coordinacion-nacional-en-mexico-el-turismo-se-mantiene-fuerte-y-en-constante-crecimiento\/\"},\"author\":{\"name\":\"Redacci\u00f3n\",\"@id\":\"https:\/\/nitu.mx\/#\/schema\/person\/4a28fe9bd65924f7c90623773daf1b0b\"},\"headline\":\"SECTUR, ASETUR y CNET refrendan coordinaci\u00f3n nacional: En M\u00e9xico el turismo se mantiene fuerte y en constante crecimiento\u00a0\",\"datePublished\":\"2026-03-09T04:30:20+00:00\",\"dateModified\":\"2026-03-09T04:30:20+00:00\",\"mainEntityOfPage\":{\"@id\":\"https:\/\/nitu.mx\/index.php\/2026\/03\/08\/sectur-asetur-y-cnet-refrendan-coordinacion-nacional-en-mexico-el-turismo-se-mantiene-fuerte-y-en-constante-crecimiento\/\"},\"wordCount\":737,\"publisher\":{\"@id\":\"https:\/\/nitu.mx\/#\/schema\/person\/ae7a53426417292d3dd07b45a33e01bc\"},\"image\":{\"@id\":\"https:\/\/nitu.mx\/index.php\/2026\/03\/08\/sectur-asetur-y-cnet-refrendan-coordinacion-nacional-en-mexico-el-turismo-se-mantiene-fuerte-y-en-constante-crecimiento\/#primaryimage\"},\"thumbnailUrl\":\"https:\/\/nitu.mx\/wp-content\/uploads\/2026\/03\/Asetur-67-Asamblea.jpg\",\"keywords\":[\"Asetur\",\"Bernardo Cueto\",\"CNET\",\"Josefina Rodr\u00edguez\",\"Sectur\"],\"articleSection\":[\"Marketing\"],\"inLanguage\":\"es-MX\"},{\"@type\":\"WebPage\",\"@id\":\"https:\/\/nitu.mx\/index.php\/2026\/03\/08\/sectur-asetur-y-cnet-refrendan-coordinacion-nacional-en-mexico-el-turismo-se-mantiene-fuerte-y-en-constante-crecimiento\/\",\"url\":\"https:\/\/nitu.mx\/index.php\/2026\/03\/08\/sectur-asetur-y-cnet-refrendan-coordinacion-nacional-en-mexico-el-turismo-se-mantiene-fuerte-y-en-constante-crecimiento\/\",\"name\":\"SECTUR, ASETUR y CNET refrendan coordinaci\u00f3n nacional: En M\u00e9xico el turismo se mantiene fuerte y en constante crecimiento\u00a0 - Nitu - Noticias de la Industria Turistica\",\"isPartOf\":{\"@id\":\"https:\/\/nitu.mx\/#website\"},\"primaryImageOfPage\":{\"@id\":\"https:\/\/nitu.mx\/index.php\/2026\/03\/08\/sectur-asetur-y-cnet-refrendan-coordinacion-nacional-en-mexico-el-turismo-se-mantiene-fuerte-y-en-constante-crecimiento\/#primaryimage\"},\"image\":{\"@id\":\"https:\/\/nitu.mx\/index.php\/2026\/03\/08\/sectur-asetur-y-cnet-refrendan-coordinacion-nacional-en-mexico-el-turismo-se-mantiene-fuerte-y-en-constante-crecimiento\/#primaryimage\"},\"thumbnailUrl\":\"https:\/\/nitu.mx\/wp-content\/uploads\/2026\/03\/Asetur-67-Asamblea.jpg\",\"datePublished\":\"2026-03-09T04:30:20+00:00\",\"dateModified\":\"2026-03-09T04:30:20+00:00\",\"breadcrumb\":{\"@id\":\"https:\/\/nitu.mx\/index.php\/2026\/03\/08\/sectur-asetur-y-cnet-refrendan-coordinacion-nacional-en-mexico-el-turismo-se-mantiene-fuerte-y-en-constante-crecimiento\/#breadcrumb\"},\"inLanguage\":\"es-MX\",\"potentialAction\":[{\"@type\":\"ReadAction\",\"target\":[\"https:\/\/nitu.mx\/index.php\/2026\/03\/08\/sectur-asetur-y-cnet-refrendan-coordinacion-nacional-en-mexico-el-turismo-se-mantiene-fuerte-y-en-constante-crecimiento\/\"]}]},{\"@type\":\"ImageObject\",\"inLanguage\":\"es-MX\",\"@id\":\"https:\/\/nitu.mx\/index.php\/2026\/03\/08\/sectur-asetur-y-cnet-refrendan-coordinacion-nacional-en-mexico-el-turismo-se-mantiene-fuerte-y-en-constante-crecimiento\/#primaryimage\",\"url\":\"https:\/\/nitu.mx\/wp-content\/uploads\/2026\/03\/Asetur-67-Asamblea.jpg\",\"contentUrl\":\"https:\/\/nitu.mx\/wp-content\/uploads\/2026\/03\/Asetur-67-Asamblea.jpg\",\"width\":1200,\"height\":675,\"caption\":\"Asetur 67 Asamblea\"},{\"@type\":\"BreadcrumbList\",\"@id\":\"https:\/\/nitu.mx\/index.php\/2026\/03\/08\/sectur-asetur-y-cnet-refrendan-coordinacion-nacional-en-mexico-el-turismo-se-mantiene-fuerte-y-en-constante-crecimiento\/#breadcrumb\",\"itemListElement\":[{\"@type\":\"ListItem\",\"position\":1,\"name\":\"Inicio\",\"item\":\"https:\/\/nitu.mx\/\"},{\"@type\":\"ListItem\",\"position\":2,\"name\":\"SECTUR, ASETUR y CNET refrendan coordinaci\u00f3n nacional: En M\u00e9xico el turismo se mantiene fuerte y en constante crecimiento\u00a0\"}]},{\"@type\":\"WebSite\",\"@id\":\"https:\/\/nitu.mx\/#website\",\"url\":\"https:\/\/nitu.mx\/\",\"name\":\"Nitu - Noticias de la Industria Turistica\",\"description\":\"Noticias de la Industria Turistica\",\"publisher\":{\"@id\":\"https:\/\/nitu.mx\/#\/schema\/person\/ae7a53426417292d3dd07b45a33e01bc\"},\"alternateName\":\"Noticias de la Industria Turistica\",\"potentialAction\":[{\"@type\":\"SearchAction\",\"target\":{\"@type\":\"EntryPoint\",\"urlTemplate\":\"https:\/\/nitu.mx\/?s={search_term_string}\"},\"query-input\":\"required name=search_term_string\"}],\"inLanguage\":\"es-MX\"},{\"@type\":[\"Person\",\"Organization\"],\"@id\":\"https:\/\/nitu.mx\/#\/schema\/person\/ae7a53426417292d3dd07b45a33e01bc\",\"name\":\"Arturo Medina\",\"image\":{\"@type\":\"ImageObject\",\"inLanguage\":\"es-MX\",\"@id\":\"https:\/\/nitu.mx\/#\/schema\/person\/image\/\",\"url\":\"https:\/\/nitu.mx\/wp-content\/uploads\/2024\/04\/4A315622-1904-4D5C-B022-878CDC840E04-90x90-1.jpeg\",\"contentUrl\":\"https:\/\/nitu.mx\/wp-content\/uploads\/2024\/04\/4A315622-1904-4D5C-B022-878CDC840E04-90x90-1.jpeg\",\"width\":90,\"height\":90,\"caption\":\"Arturo Medina\"},\"logo\":{\"@id\":\"https:\/\/nitu.mx\/#\/schema\/person\/image\/\"},\"description\":\"Director NITU.mx, Egresado de la Escuela de Periodismo Carlos Septi\u00e9n Garc\u00eda. Periodista y analista especializado en turismo desde hace 35 a\u00f1os, radicado en Canc\u00fan Q.Roo. arturo@nitu.mx\",\"sameAs\":[\"https:\/\/nitu.mx\",\"https:\/\/www.facebook.com\/NITUmx\/\",\"medinacancun\",\"https:\/\/twitter.com\/@Arturo_Medina_G\"]},{\"@type\":\"Person\",\"@id\":\"https:\/\/nitu.mx\/#\/schema\/person\/4a28fe9bd65924f7c90623773daf1b0b\",\"name\":\"Redacci\u00f3n\",\"image\":{\"@type\":\"ImageObject\",\"inLanguage\":\"es-MX\",\"@id\":\"https:\/\/nitu.mx\/#\/schema\/person\/image\/\",\"url\":\"https:\/\/secure.gravatar.com\/avatar\/5dd011c8ccfc5cd7e4c81e42252aab38?s=96&d=mm&r=g\",\"contentUrl\":\"https:\/\/secure.gravatar.com\/avatar\/5dd011c8ccfc5cd7e4c81e42252aab38?s=96&d=mm&r=g\",\"caption\":\"Redacci\u00f3n\"},\"url\":\"https:\/\/nitu.mx\/index.php\/author\/redaccion\/\"}]}<\/script>\n<!-- \/ Yoast SEO plugin. -->","yoast_head_json":{"title":"SECTUR, ASETUR y CNET refrendan coordinaci\u00f3n nacional: En M\u00e9xico el turismo se mantiene fuerte y en constante crecimiento\u00a0 - Nitu - Noticias de la Industria Turistica","robots":{"index":"index","follow":"follow","max-snippet":"max-snippet:-1","max-image-preview":"max-image-preview:large","max-video-preview":"max-video-preview:-1"},"canonical":"https:\/\/nitu.mx\/index.php\/2026\/03\/08\/sectur-asetur-y-cnet-refrendan-coordinacion-nacional-en-mexico-el-turismo-se-mantiene-fuerte-y-en-constante-crecimiento\/","twitter_card":"summary_large_image","twitter_title":"SECTUR, ASETUR y CNET refrendan coordinaci\u00f3n nacional: En M\u00e9xico el turismo se mantiene fuerte y en constante crecimiento\u00a0 - Nitu - Noticias de la Industria Turistica","twitter_description":"En el marco de la LXVII Asamblea de las Secretarias y Secretarios de Turismo de M\u00e9xico (ASETUR), la Secretar\u00eda de Turismo del Gobierno de M\u00e9xico (SECTUR), el Consejo Nacional Empresarial Tur\u00edstico (CNET), y ASETUR reafirmaron la coordinaci\u00f3n institucional que sostiene la actividad tur\u00edstica del pa\u00eds y enviaron un mensaje claro a los mercados nacionales e [&hellip;]","twitter_image":"https:\/\/nitu.mx\/wp-content\/uploads\/2026\/03\/Asetur-67-Asamblea.jpg","twitter_creator":"@NITUmx","twitter_site":"@Arturo_Medina_G","twitter_misc":{"Escrito por":"Redacci\u00f3n","Tiempo de lectura":"4 minutos"},"schema":{"@context":"https:\/\/schema.org","@graph":[{"@type":"Article","@id":"https:\/\/nitu.mx\/index.php\/2026\/03\/08\/sectur-asetur-y-cnet-refrendan-coordinacion-nacional-en-mexico-el-turismo-se-mantiene-fuerte-y-en-constante-crecimiento\/#article","isPartOf":{"@id":"https:\/\/nitu.mx\/index.php\/2026\/03\/08\/sectur-asetur-y-cnet-refrendan-coordinacion-nacional-en-mexico-el-turismo-se-mantiene-fuerte-y-en-constante-crecimiento\/"},"author":{"name":"Redacci\u00f3n","@id":"https:\/\/nitu.mx\/#\/schema\/person\/4a28fe9bd65924f7c90623773daf1b0b"},"headline":"SECTUR, ASETUR y CNET refrendan coordinaci\u00f3n nacional: En M\u00e9xico el turismo se mantiene fuerte y en constante crecimiento\u00a0","datePublished":"2026-03-09T04:30:20+00:00","dateModified":"2026-03-09T04:30:20+00:00","mainEntityOfPage":{"@id":"https:\/\/nitu.mx\/index.php\/2026\/03\/08\/sectur-asetur-y-cnet-refrendan-coordinacion-nacional-en-mexico-el-turismo-se-mantiene-fuerte-y-en-constante-crecimiento\/"},"wordCount":737,"publisher":{"@id":"https:\/\/nitu.mx\/#\/schema\/person\/ae7a53426417292d3dd07b45a33e01bc"},"image":{"@id":"https:\/\/nitu.mx\/index.php\/2026\/03\/08\/sectur-asetur-y-cnet-refrendan-coordinacion-nacional-en-mexico-el-turismo-se-mantiene-fuerte-y-en-constante-crecimiento\/#primaryimage"},"thumbnailUrl":"https:\/\/nitu.mx\/wp-content\/uploads\/2026\/03\/Asetur-67-Asamblea.jpg","keywords":["Asetur","Bernardo Cueto","CNET","Josefina Rodr\u00edguez","Sectur"],"articleSection":["Marketing"],"inLanguage":"es-MX"},{"@type":"WebPage","@id":"https:\/\/nitu.mx\/index.php\/2026\/03\/08\/sectur-asetur-y-cnet-refrendan-coordinacion-nacional-en-mexico-el-turismo-se-mantiene-fuerte-y-en-constante-crecimiento\/","url":"https:\/\/nitu.mx\/index.php\/2026\/03\/08\/sectur-asetur-y-cnet-refrendan-coordinacion-nacional-en-mexico-el-turismo-se-mantiene-fuerte-y-en-constante-crecimiento\/","name":"SECTUR, ASETUR y CNET refrendan coordinaci\u00f3n nacional: En M\u00e9xico el turismo se mantiene fuerte y en constante crecimiento\u00a0 - Nitu - Noticias de la Industria Turistica","isPartOf":{"@id":"https:\/\/nitu.mx\/#website"},"primaryImageOfPage":{"@id":"https:\/\/nitu.mx\/index.php\/2026\/03\/08\/sectur-asetur-y-cnet-refrendan-coordinacion-nacional-en-mexico-el-turismo-se-mantiene-fuerte-y-en-constante-crecimiento\/#primaryimage"},"image":{"@id":"https:\/\/nitu.mx\/index.php\/2026\/03\/08\/sectur-asetur-y-cnet-refrendan-coordinacion-nacional-en-mexico-el-turismo-se-mantiene-fuerte-y-en-constante-crecimiento\/#primaryimage"},"thumbnailUrl":"https:\/\/nitu.mx\/wp-content\/uploads\/2026\/03\/Asetur-67-Asamblea.jpg","datePublished":"2026-03-09T04:30:20+00:00","dateModified":"2026-03-09T04:30:20+00:00","breadcrumb":{"@id":"https:\/\/nitu.mx\/index.php\/2026\/03\/08\/sectur-asetur-y-cnet-refrendan-coordinacion-nacional-en-mexico-el-turismo-se-mantiene-fuerte-y-en-constante-crecimiento\/#breadcrumb"},"inLanguage":"es-MX","potentialAction":[{"@type":"ReadAction","target":["https:\/\/nitu.mx\/index.php\/2026\/03\/08\/sectur-asetur-y-cnet-refrendan-coordinacion-nacional-en-mexico-el-turismo-se-mantiene-fuerte-y-en-constante-crecimiento\/"]}]},{"@type":"ImageObject","inLanguage":"es-MX","@id":"https:\/\/nitu.mx\/index.php\/2026\/03\/08\/sectur-asetur-y-cnet-refrendan-coordinacion-nacional-en-mexico-el-turismo-se-mantiene-fuerte-y-en-constante-crecimiento\/#primaryimage","url":"https:\/\/nitu.mx\/wp-content\/uploads\/2026\/03\/Asetur-67-Asamblea.jpg","contentUrl":"https:\/\/nitu.mx\/wp-content\/uploads\/2026\/03\/Asetur-67-Asamblea.jpg","width":1200,"height":675,"caption":"Asetur 67 Asamblea"},{"@type":"BreadcrumbList","@id":"https:\/\/nitu.mx\/index.php\/2026\/03\/08\/sectur-asetur-y-cnet-refrendan-coordinacion-nacional-en-mexico-el-turismo-se-mantiene-fuerte-y-en-constante-crecimiento\/#breadcrumb","itemListElement":[{"@type":"ListItem","position":1,"name":"Inicio","item":"https:\/\/nitu.mx\/"},{"@type":"ListItem","position":2,"name":"SECTUR, ASETUR y CNET refrendan coordinaci\u00f3n nacional: En M\u00e9xico el turismo se mantiene fuerte y en constante crecimiento\u00a0"}]},{"@type":"WebSite","@id":"https:\/\/nitu.mx\/#website","url":"https:\/\/nitu.mx\/","name":"Nitu - Noticias de la Industria Turistica","description":"Noticias de la Industria Turistica","publisher":{"@id":"https:\/\/nitu.mx\/#\/schema\/person\/ae7a53426417292d3dd07b45a33e01bc"},"alternateName":"Noticias de la Industria Turistica","potentialAction":[{"@type":"SearchAction","target":{"@type":"EntryPoint","urlTemplate":"https:\/\/nitu.mx\/?s={search_term_string}"},"query-input":"required name=search_term_string"}],"inLanguage":"es-MX"},{"@type":["Person","Organization"],"@id":"https:\/\/nitu.mx\/#\/schema\/person\/ae7a53426417292d3dd07b45a33e01bc","name":"Arturo Medina","image":{"@type":"ImageObject","inLanguage":"es-MX","@id":"https:\/\/nitu.mx\/#\/schema\/person\/image\/","url":"https:\/\/nitu.mx\/wp-content\/uploads\/2024\/04\/4A315622-1904-4D5C-B022-878CDC840E04-90x90-1.jpeg","contentUrl":"https:\/\/nitu.mx\/wp-content\/uploads\/2024\/04\/4A315622-1904-4D5C-B022-878CDC840E04-90x90-1.jpeg","width":90,"height":90,"caption":"Arturo Medina"},"logo":{"@id":"https:\/\/nitu.mx\/#\/schema\/person\/image\/"},"description":"Director NITU.mx, Egresado de la Escuela de Periodismo Carlos Septi\u00e9n Garc\u00eda. Periodista y analista especializado en turismo desde hace 35 a\u00f1os, radicado en Canc\u00fan Q.Roo. arturo@nitu.mx","sameAs":["https:\/\/nitu.mx","https:\/\/www.facebook.com\/NITUmx\/","medinacancun","https:\/\/twitter.com\/@Arturo_Medina_G"]},{"@type":"Person","@id":"https:\/\/nitu.mx\/#\/schema\/person\/4a28fe9bd65924f7c90623773daf1b0b","name":"Redacci\u00f3n","image":{"@type":"ImageObject","inLanguage":"es-MX","@id":"https:\/\/nitu.mx\/#\/schema\/person\/image\/","url":"https:\/\/secure.gravatar.com\/avatar\/5dd011c8ccfc5cd7e4c81e42252aab38?s=96&d=mm&r=g","contentUrl":"https:\/\/secure.gravatar.com\/avatar\/5dd011c8ccfc5cd7e4c81e42252aab38?s=96&d=mm&r=g","caption":"Redacci\u00f3n"},"url":"https:\/\/nitu.mx\/index.php\/author\/redaccion\/"}]}},"views":330,"_links":{"self":[{"href":"https:\/\/nitu.mx\/index.php\/wp-json\/wp\/v2\/posts\/86478"}],"collection":[{"href":"https:\/\/nitu.mx\/index.php\/wp-json\/wp\/v2\/posts"}],"about":[{"href":"https:\/\/nitu.mx\/index.php\/wp-json\/wp\/v2\/types\/post"}],"author":[{"embeddable":true,"href":"https:\/\/nitu.mx\/index.php\/wp-json\/wp\/v2\/users\/17"}],"replies":[{"embeddable":true,"href":"https:\/\/nitu.mx\/index.php\/wp-json\/wp\/v2\/comments?post=86478"}],"version-history":[{"count":1,"href":"https:\/\/nitu.mx\/index.php\/wp-json\/wp\/v2\/posts\/86478\/revisions"}],"predecessor-version":[{"id":86480,"href":"https:\/\/nitu.mx\/index.php\/wp-json\/wp\/v2\/posts\/86478\/revisions\/86480"}],"wp:featuredmedia":[{"embeddable":true,"href":"https:\/\/nitu.mx\/index.php\/wp-json\/wp\/v2\/media\/86481"}],"wp:attachment":[{"href":"https:\/\/nitu.mx\/index.php\/wp-json\/wp\/v2\/media?parent=86478"}],"wp:term":[{"taxonomy":"category","embeddable":true,"href":"https:\/\/nitu.mx\/index.php\/wp-json\/wp\/v2\/categories?post=86478"},{"taxonomy":"post_tag","embeddable":true,"href":"https:\/\/nitu.mx\/index.php\/wp-json\/wp\/v2\/tags?post=86478"}],"curies":[{"name":"wp","href":"https:\/\/api.w.org\/{rel}","templated":true}]}}