{"id":86470,"date":"2026-03-08T22:19:18","date_gmt":"2026-03-09T04:19:18","guid":{"rendered":"https:\/\/nitu.mx\/?p=86470"},"modified":"2026-03-08T22:19:19","modified_gmt":"2026-03-09T04:19:19","slug":"bcd-renueva-su-marca-y-presenta-su-vision-open-by-design-para-el-futuro-de-los-viajes-corporativos","status":"publish","type":"post","link":"https:\/\/nitu.mx\/index.php\/2026\/03\/08\/bcd-renueva-su-marca-y-presenta-su-vision-open-by-design-para-el-futuro-de-los-viajes-corporativos\/","title":{"rendered":"BCD renueva su marca y presenta su visi\u00f3n \u201cOpen by design\u201d para el futuro de los viajes corporativos"},"content":{"rendered":"\n<p>BCD present\u00f3 su nueva y optimizada identidad de marca. Esta refleja su evoluci\u00f3n como empresa gestora de viajes avanzada a nivel tecnol\u00f3gico, y enfocada en ofrecer opciones, flexibilidad y transparencia a sus clientes.<\/p>\n\n\n\n<p>La misi\u00f3n y visi\u00f3n renovadas de BCD, as\u00ed como su identidad visual modernizada, reflejan las profundas y constantes inversiones de la empresa en innovaci\u00f3n, tecnolog\u00eda, colaboraci\u00f3n y experiencia humana. Estas son capacidades cada vez m\u00e1s esenciales, a medida que las reuniones, la movilidad de los empleados y los viajes internacionales se hacen m\u00e1s complejos.<\/p>\n\n\n\n<p>&#8220;Nuestra marca da vida a lo que nos ha definido por a\u00f1os: innovaci\u00f3n comprobada que ayuda a los clientes a avanzar con confianza hacia el futuro&#8221;, afirma Stephan Baars, CEO de BCD. &#8220;Ofrecemos estabilidad en un mundo de incertidumbre. Aportamos experiencia inigualable y soluciones tecnol\u00f3gicas abiertas y adaptables, dise\u00f1adas para cada cliente, mercado e industria. Todo esto en un entorno con opciones de programas de viajes cada vez m\u00e1s limitadas&#8221;.<\/p>\n\n\n\n<p>Baars agrega que de estas soluciones la m\u00e1s importante es TripSource: &#8220;Es nuestra plataforma de reservas, gesti\u00f3n de viajes y compromiso de los viajeros que ofrece una serie de ventajas a los clientes. Entre dichas ventajas se cuentan la personalizaci\u00f3n de programas y viajeros; el control de cambios en viajes, y la informaci\u00f3n inteligente. Fortaleceremos nuestra inversi\u00f3n en estas y otras capacidades, incluido el<em> marketplace<\/em> de socios tecnol\u00f3gicos externos&#8221;.<\/p>\n\n\n\n<p>Con su nueva imagen de marca BCD present\u00f3 el eslogan Open by design. Este expresa una promesa clara: un ecosistema abierto que ofrece opciones reales a los clientes. &nbsp;<\/p>\n\n\n\n<p>&#8220;Open by design refleja el sello distintivo de BCD: un enfoque hiperconcentrado en generar confianza y colaborar con nuestros clientes y socios&#8221;, se\u00f1ala Thad Slaton, senior vice president of Global Marketing &amp; Communications. \u201cNo se trata solo de ser un buen negocio. Tiene un prop\u00f3sito m\u00e1s elevado: facilitar conexiones que impulsen el progreso y tengan un impacto positivo hoy y en el futuro. Esto es lo que nos motiva cada ma\u00f1ana\u201d.<\/p>\n\n\n\n<p>El a\u00f1o pasado, la empresa dio el primer paso hacia la renovaci\u00f3n de la marca al eliminar la palabra <em>travel<\/em> (viajes) de su logotipo. El cambio refleja la propuesta de valor m\u00e1s amplia de BCD, que incluye liderazgo en gesti\u00f3n de reuniones y eventos, con BCD Meetings &amp; Events, y consultor\u00eda global, con Advito. BCD es tambi\u00e9n l\u00edder en soluciones especializadas para sectores como: aeroespacial y de defensa; energ\u00eda, recursos y sector mar\u00edtimo; ciencias de la vida, y medios de comunicaci\u00f3n, deportes y entretenimiento.<\/p>\n\n\n\n<p>La renovaci\u00f3n m\u00e1s profunda de este a\u00f1o presenta un dise\u00f1o limpio y moderno que transmite conexi\u00f3n e impulso hacia adelante. Un motivo inspirado en un camino, un trayecto que simboliza c\u00f3mo BCD conecta a las personas, tecnolog\u00edas y alianzas para guiar a los clientes hacia adelante. El uso m\u00e1s prominente del color naranja irradia una energ\u00eda moderna y rinde homenaje a la herencia holandesa de la empresa. (<a href=\"https:\/\/nitu.mx\/index.php\/2025\/12\/08\/bcd-travel-celebra-50-anos-con-avances-en-sostenibilidad-y-gestion-inteligente-de-viajes-corporativos\/\">BCD Travel celebra 50 a\u00f1os con avances en sostenibilidad y gesti\u00f3n inteligente de viajes corporativos<\/a>).<\/p>\n","protected":false},"excerpt":{"rendered":"<p>BCD present\u00f3 su nueva y optimizada identidad de marca. Esta refleja su evoluci\u00f3n como empresa gestora de viajes avanzada a nivel tecnol\u00f3gico, y enfocada en ofrecer opciones, flexibilidad y transparencia a sus clientes. La misi\u00f3n y visi\u00f3n renovadas de BCD, as\u00ed como su identidad visual modernizada, reflejan las profundas y constantes inversiones de la empresa [&hellip;]<\/p>\n","protected":false},"author":17,"featured_media":86474,"comment_status":"closed","ping_status":"closed","sticky":false,"template":"","format":"standard","meta":{"footnotes":""},"categories":[3],"tags":[28028,3124,27880],"yoast_head":"<!-- This site is optimized with the Yoast SEO plugin v22.2 - https:\/\/yoast.com\/wordpress\/plugins\/seo\/ -->\n<title>BCD renueva su marca y presenta su visi\u00f3n \u201cOpen by design\u201d para el futuro de los viajes corporativos - Nitu - Noticias de la Industria Turistica<\/title>\n<meta name=\"robots\" content=\"index, follow, max-snippet:-1, max-image-preview:large, max-video-preview:-1\" \/>\n<link rel=\"canonical\" href=\"https:\/\/nitu.mx\/index.php\/2026\/03\/08\/bcd-renueva-su-marca-y-presenta-su-vision-open-by-design-para-el-futuro-de-los-viajes-corporativos\/\" \/>\n<meta name=\"twitter:card\" content=\"summary_large_image\" \/>\n<meta name=\"twitter:title\" content=\"BCD renueva su marca y presenta su visi\u00f3n \u201cOpen by design\u201d para el futuro de los viajes corporativos - Nitu - Noticias de la Industria Turistica\" \/>\n<meta name=\"twitter:description\" content=\"BCD present\u00f3 su nueva y optimizada identidad de marca. Esta refleja su evoluci\u00f3n como empresa gestora de viajes avanzada a nivel tecnol\u00f3gico, y enfocada en ofrecer opciones, flexibilidad y transparencia a sus clientes. La misi\u00f3n y visi\u00f3n renovadas de BCD, as\u00ed como su identidad visual modernizada, reflejan las profundas y constantes inversiones de la empresa [&hellip;]\" \/>\n<meta name=\"twitter:image\" content=\"https:\/\/nitu.mx\/wp-content\/uploads\/2026\/03\/BCD-cambio-de-imagen.jpg\" \/>\n<meta name=\"twitter:creator\" content=\"@NITUmx\" \/>\n<meta name=\"twitter:site\" content=\"@Arturo_Medina_G\" \/>\n<meta name=\"twitter:label1\" content=\"Escrito por\" \/>\n\t<meta name=\"twitter:data1\" content=\"Redacci\u00f3n\" \/>\n\t<meta name=\"twitter:label2\" content=\"Tiempo de lectura\" \/>\n\t<meta name=\"twitter:data2\" content=\"3 minutos\" \/>\n<script type=\"application\/ld+json\" class=\"yoast-schema-graph\">{\"@context\":\"https:\/\/schema.org\",\"@graph\":[{\"@type\":\"Article\",\"@id\":\"https:\/\/nitu.mx\/index.php\/2026\/03\/08\/bcd-renueva-su-marca-y-presenta-su-vision-open-by-design-para-el-futuro-de-los-viajes-corporativos\/#article\",\"isPartOf\":{\"@id\":\"https:\/\/nitu.mx\/index.php\/2026\/03\/08\/bcd-renueva-su-marca-y-presenta-su-vision-open-by-design-para-el-futuro-de-los-viajes-corporativos\/\"},\"author\":{\"name\":\"Redacci\u00f3n\",\"@id\":\"https:\/\/nitu.mx\/#\/schema\/person\/4a28fe9bd65924f7c90623773daf1b0b\"},\"headline\":\"BCD renueva su marca y presenta su visi\u00f3n \u201cOpen by design\u201d para el futuro de los viajes corporativos\",\"datePublished\":\"2026-03-09T04:19:18+00:00\",\"dateModified\":\"2026-03-09T04:19:19+00:00\",\"mainEntityOfPage\":{\"@id\":\"https:\/\/nitu.mx\/index.php\/2026\/03\/08\/bcd-renueva-su-marca-y-presenta-su-vision-open-by-design-para-el-futuro-de-los-viajes-corporativos\/\"},\"wordCount\":555,\"publisher\":{\"@id\":\"https:\/\/nitu.mx\/#\/schema\/person\/ae7a53426417292d3dd07b45a33e01bc\"},\"image\":{\"@id\":\"https:\/\/nitu.mx\/index.php\/2026\/03\/08\/bcd-renueva-su-marca-y-presenta-su-vision-open-by-design-para-el-futuro-de-los-viajes-corporativos\/#primaryimage\"},\"thumbnailUrl\":\"https:\/\/nitu.mx\/wp-content\/uploads\/2026\/03\/BCD-cambio-de-imagen.jpg\",\"keywords\":[\"BCD\",\"BCD Travel\",\"Stephan Baars\"],\"articleSection\":[\"Agencias de Viajes\"],\"inLanguage\":\"es-MX\"},{\"@type\":\"WebPage\",\"@id\":\"https:\/\/nitu.mx\/index.php\/2026\/03\/08\/bcd-renueva-su-marca-y-presenta-su-vision-open-by-design-para-el-futuro-de-los-viajes-corporativos\/\",\"url\":\"https:\/\/nitu.mx\/index.php\/2026\/03\/08\/bcd-renueva-su-marca-y-presenta-su-vision-open-by-design-para-el-futuro-de-los-viajes-corporativos\/\",\"name\":\"BCD renueva su marca y presenta su visi\u00f3n \u201cOpen by design\u201d para el futuro de los viajes corporativos - Nitu - Noticias de la Industria Turistica\",\"isPartOf\":{\"@id\":\"https:\/\/nitu.mx\/#website\"},\"primaryImageOfPage\":{\"@id\":\"https:\/\/nitu.mx\/index.php\/2026\/03\/08\/bcd-renueva-su-marca-y-presenta-su-vision-open-by-design-para-el-futuro-de-los-viajes-corporativos\/#primaryimage\"},\"image\":{\"@id\":\"https:\/\/nitu.mx\/index.php\/2026\/03\/08\/bcd-renueva-su-marca-y-presenta-su-vision-open-by-design-para-el-futuro-de-los-viajes-corporativos\/#primaryimage\"},\"thumbnailUrl\":\"https:\/\/nitu.mx\/wp-content\/uploads\/2026\/03\/BCD-cambio-de-imagen.jpg\",\"datePublished\":\"2026-03-09T04:19:18+00:00\",\"dateModified\":\"2026-03-09T04:19:19+00:00\",\"breadcrumb\":{\"@id\":\"https:\/\/nitu.mx\/index.php\/2026\/03\/08\/bcd-renueva-su-marca-y-presenta-su-vision-open-by-design-para-el-futuro-de-los-viajes-corporativos\/#breadcrumb\"},\"inLanguage\":\"es-MX\",\"potentialAction\":[{\"@type\":\"ReadAction\",\"target\":[\"https:\/\/nitu.mx\/index.php\/2026\/03\/08\/bcd-renueva-su-marca-y-presenta-su-vision-open-by-design-para-el-futuro-de-los-viajes-corporativos\/\"]}]},{\"@type\":\"ImageObject\",\"inLanguage\":\"es-MX\",\"@id\":\"https:\/\/nitu.mx\/index.php\/2026\/03\/08\/bcd-renueva-su-marca-y-presenta-su-vision-open-by-design-para-el-futuro-de-los-viajes-corporativos\/#primaryimage\",\"url\":\"https:\/\/nitu.mx\/wp-content\/uploads\/2026\/03\/BCD-cambio-de-imagen.jpg\",\"contentUrl\":\"https:\/\/nitu.mx\/wp-content\/uploads\/2026\/03\/BCD-cambio-de-imagen.jpg\",\"width\":1200,\"height\":675,\"caption\":\"BCD cambio de imagen\"},{\"@type\":\"BreadcrumbList\",\"@id\":\"https:\/\/nitu.mx\/index.php\/2026\/03\/08\/bcd-renueva-su-marca-y-presenta-su-vision-open-by-design-para-el-futuro-de-los-viajes-corporativos\/#breadcrumb\",\"itemListElement\":[{\"@type\":\"ListItem\",\"position\":1,\"name\":\"Inicio\",\"item\":\"https:\/\/nitu.mx\/\"},{\"@type\":\"ListItem\",\"position\":2,\"name\":\"BCD renueva su marca y presenta su visi\u00f3n \u201cOpen by design\u201d para el futuro de los viajes corporativos\"}]},{\"@type\":\"WebSite\",\"@id\":\"https:\/\/nitu.mx\/#website\",\"url\":\"https:\/\/nitu.mx\/\",\"name\":\"Nitu - Noticias de la Industria Turistica\",\"description\":\"Noticias de la Industria Turistica\",\"publisher\":{\"@id\":\"https:\/\/nitu.mx\/#\/schema\/person\/ae7a53426417292d3dd07b45a33e01bc\"},\"alternateName\":\"Noticias de la Industria Turistica\",\"potentialAction\":[{\"@type\":\"SearchAction\",\"target\":{\"@type\":\"EntryPoint\",\"urlTemplate\":\"https:\/\/nitu.mx\/?s={search_term_string}\"},\"query-input\":\"required name=search_term_string\"}],\"inLanguage\":\"es-MX\"},{\"@type\":[\"Person\",\"Organization\"],\"@id\":\"https:\/\/nitu.mx\/#\/schema\/person\/ae7a53426417292d3dd07b45a33e01bc\",\"name\":\"Arturo Medina\",\"image\":{\"@type\":\"ImageObject\",\"inLanguage\":\"es-MX\",\"@id\":\"https:\/\/nitu.mx\/#\/schema\/person\/image\/\",\"url\":\"https:\/\/nitu.mx\/wp-content\/uploads\/2024\/04\/4A315622-1904-4D5C-B022-878CDC840E04-90x90-1.jpeg\",\"contentUrl\":\"https:\/\/nitu.mx\/wp-content\/uploads\/2024\/04\/4A315622-1904-4D5C-B022-878CDC840E04-90x90-1.jpeg\",\"width\":90,\"height\":90,\"caption\":\"Arturo Medina\"},\"logo\":{\"@id\":\"https:\/\/nitu.mx\/#\/schema\/person\/image\/\"},\"description\":\"Director NITU.mx, Egresado de la Escuela de Periodismo Carlos Septi\u00e9n Garc\u00eda. Periodista y analista especializado en turismo desde hace 35 a\u00f1os, radicado en Canc\u00fan Q.Roo. arturo@nitu.mx\",\"sameAs\":[\"https:\/\/nitu.mx\",\"https:\/\/www.facebook.com\/NITUmx\/\",\"medinacancun\",\"https:\/\/twitter.com\/@Arturo_Medina_G\"]},{\"@type\":\"Person\",\"@id\":\"https:\/\/nitu.mx\/#\/schema\/person\/4a28fe9bd65924f7c90623773daf1b0b\",\"name\":\"Redacci\u00f3n\",\"image\":{\"@type\":\"ImageObject\",\"inLanguage\":\"es-MX\",\"@id\":\"https:\/\/nitu.mx\/#\/schema\/person\/image\/\",\"url\":\"https:\/\/secure.gravatar.com\/avatar\/5dd011c8ccfc5cd7e4c81e42252aab38?s=96&d=mm&r=g\",\"contentUrl\":\"https:\/\/secure.gravatar.com\/avatar\/5dd011c8ccfc5cd7e4c81e42252aab38?s=96&d=mm&r=g\",\"caption\":\"Redacci\u00f3n\"},\"url\":\"https:\/\/nitu.mx\/index.php\/author\/redaccion\/\"}]}<\/script>\n<!-- \/ Yoast SEO plugin. -->","yoast_head_json":{"title":"BCD renueva su marca y presenta su visi\u00f3n \u201cOpen by design\u201d para el futuro de los viajes corporativos - Nitu - Noticias de la Industria Turistica","robots":{"index":"index","follow":"follow","max-snippet":"max-snippet:-1","max-image-preview":"max-image-preview:large","max-video-preview":"max-video-preview:-1"},"canonical":"https:\/\/nitu.mx\/index.php\/2026\/03\/08\/bcd-renueva-su-marca-y-presenta-su-vision-open-by-design-para-el-futuro-de-los-viajes-corporativos\/","twitter_card":"summary_large_image","twitter_title":"BCD renueva su marca y presenta su visi\u00f3n \u201cOpen by design\u201d para el futuro de los viajes corporativos - Nitu - Noticias de la Industria Turistica","twitter_description":"BCD present\u00f3 su nueva y optimizada identidad de marca. Esta refleja su evoluci\u00f3n como empresa gestora de viajes avanzada a nivel tecnol\u00f3gico, y enfocada en ofrecer opciones, flexibilidad y transparencia a sus clientes. La misi\u00f3n y visi\u00f3n renovadas de BCD, as\u00ed como su identidad visual modernizada, reflejan las profundas y constantes inversiones de la empresa [&hellip;]","twitter_image":"https:\/\/nitu.mx\/wp-content\/uploads\/2026\/03\/BCD-cambio-de-imagen.jpg","twitter_creator":"@NITUmx","twitter_site":"@Arturo_Medina_G","twitter_misc":{"Escrito por":"Redacci\u00f3n","Tiempo de lectura":"3 minutos"},"schema":{"@context":"https:\/\/schema.org","@graph":[{"@type":"Article","@id":"https:\/\/nitu.mx\/index.php\/2026\/03\/08\/bcd-renueva-su-marca-y-presenta-su-vision-open-by-design-para-el-futuro-de-los-viajes-corporativos\/#article","isPartOf":{"@id":"https:\/\/nitu.mx\/index.php\/2026\/03\/08\/bcd-renueva-su-marca-y-presenta-su-vision-open-by-design-para-el-futuro-de-los-viajes-corporativos\/"},"author":{"name":"Redacci\u00f3n","@id":"https:\/\/nitu.mx\/#\/schema\/person\/4a28fe9bd65924f7c90623773daf1b0b"},"headline":"BCD renueva su marca y presenta su visi\u00f3n \u201cOpen by design\u201d para el futuro de los viajes corporativos","datePublished":"2026-03-09T04:19:18+00:00","dateModified":"2026-03-09T04:19:19+00:00","mainEntityOfPage":{"@id":"https:\/\/nitu.mx\/index.php\/2026\/03\/08\/bcd-renueva-su-marca-y-presenta-su-vision-open-by-design-para-el-futuro-de-los-viajes-corporativos\/"},"wordCount":555,"publisher":{"@id":"https:\/\/nitu.mx\/#\/schema\/person\/ae7a53426417292d3dd07b45a33e01bc"},"image":{"@id":"https:\/\/nitu.mx\/index.php\/2026\/03\/08\/bcd-renueva-su-marca-y-presenta-su-vision-open-by-design-para-el-futuro-de-los-viajes-corporativos\/#primaryimage"},"thumbnailUrl":"https:\/\/nitu.mx\/wp-content\/uploads\/2026\/03\/BCD-cambio-de-imagen.jpg","keywords":["BCD","BCD Travel","Stephan Baars"],"articleSection":["Agencias de Viajes"],"inLanguage":"es-MX"},{"@type":"WebPage","@id":"https:\/\/nitu.mx\/index.php\/2026\/03\/08\/bcd-renueva-su-marca-y-presenta-su-vision-open-by-design-para-el-futuro-de-los-viajes-corporativos\/","url":"https:\/\/nitu.mx\/index.php\/2026\/03\/08\/bcd-renueva-su-marca-y-presenta-su-vision-open-by-design-para-el-futuro-de-los-viajes-corporativos\/","name":"BCD renueva su marca y presenta su visi\u00f3n \u201cOpen by design\u201d para el futuro de los viajes corporativos - Nitu - Noticias de la Industria Turistica","isPartOf":{"@id":"https:\/\/nitu.mx\/#website"},"primaryImageOfPage":{"@id":"https:\/\/nitu.mx\/index.php\/2026\/03\/08\/bcd-renueva-su-marca-y-presenta-su-vision-open-by-design-para-el-futuro-de-los-viajes-corporativos\/#primaryimage"},"image":{"@id":"https:\/\/nitu.mx\/index.php\/2026\/03\/08\/bcd-renueva-su-marca-y-presenta-su-vision-open-by-design-para-el-futuro-de-los-viajes-corporativos\/#primaryimage"},"thumbnailUrl":"https:\/\/nitu.mx\/wp-content\/uploads\/2026\/03\/BCD-cambio-de-imagen.jpg","datePublished":"2026-03-09T04:19:18+00:00","dateModified":"2026-03-09T04:19:19+00:00","breadcrumb":{"@id":"https:\/\/nitu.mx\/index.php\/2026\/03\/08\/bcd-renueva-su-marca-y-presenta-su-vision-open-by-design-para-el-futuro-de-los-viajes-corporativos\/#breadcrumb"},"inLanguage":"es-MX","potentialAction":[{"@type":"ReadAction","target":["https:\/\/nitu.mx\/index.php\/2026\/03\/08\/bcd-renueva-su-marca-y-presenta-su-vision-open-by-design-para-el-futuro-de-los-viajes-corporativos\/"]}]},{"@type":"ImageObject","inLanguage":"es-MX","@id":"https:\/\/nitu.mx\/index.php\/2026\/03\/08\/bcd-renueva-su-marca-y-presenta-su-vision-open-by-design-para-el-futuro-de-los-viajes-corporativos\/#primaryimage","url":"https:\/\/nitu.mx\/wp-content\/uploads\/2026\/03\/BCD-cambio-de-imagen.jpg","contentUrl":"https:\/\/nitu.mx\/wp-content\/uploads\/2026\/03\/BCD-cambio-de-imagen.jpg","width":1200,"height":675,"caption":"BCD cambio de imagen"},{"@type":"BreadcrumbList","@id":"https:\/\/nitu.mx\/index.php\/2026\/03\/08\/bcd-renueva-su-marca-y-presenta-su-vision-open-by-design-para-el-futuro-de-los-viajes-corporativos\/#breadcrumb","itemListElement":[{"@type":"ListItem","position":1,"name":"Inicio","item":"https:\/\/nitu.mx\/"},{"@type":"ListItem","position":2,"name":"BCD renueva su marca y presenta su visi\u00f3n \u201cOpen by design\u201d para el futuro de los viajes corporativos"}]},{"@type":"WebSite","@id":"https:\/\/nitu.mx\/#website","url":"https:\/\/nitu.mx\/","name":"Nitu - Noticias de la Industria Turistica","description":"Noticias de la Industria Turistica","publisher":{"@id":"https:\/\/nitu.mx\/#\/schema\/person\/ae7a53426417292d3dd07b45a33e01bc"},"alternateName":"Noticias de la Industria Turistica","potentialAction":[{"@type":"SearchAction","target":{"@type":"EntryPoint","urlTemplate":"https:\/\/nitu.mx\/?s={search_term_string}"},"query-input":"required name=search_term_string"}],"inLanguage":"es-MX"},{"@type":["Person","Organization"],"@id":"https:\/\/nitu.mx\/#\/schema\/person\/ae7a53426417292d3dd07b45a33e01bc","name":"Arturo Medina","image":{"@type":"ImageObject","inLanguage":"es-MX","@id":"https:\/\/nitu.mx\/#\/schema\/person\/image\/","url":"https:\/\/nitu.mx\/wp-content\/uploads\/2024\/04\/4A315622-1904-4D5C-B022-878CDC840E04-90x90-1.jpeg","contentUrl":"https:\/\/nitu.mx\/wp-content\/uploads\/2024\/04\/4A315622-1904-4D5C-B022-878CDC840E04-90x90-1.jpeg","width":90,"height":90,"caption":"Arturo Medina"},"logo":{"@id":"https:\/\/nitu.mx\/#\/schema\/person\/image\/"},"description":"Director NITU.mx, Egresado de la Escuela de Periodismo Carlos Septi\u00e9n Garc\u00eda. Periodista y analista especializado en turismo desde hace 35 a\u00f1os, radicado en Canc\u00fan Q.Roo. arturo@nitu.mx","sameAs":["https:\/\/nitu.mx","https:\/\/www.facebook.com\/NITUmx\/","medinacancun","https:\/\/twitter.com\/@Arturo_Medina_G"]},{"@type":"Person","@id":"https:\/\/nitu.mx\/#\/schema\/person\/4a28fe9bd65924f7c90623773daf1b0b","name":"Redacci\u00f3n","image":{"@type":"ImageObject","inLanguage":"es-MX","@id":"https:\/\/nitu.mx\/#\/schema\/person\/image\/","url":"https:\/\/secure.gravatar.com\/avatar\/5dd011c8ccfc5cd7e4c81e42252aab38?s=96&d=mm&r=g","contentUrl":"https:\/\/secure.gravatar.com\/avatar\/5dd011c8ccfc5cd7e4c81e42252aab38?s=96&d=mm&r=g","caption":"Redacci\u00f3n"},"url":"https:\/\/nitu.mx\/index.php\/author\/redaccion\/"}]}},"views":332,"_links":{"self":[{"href":"https:\/\/nitu.mx\/index.php\/wp-json\/wp\/v2\/posts\/86470"}],"collection":[{"href":"https:\/\/nitu.mx\/index.php\/wp-json\/wp\/v2\/posts"}],"about":[{"href":"https:\/\/nitu.mx\/index.php\/wp-json\/wp\/v2\/types\/post"}],"author":[{"embeddable":true,"href":"https:\/\/nitu.mx\/index.php\/wp-json\/wp\/v2\/users\/17"}],"replies":[{"embeddable":true,"href":"https:\/\/nitu.mx\/index.php\/wp-json\/wp\/v2\/comments?post=86470"}],"version-history":[{"count":1,"href":"https:\/\/nitu.mx\/index.php\/wp-json\/wp\/v2\/posts\/86470\/revisions"}],"predecessor-version":[{"id":86472,"href":"https:\/\/nitu.mx\/index.php\/wp-json\/wp\/v2\/posts\/86470\/revisions\/86472"}],"wp:featuredmedia":[{"embeddable":true,"href":"https:\/\/nitu.mx\/index.php\/wp-json\/wp\/v2\/media\/86474"}],"wp:attachment":[{"href":"https:\/\/nitu.mx\/index.php\/wp-json\/wp\/v2\/media?parent=86470"}],"wp:term":[{"taxonomy":"category","embeddable":true,"href":"https:\/\/nitu.mx\/index.php\/wp-json\/wp\/v2\/categories?post=86470"},{"taxonomy":"post_tag","embeddable":true,"href":"https:\/\/nitu.mx\/index.php\/wp-json\/wp\/v2\/tags?post=86470"}],"curies":[{"name":"wp","href":"https:\/\/api.w.org\/{rel}","templated":true}]}}