{"id":86438,"date":"2026-03-05T23:27:30","date_gmt":"2026-03-06T05:27:30","guid":{"rendered":"https:\/\/nitu.mx\/?p=86438"},"modified":"2026-03-05T23:27:31","modified_gmt":"2026-03-06T05:27:31","slug":"concluye-2025-con-casi-5-millones-de-personas-empleadas-en-el-sector-turistico","status":"publish","type":"post","link":"https:\/\/nitu.mx\/index.php\/2026\/03\/05\/concluye-2025-con-casi-5-millones-de-personas-empleadas-en-el-sector-turistico\/","title":{"rendered":"Concluye 2025 con casi 5 millones de personas empleadas en el sector tur\u00edstico"},"content":{"rendered":"\n<p>La secretaria de Turismo federal, Josefina Rodr\u00edguez Zamora, dio a conocer que en el cuarto trimestre de 2025 el sector tur\u00edstico ocup\u00f3 a 4 millones 988 mil personas, cifra que equivale al 9.2 por ciento del empleo nacional.<\/p>\n\n\n\n<p>La titular de la Secretar\u00eda de Turismo (Sectur) subray\u00f3 que en su comparativo anual el empleo en el sector registr\u00f3 un incremento de 43 mil 869 personas en las actividades productoras de bienes y servicios tur\u00edsticos, lo que represent\u00f3 un crecimiento de 0.9 por ciento respecto al cuarto trimestre de 2024, confirmando una trayectoria sostenida de expansi\u00f3n.<\/p>\n\n\n\n<p>\u201cA trav\u00e9s del empleo, el sector no solo impulsa la actividad econ\u00f3mica, sino que contribuye directamente a la construcci\u00f3n de una Prosperidad Compartida, al llevar oportunidades a comunidades de todo el pa\u00eds\u201d, declar\u00f3.<\/p>\n\n\n\n<p>A\u00f1adi\u00f3 que con base en las estimaciones elaboradas por Sectur e INEGI a partir de los datos de la Encuesta Nacional de Ocupaci\u00f3n y Empleo (ENOE), el empleo en turismo se ubic\u00f3 11.2 por ciento por encima del nivel previo a la pandemia, con 500 mil 657 personas adicionales ocupadas respecto al primer trimestre de 2020.<\/p>\n\n\n\n<p>\u201cEstos resultados reflejan la fortaleza del turismo como motor de desarrollo y generador de bienestar para millones de familias mexicanas, consolid\u00e1ndose como un pilar estrat\u00e9gico en la generaci\u00f3n de empleo y en el dinamismo econ\u00f3mico del pa\u00eds\u201d, manifest\u00f3.<\/p>\n\n\n\n<p>Rodr\u00edguez Zamora refrend\u00f3 su compromiso de seguir trabajando para que los beneficios del crecimiento tur\u00edstico lleguen a m\u00e1s mexicanas y mexicanos, fortaleciendo la inclusi\u00f3n, la competitividad y el desarrollo regional. (<a href=\"https:\/\/nitu.mx\/index.php\/2026\/03\/05\/mexico-impulsa-la-conectividad-aerea-en-routes-americas-2026\/\">M\u00e9xico impulsa la conectividad a\u00e9rea en Routes Americas 2026<\/a>).<\/p>\n","protected":false},"excerpt":{"rendered":"<p>La secretaria de Turismo federal, Josefina Rodr\u00edguez Zamora, dio a conocer que en el cuarto trimestre de 2025 el sector tur\u00edstico ocup\u00f3 a 4 millones 988 mil personas, cifra que equivale al 9.2 por ciento del empleo nacional. La titular de la Secretar\u00eda de Turismo (Sectur) subray\u00f3 que en su comparativo anual el empleo en [&hellip;]<\/p>\n","protected":false},"author":17,"featured_media":7333,"comment_status":"closed","ping_status":"closed","sticky":false,"template":"","format":"standard","meta":{"footnotes":""},"categories":[12],"tags":[23157,25659,93],"yoast_head":"<!-- This site is optimized with the Yoast SEO plugin v22.2 - https:\/\/yoast.com\/wordpress\/plugins\/seo\/ -->\n<title>Concluye 2025 con casi 5 millones de personas empleadas en el sector tur\u00edstico - Nitu - Noticias de la Industria Turistica<\/title>\n<meta name=\"robots\" content=\"index, follow, max-snippet:-1, max-image-preview:large, max-video-preview:-1\" \/>\n<link rel=\"canonical\" href=\"https:\/\/nitu.mx\/index.php\/2026\/03\/05\/concluye-2025-con-casi-5-millones-de-personas-empleadas-en-el-sector-turistico\/\" \/>\n<meta name=\"twitter:card\" content=\"summary_large_image\" \/>\n<meta name=\"twitter:title\" content=\"Concluye 2025 con casi 5 millones de personas empleadas en el sector tur\u00edstico - Nitu - Noticias de la Industria Turistica\" \/>\n<meta name=\"twitter:description\" content=\"La secretaria de Turismo federal, Josefina Rodr\u00edguez Zamora, dio a conocer que en el cuarto trimestre de 2025 el sector tur\u00edstico ocup\u00f3 a 4 millones 988 mil personas, cifra que equivale al 9.2 por ciento del empleo nacional. La titular de la Secretar\u00eda de Turismo (Sectur) subray\u00f3 que en su comparativo anual el empleo en [&hellip;]\" \/>\n<meta name=\"twitter:image\" content=\"https:\/\/nitu.mx\/wp-content\/uploads\/2017\/02\/empleo-por-turismo.jpg\" \/>\n<meta name=\"twitter:creator\" content=\"@NITUmx\" \/>\n<meta name=\"twitter:site\" content=\"@Arturo_Medina_G\" \/>\n<meta name=\"twitter:label1\" content=\"Escrito por\" \/>\n\t<meta name=\"twitter:data1\" content=\"Redacci\u00f3n\" \/>\n\t<meta name=\"twitter:label2\" content=\"Tiempo de lectura\" \/>\n\t<meta name=\"twitter:data2\" content=\"1 minuto\" \/>\n<script type=\"application\/ld+json\" class=\"yoast-schema-graph\">{\"@context\":\"https:\/\/schema.org\",\"@graph\":[{\"@type\":\"Article\",\"@id\":\"https:\/\/nitu.mx\/index.php\/2026\/03\/05\/concluye-2025-con-casi-5-millones-de-personas-empleadas-en-el-sector-turistico\/#article\",\"isPartOf\":{\"@id\":\"https:\/\/nitu.mx\/index.php\/2026\/03\/05\/concluye-2025-con-casi-5-millones-de-personas-empleadas-en-el-sector-turistico\/\"},\"author\":{\"name\":\"Redacci\u00f3n\",\"@id\":\"https:\/\/nitu.mx\/#\/schema\/person\/4a28fe9bd65924f7c90623773daf1b0b\"},\"headline\":\"Concluye 2025 con casi 5 millones de personas empleadas en el sector tur\u00edstico\",\"datePublished\":\"2026-03-06T05:27:30+00:00\",\"dateModified\":\"2026-03-06T05:27:31+00:00\",\"mainEntityOfPage\":{\"@id\":\"https:\/\/nitu.mx\/index.php\/2026\/03\/05\/concluye-2025-con-casi-5-millones-de-personas-empleadas-en-el-sector-turistico\/\"},\"wordCount\":282,\"publisher\":{\"@id\":\"https:\/\/nitu.mx\/#\/schema\/person\/ae7a53426417292d3dd07b45a33e01bc\"},\"image\":{\"@id\":\"https:\/\/nitu.mx\/index.php\/2026\/03\/05\/concluye-2025-con-casi-5-millones-de-personas-empleadas-en-el-sector-turistico\/#primaryimage\"},\"thumbnailUrl\":\"https:\/\/nitu.mx\/wp-content\/uploads\/2017\/02\/empleo-por-turismo.jpg\",\"keywords\":[\"Empleo tur\u00edstico\",\"Josefina Rodr\u00edguez\",\"Sectur\"],\"articleSection\":[\"Marketing\"],\"inLanguage\":\"es-MX\"},{\"@type\":\"WebPage\",\"@id\":\"https:\/\/nitu.mx\/index.php\/2026\/03\/05\/concluye-2025-con-casi-5-millones-de-personas-empleadas-en-el-sector-turistico\/\",\"url\":\"https:\/\/nitu.mx\/index.php\/2026\/03\/05\/concluye-2025-con-casi-5-millones-de-personas-empleadas-en-el-sector-turistico\/\",\"name\":\"Concluye 2025 con casi 5 millones de personas empleadas en el sector tur\u00edstico - Nitu - Noticias de la Industria Turistica\",\"isPartOf\":{\"@id\":\"https:\/\/nitu.mx\/#website\"},\"primaryImageOfPage\":{\"@id\":\"https:\/\/nitu.mx\/index.php\/2026\/03\/05\/concluye-2025-con-casi-5-millones-de-personas-empleadas-en-el-sector-turistico\/#primaryimage\"},\"image\":{\"@id\":\"https:\/\/nitu.mx\/index.php\/2026\/03\/05\/concluye-2025-con-casi-5-millones-de-personas-empleadas-en-el-sector-turistico\/#primaryimage\"},\"thumbnailUrl\":\"https:\/\/nitu.mx\/wp-content\/uploads\/2017\/02\/empleo-por-turismo.jpg\",\"datePublished\":\"2026-03-06T05:27:30+00:00\",\"dateModified\":\"2026-03-06T05:27:31+00:00\",\"breadcrumb\":{\"@id\":\"https:\/\/nitu.mx\/index.php\/2026\/03\/05\/concluye-2025-con-casi-5-millones-de-personas-empleadas-en-el-sector-turistico\/#breadcrumb\"},\"inLanguage\":\"es-MX\",\"potentialAction\":[{\"@type\":\"ReadAction\",\"target\":[\"https:\/\/nitu.mx\/index.php\/2026\/03\/05\/concluye-2025-con-casi-5-millones-de-personas-empleadas-en-el-sector-turistico\/\"]}]},{\"@type\":\"ImageObject\",\"inLanguage\":\"es-MX\",\"@id\":\"https:\/\/nitu.mx\/index.php\/2026\/03\/05\/concluye-2025-con-casi-5-millones-de-personas-empleadas-en-el-sector-turistico\/#primaryimage\",\"url\":\"https:\/\/nitu.mx\/wp-content\/uploads\/2017\/02\/empleo-por-turismo.jpg\",\"contentUrl\":\"https:\/\/nitu.mx\/wp-content\/uploads\/2017\/02\/empleo-por-turismo.jpg\",\"width\":850,\"height\":480,\"caption\":\"empleos por turismo RNT empleo tur\u00edstico CNET\"},{\"@type\":\"BreadcrumbList\",\"@id\":\"https:\/\/nitu.mx\/index.php\/2026\/03\/05\/concluye-2025-con-casi-5-millones-de-personas-empleadas-en-el-sector-turistico\/#breadcrumb\",\"itemListElement\":[{\"@type\":\"ListItem\",\"position\":1,\"name\":\"Inicio\",\"item\":\"https:\/\/nitu.mx\/\"},{\"@type\":\"ListItem\",\"position\":2,\"name\":\"Concluye 2025 con casi 5 millones de personas empleadas en el sector tur\u00edstico\"}]},{\"@type\":\"WebSite\",\"@id\":\"https:\/\/nitu.mx\/#website\",\"url\":\"https:\/\/nitu.mx\/\",\"name\":\"Nitu - Noticias de la Industria Turistica\",\"description\":\"Noticias de la Industria Turistica\",\"publisher\":{\"@id\":\"https:\/\/nitu.mx\/#\/schema\/person\/ae7a53426417292d3dd07b45a33e01bc\"},\"alternateName\":\"Noticias de la Industria Turistica\",\"potentialAction\":[{\"@type\":\"SearchAction\",\"target\":{\"@type\":\"EntryPoint\",\"urlTemplate\":\"https:\/\/nitu.mx\/?s={search_term_string}\"},\"query-input\":\"required name=search_term_string\"}],\"inLanguage\":\"es-MX\"},{\"@type\":[\"Person\",\"Organization\"],\"@id\":\"https:\/\/nitu.mx\/#\/schema\/person\/ae7a53426417292d3dd07b45a33e01bc\",\"name\":\"Arturo Medina\",\"image\":{\"@type\":\"ImageObject\",\"inLanguage\":\"es-MX\",\"@id\":\"https:\/\/nitu.mx\/#\/schema\/person\/image\/\",\"url\":\"https:\/\/nitu.mx\/wp-content\/uploads\/2024\/04\/4A315622-1904-4D5C-B022-878CDC840E04-90x90-1.jpeg\",\"contentUrl\":\"https:\/\/nitu.mx\/wp-content\/uploads\/2024\/04\/4A315622-1904-4D5C-B022-878CDC840E04-90x90-1.jpeg\",\"width\":90,\"height\":90,\"caption\":\"Arturo Medina\"},\"logo\":{\"@id\":\"https:\/\/nitu.mx\/#\/schema\/person\/image\/\"},\"description\":\"Director NITU.mx, Egresado de la Escuela de Periodismo Carlos Septi\u00e9n Garc\u00eda. Periodista y analista especializado en turismo desde hace 35 a\u00f1os, radicado en Canc\u00fan Q.Roo. arturo@nitu.mx\",\"sameAs\":[\"https:\/\/nitu.mx\",\"https:\/\/www.facebook.com\/NITUmx\/\",\"medinacancun\",\"https:\/\/twitter.com\/@Arturo_Medina_G\"]},{\"@type\":\"Person\",\"@id\":\"https:\/\/nitu.mx\/#\/schema\/person\/4a28fe9bd65924f7c90623773daf1b0b\",\"name\":\"Redacci\u00f3n\",\"image\":{\"@type\":\"ImageObject\",\"inLanguage\":\"es-MX\",\"@id\":\"https:\/\/nitu.mx\/#\/schema\/person\/image\/\",\"url\":\"https:\/\/secure.gravatar.com\/avatar\/5dd011c8ccfc5cd7e4c81e42252aab38?s=96&d=mm&r=g\",\"contentUrl\":\"https:\/\/secure.gravatar.com\/avatar\/5dd011c8ccfc5cd7e4c81e42252aab38?s=96&d=mm&r=g\",\"caption\":\"Redacci\u00f3n\"},\"url\":\"https:\/\/nitu.mx\/index.php\/author\/redaccion\/\"}]}<\/script>\n<!-- \/ Yoast SEO plugin. -->","yoast_head_json":{"title":"Concluye 2025 con casi 5 millones de personas empleadas en el sector tur\u00edstico - Nitu - Noticias de la Industria Turistica","robots":{"index":"index","follow":"follow","max-snippet":"max-snippet:-1","max-image-preview":"max-image-preview:large","max-video-preview":"max-video-preview:-1"},"canonical":"https:\/\/nitu.mx\/index.php\/2026\/03\/05\/concluye-2025-con-casi-5-millones-de-personas-empleadas-en-el-sector-turistico\/","twitter_card":"summary_large_image","twitter_title":"Concluye 2025 con casi 5 millones de personas empleadas en el sector tur\u00edstico - Nitu - Noticias de la Industria Turistica","twitter_description":"La secretaria de Turismo federal, Josefina Rodr\u00edguez Zamora, dio a conocer que en el cuarto trimestre de 2025 el sector tur\u00edstico ocup\u00f3 a 4 millones 988 mil personas, cifra que equivale al 9.2 por ciento del empleo nacional. La titular de la Secretar\u00eda de Turismo (Sectur) subray\u00f3 que en su comparativo anual el empleo en [&hellip;]","twitter_image":"https:\/\/nitu.mx\/wp-content\/uploads\/2017\/02\/empleo-por-turismo.jpg","twitter_creator":"@NITUmx","twitter_site":"@Arturo_Medina_G","twitter_misc":{"Escrito por":"Redacci\u00f3n","Tiempo de lectura":"1 minuto"},"schema":{"@context":"https:\/\/schema.org","@graph":[{"@type":"Article","@id":"https:\/\/nitu.mx\/index.php\/2026\/03\/05\/concluye-2025-con-casi-5-millones-de-personas-empleadas-en-el-sector-turistico\/#article","isPartOf":{"@id":"https:\/\/nitu.mx\/index.php\/2026\/03\/05\/concluye-2025-con-casi-5-millones-de-personas-empleadas-en-el-sector-turistico\/"},"author":{"name":"Redacci\u00f3n","@id":"https:\/\/nitu.mx\/#\/schema\/person\/4a28fe9bd65924f7c90623773daf1b0b"},"headline":"Concluye 2025 con casi 5 millones de personas empleadas en el sector tur\u00edstico","datePublished":"2026-03-06T05:27:30+00:00","dateModified":"2026-03-06T05:27:31+00:00","mainEntityOfPage":{"@id":"https:\/\/nitu.mx\/index.php\/2026\/03\/05\/concluye-2025-con-casi-5-millones-de-personas-empleadas-en-el-sector-turistico\/"},"wordCount":282,"publisher":{"@id":"https:\/\/nitu.mx\/#\/schema\/person\/ae7a53426417292d3dd07b45a33e01bc"},"image":{"@id":"https:\/\/nitu.mx\/index.php\/2026\/03\/05\/concluye-2025-con-casi-5-millones-de-personas-empleadas-en-el-sector-turistico\/#primaryimage"},"thumbnailUrl":"https:\/\/nitu.mx\/wp-content\/uploads\/2017\/02\/empleo-por-turismo.jpg","keywords":["Empleo tur\u00edstico","Josefina Rodr\u00edguez","Sectur"],"articleSection":["Marketing"],"inLanguage":"es-MX"},{"@type":"WebPage","@id":"https:\/\/nitu.mx\/index.php\/2026\/03\/05\/concluye-2025-con-casi-5-millones-de-personas-empleadas-en-el-sector-turistico\/","url":"https:\/\/nitu.mx\/index.php\/2026\/03\/05\/concluye-2025-con-casi-5-millones-de-personas-empleadas-en-el-sector-turistico\/","name":"Concluye 2025 con casi 5 millones de personas empleadas en el sector tur\u00edstico - Nitu - Noticias de la Industria Turistica","isPartOf":{"@id":"https:\/\/nitu.mx\/#website"},"primaryImageOfPage":{"@id":"https:\/\/nitu.mx\/index.php\/2026\/03\/05\/concluye-2025-con-casi-5-millones-de-personas-empleadas-en-el-sector-turistico\/#primaryimage"},"image":{"@id":"https:\/\/nitu.mx\/index.php\/2026\/03\/05\/concluye-2025-con-casi-5-millones-de-personas-empleadas-en-el-sector-turistico\/#primaryimage"},"thumbnailUrl":"https:\/\/nitu.mx\/wp-content\/uploads\/2017\/02\/empleo-por-turismo.jpg","datePublished":"2026-03-06T05:27:30+00:00","dateModified":"2026-03-06T05:27:31+00:00","breadcrumb":{"@id":"https:\/\/nitu.mx\/index.php\/2026\/03\/05\/concluye-2025-con-casi-5-millones-de-personas-empleadas-en-el-sector-turistico\/#breadcrumb"},"inLanguage":"es-MX","potentialAction":[{"@type":"ReadAction","target":["https:\/\/nitu.mx\/index.php\/2026\/03\/05\/concluye-2025-con-casi-5-millones-de-personas-empleadas-en-el-sector-turistico\/"]}]},{"@type":"ImageObject","inLanguage":"es-MX","@id":"https:\/\/nitu.mx\/index.php\/2026\/03\/05\/concluye-2025-con-casi-5-millones-de-personas-empleadas-en-el-sector-turistico\/#primaryimage","url":"https:\/\/nitu.mx\/wp-content\/uploads\/2017\/02\/empleo-por-turismo.jpg","contentUrl":"https:\/\/nitu.mx\/wp-content\/uploads\/2017\/02\/empleo-por-turismo.jpg","width":850,"height":480,"caption":"empleos por turismo RNT empleo tur\u00edstico CNET"},{"@type":"BreadcrumbList","@id":"https:\/\/nitu.mx\/index.php\/2026\/03\/05\/concluye-2025-con-casi-5-millones-de-personas-empleadas-en-el-sector-turistico\/#breadcrumb","itemListElement":[{"@type":"ListItem","position":1,"name":"Inicio","item":"https:\/\/nitu.mx\/"},{"@type":"ListItem","position":2,"name":"Concluye 2025 con casi 5 millones de personas empleadas en el sector tur\u00edstico"}]},{"@type":"WebSite","@id":"https:\/\/nitu.mx\/#website","url":"https:\/\/nitu.mx\/","name":"Nitu - Noticias de la Industria Turistica","description":"Noticias de la Industria Turistica","publisher":{"@id":"https:\/\/nitu.mx\/#\/schema\/person\/ae7a53426417292d3dd07b45a33e01bc"},"alternateName":"Noticias de la Industria Turistica","potentialAction":[{"@type":"SearchAction","target":{"@type":"EntryPoint","urlTemplate":"https:\/\/nitu.mx\/?s={search_term_string}"},"query-input":"required name=search_term_string"}],"inLanguage":"es-MX"},{"@type":["Person","Organization"],"@id":"https:\/\/nitu.mx\/#\/schema\/person\/ae7a53426417292d3dd07b45a33e01bc","name":"Arturo Medina","image":{"@type":"ImageObject","inLanguage":"es-MX","@id":"https:\/\/nitu.mx\/#\/schema\/person\/image\/","url":"https:\/\/nitu.mx\/wp-content\/uploads\/2024\/04\/4A315622-1904-4D5C-B022-878CDC840E04-90x90-1.jpeg","contentUrl":"https:\/\/nitu.mx\/wp-content\/uploads\/2024\/04\/4A315622-1904-4D5C-B022-878CDC840E04-90x90-1.jpeg","width":90,"height":90,"caption":"Arturo Medina"},"logo":{"@id":"https:\/\/nitu.mx\/#\/schema\/person\/image\/"},"description":"Director NITU.mx, Egresado de la Escuela de Periodismo Carlos Septi\u00e9n Garc\u00eda. Periodista y analista especializado en turismo desde hace 35 a\u00f1os, radicado en Canc\u00fan Q.Roo. arturo@nitu.mx","sameAs":["https:\/\/nitu.mx","https:\/\/www.facebook.com\/NITUmx\/","medinacancun","https:\/\/twitter.com\/@Arturo_Medina_G"]},{"@type":"Person","@id":"https:\/\/nitu.mx\/#\/schema\/person\/4a28fe9bd65924f7c90623773daf1b0b","name":"Redacci\u00f3n","image":{"@type":"ImageObject","inLanguage":"es-MX","@id":"https:\/\/nitu.mx\/#\/schema\/person\/image\/","url":"https:\/\/secure.gravatar.com\/avatar\/5dd011c8ccfc5cd7e4c81e42252aab38?s=96&d=mm&r=g","contentUrl":"https:\/\/secure.gravatar.com\/avatar\/5dd011c8ccfc5cd7e4c81e42252aab38?s=96&d=mm&r=g","caption":"Redacci\u00f3n"},"url":"https:\/\/nitu.mx\/index.php\/author\/redaccion\/"}]}},"views":226,"_links":{"self":[{"href":"https:\/\/nitu.mx\/index.php\/wp-json\/wp\/v2\/posts\/86438"}],"collection":[{"href":"https:\/\/nitu.mx\/index.php\/wp-json\/wp\/v2\/posts"}],"about":[{"href":"https:\/\/nitu.mx\/index.php\/wp-json\/wp\/v2\/types\/post"}],"author":[{"embeddable":true,"href":"https:\/\/nitu.mx\/index.php\/wp-json\/wp\/v2\/users\/17"}],"replies":[{"embeddable":true,"href":"https:\/\/nitu.mx\/index.php\/wp-json\/wp\/v2\/comments?post=86438"}],"version-history":[{"count":1,"href":"https:\/\/nitu.mx\/index.php\/wp-json\/wp\/v2\/posts\/86438\/revisions"}],"predecessor-version":[{"id":86440,"href":"https:\/\/nitu.mx\/index.php\/wp-json\/wp\/v2\/posts\/86438\/revisions\/86440"}],"wp:featuredmedia":[{"embeddable":true,"href":"https:\/\/nitu.mx\/index.php\/wp-json\/wp\/v2\/media\/7333"}],"wp:attachment":[{"href":"https:\/\/nitu.mx\/index.php\/wp-json\/wp\/v2\/media?parent=86438"}],"wp:term":[{"taxonomy":"category","embeddable":true,"href":"https:\/\/nitu.mx\/index.php\/wp-json\/wp\/v2\/categories?post=86438"},{"taxonomy":"post_tag","embeddable":true,"href":"https:\/\/nitu.mx\/index.php\/wp-json\/wp\/v2\/tags?post=86438"}],"curies":[{"name":"wp","href":"https:\/\/api.w.org\/{rel}","templated":true}]}}