{"id":86434,"date":"2026-03-05T23:21:00","date_gmt":"2026-03-06T05:21:00","guid":{"rendered":"https:\/\/nitu.mx\/?p=86434"},"modified":"2026-03-05T23:21:01","modified_gmt":"2026-03-06T05:21:01","slug":"el-turismo-es-femenino-veronica-de-iscar-civitatis-chief-b2b-sales-officer","status":"publish","type":"post","link":"https:\/\/nitu.mx\/index.php\/2026\/03\/05\/el-turismo-es-femenino-veronica-de-iscar-civitatis-chief-b2b-sales-officer\/","title":{"rendered":"\u2018El turismo es femenino\u2019: Ver\u00f3nica de \u00cdscar, Civitatis Chief B2B Sales Officer"},"content":{"rendered":"\n<p>En el marco del D\u00eda Internacional de la Mujer, Ver\u00f3nica de \u00cdscar, Chief B2B Sales Officer de Civitatis, pone en el centro la conversaci\u00f3n sobre liderazgo y empoderamiento femenino en el sector tur\u00edstico. Desde su visi\u00f3n y trayectoria, destaca una realidad innegable: el turismo es una industria impulsada por mujeres.<\/p>\n\n\n\n<p>Una historia en ascenso<br>Inici\u00f3 su trayectoria impulsada por una temprana pasi\u00f3n por viajar, lo que la llev\u00f3 a cursar la carrera de Turismo. Tras una etapa de formaci\u00f3n y experiencia en agencias de publicidad online, donde desarroll\u00f3 habilidades digitales clave, dio el salto definitivo al sector de los viajes en 2018 al incorporarse a Civitatis. Su entrada en la compa\u00f1\u00eda marc\u00f3 un hito con la creaci\u00f3n y el desarrollo del \u00e1rea B2B desde cero, un proyecto que en ese momento no exist\u00eda y que ella lidera para conectar a la plataforma con las agencias de viajes y tambi\u00e9n el programa de afiliaci\u00f3n por partnerships o creadores de contenido que quieren recomendar actividades y tours.<\/p>\n\n\n\n<p>A lo largo de sus ocho a\u00f1os en la empresa, el departamento B2B bajo su gu\u00eda ha alcanzado una red de m\u00e1s de 46,000 agencias registradas y miles de afiliados a nivel global. Adem\u00e1s, ha impulsado la implementaci\u00f3n de herramientas innovadoras como el pago aplazado y servicios premium, consolid\u00e1ndose como una figura referente en el \u00e1mbito del travel tech.<\/p>\n\n\n\n<p>Liderazgo real y equilibrio<\/p>\n\n\n\n<p>Para De \u00cdscar, el liderazgo femenino es una fuerza equilibrada y vital que se manifiesta en todas las \u00e1reas operativas. &#8220;El turismo, en general, es muy femenino&#8221;, se\u00f1ala la directiva, destacando que bajo su direcci\u00f3n existe un balance positivo con perfiles de mujeres liderando \u00e1reas clave como tech, comercial y supply.<\/p>\n\n\n\n<p>Este enfoque se refleja directamente en la estructura B2B que encabeza:<\/p>\n\n\n\n<p>La mayor\u00eda de los mandos intermedios y directivos bajo su cargo son mujeres, ocupando posiciones estrat\u00e9gicas como Product Manager, B2B Marketing y Sales &amp; Revenue Ops.<\/p>\n\n\n\n<p>A nivel internacional, la coordinaci\u00f3n de agencias en mercados estrat\u00e9gicos como Italia, Brasil y el resto de Am\u00e9rica del Sur tambi\u00e9n est\u00e1 bajo la responsabilidad de mujeres.<\/p>\n\n\n\n<p>Rompiendo el techo de cristal<br>A pesar de que las mujeres representan el 54% de la fuerza laboral de acuerdo con ONU Turismo, su presencia en puestos de alta direcci\u00f3n en el sector tecnol\u00f3gico de viajes sigue siendo un reto, con solo el 15.6% de cargos directivos ocupados por mujeres seg\u00fan un estudio de Belvera Partners.<\/p>\n\n\n\n<p>Sin embargo, De \u00cdscar observa un cambio generacional y de mentalidad positivo. Aunque reconoce que la conciliaci\u00f3n familiar sigue siendo una barrera, asegura que esta se est\u00e1 transformando gracias al apoyo mutuo. &#8220;Cada vez veo m\u00e1s mujeres en puestos ejecutivos, especialmente en los perfiles menores de 45 a\u00f1os&#8221;, afirma.<\/p>\n\n\n\n<p>Su compromiso con la visibilidad femenina se extiende a su participaci\u00f3n activa en asociaciones como ASEET (Asociaci\u00f3n Espa\u00f1ola de Ejecutivas del sector Tur\u00edstico). De \u00cdscar sostiene la convicci\u00f3n de que el camino se recorre mejor acompa\u00f1ada, encontrando en otras profesionales el impulso necesario. &#8220;Todo lo que pueda dar visibilidad a las mujeres en el sector tur\u00edstico y tecnol\u00f3gico, yo encantada de participar&#8221;, comenta.<\/p>\n\n\n\n<p>Inspiraci\u00f3n y futuro<br>En este 8 de marzo, Ver\u00f3nica de \u00cdscar concluye que el &#8220;alma&#8221; de los viajes, esas experiencias y recuerdos perfectos creados en el destino, es impulsada por el talento femenino. En su visi\u00f3n, el futuro de la industria es digital, pero tambi\u00e9n profundamente femenino e inspirado por la colaboraci\u00f3n.<\/p>\n\n\n\n<p>&#8220;Nosotras tambi\u00e9n podemos estar ah\u00ed y hay que contribuir al m\u00e1ximo a que eso pase&#8221;, finaliza. (<a href=\"https:\/\/nitu.mx\/index.php\/2026\/02\/05\/civitatis-lanza-experiencias-para-celebrar-el-dia-del-amor-y-la-amistad\/\">Civitatis lanza experiencias para celebrar el D\u00eda del Amor y la Amistad<\/a>).<\/p>\n","protected":false},"excerpt":{"rendered":"<p>En el marco del D\u00eda Internacional de la Mujer, Ver\u00f3nica de \u00cdscar, Chief B2B Sales Officer de Civitatis, pone en el centro la conversaci\u00f3n sobre liderazgo y empoderamiento femenino en el sector tur\u00edstico. Desde su visi\u00f3n y trayectoria, destaca una realidad innegable: el turismo es una industria impulsada por mujeres. Una historia en ascensoInici\u00f3 su [&hellip;]<\/p>\n","protected":false},"author":17,"featured_media":86436,"comment_status":"closed","ping_status":"closed","sticky":false,"template":"","format":"standard","meta":{"footnotes":""},"categories":[3],"tags":[22134,14822,28022],"yoast_head":"<!-- This site is optimized with the Yoast SEO plugin v22.2 - https:\/\/yoast.com\/wordpress\/plugins\/seo\/ -->\n<title>\u2018El turismo es femenino\u2019: Ver\u00f3nica de \u00cdscar, Civitatis Chief B2B Sales Officer - Nitu - Noticias de la Industria Turistica<\/title>\n<meta name=\"robots\" content=\"index, follow, max-snippet:-1, max-image-preview:large, max-video-preview:-1\" \/>\n<link rel=\"canonical\" href=\"https:\/\/nitu.mx\/index.php\/2026\/03\/05\/el-turismo-es-femenino-veronica-de-iscar-civitatis-chief-b2b-sales-officer\/\" \/>\n<meta name=\"twitter:card\" content=\"summary_large_image\" \/>\n<meta name=\"twitter:title\" content=\"\u2018El turismo es femenino\u2019: Ver\u00f3nica de \u00cdscar, Civitatis Chief B2B Sales Officer - Nitu - Noticias de la Industria Turistica\" \/>\n<meta name=\"twitter:description\" content=\"En el marco del D\u00eda Internacional de la Mujer, Ver\u00f3nica de \u00cdscar, Chief B2B Sales Officer de Civitatis, pone en el centro la conversaci\u00f3n sobre liderazgo y empoderamiento femenino en el sector tur\u00edstico. Desde su visi\u00f3n y trayectoria, destaca una realidad innegable: el turismo es una industria impulsada por mujeres. Una historia en ascensoInici\u00f3 su [&hellip;]\" \/>\n<meta name=\"twitter:image\" content=\"https:\/\/nitu.mx\/wp-content\/uploads\/2026\/03\/Civitatis-Veronica-de-Iscar-Dia-de-la-Mujer.jpg\" \/>\n<meta name=\"twitter:creator\" content=\"@NITUmx\" \/>\n<meta name=\"twitter:site\" content=\"@Arturo_Medina_G\" \/>\n<meta name=\"twitter:label1\" content=\"Escrito por\" \/>\n\t<meta name=\"twitter:data1\" content=\"Redacci\u00f3n\" \/>\n\t<meta name=\"twitter:label2\" content=\"Tiempo de lectura\" \/>\n\t<meta name=\"twitter:data2\" content=\"3 minutos\" \/>\n<script type=\"application\/ld+json\" class=\"yoast-schema-graph\">{\"@context\":\"https:\/\/schema.org\",\"@graph\":[{\"@type\":\"Article\",\"@id\":\"https:\/\/nitu.mx\/index.php\/2026\/03\/05\/el-turismo-es-femenino-veronica-de-iscar-civitatis-chief-b2b-sales-officer\/#article\",\"isPartOf\":{\"@id\":\"https:\/\/nitu.mx\/index.php\/2026\/03\/05\/el-turismo-es-femenino-veronica-de-iscar-civitatis-chief-b2b-sales-officer\/\"},\"author\":{\"name\":\"Redacci\u00f3n\",\"@id\":\"https:\/\/nitu.mx\/#\/schema\/person\/4a28fe9bd65924f7c90623773daf1b0b\"},\"headline\":\"\u2018El turismo es femenino\u2019: Ver\u00f3nica de \u00cdscar, Civitatis Chief B2B Sales Officer\",\"datePublished\":\"2026-03-06T05:21:00+00:00\",\"dateModified\":\"2026-03-06T05:21:01+00:00\",\"mainEntityOfPage\":{\"@id\":\"https:\/\/nitu.mx\/index.php\/2026\/03\/05\/el-turismo-es-femenino-veronica-de-iscar-civitatis-chief-b2b-sales-officer\/\"},\"wordCount\":649,\"publisher\":{\"@id\":\"https:\/\/nitu.mx\/#\/schema\/person\/ae7a53426417292d3dd07b45a33e01bc\"},\"image\":{\"@id\":\"https:\/\/nitu.mx\/index.php\/2026\/03\/05\/el-turismo-es-femenino-veronica-de-iscar-civitatis-chief-b2b-sales-officer\/#primaryimage\"},\"thumbnailUrl\":\"https:\/\/nitu.mx\/wp-content\/uploads\/2026\/03\/Civitatis-Veronica-de-Iscar-Dia-de-la-Mujer.jpg\",\"keywords\":[\"Civitatis\",\"D\u00eda de la Mujer\",\"Ver\u00f3nica de \u00cdscar\"],\"articleSection\":[\"Agencias de Viajes\"],\"inLanguage\":\"es-MX\"},{\"@type\":\"WebPage\",\"@id\":\"https:\/\/nitu.mx\/index.php\/2026\/03\/05\/el-turismo-es-femenino-veronica-de-iscar-civitatis-chief-b2b-sales-officer\/\",\"url\":\"https:\/\/nitu.mx\/index.php\/2026\/03\/05\/el-turismo-es-femenino-veronica-de-iscar-civitatis-chief-b2b-sales-officer\/\",\"name\":\"\u2018El turismo es femenino\u2019: Ver\u00f3nica de \u00cdscar, Civitatis Chief B2B Sales Officer - Nitu - Noticias de la Industria Turistica\",\"isPartOf\":{\"@id\":\"https:\/\/nitu.mx\/#website\"},\"primaryImageOfPage\":{\"@id\":\"https:\/\/nitu.mx\/index.php\/2026\/03\/05\/el-turismo-es-femenino-veronica-de-iscar-civitatis-chief-b2b-sales-officer\/#primaryimage\"},\"image\":{\"@id\":\"https:\/\/nitu.mx\/index.php\/2026\/03\/05\/el-turismo-es-femenino-veronica-de-iscar-civitatis-chief-b2b-sales-officer\/#primaryimage\"},\"thumbnailUrl\":\"https:\/\/nitu.mx\/wp-content\/uploads\/2026\/03\/Civitatis-Veronica-de-Iscar-Dia-de-la-Mujer.jpg\",\"datePublished\":\"2026-03-06T05:21:00+00:00\",\"dateModified\":\"2026-03-06T05:21:01+00:00\",\"breadcrumb\":{\"@id\":\"https:\/\/nitu.mx\/index.php\/2026\/03\/05\/el-turismo-es-femenino-veronica-de-iscar-civitatis-chief-b2b-sales-officer\/#breadcrumb\"},\"inLanguage\":\"es-MX\",\"potentialAction\":[{\"@type\":\"ReadAction\",\"target\":[\"https:\/\/nitu.mx\/index.php\/2026\/03\/05\/el-turismo-es-femenino-veronica-de-iscar-civitatis-chief-b2b-sales-officer\/\"]}]},{\"@type\":\"ImageObject\",\"inLanguage\":\"es-MX\",\"@id\":\"https:\/\/nitu.mx\/index.php\/2026\/03\/05\/el-turismo-es-femenino-veronica-de-iscar-civitatis-chief-b2b-sales-officer\/#primaryimage\",\"url\":\"https:\/\/nitu.mx\/wp-content\/uploads\/2026\/03\/Civitatis-Veronica-de-Iscar-Dia-de-la-Mujer.jpg\",\"contentUrl\":\"https:\/\/nitu.mx\/wp-content\/uploads\/2026\/03\/Civitatis-Veronica-de-Iscar-Dia-de-la-Mujer.jpg\",\"width\":1200,\"height\":675,\"caption\":\"Civitatis Ver\u00f3nica de \u00cdscar D\u00eda de la Mujer\"},{\"@type\":\"BreadcrumbList\",\"@id\":\"https:\/\/nitu.mx\/index.php\/2026\/03\/05\/el-turismo-es-femenino-veronica-de-iscar-civitatis-chief-b2b-sales-officer\/#breadcrumb\",\"itemListElement\":[{\"@type\":\"ListItem\",\"position\":1,\"name\":\"Inicio\",\"item\":\"https:\/\/nitu.mx\/\"},{\"@type\":\"ListItem\",\"position\":2,\"name\":\"\u2018El turismo es femenino\u2019: Ver\u00f3nica de \u00cdscar, Civitatis Chief B2B Sales Officer\"}]},{\"@type\":\"WebSite\",\"@id\":\"https:\/\/nitu.mx\/#website\",\"url\":\"https:\/\/nitu.mx\/\",\"name\":\"Nitu - Noticias de la Industria Turistica\",\"description\":\"Noticias de la Industria Turistica\",\"publisher\":{\"@id\":\"https:\/\/nitu.mx\/#\/schema\/person\/ae7a53426417292d3dd07b45a33e01bc\"},\"alternateName\":\"Noticias de la Industria Turistica\",\"potentialAction\":[{\"@type\":\"SearchAction\",\"target\":{\"@type\":\"EntryPoint\",\"urlTemplate\":\"https:\/\/nitu.mx\/?s={search_term_string}\"},\"query-input\":\"required name=search_term_string\"}],\"inLanguage\":\"es-MX\"},{\"@type\":[\"Person\",\"Organization\"],\"@id\":\"https:\/\/nitu.mx\/#\/schema\/person\/ae7a53426417292d3dd07b45a33e01bc\",\"name\":\"Arturo Medina\",\"image\":{\"@type\":\"ImageObject\",\"inLanguage\":\"es-MX\",\"@id\":\"https:\/\/nitu.mx\/#\/schema\/person\/image\/\",\"url\":\"https:\/\/nitu.mx\/wp-content\/uploads\/2024\/04\/4A315622-1904-4D5C-B022-878CDC840E04-90x90-1.jpeg\",\"contentUrl\":\"https:\/\/nitu.mx\/wp-content\/uploads\/2024\/04\/4A315622-1904-4D5C-B022-878CDC840E04-90x90-1.jpeg\",\"width\":90,\"height\":90,\"caption\":\"Arturo Medina\"},\"logo\":{\"@id\":\"https:\/\/nitu.mx\/#\/schema\/person\/image\/\"},\"description\":\"Director NITU.mx, Egresado de la Escuela de Periodismo Carlos Septi\u00e9n Garc\u00eda. Periodista y analista especializado en turismo desde hace 35 a\u00f1os, radicado en Canc\u00fan Q.Roo. arturo@nitu.mx\",\"sameAs\":[\"https:\/\/nitu.mx\",\"https:\/\/www.facebook.com\/NITUmx\/\",\"medinacancun\",\"https:\/\/twitter.com\/@Arturo_Medina_G\"]},{\"@type\":\"Person\",\"@id\":\"https:\/\/nitu.mx\/#\/schema\/person\/4a28fe9bd65924f7c90623773daf1b0b\",\"name\":\"Redacci\u00f3n\",\"image\":{\"@type\":\"ImageObject\",\"inLanguage\":\"es-MX\",\"@id\":\"https:\/\/nitu.mx\/#\/schema\/person\/image\/\",\"url\":\"https:\/\/secure.gravatar.com\/avatar\/5dd011c8ccfc5cd7e4c81e42252aab38?s=96&d=mm&r=g\",\"contentUrl\":\"https:\/\/secure.gravatar.com\/avatar\/5dd011c8ccfc5cd7e4c81e42252aab38?s=96&d=mm&r=g\",\"caption\":\"Redacci\u00f3n\"},\"url\":\"https:\/\/nitu.mx\/index.php\/author\/redaccion\/\"}]}<\/script>\n<!-- \/ Yoast SEO plugin. -->","yoast_head_json":{"title":"\u2018El turismo es femenino\u2019: Ver\u00f3nica de \u00cdscar, Civitatis Chief B2B Sales Officer - Nitu - Noticias de la Industria Turistica","robots":{"index":"index","follow":"follow","max-snippet":"max-snippet:-1","max-image-preview":"max-image-preview:large","max-video-preview":"max-video-preview:-1"},"canonical":"https:\/\/nitu.mx\/index.php\/2026\/03\/05\/el-turismo-es-femenino-veronica-de-iscar-civitatis-chief-b2b-sales-officer\/","twitter_card":"summary_large_image","twitter_title":"\u2018El turismo es femenino\u2019: Ver\u00f3nica de \u00cdscar, Civitatis Chief B2B Sales Officer - Nitu - Noticias de la Industria Turistica","twitter_description":"En el marco del D\u00eda Internacional de la Mujer, Ver\u00f3nica de \u00cdscar, Chief B2B Sales Officer de Civitatis, pone en el centro la conversaci\u00f3n sobre liderazgo y empoderamiento femenino en el sector tur\u00edstico. Desde su visi\u00f3n y trayectoria, destaca una realidad innegable: el turismo es una industria impulsada por mujeres. Una historia en ascensoInici\u00f3 su [&hellip;]","twitter_image":"https:\/\/nitu.mx\/wp-content\/uploads\/2026\/03\/Civitatis-Veronica-de-Iscar-Dia-de-la-Mujer.jpg","twitter_creator":"@NITUmx","twitter_site":"@Arturo_Medina_G","twitter_misc":{"Escrito por":"Redacci\u00f3n","Tiempo de lectura":"3 minutos"},"schema":{"@context":"https:\/\/schema.org","@graph":[{"@type":"Article","@id":"https:\/\/nitu.mx\/index.php\/2026\/03\/05\/el-turismo-es-femenino-veronica-de-iscar-civitatis-chief-b2b-sales-officer\/#article","isPartOf":{"@id":"https:\/\/nitu.mx\/index.php\/2026\/03\/05\/el-turismo-es-femenino-veronica-de-iscar-civitatis-chief-b2b-sales-officer\/"},"author":{"name":"Redacci\u00f3n","@id":"https:\/\/nitu.mx\/#\/schema\/person\/4a28fe9bd65924f7c90623773daf1b0b"},"headline":"\u2018El turismo es femenino\u2019: Ver\u00f3nica de \u00cdscar, Civitatis Chief B2B Sales Officer","datePublished":"2026-03-06T05:21:00+00:00","dateModified":"2026-03-06T05:21:01+00:00","mainEntityOfPage":{"@id":"https:\/\/nitu.mx\/index.php\/2026\/03\/05\/el-turismo-es-femenino-veronica-de-iscar-civitatis-chief-b2b-sales-officer\/"},"wordCount":649,"publisher":{"@id":"https:\/\/nitu.mx\/#\/schema\/person\/ae7a53426417292d3dd07b45a33e01bc"},"image":{"@id":"https:\/\/nitu.mx\/index.php\/2026\/03\/05\/el-turismo-es-femenino-veronica-de-iscar-civitatis-chief-b2b-sales-officer\/#primaryimage"},"thumbnailUrl":"https:\/\/nitu.mx\/wp-content\/uploads\/2026\/03\/Civitatis-Veronica-de-Iscar-Dia-de-la-Mujer.jpg","keywords":["Civitatis","D\u00eda de la Mujer","Ver\u00f3nica de \u00cdscar"],"articleSection":["Agencias de Viajes"],"inLanguage":"es-MX"},{"@type":"WebPage","@id":"https:\/\/nitu.mx\/index.php\/2026\/03\/05\/el-turismo-es-femenino-veronica-de-iscar-civitatis-chief-b2b-sales-officer\/","url":"https:\/\/nitu.mx\/index.php\/2026\/03\/05\/el-turismo-es-femenino-veronica-de-iscar-civitatis-chief-b2b-sales-officer\/","name":"\u2018El turismo es femenino\u2019: Ver\u00f3nica de \u00cdscar, Civitatis Chief B2B Sales Officer - Nitu - Noticias de la Industria Turistica","isPartOf":{"@id":"https:\/\/nitu.mx\/#website"},"primaryImageOfPage":{"@id":"https:\/\/nitu.mx\/index.php\/2026\/03\/05\/el-turismo-es-femenino-veronica-de-iscar-civitatis-chief-b2b-sales-officer\/#primaryimage"},"image":{"@id":"https:\/\/nitu.mx\/index.php\/2026\/03\/05\/el-turismo-es-femenino-veronica-de-iscar-civitatis-chief-b2b-sales-officer\/#primaryimage"},"thumbnailUrl":"https:\/\/nitu.mx\/wp-content\/uploads\/2026\/03\/Civitatis-Veronica-de-Iscar-Dia-de-la-Mujer.jpg","datePublished":"2026-03-06T05:21:00+00:00","dateModified":"2026-03-06T05:21:01+00:00","breadcrumb":{"@id":"https:\/\/nitu.mx\/index.php\/2026\/03\/05\/el-turismo-es-femenino-veronica-de-iscar-civitatis-chief-b2b-sales-officer\/#breadcrumb"},"inLanguage":"es-MX","potentialAction":[{"@type":"ReadAction","target":["https:\/\/nitu.mx\/index.php\/2026\/03\/05\/el-turismo-es-femenino-veronica-de-iscar-civitatis-chief-b2b-sales-officer\/"]}]},{"@type":"ImageObject","inLanguage":"es-MX","@id":"https:\/\/nitu.mx\/index.php\/2026\/03\/05\/el-turismo-es-femenino-veronica-de-iscar-civitatis-chief-b2b-sales-officer\/#primaryimage","url":"https:\/\/nitu.mx\/wp-content\/uploads\/2026\/03\/Civitatis-Veronica-de-Iscar-Dia-de-la-Mujer.jpg","contentUrl":"https:\/\/nitu.mx\/wp-content\/uploads\/2026\/03\/Civitatis-Veronica-de-Iscar-Dia-de-la-Mujer.jpg","width":1200,"height":675,"caption":"Civitatis Ver\u00f3nica de \u00cdscar D\u00eda de la Mujer"},{"@type":"BreadcrumbList","@id":"https:\/\/nitu.mx\/index.php\/2026\/03\/05\/el-turismo-es-femenino-veronica-de-iscar-civitatis-chief-b2b-sales-officer\/#breadcrumb","itemListElement":[{"@type":"ListItem","position":1,"name":"Inicio","item":"https:\/\/nitu.mx\/"},{"@type":"ListItem","position":2,"name":"\u2018El turismo es femenino\u2019: Ver\u00f3nica de \u00cdscar, Civitatis Chief B2B Sales Officer"}]},{"@type":"WebSite","@id":"https:\/\/nitu.mx\/#website","url":"https:\/\/nitu.mx\/","name":"Nitu - Noticias de la Industria Turistica","description":"Noticias de la Industria Turistica","publisher":{"@id":"https:\/\/nitu.mx\/#\/schema\/person\/ae7a53426417292d3dd07b45a33e01bc"},"alternateName":"Noticias de la Industria Turistica","potentialAction":[{"@type":"SearchAction","target":{"@type":"EntryPoint","urlTemplate":"https:\/\/nitu.mx\/?s={search_term_string}"},"query-input":"required name=search_term_string"}],"inLanguage":"es-MX"},{"@type":["Person","Organization"],"@id":"https:\/\/nitu.mx\/#\/schema\/person\/ae7a53426417292d3dd07b45a33e01bc","name":"Arturo Medina","image":{"@type":"ImageObject","inLanguage":"es-MX","@id":"https:\/\/nitu.mx\/#\/schema\/person\/image\/","url":"https:\/\/nitu.mx\/wp-content\/uploads\/2024\/04\/4A315622-1904-4D5C-B022-878CDC840E04-90x90-1.jpeg","contentUrl":"https:\/\/nitu.mx\/wp-content\/uploads\/2024\/04\/4A315622-1904-4D5C-B022-878CDC840E04-90x90-1.jpeg","width":90,"height":90,"caption":"Arturo Medina"},"logo":{"@id":"https:\/\/nitu.mx\/#\/schema\/person\/image\/"},"description":"Director NITU.mx, Egresado de la Escuela de Periodismo Carlos Septi\u00e9n Garc\u00eda. Periodista y analista especializado en turismo desde hace 35 a\u00f1os, radicado en Canc\u00fan Q.Roo. arturo@nitu.mx","sameAs":["https:\/\/nitu.mx","https:\/\/www.facebook.com\/NITUmx\/","medinacancun","https:\/\/twitter.com\/@Arturo_Medina_G"]},{"@type":"Person","@id":"https:\/\/nitu.mx\/#\/schema\/person\/4a28fe9bd65924f7c90623773daf1b0b","name":"Redacci\u00f3n","image":{"@type":"ImageObject","inLanguage":"es-MX","@id":"https:\/\/nitu.mx\/#\/schema\/person\/image\/","url":"https:\/\/secure.gravatar.com\/avatar\/5dd011c8ccfc5cd7e4c81e42252aab38?s=96&d=mm&r=g","contentUrl":"https:\/\/secure.gravatar.com\/avatar\/5dd011c8ccfc5cd7e4c81e42252aab38?s=96&d=mm&r=g","caption":"Redacci\u00f3n"},"url":"https:\/\/nitu.mx\/index.php\/author\/redaccion\/"}]}},"views":341,"_links":{"self":[{"href":"https:\/\/nitu.mx\/index.php\/wp-json\/wp\/v2\/posts\/86434"}],"collection":[{"href":"https:\/\/nitu.mx\/index.php\/wp-json\/wp\/v2\/posts"}],"about":[{"href":"https:\/\/nitu.mx\/index.php\/wp-json\/wp\/v2\/types\/post"}],"author":[{"embeddable":true,"href":"https:\/\/nitu.mx\/index.php\/wp-json\/wp\/v2\/users\/17"}],"replies":[{"embeddable":true,"href":"https:\/\/nitu.mx\/index.php\/wp-json\/wp\/v2\/comments?post=86434"}],"version-history":[{"count":1,"href":"https:\/\/nitu.mx\/index.php\/wp-json\/wp\/v2\/posts\/86434\/revisions"}],"predecessor-version":[{"id":86437,"href":"https:\/\/nitu.mx\/index.php\/wp-json\/wp\/v2\/posts\/86434\/revisions\/86437"}],"wp:featuredmedia":[{"embeddable":true,"href":"https:\/\/nitu.mx\/index.php\/wp-json\/wp\/v2\/media\/86436"}],"wp:attachment":[{"href":"https:\/\/nitu.mx\/index.php\/wp-json\/wp\/v2\/media?parent=86434"}],"wp:term":[{"taxonomy":"category","embeddable":true,"href":"https:\/\/nitu.mx\/index.php\/wp-json\/wp\/v2\/categories?post=86434"},{"taxonomy":"post_tag","embeddable":true,"href":"https:\/\/nitu.mx\/index.php\/wp-json\/wp\/v2\/tags?post=86434"}],"curies":[{"name":"wp","href":"https:\/\/api.w.org\/{rel}","templated":true}]}}