{"id":86429,"date":"2026-03-05T02:11:22","date_gmt":"2026-03-05T08:11:22","guid":{"rendered":"https:\/\/nitu.mx\/?p=86429"},"modified":"2026-03-05T02:11:22","modified_gmt":"2026-03-05T08:11:22","slug":"hotel-xcaret-arte-inaugura-2-exposiciones-que-muestran-parte-del-patrimonio-cultural-mexicano","status":"publish","type":"post","link":"https:\/\/nitu.mx\/index.php\/2026\/03\/05\/hotel-xcaret-arte-inaugura-2-exposiciones-que-muestran-parte-del-patrimonio-cultural-mexicano\/","title":{"rendered":"Hotel Xcaret Arte inaugura 2 exposiciones que muestran parte del patrimonio cultural mexicano"},"content":{"rendered":"\n<p>Hotel Xcaret Arte, reconocido por integrar naturaleza, arte y gastronom\u00eda de autor en su propuesta, presenta dos nuevas exposiciones como parte del \u200b programa de exposiciones temporales. &#8220;\u00a1No se mueva, joven!: Retratos de una \u00e9poca&#8221; y &#8220;Seres M\u00e9xicos: Cuerpo, M\u00e1scara y Esp\u00edritu&#8221;. La primera muestra re\u00fane obras del acervo fotogr\u00e1fico de Arte y Cultura del Centro Ricardo B. Salinas Pliego, mientras que la segunda pertenece a la colecci\u00f3n particular del arquitecto Miguel Quintana Pali y se exhibe por primera vez al p\u00fablico.<\/p>\n\n\n\n<p><strong>\u00a1No se mueva, joven!: Retratos de una \u00e9poca<\/strong><\/p>\n\n\n\n<p>La exposici\u00f3n reside en el Jard\u00edn del Arte, espacio en el que \u200b los hu\u00e9spedes pueden contemplar la curadur\u00eda de distintas <em>cartes de visit\u00e9<\/em> \u200b que revelan qui\u00e9nes fuimos y c\u00f3mo quisimos ser vistos. El t\u00edtulo de la muestra hace referencia a la instrucci\u00f3n habitual de los fot\u00f3grafos del siglo XIX: \u00a1No se mueva, joven! cuando una imagen pod\u00eda tardar varios minutos en capturarse.<\/p>\n\n\n\n<p>La muestra est\u00e1 integrada por 42 fotograf\u00edas inspiradas en las cartes de visite, peque\u00f1as im\u00e1genes de 6 x 9 cm que se popularizaron en la d\u00e9cada de 1860 y que permit\u00edan compartir retratos con familiares y conocidos. La muestra se divide en dos salas o ejes curatoriales, las primeras 20 im\u00e1genes pertenecen al estudio de los Hermanos Valleto, reconocidos por retratar figuras pol\u00edticas, artistas y familias pertenecientes a la clase arist\u00f3crata. <\/p>\n\n\n\n<p>En la segunda parte del recorrido se presentan 22 im\u00e1genes m\u00e1s que corresponden al estudio Cruces y Campa, reconocidos por retratar  usos, \u200b costumbres y actividades tanto populares como cotidianas del pueblo mexicano con escenograf\u00edas y fondos pintados a las que se denominan: tipos populares. Estas im\u00e1genes de personas vestidas seg\u00fan sus oficios ayudaron a proyectar una representaci\u00f3n visual de M\u00e9xico dentro y fuera del pa\u00eds.<\/p>\n\n\n\n<p><strong>Seres M\u00e9xicos: Cuerpo, M\u00e1scara y Esp\u00edritu<\/strong><\/p>\n\n\n\n<p>Ubicada en el pasillo del arte, \u200b esta muestra celebra \u200b la creatividad, la espiritualidad y la energ\u00eda simb\u00f3lica detr\u00e1s de los vestuarios de danza ritual. Las piezas son parte de la colecci\u00f3n personal del arquitecto Miguel Quintana Pali y son presentadas por primera vez al p\u00fablico. La exposici\u00f3n re\u00fane 16 vestuarios confeccionados en tela de manta y 16 m\u00e1scaras talladas en madera pintadas a mano, dise\u00f1adas en di\u00e1logo directo entre traje y rostro.<\/p>\n\n\n\n<p>Los vestuarios, cuyos or\u00edgenes se remontan a tradiciones que pueden rastrearse hasta la era prehisp\u00e1nica, representan impulsos, adversidades, deseos y la dualidad humana\u2013animal del danzante no portador del traje. Cada uno de los 16 personajes est\u00e1 identificado seg\u00fan su significado simb\u00f3lico, desde el Ave solar bic\u00e9fala, mensajera del amanecer y el ocaso, hasta el Lagarto o se\u00f1or de la tierra h\u00fameda, figura asociada con la permanencia ancestral y el inframundo.<\/p>\n\n\n\n<p>Ambas exhibiciones forman parte del programa de exposiciones temporales de Hotel Xcaret Arte y pueden ser visitadas por los hu\u00e9spedes hasta el pr\u00f3ximo 22 de abril. Por medio de estas muestras el hotel reafirma su compromiso por integrar el arte a la vida cotidiana de sus visitantes, con la intenci\u00f3n de preservar y compartir nuestra identidad como mexicanos.<\/p>\n\n\n\n<p>Del mismo modo los visitantes pueden sumarse a distintos talleres creativos, e interactuar con espacios dedicados a distintas disciplinas art\u00edsticas inspiradas en la riqueza cultural de M\u00e9xico. (<a href=\"https:\/\/nitu.mx\/index.php\/2025\/11\/09\/grupo-xcaret-brilla-por-su-hospitalidad-y-atracciones-en-los-travvy-awards-2025\/\">Grupo Xcaret brilla por su hospitalidad y atracciones en los Travvy Awards 2025<\/a>).<\/p>\n","protected":false},"excerpt":{"rendered":"<p>Hotel Xcaret Arte, reconocido por integrar naturaleza, arte y gastronom\u00eda de autor en su propuesta, presenta dos nuevas exposiciones como parte del \u200b programa de exposiciones temporales. &#8220;\u00a1No se mueva, joven!: Retratos de una \u00e9poca&#8221; y &#8220;Seres M\u00e9xicos: Cuerpo, M\u00e1scara y Esp\u00edritu&#8221;. La primera muestra re\u00fane obras del acervo fotogr\u00e1fico de Arte y Cultura del [&hellip;]<\/p>\n","protected":false},"author":17,"featured_media":86432,"comment_status":"closed","ping_status":"closed","sticky":false,"template":"","format":"standard","meta":{"footnotes":""},"categories":[2],"tags":[16079,21725],"yoast_head":"<!-- This site is optimized with the Yoast SEO plugin v22.2 - https:\/\/yoast.com\/wordpress\/plugins\/seo\/ -->\n<title>Hotel Xcaret Arte inaugura 2 exposiciones que muestran parte del patrimonio cultural mexicano - Nitu - Noticias de la Industria Turistica<\/title>\n<meta name=\"robots\" content=\"index, follow, max-snippet:-1, max-image-preview:large, max-video-preview:-1\" \/>\n<link rel=\"canonical\" href=\"https:\/\/nitu.mx\/index.php\/2026\/03\/05\/hotel-xcaret-arte-inaugura-2-exposiciones-que-muestran-parte-del-patrimonio-cultural-mexicano\/\" \/>\n<meta name=\"twitter:card\" content=\"summary_large_image\" \/>\n<meta name=\"twitter:title\" content=\"Hotel Xcaret Arte inaugura 2 exposiciones que muestran parte del patrimonio cultural mexicano - Nitu - Noticias de la Industria Turistica\" \/>\n<meta name=\"twitter:description\" content=\"Hotel Xcaret Arte, reconocido por integrar naturaleza, arte y gastronom\u00eda de autor en su propuesta, presenta dos nuevas exposiciones como parte del \u200b programa de exposiciones temporales. &#8220;\u00a1No se mueva, joven!: Retratos de una \u00e9poca&#8221; y &#8220;Seres M\u00e9xicos: Cuerpo, M\u00e1scara y Esp\u00edritu&#8221;. La primera muestra re\u00fane obras del acervo fotogr\u00e1fico de Arte y Cultura del [&hellip;]\" \/>\n<meta name=\"twitter:image\" content=\"https:\/\/nitu.mx\/wp-content\/uploads\/2026\/03\/Hotel-Xcaret-Arte-exposicion.jpg\" \/>\n<meta name=\"twitter:creator\" content=\"@NITUmx\" \/>\n<meta name=\"twitter:site\" content=\"@Arturo_Medina_G\" \/>\n<meta name=\"twitter:label1\" content=\"Escrito por\" \/>\n\t<meta name=\"twitter:data1\" content=\"Redacci\u00f3n\" \/>\n\t<meta name=\"twitter:label2\" content=\"Tiempo de lectura\" \/>\n\t<meta name=\"twitter:data2\" content=\"3 minutos\" \/>\n<script type=\"application\/ld+json\" class=\"yoast-schema-graph\">{\"@context\":\"https:\/\/schema.org\",\"@graph\":[{\"@type\":\"Article\",\"@id\":\"https:\/\/nitu.mx\/index.php\/2026\/03\/05\/hotel-xcaret-arte-inaugura-2-exposiciones-que-muestran-parte-del-patrimonio-cultural-mexicano\/#article\",\"isPartOf\":{\"@id\":\"https:\/\/nitu.mx\/index.php\/2026\/03\/05\/hotel-xcaret-arte-inaugura-2-exposiciones-que-muestran-parte-del-patrimonio-cultural-mexicano\/\"},\"author\":{\"name\":\"Redacci\u00f3n\",\"@id\":\"https:\/\/nitu.mx\/#\/schema\/person\/4a28fe9bd65924f7c90623773daf1b0b\"},\"headline\":\"Hotel Xcaret Arte inaugura 2 exposiciones que muestran parte del patrimonio cultural mexicano\",\"datePublished\":\"2026-03-05T08:11:22+00:00\",\"dateModified\":\"2026-03-05T08:11:22+00:00\",\"mainEntityOfPage\":{\"@id\":\"https:\/\/nitu.mx\/index.php\/2026\/03\/05\/hotel-xcaret-arte-inaugura-2-exposiciones-que-muestran-parte-del-patrimonio-cultural-mexicano\/\"},\"wordCount\":594,\"publisher\":{\"@id\":\"https:\/\/nitu.mx\/#\/schema\/person\/ae7a53426417292d3dd07b45a33e01bc\"},\"image\":{\"@id\":\"https:\/\/nitu.mx\/index.php\/2026\/03\/05\/hotel-xcaret-arte-inaugura-2-exposiciones-que-muestran-parte-del-patrimonio-cultural-mexicano\/#primaryimage\"},\"thumbnailUrl\":\"https:\/\/nitu.mx\/wp-content\/uploads\/2026\/03\/Hotel-Xcaret-Arte-exposicion.jpg\",\"keywords\":[\"exposiciones\",\"Hotel Xcaret Arte\"],\"articleSection\":[\"Hoteles\"],\"inLanguage\":\"es-MX\"},{\"@type\":\"WebPage\",\"@id\":\"https:\/\/nitu.mx\/index.php\/2026\/03\/05\/hotel-xcaret-arte-inaugura-2-exposiciones-que-muestran-parte-del-patrimonio-cultural-mexicano\/\",\"url\":\"https:\/\/nitu.mx\/index.php\/2026\/03\/05\/hotel-xcaret-arte-inaugura-2-exposiciones-que-muestran-parte-del-patrimonio-cultural-mexicano\/\",\"name\":\"Hotel Xcaret Arte inaugura 2 exposiciones que muestran parte del patrimonio cultural mexicano - Nitu - Noticias de la Industria Turistica\",\"isPartOf\":{\"@id\":\"https:\/\/nitu.mx\/#website\"},\"primaryImageOfPage\":{\"@id\":\"https:\/\/nitu.mx\/index.php\/2026\/03\/05\/hotel-xcaret-arte-inaugura-2-exposiciones-que-muestran-parte-del-patrimonio-cultural-mexicano\/#primaryimage\"},\"image\":{\"@id\":\"https:\/\/nitu.mx\/index.php\/2026\/03\/05\/hotel-xcaret-arte-inaugura-2-exposiciones-que-muestran-parte-del-patrimonio-cultural-mexicano\/#primaryimage\"},\"thumbnailUrl\":\"https:\/\/nitu.mx\/wp-content\/uploads\/2026\/03\/Hotel-Xcaret-Arte-exposicion.jpg\",\"datePublished\":\"2026-03-05T08:11:22+00:00\",\"dateModified\":\"2026-03-05T08:11:22+00:00\",\"breadcrumb\":{\"@id\":\"https:\/\/nitu.mx\/index.php\/2026\/03\/05\/hotel-xcaret-arte-inaugura-2-exposiciones-que-muestran-parte-del-patrimonio-cultural-mexicano\/#breadcrumb\"},\"inLanguage\":\"es-MX\",\"potentialAction\":[{\"@type\":\"ReadAction\",\"target\":[\"https:\/\/nitu.mx\/index.php\/2026\/03\/05\/hotel-xcaret-arte-inaugura-2-exposiciones-que-muestran-parte-del-patrimonio-cultural-mexicano\/\"]}]},{\"@type\":\"ImageObject\",\"inLanguage\":\"es-MX\",\"@id\":\"https:\/\/nitu.mx\/index.php\/2026\/03\/05\/hotel-xcaret-arte-inaugura-2-exposiciones-que-muestran-parte-del-patrimonio-cultural-mexicano\/#primaryimage\",\"url\":\"https:\/\/nitu.mx\/wp-content\/uploads\/2026\/03\/Hotel-Xcaret-Arte-exposicion.jpg\",\"contentUrl\":\"https:\/\/nitu.mx\/wp-content\/uploads\/2026\/03\/Hotel-Xcaret-Arte-exposicion.jpg\",\"width\":1200,\"height\":675,\"caption\":\"Hotel Xcaret Arte exposici\u00f3n\"},{\"@type\":\"BreadcrumbList\",\"@id\":\"https:\/\/nitu.mx\/index.php\/2026\/03\/05\/hotel-xcaret-arte-inaugura-2-exposiciones-que-muestran-parte-del-patrimonio-cultural-mexicano\/#breadcrumb\",\"itemListElement\":[{\"@type\":\"ListItem\",\"position\":1,\"name\":\"Inicio\",\"item\":\"https:\/\/nitu.mx\/\"},{\"@type\":\"ListItem\",\"position\":2,\"name\":\"Hotel Xcaret Arte inaugura 2 exposiciones que muestran parte del patrimonio cultural mexicano\"}]},{\"@type\":\"WebSite\",\"@id\":\"https:\/\/nitu.mx\/#website\",\"url\":\"https:\/\/nitu.mx\/\",\"name\":\"Nitu - Noticias de la Industria Turistica\",\"description\":\"Noticias de la Industria Turistica\",\"publisher\":{\"@id\":\"https:\/\/nitu.mx\/#\/schema\/person\/ae7a53426417292d3dd07b45a33e01bc\"},\"alternateName\":\"Noticias de la Industria Turistica\",\"potentialAction\":[{\"@type\":\"SearchAction\",\"target\":{\"@type\":\"EntryPoint\",\"urlTemplate\":\"https:\/\/nitu.mx\/?s={search_term_string}\"},\"query-input\":\"required name=search_term_string\"}],\"inLanguage\":\"es-MX\"},{\"@type\":[\"Person\",\"Organization\"],\"@id\":\"https:\/\/nitu.mx\/#\/schema\/person\/ae7a53426417292d3dd07b45a33e01bc\",\"name\":\"Arturo Medina\",\"image\":{\"@type\":\"ImageObject\",\"inLanguage\":\"es-MX\",\"@id\":\"https:\/\/nitu.mx\/#\/schema\/person\/image\/\",\"url\":\"https:\/\/nitu.mx\/wp-content\/uploads\/2024\/04\/4A315622-1904-4D5C-B022-878CDC840E04-90x90-1.jpeg\",\"contentUrl\":\"https:\/\/nitu.mx\/wp-content\/uploads\/2024\/04\/4A315622-1904-4D5C-B022-878CDC840E04-90x90-1.jpeg\",\"width\":90,\"height\":90,\"caption\":\"Arturo Medina\"},\"logo\":{\"@id\":\"https:\/\/nitu.mx\/#\/schema\/person\/image\/\"},\"description\":\"Director NITU.mx, Egresado de la Escuela de Periodismo Carlos Septi\u00e9n Garc\u00eda. Periodista y analista especializado en turismo desde hace 35 a\u00f1os, radicado en Canc\u00fan Q.Roo. arturo@nitu.mx\",\"sameAs\":[\"https:\/\/nitu.mx\",\"https:\/\/www.facebook.com\/NITUmx\/\",\"medinacancun\",\"https:\/\/twitter.com\/@Arturo_Medina_G\"]},{\"@type\":\"Person\",\"@id\":\"https:\/\/nitu.mx\/#\/schema\/person\/4a28fe9bd65924f7c90623773daf1b0b\",\"name\":\"Redacci\u00f3n\",\"image\":{\"@type\":\"ImageObject\",\"inLanguage\":\"es-MX\",\"@id\":\"https:\/\/nitu.mx\/#\/schema\/person\/image\/\",\"url\":\"https:\/\/secure.gravatar.com\/avatar\/5dd011c8ccfc5cd7e4c81e42252aab38?s=96&d=mm&r=g\",\"contentUrl\":\"https:\/\/secure.gravatar.com\/avatar\/5dd011c8ccfc5cd7e4c81e42252aab38?s=96&d=mm&r=g\",\"caption\":\"Redacci\u00f3n\"},\"url\":\"https:\/\/nitu.mx\/index.php\/author\/redaccion\/\"}]}<\/script>\n<!-- \/ Yoast SEO plugin. -->","yoast_head_json":{"title":"Hotel Xcaret Arte inaugura 2 exposiciones que muestran parte del patrimonio cultural mexicano - Nitu - Noticias de la Industria Turistica","robots":{"index":"index","follow":"follow","max-snippet":"max-snippet:-1","max-image-preview":"max-image-preview:large","max-video-preview":"max-video-preview:-1"},"canonical":"https:\/\/nitu.mx\/index.php\/2026\/03\/05\/hotel-xcaret-arte-inaugura-2-exposiciones-que-muestran-parte-del-patrimonio-cultural-mexicano\/","twitter_card":"summary_large_image","twitter_title":"Hotel Xcaret Arte inaugura 2 exposiciones que muestran parte del patrimonio cultural mexicano - Nitu - Noticias de la Industria Turistica","twitter_description":"Hotel Xcaret Arte, reconocido por integrar naturaleza, arte y gastronom\u00eda de autor en su propuesta, presenta dos nuevas exposiciones como parte del \u200b programa de exposiciones temporales. &#8220;\u00a1No se mueva, joven!: Retratos de una \u00e9poca&#8221; y &#8220;Seres M\u00e9xicos: Cuerpo, M\u00e1scara y Esp\u00edritu&#8221;. La primera muestra re\u00fane obras del acervo fotogr\u00e1fico de Arte y Cultura del [&hellip;]","twitter_image":"https:\/\/nitu.mx\/wp-content\/uploads\/2026\/03\/Hotel-Xcaret-Arte-exposicion.jpg","twitter_creator":"@NITUmx","twitter_site":"@Arturo_Medina_G","twitter_misc":{"Escrito por":"Redacci\u00f3n","Tiempo de lectura":"3 minutos"},"schema":{"@context":"https:\/\/schema.org","@graph":[{"@type":"Article","@id":"https:\/\/nitu.mx\/index.php\/2026\/03\/05\/hotel-xcaret-arte-inaugura-2-exposiciones-que-muestran-parte-del-patrimonio-cultural-mexicano\/#article","isPartOf":{"@id":"https:\/\/nitu.mx\/index.php\/2026\/03\/05\/hotel-xcaret-arte-inaugura-2-exposiciones-que-muestran-parte-del-patrimonio-cultural-mexicano\/"},"author":{"name":"Redacci\u00f3n","@id":"https:\/\/nitu.mx\/#\/schema\/person\/4a28fe9bd65924f7c90623773daf1b0b"},"headline":"Hotel Xcaret Arte inaugura 2 exposiciones que muestran parte del patrimonio cultural mexicano","datePublished":"2026-03-05T08:11:22+00:00","dateModified":"2026-03-05T08:11:22+00:00","mainEntityOfPage":{"@id":"https:\/\/nitu.mx\/index.php\/2026\/03\/05\/hotel-xcaret-arte-inaugura-2-exposiciones-que-muestran-parte-del-patrimonio-cultural-mexicano\/"},"wordCount":594,"publisher":{"@id":"https:\/\/nitu.mx\/#\/schema\/person\/ae7a53426417292d3dd07b45a33e01bc"},"image":{"@id":"https:\/\/nitu.mx\/index.php\/2026\/03\/05\/hotel-xcaret-arte-inaugura-2-exposiciones-que-muestran-parte-del-patrimonio-cultural-mexicano\/#primaryimage"},"thumbnailUrl":"https:\/\/nitu.mx\/wp-content\/uploads\/2026\/03\/Hotel-Xcaret-Arte-exposicion.jpg","keywords":["exposiciones","Hotel Xcaret Arte"],"articleSection":["Hoteles"],"inLanguage":"es-MX"},{"@type":"WebPage","@id":"https:\/\/nitu.mx\/index.php\/2026\/03\/05\/hotel-xcaret-arte-inaugura-2-exposiciones-que-muestran-parte-del-patrimonio-cultural-mexicano\/","url":"https:\/\/nitu.mx\/index.php\/2026\/03\/05\/hotel-xcaret-arte-inaugura-2-exposiciones-que-muestran-parte-del-patrimonio-cultural-mexicano\/","name":"Hotel Xcaret Arte inaugura 2 exposiciones que muestran parte del patrimonio cultural mexicano - Nitu - Noticias de la Industria Turistica","isPartOf":{"@id":"https:\/\/nitu.mx\/#website"},"primaryImageOfPage":{"@id":"https:\/\/nitu.mx\/index.php\/2026\/03\/05\/hotel-xcaret-arte-inaugura-2-exposiciones-que-muestran-parte-del-patrimonio-cultural-mexicano\/#primaryimage"},"image":{"@id":"https:\/\/nitu.mx\/index.php\/2026\/03\/05\/hotel-xcaret-arte-inaugura-2-exposiciones-que-muestran-parte-del-patrimonio-cultural-mexicano\/#primaryimage"},"thumbnailUrl":"https:\/\/nitu.mx\/wp-content\/uploads\/2026\/03\/Hotel-Xcaret-Arte-exposicion.jpg","datePublished":"2026-03-05T08:11:22+00:00","dateModified":"2026-03-05T08:11:22+00:00","breadcrumb":{"@id":"https:\/\/nitu.mx\/index.php\/2026\/03\/05\/hotel-xcaret-arte-inaugura-2-exposiciones-que-muestran-parte-del-patrimonio-cultural-mexicano\/#breadcrumb"},"inLanguage":"es-MX","potentialAction":[{"@type":"ReadAction","target":["https:\/\/nitu.mx\/index.php\/2026\/03\/05\/hotel-xcaret-arte-inaugura-2-exposiciones-que-muestran-parte-del-patrimonio-cultural-mexicano\/"]}]},{"@type":"ImageObject","inLanguage":"es-MX","@id":"https:\/\/nitu.mx\/index.php\/2026\/03\/05\/hotel-xcaret-arte-inaugura-2-exposiciones-que-muestran-parte-del-patrimonio-cultural-mexicano\/#primaryimage","url":"https:\/\/nitu.mx\/wp-content\/uploads\/2026\/03\/Hotel-Xcaret-Arte-exposicion.jpg","contentUrl":"https:\/\/nitu.mx\/wp-content\/uploads\/2026\/03\/Hotel-Xcaret-Arte-exposicion.jpg","width":1200,"height":675,"caption":"Hotel Xcaret Arte exposici\u00f3n"},{"@type":"BreadcrumbList","@id":"https:\/\/nitu.mx\/index.php\/2026\/03\/05\/hotel-xcaret-arte-inaugura-2-exposiciones-que-muestran-parte-del-patrimonio-cultural-mexicano\/#breadcrumb","itemListElement":[{"@type":"ListItem","position":1,"name":"Inicio","item":"https:\/\/nitu.mx\/"},{"@type":"ListItem","position":2,"name":"Hotel Xcaret Arte inaugura 2 exposiciones que muestran parte del patrimonio cultural mexicano"}]},{"@type":"WebSite","@id":"https:\/\/nitu.mx\/#website","url":"https:\/\/nitu.mx\/","name":"Nitu - Noticias de la Industria Turistica","description":"Noticias de la Industria Turistica","publisher":{"@id":"https:\/\/nitu.mx\/#\/schema\/person\/ae7a53426417292d3dd07b45a33e01bc"},"alternateName":"Noticias de la Industria Turistica","potentialAction":[{"@type":"SearchAction","target":{"@type":"EntryPoint","urlTemplate":"https:\/\/nitu.mx\/?s={search_term_string}"},"query-input":"required name=search_term_string"}],"inLanguage":"es-MX"},{"@type":["Person","Organization"],"@id":"https:\/\/nitu.mx\/#\/schema\/person\/ae7a53426417292d3dd07b45a33e01bc","name":"Arturo Medina","image":{"@type":"ImageObject","inLanguage":"es-MX","@id":"https:\/\/nitu.mx\/#\/schema\/person\/image\/","url":"https:\/\/nitu.mx\/wp-content\/uploads\/2024\/04\/4A315622-1904-4D5C-B022-878CDC840E04-90x90-1.jpeg","contentUrl":"https:\/\/nitu.mx\/wp-content\/uploads\/2024\/04\/4A315622-1904-4D5C-B022-878CDC840E04-90x90-1.jpeg","width":90,"height":90,"caption":"Arturo Medina"},"logo":{"@id":"https:\/\/nitu.mx\/#\/schema\/person\/image\/"},"description":"Director NITU.mx, Egresado de la Escuela de Periodismo Carlos Septi\u00e9n Garc\u00eda. Periodista y analista especializado en turismo desde hace 35 a\u00f1os, radicado en Canc\u00fan Q.Roo. arturo@nitu.mx","sameAs":["https:\/\/nitu.mx","https:\/\/www.facebook.com\/NITUmx\/","medinacancun","https:\/\/twitter.com\/@Arturo_Medina_G"]},{"@type":"Person","@id":"https:\/\/nitu.mx\/#\/schema\/person\/4a28fe9bd65924f7c90623773daf1b0b","name":"Redacci\u00f3n","image":{"@type":"ImageObject","inLanguage":"es-MX","@id":"https:\/\/nitu.mx\/#\/schema\/person\/image\/","url":"https:\/\/secure.gravatar.com\/avatar\/5dd011c8ccfc5cd7e4c81e42252aab38?s=96&d=mm&r=g","contentUrl":"https:\/\/secure.gravatar.com\/avatar\/5dd011c8ccfc5cd7e4c81e42252aab38?s=96&d=mm&r=g","caption":"Redacci\u00f3n"},"url":"https:\/\/nitu.mx\/index.php\/author\/redaccion\/"}]}},"views":632,"_links":{"self":[{"href":"https:\/\/nitu.mx\/index.php\/wp-json\/wp\/v2\/posts\/86429"}],"collection":[{"href":"https:\/\/nitu.mx\/index.php\/wp-json\/wp\/v2\/posts"}],"about":[{"href":"https:\/\/nitu.mx\/index.php\/wp-json\/wp\/v2\/types\/post"}],"author":[{"embeddable":true,"href":"https:\/\/nitu.mx\/index.php\/wp-json\/wp\/v2\/users\/17"}],"replies":[{"embeddable":true,"href":"https:\/\/nitu.mx\/index.php\/wp-json\/wp\/v2\/comments?post=86429"}],"version-history":[{"count":1,"href":"https:\/\/nitu.mx\/index.php\/wp-json\/wp\/v2\/posts\/86429\/revisions"}],"predecessor-version":[{"id":86431,"href":"https:\/\/nitu.mx\/index.php\/wp-json\/wp\/v2\/posts\/86429\/revisions\/86431"}],"wp:featuredmedia":[{"embeddable":true,"href":"https:\/\/nitu.mx\/index.php\/wp-json\/wp\/v2\/media\/86432"}],"wp:attachment":[{"href":"https:\/\/nitu.mx\/index.php\/wp-json\/wp\/v2\/media?parent=86429"}],"wp:term":[{"taxonomy":"category","embeddable":true,"href":"https:\/\/nitu.mx\/index.php\/wp-json\/wp\/v2\/categories?post=86429"},{"taxonomy":"post_tag","embeddable":true,"href":"https:\/\/nitu.mx\/index.php\/wp-json\/wp\/v2\/tags?post=86429"}],"curies":[{"name":"wp","href":"https:\/\/api.w.org\/{rel}","templated":true}]}}