{"id":86425,"date":"2026-03-05T02:05:37","date_gmt":"2026-03-05T08:05:37","guid":{"rendered":"https:\/\/nitu.mx\/?p=86425"},"modified":"2026-03-05T02:05:37","modified_gmt":"2026-03-05T08:05:37","slug":"asetur-y-cnet-firman-convenio-de-colaboracion-que-impulsara-la-promocion-turistica-de-mexico","status":"publish","type":"post","link":"https:\/\/nitu.mx\/index.php\/2026\/03\/05\/asetur-y-cnet-firman-convenio-de-colaboracion-que-impulsara-la-promocion-turistica-de-mexico\/","title":{"rendered":"ASETUR y CNET firman Convenio de Colaboraci\u00f3n que impulsar\u00e1 la promoci\u00f3n tur\u00edstica de M\u00e9xico"},"content":{"rendered":"\n<p>El presidente de las Secretarias y Secretarios de Turismo de M\u00e9xico (ASETUR), Bernardo Cueto Riestra, y el presidente del Consejo Nacional Empresarial Tur\u00edstico (CNET), Antonio Cos\u00edo Pando, firmaron un Convenio de Colaboraci\u00f3n con el prop\u00f3sito de fortalecer la promoci\u00f3n tur\u00edstica del pa\u00eds a trav\u00e9s de la institucionalizaci\u00f3n de mecanismos de colaboraci\u00f3n p\u00fablico\u2013privada en las entidades federativas.<\/p>\n\n\n\n<p>Al participar en la Asamblea General Ordinaria Anual del CNET, Cueto Riestra destac\u00f3 que mediante este Convenio se escalar\u00e1 la inversi\u00f3n total en promoci\u00f3n tur\u00edstica, bajo disciplina institucional, que permite al sector privado acompa\u00f1ar, igualar o multiplicar la inversi\u00f3n p\u00fablica, lo que generar\u00e1 un efecto multiplicador sin sustituir el gasto p\u00fablico.<\/p>\n\n\n\n<p>Indic\u00f3 que, bajo la premisa de hacer del turismo una prioridad para M\u00e9xico, este instrumento constituye un marco rector nacional que fortalece la promoci\u00f3n tur\u00edstica desde los estados. Su dise\u00f1o habilita la firma de convenios espec\u00edficos por entidad, respetando la autonom\u00eda estatal y el marco jur\u00eddico aplicable. El convenio establece un marco nacional, implementaci\u00f3n territorial y mecanismos de colaboraci\u00f3n sujetos a criterios de transparencia y rendici\u00f3n de cuentas.<\/p>\n\n\n\n<p>El presidente de ASETUR resalt\u00f3 que el sector privado requiere certidumbre institucional para ampliar su inversi\u00f3n, por lo cual, el Convenio establece un modelo de reglas claras, m\u00e9tricas verificables y trazabilidad en la aplicaci\u00f3n de recursos.<\/p>\n\n\n\n<p>\u201cBajo el principio de que la inversi\u00f3n privada crece cuando existe gobernanza s\u00f3lida y mecanismos claros de seguimiento, el Convenio contempla la consolidaci\u00f3n de consejos formales y fideicomisos con reglas de operaci\u00f3n definidas, indicadores de desempe\u00f1o, evaluaci\u00f3n peri\u00f3dica y seguimiento institucionalizado. Sin gobernanza no hay escalabilidad; sin m\u00e9tricas no hay eficiencia; sin transparencia no hay colaboraci\u00f3n sostenible\u201d, declar\u00f3 Cueto Riestra.<\/p>\n\n\n\n<p>Subray\u00f3 que este Convenio toma como referencia experiencias exitosas como el modelo implementado en Quintana Roo, donde la canalizaci\u00f3n estructurada del Impuesto al Hospedaje, la participaci\u00f3n formal del sector privado y la medici\u00f3n del retorno de inversi\u00f3n han fortalecido la confianza y profesionalizado la promoci\u00f3n tur\u00edstica.<\/p>\n\n\n\n<p>Detall\u00f3 que el siguiente paso es integrar un grupo de trabajo entre ASETUR y el CNET para coordinar la implementaci\u00f3n y evaluaci\u00f3n del modelo. Agreg\u00f3 que, los convenios espec\u00edficos por entidad ser\u00e1n el veh\u00edculo operativo, y en las pr\u00f3ximas semanas se presentar\u00e1 el esquema donde se definir\u00e1 el calendario de implementaci\u00f3n y los estados piloto.<\/p>\n\n\n\n<p>\u201cMediante la institucionalizaci\u00f3n con rigor y visi\u00f3n estrat\u00e9gica, M\u00e9xico fortalecer\u00e1 su sistema nacional de promoci\u00f3n tur\u00edstica con l\u00f3gica empresarial y verdadero efecto multiplicador, que consolida a M\u00e9xico como potencia tur\u00edstica mundial\u201d, concluy\u00f3 el presidente de ASETUR.<\/p>\n\n\n\n<p>Por su parte, el presidente del CNET, Antonio Cos\u00edo Pando, se\u00f1al\u00f3 que este Convenio genera las condiciones necesarias para fortalecer la promoci\u00f3n tur\u00edstica desde las entidades federativas, comenzando por el establecimiento de reglas claras y mecanismos de operaci\u00f3n definidos que, posteriormente, permitan avanzar hacia la institucionalizaci\u00f3n de esquemas de colaboraci\u00f3n p\u00fablico\u2013privada.<\/p>\n\n\n\n<p>Indic\u00f3 que el sector empresarial participar\u00e1 activamente en la implementaci\u00f3n de los convenios espec\u00edficos, aportando experiencia operativa y visi\u00f3n estrat\u00e9gica, bajo un modelo que privilegia la transparencia, la rendici\u00f3n de cuentas y la evaluaci\u00f3n de resultados.<\/p>\n\n\n\n<p>A\u00f1adi\u00f3 que el CNET trabajar\u00e1 de manera coordinada con ASETUR para asegurar que el modelo se traduzca en mayor competitividad, mejor posicionamiento internacional y crecimiento sostenido del turismo en M\u00e9xico.<\/p>\n\n\n\n<p>La firma de este documento fue atestiguada por la secretaria de Turismo del Gobierno de M\u00e9xico, Josefina Rodr\u00edguez Zamora; el director general del Fondo Nacional de Fomento al Turismo (Fonatur), Sebasti\u00e1n Ram\u00edrez Mendoza; la presidenta del Consejo Mundial de Viajes y Turismo (WTTC, por sus siglas en ingl\u00e9s), Gloria Guevara Manzo; el presidente del Consejo Coordinador Empresarial (CCE), Jos\u00e9 Medina Mora; entre otros. (<a href=\"https:\/\/nitu.mx\/index.php\/2026\/03\/01\/asetur-participa-en-el-lanzamiento-de-la-viii-macrorrueda-de-turismo-de-la-alianza-del-pacifico\/\">ASETUR participa en el lanzamiento de la VIII Macrorrueda de Turismo de la Alianza del Pac\u00edfico<\/a>).<\/p>\n","protected":false},"excerpt":{"rendered":"<p>El presidente de las Secretarias y Secretarios de Turismo de M\u00e9xico (ASETUR), Bernardo Cueto Riestra, y el presidente del Consejo Nacional Empresarial Tur\u00edstico (CNET), Antonio Cos\u00edo Pando, firmaron un Convenio de Colaboraci\u00f3n con el prop\u00f3sito de fortalecer la promoci\u00f3n tur\u00edstica del pa\u00eds a trav\u00e9s de la institucionalizaci\u00f3n de mecanismos de colaboraci\u00f3n p\u00fablico\u2013privada en las entidades [&hellip;]<\/p>\n","protected":false},"author":17,"featured_media":86427,"comment_status":"closed","ping_status":"closed","sticky":false,"template":"","format":"standard","meta":{"footnotes":""},"categories":[12],"tags":[27792,1118,13931,834],"yoast_head":"<!-- This site is optimized with the Yoast SEO plugin v22.2 - https:\/\/yoast.com\/wordpress\/plugins\/seo\/ -->\n<title>ASETUR y CNET firman Convenio de Colaboraci\u00f3n que impulsar\u00e1 la promoci\u00f3n tur\u00edstica de M\u00e9xico - Nitu - Noticias de la Industria Turistica<\/title>\n<meta name=\"robots\" content=\"index, follow, max-snippet:-1, max-image-preview:large, max-video-preview:-1\" \/>\n<link rel=\"canonical\" href=\"https:\/\/nitu.mx\/index.php\/2026\/03\/05\/asetur-y-cnet-firman-convenio-de-colaboracion-que-impulsara-la-promocion-turistica-de-mexico\/\" \/>\n<meta name=\"twitter:card\" content=\"summary_large_image\" \/>\n<meta name=\"twitter:title\" content=\"ASETUR y CNET firman Convenio de Colaboraci\u00f3n que impulsar\u00e1 la promoci\u00f3n tur\u00edstica de M\u00e9xico - Nitu - Noticias de la Industria Turistica\" \/>\n<meta name=\"twitter:description\" content=\"El presidente de las Secretarias y Secretarios de Turismo de M\u00e9xico (ASETUR), Bernardo Cueto Riestra, y el presidente del Consejo Nacional Empresarial Tur\u00edstico (CNET), Antonio Cos\u00edo Pando, firmaron un Convenio de Colaboraci\u00f3n con el prop\u00f3sito de fortalecer la promoci\u00f3n tur\u00edstica del pa\u00eds a trav\u00e9s de la institucionalizaci\u00f3n de mecanismos de colaboraci\u00f3n p\u00fablico\u2013privada en las entidades [&hellip;]\" \/>\n<meta name=\"twitter:image\" content=\"https:\/\/nitu.mx\/wp-content\/uploads\/2026\/03\/Asetur-CNET-Convenio.jpg\" \/>\n<meta name=\"twitter:creator\" content=\"@NITUmx\" \/>\n<meta name=\"twitter:site\" content=\"@Arturo_Medina_G\" \/>\n<meta name=\"twitter:label1\" content=\"Escrito por\" \/>\n\t<meta name=\"twitter:data1\" content=\"Redacci\u00f3n\" \/>\n\t<meta name=\"twitter:label2\" content=\"Tiempo de lectura\" \/>\n\t<meta name=\"twitter:data2\" content=\"3 minutos\" \/>\n<script type=\"application\/ld+json\" class=\"yoast-schema-graph\">{\"@context\":\"https:\/\/schema.org\",\"@graph\":[{\"@type\":\"Article\",\"@id\":\"https:\/\/nitu.mx\/index.php\/2026\/03\/05\/asetur-y-cnet-firman-convenio-de-colaboracion-que-impulsara-la-promocion-turistica-de-mexico\/#article\",\"isPartOf\":{\"@id\":\"https:\/\/nitu.mx\/index.php\/2026\/03\/05\/asetur-y-cnet-firman-convenio-de-colaboracion-que-impulsara-la-promocion-turistica-de-mexico\/\"},\"author\":{\"name\":\"Redacci\u00f3n\",\"@id\":\"https:\/\/nitu.mx\/#\/schema\/person\/4a28fe9bd65924f7c90623773daf1b0b\"},\"headline\":\"ASETUR y CNET firman Convenio de Colaboraci\u00f3n que impulsar\u00e1 la promoci\u00f3n tur\u00edstica de M\u00e9xico\",\"datePublished\":\"2026-03-05T08:05:37+00:00\",\"dateModified\":\"2026-03-05T08:05:37+00:00\",\"mainEntityOfPage\":{\"@id\":\"https:\/\/nitu.mx\/index.php\/2026\/03\/05\/asetur-y-cnet-firman-convenio-de-colaboracion-que-impulsara-la-promocion-turistica-de-mexico\/\"},\"wordCount\":709,\"publisher\":{\"@id\":\"https:\/\/nitu.mx\/#\/schema\/person\/ae7a53426417292d3dd07b45a33e01bc\"},\"image\":{\"@id\":\"https:\/\/nitu.mx\/index.php\/2026\/03\/05\/asetur-y-cnet-firman-convenio-de-colaboracion-que-impulsara-la-promocion-turistica-de-mexico\/#primaryimage\"},\"thumbnailUrl\":\"https:\/\/nitu.mx\/wp-content\/uploads\/2026\/03\/Asetur-CNET-Convenio.jpg\",\"keywords\":[\"Antonio Cos\u00edo\",\"Asetur\",\"Bernardo Cueto\",\"CNET\"],\"articleSection\":[\"Marketing\"],\"inLanguage\":\"es-MX\"},{\"@type\":\"WebPage\",\"@id\":\"https:\/\/nitu.mx\/index.php\/2026\/03\/05\/asetur-y-cnet-firman-convenio-de-colaboracion-que-impulsara-la-promocion-turistica-de-mexico\/\",\"url\":\"https:\/\/nitu.mx\/index.php\/2026\/03\/05\/asetur-y-cnet-firman-convenio-de-colaboracion-que-impulsara-la-promocion-turistica-de-mexico\/\",\"name\":\"ASETUR y CNET firman Convenio de Colaboraci\u00f3n que impulsar\u00e1 la promoci\u00f3n tur\u00edstica de M\u00e9xico - Nitu - Noticias de la Industria Turistica\",\"isPartOf\":{\"@id\":\"https:\/\/nitu.mx\/#website\"},\"primaryImageOfPage\":{\"@id\":\"https:\/\/nitu.mx\/index.php\/2026\/03\/05\/asetur-y-cnet-firman-convenio-de-colaboracion-que-impulsara-la-promocion-turistica-de-mexico\/#primaryimage\"},\"image\":{\"@id\":\"https:\/\/nitu.mx\/index.php\/2026\/03\/05\/asetur-y-cnet-firman-convenio-de-colaboracion-que-impulsara-la-promocion-turistica-de-mexico\/#primaryimage\"},\"thumbnailUrl\":\"https:\/\/nitu.mx\/wp-content\/uploads\/2026\/03\/Asetur-CNET-Convenio.jpg\",\"datePublished\":\"2026-03-05T08:05:37+00:00\",\"dateModified\":\"2026-03-05T08:05:37+00:00\",\"breadcrumb\":{\"@id\":\"https:\/\/nitu.mx\/index.php\/2026\/03\/05\/asetur-y-cnet-firman-convenio-de-colaboracion-que-impulsara-la-promocion-turistica-de-mexico\/#breadcrumb\"},\"inLanguage\":\"es-MX\",\"potentialAction\":[{\"@type\":\"ReadAction\",\"target\":[\"https:\/\/nitu.mx\/index.php\/2026\/03\/05\/asetur-y-cnet-firman-convenio-de-colaboracion-que-impulsara-la-promocion-turistica-de-mexico\/\"]}]},{\"@type\":\"ImageObject\",\"inLanguage\":\"es-MX\",\"@id\":\"https:\/\/nitu.mx\/index.php\/2026\/03\/05\/asetur-y-cnet-firman-convenio-de-colaboracion-que-impulsara-la-promocion-turistica-de-mexico\/#primaryimage\",\"url\":\"https:\/\/nitu.mx\/wp-content\/uploads\/2026\/03\/Asetur-CNET-Convenio.jpg\",\"contentUrl\":\"https:\/\/nitu.mx\/wp-content\/uploads\/2026\/03\/Asetur-CNET-Convenio.jpg\",\"width\":1200,\"height\":675,\"caption\":\"Asetur CNET Convenio\"},{\"@type\":\"BreadcrumbList\",\"@id\":\"https:\/\/nitu.mx\/index.php\/2026\/03\/05\/asetur-y-cnet-firman-convenio-de-colaboracion-que-impulsara-la-promocion-turistica-de-mexico\/#breadcrumb\",\"itemListElement\":[{\"@type\":\"ListItem\",\"position\":1,\"name\":\"Inicio\",\"item\":\"https:\/\/nitu.mx\/\"},{\"@type\":\"ListItem\",\"position\":2,\"name\":\"ASETUR y CNET firman Convenio de Colaboraci\u00f3n que impulsar\u00e1 la promoci\u00f3n tur\u00edstica de M\u00e9xico\"}]},{\"@type\":\"WebSite\",\"@id\":\"https:\/\/nitu.mx\/#website\",\"url\":\"https:\/\/nitu.mx\/\",\"name\":\"Nitu - Noticias de la Industria Turistica\",\"description\":\"Noticias de la Industria Turistica\",\"publisher\":{\"@id\":\"https:\/\/nitu.mx\/#\/schema\/person\/ae7a53426417292d3dd07b45a33e01bc\"},\"alternateName\":\"Noticias de la Industria Turistica\",\"potentialAction\":[{\"@type\":\"SearchAction\",\"target\":{\"@type\":\"EntryPoint\",\"urlTemplate\":\"https:\/\/nitu.mx\/?s={search_term_string}\"},\"query-input\":\"required name=search_term_string\"}],\"inLanguage\":\"es-MX\"},{\"@type\":[\"Person\",\"Organization\"],\"@id\":\"https:\/\/nitu.mx\/#\/schema\/person\/ae7a53426417292d3dd07b45a33e01bc\",\"name\":\"Arturo Medina\",\"image\":{\"@type\":\"ImageObject\",\"inLanguage\":\"es-MX\",\"@id\":\"https:\/\/nitu.mx\/#\/schema\/person\/image\/\",\"url\":\"https:\/\/nitu.mx\/wp-content\/uploads\/2024\/04\/4A315622-1904-4D5C-B022-878CDC840E04-90x90-1.jpeg\",\"contentUrl\":\"https:\/\/nitu.mx\/wp-content\/uploads\/2024\/04\/4A315622-1904-4D5C-B022-878CDC840E04-90x90-1.jpeg\",\"width\":90,\"height\":90,\"caption\":\"Arturo Medina\"},\"logo\":{\"@id\":\"https:\/\/nitu.mx\/#\/schema\/person\/image\/\"},\"description\":\"Director NITU.mx, Egresado de la Escuela de Periodismo Carlos Septi\u00e9n Garc\u00eda. Periodista y analista especializado en turismo desde hace 35 a\u00f1os, radicado en Canc\u00fan Q.Roo. arturo@nitu.mx\",\"sameAs\":[\"https:\/\/nitu.mx\",\"https:\/\/www.facebook.com\/NITUmx\/\",\"medinacancun\",\"https:\/\/twitter.com\/@Arturo_Medina_G\"]},{\"@type\":\"Person\",\"@id\":\"https:\/\/nitu.mx\/#\/schema\/person\/4a28fe9bd65924f7c90623773daf1b0b\",\"name\":\"Redacci\u00f3n\",\"image\":{\"@type\":\"ImageObject\",\"inLanguage\":\"es-MX\",\"@id\":\"https:\/\/nitu.mx\/#\/schema\/person\/image\/\",\"url\":\"https:\/\/secure.gravatar.com\/avatar\/5dd011c8ccfc5cd7e4c81e42252aab38?s=96&d=mm&r=g\",\"contentUrl\":\"https:\/\/secure.gravatar.com\/avatar\/5dd011c8ccfc5cd7e4c81e42252aab38?s=96&d=mm&r=g\",\"caption\":\"Redacci\u00f3n\"},\"url\":\"https:\/\/nitu.mx\/index.php\/author\/redaccion\/\"}]}<\/script>\n<!-- \/ Yoast SEO plugin. -->","yoast_head_json":{"title":"ASETUR y CNET firman Convenio de Colaboraci\u00f3n que impulsar\u00e1 la promoci\u00f3n tur\u00edstica de M\u00e9xico - Nitu - Noticias de la Industria Turistica","robots":{"index":"index","follow":"follow","max-snippet":"max-snippet:-1","max-image-preview":"max-image-preview:large","max-video-preview":"max-video-preview:-1"},"canonical":"https:\/\/nitu.mx\/index.php\/2026\/03\/05\/asetur-y-cnet-firman-convenio-de-colaboracion-que-impulsara-la-promocion-turistica-de-mexico\/","twitter_card":"summary_large_image","twitter_title":"ASETUR y CNET firman Convenio de Colaboraci\u00f3n que impulsar\u00e1 la promoci\u00f3n tur\u00edstica de M\u00e9xico - Nitu - Noticias de la Industria Turistica","twitter_description":"El presidente de las Secretarias y Secretarios de Turismo de M\u00e9xico (ASETUR), Bernardo Cueto Riestra, y el presidente del Consejo Nacional Empresarial Tur\u00edstico (CNET), Antonio Cos\u00edo Pando, firmaron un Convenio de Colaboraci\u00f3n con el prop\u00f3sito de fortalecer la promoci\u00f3n tur\u00edstica del pa\u00eds a trav\u00e9s de la institucionalizaci\u00f3n de mecanismos de colaboraci\u00f3n p\u00fablico\u2013privada en las entidades [&hellip;]","twitter_image":"https:\/\/nitu.mx\/wp-content\/uploads\/2026\/03\/Asetur-CNET-Convenio.jpg","twitter_creator":"@NITUmx","twitter_site":"@Arturo_Medina_G","twitter_misc":{"Escrito por":"Redacci\u00f3n","Tiempo de lectura":"3 minutos"},"schema":{"@context":"https:\/\/schema.org","@graph":[{"@type":"Article","@id":"https:\/\/nitu.mx\/index.php\/2026\/03\/05\/asetur-y-cnet-firman-convenio-de-colaboracion-que-impulsara-la-promocion-turistica-de-mexico\/#article","isPartOf":{"@id":"https:\/\/nitu.mx\/index.php\/2026\/03\/05\/asetur-y-cnet-firman-convenio-de-colaboracion-que-impulsara-la-promocion-turistica-de-mexico\/"},"author":{"name":"Redacci\u00f3n","@id":"https:\/\/nitu.mx\/#\/schema\/person\/4a28fe9bd65924f7c90623773daf1b0b"},"headline":"ASETUR y CNET firman Convenio de Colaboraci\u00f3n que impulsar\u00e1 la promoci\u00f3n tur\u00edstica de M\u00e9xico","datePublished":"2026-03-05T08:05:37+00:00","dateModified":"2026-03-05T08:05:37+00:00","mainEntityOfPage":{"@id":"https:\/\/nitu.mx\/index.php\/2026\/03\/05\/asetur-y-cnet-firman-convenio-de-colaboracion-que-impulsara-la-promocion-turistica-de-mexico\/"},"wordCount":709,"publisher":{"@id":"https:\/\/nitu.mx\/#\/schema\/person\/ae7a53426417292d3dd07b45a33e01bc"},"image":{"@id":"https:\/\/nitu.mx\/index.php\/2026\/03\/05\/asetur-y-cnet-firman-convenio-de-colaboracion-que-impulsara-la-promocion-turistica-de-mexico\/#primaryimage"},"thumbnailUrl":"https:\/\/nitu.mx\/wp-content\/uploads\/2026\/03\/Asetur-CNET-Convenio.jpg","keywords":["Antonio Cos\u00edo","Asetur","Bernardo Cueto","CNET"],"articleSection":["Marketing"],"inLanguage":"es-MX"},{"@type":"WebPage","@id":"https:\/\/nitu.mx\/index.php\/2026\/03\/05\/asetur-y-cnet-firman-convenio-de-colaboracion-que-impulsara-la-promocion-turistica-de-mexico\/","url":"https:\/\/nitu.mx\/index.php\/2026\/03\/05\/asetur-y-cnet-firman-convenio-de-colaboracion-que-impulsara-la-promocion-turistica-de-mexico\/","name":"ASETUR y CNET firman Convenio de Colaboraci\u00f3n que impulsar\u00e1 la promoci\u00f3n tur\u00edstica de M\u00e9xico - Nitu - Noticias de la Industria Turistica","isPartOf":{"@id":"https:\/\/nitu.mx\/#website"},"primaryImageOfPage":{"@id":"https:\/\/nitu.mx\/index.php\/2026\/03\/05\/asetur-y-cnet-firman-convenio-de-colaboracion-que-impulsara-la-promocion-turistica-de-mexico\/#primaryimage"},"image":{"@id":"https:\/\/nitu.mx\/index.php\/2026\/03\/05\/asetur-y-cnet-firman-convenio-de-colaboracion-que-impulsara-la-promocion-turistica-de-mexico\/#primaryimage"},"thumbnailUrl":"https:\/\/nitu.mx\/wp-content\/uploads\/2026\/03\/Asetur-CNET-Convenio.jpg","datePublished":"2026-03-05T08:05:37+00:00","dateModified":"2026-03-05T08:05:37+00:00","breadcrumb":{"@id":"https:\/\/nitu.mx\/index.php\/2026\/03\/05\/asetur-y-cnet-firman-convenio-de-colaboracion-que-impulsara-la-promocion-turistica-de-mexico\/#breadcrumb"},"inLanguage":"es-MX","potentialAction":[{"@type":"ReadAction","target":["https:\/\/nitu.mx\/index.php\/2026\/03\/05\/asetur-y-cnet-firman-convenio-de-colaboracion-que-impulsara-la-promocion-turistica-de-mexico\/"]}]},{"@type":"ImageObject","inLanguage":"es-MX","@id":"https:\/\/nitu.mx\/index.php\/2026\/03\/05\/asetur-y-cnet-firman-convenio-de-colaboracion-que-impulsara-la-promocion-turistica-de-mexico\/#primaryimage","url":"https:\/\/nitu.mx\/wp-content\/uploads\/2026\/03\/Asetur-CNET-Convenio.jpg","contentUrl":"https:\/\/nitu.mx\/wp-content\/uploads\/2026\/03\/Asetur-CNET-Convenio.jpg","width":1200,"height":675,"caption":"Asetur CNET Convenio"},{"@type":"BreadcrumbList","@id":"https:\/\/nitu.mx\/index.php\/2026\/03\/05\/asetur-y-cnet-firman-convenio-de-colaboracion-que-impulsara-la-promocion-turistica-de-mexico\/#breadcrumb","itemListElement":[{"@type":"ListItem","position":1,"name":"Inicio","item":"https:\/\/nitu.mx\/"},{"@type":"ListItem","position":2,"name":"ASETUR y CNET firman Convenio de Colaboraci\u00f3n que impulsar\u00e1 la promoci\u00f3n tur\u00edstica de M\u00e9xico"}]},{"@type":"WebSite","@id":"https:\/\/nitu.mx\/#website","url":"https:\/\/nitu.mx\/","name":"Nitu - Noticias de la Industria Turistica","description":"Noticias de la Industria Turistica","publisher":{"@id":"https:\/\/nitu.mx\/#\/schema\/person\/ae7a53426417292d3dd07b45a33e01bc"},"alternateName":"Noticias de la Industria Turistica","potentialAction":[{"@type":"SearchAction","target":{"@type":"EntryPoint","urlTemplate":"https:\/\/nitu.mx\/?s={search_term_string}"},"query-input":"required name=search_term_string"}],"inLanguage":"es-MX"},{"@type":["Person","Organization"],"@id":"https:\/\/nitu.mx\/#\/schema\/person\/ae7a53426417292d3dd07b45a33e01bc","name":"Arturo Medina","image":{"@type":"ImageObject","inLanguage":"es-MX","@id":"https:\/\/nitu.mx\/#\/schema\/person\/image\/","url":"https:\/\/nitu.mx\/wp-content\/uploads\/2024\/04\/4A315622-1904-4D5C-B022-878CDC840E04-90x90-1.jpeg","contentUrl":"https:\/\/nitu.mx\/wp-content\/uploads\/2024\/04\/4A315622-1904-4D5C-B022-878CDC840E04-90x90-1.jpeg","width":90,"height":90,"caption":"Arturo Medina"},"logo":{"@id":"https:\/\/nitu.mx\/#\/schema\/person\/image\/"},"description":"Director NITU.mx, Egresado de la Escuela de Periodismo Carlos Septi\u00e9n Garc\u00eda. Periodista y analista especializado en turismo desde hace 35 a\u00f1os, radicado en Canc\u00fan Q.Roo. arturo@nitu.mx","sameAs":["https:\/\/nitu.mx","https:\/\/www.facebook.com\/NITUmx\/","medinacancun","https:\/\/twitter.com\/@Arturo_Medina_G"]},{"@type":"Person","@id":"https:\/\/nitu.mx\/#\/schema\/person\/4a28fe9bd65924f7c90623773daf1b0b","name":"Redacci\u00f3n","image":{"@type":"ImageObject","inLanguage":"es-MX","@id":"https:\/\/nitu.mx\/#\/schema\/person\/image\/","url":"https:\/\/secure.gravatar.com\/avatar\/5dd011c8ccfc5cd7e4c81e42252aab38?s=96&d=mm&r=g","contentUrl":"https:\/\/secure.gravatar.com\/avatar\/5dd011c8ccfc5cd7e4c81e42252aab38?s=96&d=mm&r=g","caption":"Redacci\u00f3n"},"url":"https:\/\/nitu.mx\/index.php\/author\/redaccion\/"}]}},"views":363,"_links":{"self":[{"href":"https:\/\/nitu.mx\/index.php\/wp-json\/wp\/v2\/posts\/86425"}],"collection":[{"href":"https:\/\/nitu.mx\/index.php\/wp-json\/wp\/v2\/posts"}],"about":[{"href":"https:\/\/nitu.mx\/index.php\/wp-json\/wp\/v2\/types\/post"}],"author":[{"embeddable":true,"href":"https:\/\/nitu.mx\/index.php\/wp-json\/wp\/v2\/users\/17"}],"replies":[{"embeddable":true,"href":"https:\/\/nitu.mx\/index.php\/wp-json\/wp\/v2\/comments?post=86425"}],"version-history":[{"count":1,"href":"https:\/\/nitu.mx\/index.php\/wp-json\/wp\/v2\/posts\/86425\/revisions"}],"predecessor-version":[{"id":86428,"href":"https:\/\/nitu.mx\/index.php\/wp-json\/wp\/v2\/posts\/86425\/revisions\/86428"}],"wp:featuredmedia":[{"embeddable":true,"href":"https:\/\/nitu.mx\/index.php\/wp-json\/wp\/v2\/media\/86427"}],"wp:attachment":[{"href":"https:\/\/nitu.mx\/index.php\/wp-json\/wp\/v2\/media?parent=86425"}],"wp:term":[{"taxonomy":"category","embeddable":true,"href":"https:\/\/nitu.mx\/index.php\/wp-json\/wp\/v2\/categories?post=86425"},{"taxonomy":"post_tag","embeddable":true,"href":"https:\/\/nitu.mx\/index.php\/wp-json\/wp\/v2\/tags?post=86425"}],"curies":[{"name":"wp","href":"https:\/\/api.w.org\/{rel}","templated":true}]}}