{"id":86412,"date":"2026-03-04T10:20:41","date_gmt":"2026-03-04T16:20:41","guid":{"rendered":"https:\/\/nitu.mx\/?p=86412"},"modified":"2026-03-04T10:20:41","modified_gmt":"2026-03-04T16:20:41","slug":"sectur-cdmx-aclara-imprecision-de-800-habitaciones-canceladas-por-la-fifa","status":"publish","type":"post","link":"https:\/\/nitu.mx\/index.php\/2026\/03\/04\/sectur-cdmx-aclara-imprecision-de-800-habitaciones-canceladas-por-la-fifa\/","title":{"rendered":"Sectur CDMX aclara imprecisi\u00f3n de 800 habitaciones canceladas por la FIFA"},"content":{"rendered":"\n<p>La Secretar\u00eda de Turismo de la Ciudad de M\u00e9xico (Sectur CDMX) rechaz\u00f3 las versiones imprecisas sobre el hospedaje rumbo al Mundial 2026, luego de las declaraciones del director general de la Asociaci\u00f3n de Hoteles de la Ciudad de M\u00e9xico (AHCDMX), en las que afirm\u00f3 que la FIFA cancel\u00f3 40% de las habitaciones que hab\u00eda reservado en la capital para el Mundial de Futbol, lo que significan 800 cuartos.<\/p>\n\n\n\n<p>De acuerdo con el directivo, la organizaci\u00f3n internacional ten\u00eda reservadas 2 mil habitaciones en la Ciudad de M\u00e9xico, pero, el concepto fue err\u00f3neo porque solamente estaban bloqueadas. Al liberarse 400, \u00e9stas quedan disponibles para los turistas que asistan a la justa mundialista, lo cual, el propio Albarr\u00e1n conf\u00eda que suceda.<\/p>\n\n\n\n<p>Sin embargo, estas declaraciones del director de la AHCDMX r\u00e1pidamente cobraron relevancia en medios de comunicaci\u00f3n y redes sociales de manera alarmante, por lo que Sectur CDMX, encabezada por Alejandra Frausto Guerrero, emiti\u00f3 un comunicado que aclara la imprecisi\u00f3n.<\/p>\n\n\n\n<p>Con el respaldo de autoridades, empresarios y organizadores, la dependencia asegur\u00f3 que la Ciudad de M\u00e9xico mantiene una coordinaci\u00f3n permanente y absolutamente alineada con FIFA M\u00e9xico, HostCity, el Estadio Banorte, con el sector hotelero y con las autoridades federales y locales para garantizar la correcta operaci\u00f3n del hospedaje durante el torneo.<\/p>\n\n\n\n<p>Para ello, este 3 de marzo se llev\u00f3 a cabo una reuni\u00f3n de trabajo en donde se revisaron los avances en la preparaci\u00f3n de la ciudad rumbo al Mundial 2026, incluyendo: obras p\u00fablicas y mejora de infraestructura tur\u00edstica, estrategias de seguridad para visitantes, agenda cultural y ambiente mundialista en toda la ciudad, mecanismos de coordinaci\u00f3n y difusi\u00f3n internacional, lineamientos de precios y de hospitalidad, y perspectivas reales del mercado de hospedaje.<\/p>\n\n\n\n<p>El sector hotelero y el Gobierno de la Ciudad de M\u00e9xico coincidieron en que el panorama del hospedaje es s\u00f3lido y evoluciona conforme a la din\u00e1mica normal de grandes eventos internacionales, donde las reservas se ajustan gradualmente conforme avanza la venta de boletos, los calendarios de viaje y la confirmaci\u00f3n de partidos.<\/p>\n\n\n\n<p>Contrario a las versiones difundidas, los datos internacionales de inteligencia tur\u00edstica muestran un aumento sostenido del inter\u00e9s por viajar a las ciudades sede, incluida la sede inaugural. Cabe mencionar que la Ciudad de M\u00e9xico espera recibir turistas y visitantes no solo con boleto para los partidos sino adem\u00e1s de los miles de turistas que querr\u00e1n vivir el ambiente mundialista en la Ciudad de M\u00e9xico, con una gran oferta enriquecida m\u00e1s all\u00e1 del estadio, en plazas, museos, restaurantes, sitios hist\u00f3ricos, entre otros.<\/p>\n\n\n\n<p>El estudio \u201cTravel Insights: Football\u2019s biggest event in 2026\u201d de Amadeus, basado en b\u00fasquedas globales de vuelos y datos de mercado tur\u00edstico, indica que las b\u00fasquedas de viajes hacia ciudades sede del Mundial han aumentado de manera significativa, con incrementos de inter\u00e9s particularmente en las semanas cercanas al inicio del torneo.<\/p>\n\n\n\n<p>De acuerdo con este an\u00e1lisis las b\u00fasquedas de viajes para el periodo previo al inicio del Mundial crecieron m\u00e1s de 35%; el inter\u00e9s de viajeros internacionales contin\u00faa aumentando conforme se acercan los partidos; las ciudades sede registran incrementos constantes en la intenci\u00f3n de viaje y reservas a\u00e9reas.<\/p>\n\n\n\n<p>Estos indicadores reflejan una tendencia global positiva en la demanda tur\u00edstica asociada al torneo.<\/p>\n\n\n\n<p>La capital del pa\u00eds cuenta con m\u00e1s de 63 mil habitaciones en alrededor de 800 hoteles, adem\u00e1s de miles de opciones adicionales en la zona metropolitana, lo que garantiza capacidad suficiente para recibir a los visitantes durante el evento.<\/p>\n\n\n\n<p>Asimismo, el Mundial de Futbol 2026 ser\u00e1 el m\u00e1s grande en la historia, con 13 partidos programados en M\u00e9xico, cinco de ellos en la capital, lo que posiciona al pa\u00eds y a la Ciudad de M\u00e9xico como protagonistas del evento global.<\/p>\n\n\n\n<p>La reuni\u00f3n cont\u00f3 con la participaci\u00f3n de presidentes y representantes de la Asociaci\u00f3n de Hoteles de la Ciudad de M\u00e9xico, la Asociaci\u00f3n Nacional de Cadenas Hoteleras y la Asociaci\u00f3n de Hoteles y Moteles del Valle de M\u00e9xico, as\u00ed como directivos de importantes grupos hoteleros.<\/p>\n\n\n\n<p>En el encuentro participaron tambi\u00e9n autoridades del Gobierno de la Ciudad de M\u00e9xico, entre ellas la Consejer\u00eda Jur\u00eddica, la Subsecretar\u00eda de Participaci\u00f3n Ciudadana y Prevenci\u00f3n del Delito y la Polic\u00eda Tur\u00edstica. (<a href=\"https:\/\/nitu.mx\/index.php\/2026\/02\/23\/airbnb-y-cdmx-sellan-alianza-para-responder-ante-emergencias\/\">Airbnb y CDMX sellan alianza para responder ante emergencias<\/a>).<\/p>\n","protected":false},"excerpt":{"rendered":"<p>La Secretar\u00eda de Turismo de la Ciudad de M\u00e9xico (Sectur CDMX) rechaz\u00f3 las versiones imprecisas sobre el hospedaje rumbo al Mundial 2026, luego de las declaraciones del director general de la Asociaci\u00f3n de Hoteles de la Ciudad de M\u00e9xico (AHCDMX), en las que afirm\u00f3 que la FIFA cancel\u00f3 40% de las habitaciones que hab\u00eda reservado [&hellip;]<\/p>\n","protected":false},"author":17,"featured_media":86416,"comment_status":"closed","ping_status":"closed","sticky":false,"template":"","format":"standard","meta":{"footnotes":""},"categories":[5],"tags":[19670,16198,587,7162],"yoast_head":"<!-- This site is optimized with the Yoast SEO plugin v22.2 - https:\/\/yoast.com\/wordpress\/plugins\/seo\/ -->\n<title>Sectur CDMX aclara imprecisi\u00f3n de 800 habitaciones canceladas por la FIFA - Nitu - Noticias de la Industria Turistica<\/title>\n<meta name=\"robots\" content=\"index, follow, max-snippet:-1, max-image-preview:large, max-video-preview:-1\" \/>\n<link rel=\"canonical\" href=\"https:\/\/nitu.mx\/index.php\/2026\/03\/04\/sectur-cdmx-aclara-imprecision-de-800-habitaciones-canceladas-por-la-fifa\/\" \/>\n<meta name=\"twitter:card\" content=\"summary_large_image\" \/>\n<meta name=\"twitter:title\" content=\"Sectur CDMX aclara imprecisi\u00f3n de 800 habitaciones canceladas por la FIFA - Nitu - Noticias de la Industria Turistica\" \/>\n<meta name=\"twitter:description\" content=\"La Secretar\u00eda de Turismo de la Ciudad de M\u00e9xico (Sectur CDMX) rechaz\u00f3 las versiones imprecisas sobre el hospedaje rumbo al Mundial 2026, luego de las declaraciones del director general de la Asociaci\u00f3n de Hoteles de la Ciudad de M\u00e9xico (AHCDMX), en las que afirm\u00f3 que la FIFA cancel\u00f3 40% de las habitaciones que hab\u00eda reservado [&hellip;]\" \/>\n<meta name=\"twitter:image\" content=\"https:\/\/nitu.mx\/wp-content\/uploads\/2026\/03\/Sectur-CDMX-reunion-previa-Mundial.jpg\" \/>\n<meta name=\"twitter:creator\" content=\"@NITUmx\" \/>\n<meta name=\"twitter:site\" content=\"@Arturo_Medina_G\" \/>\n<meta name=\"twitter:label1\" content=\"Escrito por\" \/>\n\t<meta name=\"twitter:data1\" content=\"Redacci\u00f3n\" \/>\n\t<meta name=\"twitter:label2\" content=\"Tiempo de lectura\" \/>\n\t<meta name=\"twitter:data2\" content=\"4 minutos\" \/>\n<script type=\"application\/ld+json\" class=\"yoast-schema-graph\">{\"@context\":\"https:\/\/schema.org\",\"@graph\":[{\"@type\":\"Article\",\"@id\":\"https:\/\/nitu.mx\/index.php\/2026\/03\/04\/sectur-cdmx-aclara-imprecision-de-800-habitaciones-canceladas-por-la-fifa\/#article\",\"isPartOf\":{\"@id\":\"https:\/\/nitu.mx\/index.php\/2026\/03\/04\/sectur-cdmx-aclara-imprecision-de-800-habitaciones-canceladas-por-la-fifa\/\"},\"author\":{\"name\":\"Redacci\u00f3n\",\"@id\":\"https:\/\/nitu.mx\/#\/schema\/person\/4a28fe9bd65924f7c90623773daf1b0b\"},\"headline\":\"Sectur CDMX aclara imprecisi\u00f3n de 800 habitaciones canceladas por la FIFA\",\"datePublished\":\"2026-03-04T16:20:41+00:00\",\"dateModified\":\"2026-03-04T16:20:41+00:00\",\"mainEntityOfPage\":{\"@id\":\"https:\/\/nitu.mx\/index.php\/2026\/03\/04\/sectur-cdmx-aclara-imprecision-de-800-habitaciones-canceladas-por-la-fifa\/\"},\"wordCount\":758,\"publisher\":{\"@id\":\"https:\/\/nitu.mx\/#\/schema\/person\/ae7a53426417292d3dd07b45a33e01bc\"},\"image\":{\"@id\":\"https:\/\/nitu.mx\/index.php\/2026\/03\/04\/sectur-cdmx-aclara-imprecision-de-800-habitaciones-canceladas-por-la-fifa\/#primaryimage\"},\"thumbnailUrl\":\"https:\/\/nitu.mx\/wp-content\/uploads\/2026\/03\/Sectur-CDMX-reunion-previa-Mundial.jpg\",\"keywords\":[\"AHCDMX\",\"Alejandra Frausto\",\"CDMX\",\"Mundial de Futbol\"],\"articleSection\":[\"Destinos\"],\"inLanguage\":\"es-MX\"},{\"@type\":\"WebPage\",\"@id\":\"https:\/\/nitu.mx\/index.php\/2026\/03\/04\/sectur-cdmx-aclara-imprecision-de-800-habitaciones-canceladas-por-la-fifa\/\",\"url\":\"https:\/\/nitu.mx\/index.php\/2026\/03\/04\/sectur-cdmx-aclara-imprecision-de-800-habitaciones-canceladas-por-la-fifa\/\",\"name\":\"Sectur CDMX aclara imprecisi\u00f3n de 800 habitaciones canceladas por la FIFA - Nitu - Noticias de la Industria Turistica\",\"isPartOf\":{\"@id\":\"https:\/\/nitu.mx\/#website\"},\"primaryImageOfPage\":{\"@id\":\"https:\/\/nitu.mx\/index.php\/2026\/03\/04\/sectur-cdmx-aclara-imprecision-de-800-habitaciones-canceladas-por-la-fifa\/#primaryimage\"},\"image\":{\"@id\":\"https:\/\/nitu.mx\/index.php\/2026\/03\/04\/sectur-cdmx-aclara-imprecision-de-800-habitaciones-canceladas-por-la-fifa\/#primaryimage\"},\"thumbnailUrl\":\"https:\/\/nitu.mx\/wp-content\/uploads\/2026\/03\/Sectur-CDMX-reunion-previa-Mundial.jpg\",\"datePublished\":\"2026-03-04T16:20:41+00:00\",\"dateModified\":\"2026-03-04T16:20:41+00:00\",\"breadcrumb\":{\"@id\":\"https:\/\/nitu.mx\/index.php\/2026\/03\/04\/sectur-cdmx-aclara-imprecision-de-800-habitaciones-canceladas-por-la-fifa\/#breadcrumb\"},\"inLanguage\":\"es-MX\",\"potentialAction\":[{\"@type\":\"ReadAction\",\"target\":[\"https:\/\/nitu.mx\/index.php\/2026\/03\/04\/sectur-cdmx-aclara-imprecision-de-800-habitaciones-canceladas-por-la-fifa\/\"]}]},{\"@type\":\"ImageObject\",\"inLanguage\":\"es-MX\",\"@id\":\"https:\/\/nitu.mx\/index.php\/2026\/03\/04\/sectur-cdmx-aclara-imprecision-de-800-habitaciones-canceladas-por-la-fifa\/#primaryimage\",\"url\":\"https:\/\/nitu.mx\/wp-content\/uploads\/2026\/03\/Sectur-CDMX-reunion-previa-Mundial.jpg\",\"contentUrl\":\"https:\/\/nitu.mx\/wp-content\/uploads\/2026\/03\/Sectur-CDMX-reunion-previa-Mundial.jpg\",\"width\":1200,\"height\":675,\"caption\":\"Sectur CDMX reuni\u00f3n previa Mundial\"},{\"@type\":\"BreadcrumbList\",\"@id\":\"https:\/\/nitu.mx\/index.php\/2026\/03\/04\/sectur-cdmx-aclara-imprecision-de-800-habitaciones-canceladas-por-la-fifa\/#breadcrumb\",\"itemListElement\":[{\"@type\":\"ListItem\",\"position\":1,\"name\":\"Inicio\",\"item\":\"https:\/\/nitu.mx\/\"},{\"@type\":\"ListItem\",\"position\":2,\"name\":\"Sectur CDMX aclara imprecisi\u00f3n de 800 habitaciones canceladas por la FIFA\"}]},{\"@type\":\"WebSite\",\"@id\":\"https:\/\/nitu.mx\/#website\",\"url\":\"https:\/\/nitu.mx\/\",\"name\":\"Nitu - Noticias de la Industria Turistica\",\"description\":\"Noticias de la Industria Turistica\",\"publisher\":{\"@id\":\"https:\/\/nitu.mx\/#\/schema\/person\/ae7a53426417292d3dd07b45a33e01bc\"},\"alternateName\":\"Noticias de la Industria Turistica\",\"potentialAction\":[{\"@type\":\"SearchAction\",\"target\":{\"@type\":\"EntryPoint\",\"urlTemplate\":\"https:\/\/nitu.mx\/?s={search_term_string}\"},\"query-input\":\"required name=search_term_string\"}],\"inLanguage\":\"es-MX\"},{\"@type\":[\"Person\",\"Organization\"],\"@id\":\"https:\/\/nitu.mx\/#\/schema\/person\/ae7a53426417292d3dd07b45a33e01bc\",\"name\":\"Arturo Medina\",\"image\":{\"@type\":\"ImageObject\",\"inLanguage\":\"es-MX\",\"@id\":\"https:\/\/nitu.mx\/#\/schema\/person\/image\/\",\"url\":\"https:\/\/nitu.mx\/wp-content\/uploads\/2024\/04\/4A315622-1904-4D5C-B022-878CDC840E04-90x90-1.jpeg\",\"contentUrl\":\"https:\/\/nitu.mx\/wp-content\/uploads\/2024\/04\/4A315622-1904-4D5C-B022-878CDC840E04-90x90-1.jpeg\",\"width\":90,\"height\":90,\"caption\":\"Arturo Medina\"},\"logo\":{\"@id\":\"https:\/\/nitu.mx\/#\/schema\/person\/image\/\"},\"description\":\"Director NITU.mx, Egresado de la Escuela de Periodismo Carlos Septi\u00e9n Garc\u00eda. Periodista y analista especializado en turismo desde hace 35 a\u00f1os, radicado en Canc\u00fan Q.Roo. arturo@nitu.mx\",\"sameAs\":[\"https:\/\/nitu.mx\",\"https:\/\/www.facebook.com\/NITUmx\/\",\"medinacancun\",\"https:\/\/twitter.com\/@Arturo_Medina_G\"]},{\"@type\":\"Person\",\"@id\":\"https:\/\/nitu.mx\/#\/schema\/person\/4a28fe9bd65924f7c90623773daf1b0b\",\"name\":\"Redacci\u00f3n\",\"image\":{\"@type\":\"ImageObject\",\"inLanguage\":\"es-MX\",\"@id\":\"https:\/\/nitu.mx\/#\/schema\/person\/image\/\",\"url\":\"https:\/\/secure.gravatar.com\/avatar\/5dd011c8ccfc5cd7e4c81e42252aab38?s=96&d=mm&r=g\",\"contentUrl\":\"https:\/\/secure.gravatar.com\/avatar\/5dd011c8ccfc5cd7e4c81e42252aab38?s=96&d=mm&r=g\",\"caption\":\"Redacci\u00f3n\"},\"url\":\"https:\/\/nitu.mx\/index.php\/author\/redaccion\/\"}]}<\/script>\n<!-- \/ Yoast SEO plugin. -->","yoast_head_json":{"title":"Sectur CDMX aclara imprecisi\u00f3n de 800 habitaciones canceladas por la FIFA - Nitu - Noticias de la Industria Turistica","robots":{"index":"index","follow":"follow","max-snippet":"max-snippet:-1","max-image-preview":"max-image-preview:large","max-video-preview":"max-video-preview:-1"},"canonical":"https:\/\/nitu.mx\/index.php\/2026\/03\/04\/sectur-cdmx-aclara-imprecision-de-800-habitaciones-canceladas-por-la-fifa\/","twitter_card":"summary_large_image","twitter_title":"Sectur CDMX aclara imprecisi\u00f3n de 800 habitaciones canceladas por la FIFA - Nitu - Noticias de la Industria Turistica","twitter_description":"La Secretar\u00eda de Turismo de la Ciudad de M\u00e9xico (Sectur CDMX) rechaz\u00f3 las versiones imprecisas sobre el hospedaje rumbo al Mundial 2026, luego de las declaraciones del director general de la Asociaci\u00f3n de Hoteles de la Ciudad de M\u00e9xico (AHCDMX), en las que afirm\u00f3 que la FIFA cancel\u00f3 40% de las habitaciones que hab\u00eda reservado [&hellip;]","twitter_image":"https:\/\/nitu.mx\/wp-content\/uploads\/2026\/03\/Sectur-CDMX-reunion-previa-Mundial.jpg","twitter_creator":"@NITUmx","twitter_site":"@Arturo_Medina_G","twitter_misc":{"Escrito por":"Redacci\u00f3n","Tiempo de lectura":"4 minutos"},"schema":{"@context":"https:\/\/schema.org","@graph":[{"@type":"Article","@id":"https:\/\/nitu.mx\/index.php\/2026\/03\/04\/sectur-cdmx-aclara-imprecision-de-800-habitaciones-canceladas-por-la-fifa\/#article","isPartOf":{"@id":"https:\/\/nitu.mx\/index.php\/2026\/03\/04\/sectur-cdmx-aclara-imprecision-de-800-habitaciones-canceladas-por-la-fifa\/"},"author":{"name":"Redacci\u00f3n","@id":"https:\/\/nitu.mx\/#\/schema\/person\/4a28fe9bd65924f7c90623773daf1b0b"},"headline":"Sectur CDMX aclara imprecisi\u00f3n de 800 habitaciones canceladas por la FIFA","datePublished":"2026-03-04T16:20:41+00:00","dateModified":"2026-03-04T16:20:41+00:00","mainEntityOfPage":{"@id":"https:\/\/nitu.mx\/index.php\/2026\/03\/04\/sectur-cdmx-aclara-imprecision-de-800-habitaciones-canceladas-por-la-fifa\/"},"wordCount":758,"publisher":{"@id":"https:\/\/nitu.mx\/#\/schema\/person\/ae7a53426417292d3dd07b45a33e01bc"},"image":{"@id":"https:\/\/nitu.mx\/index.php\/2026\/03\/04\/sectur-cdmx-aclara-imprecision-de-800-habitaciones-canceladas-por-la-fifa\/#primaryimage"},"thumbnailUrl":"https:\/\/nitu.mx\/wp-content\/uploads\/2026\/03\/Sectur-CDMX-reunion-previa-Mundial.jpg","keywords":["AHCDMX","Alejandra Frausto","CDMX","Mundial de Futbol"],"articleSection":["Destinos"],"inLanguage":"es-MX"},{"@type":"WebPage","@id":"https:\/\/nitu.mx\/index.php\/2026\/03\/04\/sectur-cdmx-aclara-imprecision-de-800-habitaciones-canceladas-por-la-fifa\/","url":"https:\/\/nitu.mx\/index.php\/2026\/03\/04\/sectur-cdmx-aclara-imprecision-de-800-habitaciones-canceladas-por-la-fifa\/","name":"Sectur CDMX aclara imprecisi\u00f3n de 800 habitaciones canceladas por la FIFA - Nitu - Noticias de la Industria Turistica","isPartOf":{"@id":"https:\/\/nitu.mx\/#website"},"primaryImageOfPage":{"@id":"https:\/\/nitu.mx\/index.php\/2026\/03\/04\/sectur-cdmx-aclara-imprecision-de-800-habitaciones-canceladas-por-la-fifa\/#primaryimage"},"image":{"@id":"https:\/\/nitu.mx\/index.php\/2026\/03\/04\/sectur-cdmx-aclara-imprecision-de-800-habitaciones-canceladas-por-la-fifa\/#primaryimage"},"thumbnailUrl":"https:\/\/nitu.mx\/wp-content\/uploads\/2026\/03\/Sectur-CDMX-reunion-previa-Mundial.jpg","datePublished":"2026-03-04T16:20:41+00:00","dateModified":"2026-03-04T16:20:41+00:00","breadcrumb":{"@id":"https:\/\/nitu.mx\/index.php\/2026\/03\/04\/sectur-cdmx-aclara-imprecision-de-800-habitaciones-canceladas-por-la-fifa\/#breadcrumb"},"inLanguage":"es-MX","potentialAction":[{"@type":"ReadAction","target":["https:\/\/nitu.mx\/index.php\/2026\/03\/04\/sectur-cdmx-aclara-imprecision-de-800-habitaciones-canceladas-por-la-fifa\/"]}]},{"@type":"ImageObject","inLanguage":"es-MX","@id":"https:\/\/nitu.mx\/index.php\/2026\/03\/04\/sectur-cdmx-aclara-imprecision-de-800-habitaciones-canceladas-por-la-fifa\/#primaryimage","url":"https:\/\/nitu.mx\/wp-content\/uploads\/2026\/03\/Sectur-CDMX-reunion-previa-Mundial.jpg","contentUrl":"https:\/\/nitu.mx\/wp-content\/uploads\/2026\/03\/Sectur-CDMX-reunion-previa-Mundial.jpg","width":1200,"height":675,"caption":"Sectur CDMX reuni\u00f3n previa Mundial"},{"@type":"BreadcrumbList","@id":"https:\/\/nitu.mx\/index.php\/2026\/03\/04\/sectur-cdmx-aclara-imprecision-de-800-habitaciones-canceladas-por-la-fifa\/#breadcrumb","itemListElement":[{"@type":"ListItem","position":1,"name":"Inicio","item":"https:\/\/nitu.mx\/"},{"@type":"ListItem","position":2,"name":"Sectur CDMX aclara imprecisi\u00f3n de 800 habitaciones canceladas por la FIFA"}]},{"@type":"WebSite","@id":"https:\/\/nitu.mx\/#website","url":"https:\/\/nitu.mx\/","name":"Nitu - Noticias de la Industria Turistica","description":"Noticias de la Industria Turistica","publisher":{"@id":"https:\/\/nitu.mx\/#\/schema\/person\/ae7a53426417292d3dd07b45a33e01bc"},"alternateName":"Noticias de la Industria Turistica","potentialAction":[{"@type":"SearchAction","target":{"@type":"EntryPoint","urlTemplate":"https:\/\/nitu.mx\/?s={search_term_string}"},"query-input":"required name=search_term_string"}],"inLanguage":"es-MX"},{"@type":["Person","Organization"],"@id":"https:\/\/nitu.mx\/#\/schema\/person\/ae7a53426417292d3dd07b45a33e01bc","name":"Arturo Medina","image":{"@type":"ImageObject","inLanguage":"es-MX","@id":"https:\/\/nitu.mx\/#\/schema\/person\/image\/","url":"https:\/\/nitu.mx\/wp-content\/uploads\/2024\/04\/4A315622-1904-4D5C-B022-878CDC840E04-90x90-1.jpeg","contentUrl":"https:\/\/nitu.mx\/wp-content\/uploads\/2024\/04\/4A315622-1904-4D5C-B022-878CDC840E04-90x90-1.jpeg","width":90,"height":90,"caption":"Arturo Medina"},"logo":{"@id":"https:\/\/nitu.mx\/#\/schema\/person\/image\/"},"description":"Director NITU.mx, Egresado de la Escuela de Periodismo Carlos Septi\u00e9n Garc\u00eda. Periodista y analista especializado en turismo desde hace 35 a\u00f1os, radicado en Canc\u00fan Q.Roo. arturo@nitu.mx","sameAs":["https:\/\/nitu.mx","https:\/\/www.facebook.com\/NITUmx\/","medinacancun","https:\/\/twitter.com\/@Arturo_Medina_G"]},{"@type":"Person","@id":"https:\/\/nitu.mx\/#\/schema\/person\/4a28fe9bd65924f7c90623773daf1b0b","name":"Redacci\u00f3n","image":{"@type":"ImageObject","inLanguage":"es-MX","@id":"https:\/\/nitu.mx\/#\/schema\/person\/image\/","url":"https:\/\/secure.gravatar.com\/avatar\/5dd011c8ccfc5cd7e4c81e42252aab38?s=96&d=mm&r=g","contentUrl":"https:\/\/secure.gravatar.com\/avatar\/5dd011c8ccfc5cd7e4c81e42252aab38?s=96&d=mm&r=g","caption":"Redacci\u00f3n"},"url":"https:\/\/nitu.mx\/index.php\/author\/redaccion\/"}]}},"views":346,"_links":{"self":[{"href":"https:\/\/nitu.mx\/index.php\/wp-json\/wp\/v2\/posts\/86412"}],"collection":[{"href":"https:\/\/nitu.mx\/index.php\/wp-json\/wp\/v2\/posts"}],"about":[{"href":"https:\/\/nitu.mx\/index.php\/wp-json\/wp\/v2\/types\/post"}],"author":[{"embeddable":true,"href":"https:\/\/nitu.mx\/index.php\/wp-json\/wp\/v2\/users\/17"}],"replies":[{"embeddable":true,"href":"https:\/\/nitu.mx\/index.php\/wp-json\/wp\/v2\/comments?post=86412"}],"version-history":[{"count":2,"href":"https:\/\/nitu.mx\/index.php\/wp-json\/wp\/v2\/posts\/86412\/revisions"}],"predecessor-version":[{"id":86415,"href":"https:\/\/nitu.mx\/index.php\/wp-json\/wp\/v2\/posts\/86412\/revisions\/86415"}],"wp:featuredmedia":[{"embeddable":true,"href":"https:\/\/nitu.mx\/index.php\/wp-json\/wp\/v2\/media\/86416"}],"wp:attachment":[{"href":"https:\/\/nitu.mx\/index.php\/wp-json\/wp\/v2\/media?parent=86412"}],"wp:term":[{"taxonomy":"category","embeddable":true,"href":"https:\/\/nitu.mx\/index.php\/wp-json\/wp\/v2\/categories?post=86412"},{"taxonomy":"post_tag","embeddable":true,"href":"https:\/\/nitu.mx\/index.php\/wp-json\/wp\/v2\/tags?post=86412"}],"curies":[{"name":"wp","href":"https:\/\/api.w.org\/{rel}","templated":true}]}}