{"id":86368,"date":"2026-03-02T20:42:40","date_gmt":"2026-03-03T02:42:40","guid":{"rendered":"https:\/\/nitu.mx\/?p=86368"},"modified":"2026-03-02T20:42:41","modified_gmt":"2026-03-03T02:42:41","slug":"michoacan-se-proyecta-al-turismo-internacional-en-la-vitrina-turistica-anato-en-colombia","status":"publish","type":"post","link":"https:\/\/nitu.mx\/index.php\/2026\/03\/02\/michoacan-se-proyecta-al-turismo-internacional-en-la-vitrina-turistica-anato-en-colombia\/","title":{"rendered":"Michoac\u00e1n se proyecta al turismo internacional en la Vitrina Tur\u00edstica ANATO en Colombia"},"content":{"rendered":"\n<p>El trabajo de promoci\u00f3n estrat\u00e9gica de Michoac\u00e1n ha dado resultados positivos en la 45 edici\u00f3n de la Vitrina Tur\u00edstica ANATO, que se desarroll\u00f3 del 25 al 27 de febrero en Bogot\u00e1, Colombia, y en donde se pact\u00f3 una difusi\u00f3n constante de los atractivos del estado con agencias de viajes internacionales, inform\u00f3 el titular de la Secretar\u00eda de Turismo estatal, Roberto Monroy Garc\u00eda.<\/p>\n\n\n\n<p>El secretario particip\u00f3 en este encuentro, el principal evento de comercializaci\u00f3n tur\u00edstica de Sudam\u00e9rica, junto con su hom\u00f3loga federal, Josefina Rodr\u00edguez Zamora, para promover las experiencias, destinos y riquezas de Michoac\u00e1n y del pa\u00eds.<\/p>\n\n\n\n<p>El funcionario estatal sostuvo diversas reuniones de negocios, entre las que destacan los encuentros con el gobernador de Risaralda, Juan Diego Pati\u00f1o Ochoa, y con la presidenta de la C\u00e1mara de Comercio de Cartagena, Andrea Pi\u00f1a G\u00f3mez.<\/p>\n\n\n\n<p>\u201cSeguimos conectando a Michoac\u00e1n con el mundo para que m\u00e1s viajeros conozcan nuestra oferta tur\u00edstica, que incluye conectividad a\u00e9rea, turismo de aventura, cultura, naturaleza y gastronom\u00eda. Todo lo que nos destaca y que solo se puede vivir al visitarnos\u201d, declar\u00f3 el funcionario.<\/p>\n\n\n\n<p>Durante este encuentro, Monroy Garc\u00eda destac\u00f3 que se han sumado esfuerzos con c\u00e1maras y organizaciones para construir la Gu\u00eda de Turismo Inclusivo de Michoac\u00e1n, con lo cual se busca visibilizar experiencias seguras, accesibles y respetuosas para todos los sectores de la poblaci\u00f3n.<\/p>\n\n\n\n<p>La agenda de trabajo incluy\u00f3 encuentros estrat\u00e9gicos con Ang\u00e9lica Villalba, secretaria de Desarrollo Econ\u00f3mico y Cooperaci\u00f3n de Bol\u00edvar, as\u00ed como con representantes de \u201cColombia en Colores Turismo Inclusivo\u201d, entre otros organismos.<\/p>\n\n\n\n<p>Asimismo, se realiz\u00f3 una presentaci\u00f3n de destino ante operadores y prestadores de servicios de Cartagena, quienes se integrar\u00e1n a las acciones de difusi\u00f3n de \u201cel alma de Michoac\u00e1n\u201d.<\/p>\n\n\n\n<p>Estas actividades conjuntas buscan potenciar el flujo de visitantes entre ambos destinos, resaltando adem\u00e1s los beneficios y la calidad de la infraestructura hotelera michoacana.<\/p>\n\n\n\n<p>El secretario de Turismo estatal record\u00f3 que la Vitrina Tur\u00edstica ANATO reuni\u00f3 a m\u00e1s de 56 mil visitantes de 45 pa\u00edses y a mil 500 empresas expositoras, lo que representa una plataforma inmejorable para posicionar la riqueza cultural y natural de Michoac\u00e1n ante el mercado global y consolidar la comercializaci\u00f3n tur\u00edstica de la entidad durante todo el 2026.<\/p>\n\n\n\n<p>El evento se desarroll\u00f3 en el Centro Internacional de Negocios y Exposiciones Corferias en Bogot\u00e1. Es organizado anualmente por la Asociaci\u00f3n Colombiana de Agencias de Viajes y Turismo (ANATO) y funciona como una plataforma para la promoci\u00f3n de destinos tur\u00edsticos, el establecimiento de alianzas comerciales y el intercambio de productos y servicios del sector. (<a href=\"https:\/\/nitu.mx\/index.php\/2026\/02\/26\/respalda-sheinbaum-la-kuinchekua-en-el-marco-del-plan-michoacan\/\">Respalda Sheinbaum la K\u2019u\u00ednchekua en el marco del Plan Michoac\u00e1n<\/a>).<\/p>\n","protected":false},"excerpt":{"rendered":"<p>El trabajo de promoci\u00f3n estrat\u00e9gica de Michoac\u00e1n ha dado resultados positivos en la 45 edici\u00f3n de la Vitrina Tur\u00edstica ANATO, que se desarroll\u00f3 del 25 al 27 de febrero en Bogot\u00e1, Colombia, y en donde se pact\u00f3 una difusi\u00f3n constante de los atractivos del estado con agencias de viajes internacionales, inform\u00f3 el titular de la [&hellip;]<\/p>\n","protected":false},"author":17,"featured_media":86371,"comment_status":"closed","ping_status":"closed","sticky":false,"template":"","format":"standard","meta":{"footnotes":""},"categories":[5],"tags":[3365,3431,23529],"yoast_head":"<!-- This site is optimized with the Yoast SEO plugin v22.2 - https:\/\/yoast.com\/wordpress\/plugins\/seo\/ -->\n<title>Michoac\u00e1n se proyecta al turismo internacional en la Vitrina Tur\u00edstica ANATO en Colombia - Nitu - Noticias de la Industria Turistica<\/title>\n<meta name=\"robots\" content=\"index, follow, max-snippet:-1, max-image-preview:large, max-video-preview:-1\" \/>\n<link rel=\"canonical\" href=\"https:\/\/nitu.mx\/index.php\/2026\/03\/02\/michoacan-se-proyecta-al-turismo-internacional-en-la-vitrina-turistica-anato-en-colombia\/\" \/>\n<meta name=\"twitter:card\" content=\"summary_large_image\" \/>\n<meta name=\"twitter:title\" content=\"Michoac\u00e1n se proyecta al turismo internacional en la Vitrina Tur\u00edstica ANATO en Colombia - Nitu - Noticias de la Industria Turistica\" \/>\n<meta name=\"twitter:description\" content=\"El trabajo de promoci\u00f3n estrat\u00e9gica de Michoac\u00e1n ha dado resultados positivos en la 45 edici\u00f3n de la Vitrina Tur\u00edstica ANATO, que se desarroll\u00f3 del 25 al 27 de febrero en Bogot\u00e1, Colombia, y en donde se pact\u00f3 una difusi\u00f3n constante de los atractivos del estado con agencias de viajes internacionales, inform\u00f3 el titular de la [&hellip;]\" \/>\n<meta name=\"twitter:image\" content=\"https:\/\/nitu.mx\/wp-content\/uploads\/2026\/03\/MIchoacan-en-Anato.jpg\" \/>\n<meta name=\"twitter:creator\" content=\"@NITUmx\" \/>\n<meta name=\"twitter:site\" content=\"@Arturo_Medina_G\" \/>\n<meta name=\"twitter:label1\" content=\"Escrito por\" \/>\n\t<meta name=\"twitter:data1\" content=\"Redacci\u00f3n\" \/>\n\t<meta name=\"twitter:label2\" content=\"Tiempo de lectura\" \/>\n\t<meta name=\"twitter:data2\" content=\"2 minutos\" \/>\n<script type=\"application\/ld+json\" class=\"yoast-schema-graph\">{\"@context\":\"https:\/\/schema.org\",\"@graph\":[{\"@type\":\"Article\",\"@id\":\"https:\/\/nitu.mx\/index.php\/2026\/03\/02\/michoacan-se-proyecta-al-turismo-internacional-en-la-vitrina-turistica-anato-en-colombia\/#article\",\"isPartOf\":{\"@id\":\"https:\/\/nitu.mx\/index.php\/2026\/03\/02\/michoacan-se-proyecta-al-turismo-internacional-en-la-vitrina-turistica-anato-en-colombia\/\"},\"author\":{\"name\":\"Redacci\u00f3n\",\"@id\":\"https:\/\/nitu.mx\/#\/schema\/person\/4a28fe9bd65924f7c90623773daf1b0b\"},\"headline\":\"Michoac\u00e1n se proyecta al turismo internacional en la Vitrina Tur\u00edstica ANATO en Colombia\",\"datePublished\":\"2026-03-03T02:42:40+00:00\",\"dateModified\":\"2026-03-03T02:42:41+00:00\",\"mainEntityOfPage\":{\"@id\":\"https:\/\/nitu.mx\/index.php\/2026\/03\/02\/michoacan-se-proyecta-al-turismo-internacional-en-la-vitrina-turistica-anato-en-colombia\/\"},\"wordCount\":481,\"publisher\":{\"@id\":\"https:\/\/nitu.mx\/#\/schema\/person\/ae7a53426417292d3dd07b45a33e01bc\"},\"image\":{\"@id\":\"https:\/\/nitu.mx\/index.php\/2026\/03\/02\/michoacan-se-proyecta-al-turismo-internacional-en-la-vitrina-turistica-anato-en-colombia\/#primaryimage\"},\"thumbnailUrl\":\"https:\/\/nitu.mx\/wp-content\/uploads\/2026\/03\/MIchoacan-en-Anato.jpg\",\"keywords\":[\"ANATO\",\"Michoac\u00e1n\",\"Roberto Monroy\"],\"articleSection\":[\"Destinos\"],\"inLanguage\":\"es-MX\"},{\"@type\":\"WebPage\",\"@id\":\"https:\/\/nitu.mx\/index.php\/2026\/03\/02\/michoacan-se-proyecta-al-turismo-internacional-en-la-vitrina-turistica-anato-en-colombia\/\",\"url\":\"https:\/\/nitu.mx\/index.php\/2026\/03\/02\/michoacan-se-proyecta-al-turismo-internacional-en-la-vitrina-turistica-anato-en-colombia\/\",\"name\":\"Michoac\u00e1n se proyecta al turismo internacional en la Vitrina Tur\u00edstica ANATO en Colombia - Nitu - Noticias de la Industria Turistica\",\"isPartOf\":{\"@id\":\"https:\/\/nitu.mx\/#website\"},\"primaryImageOfPage\":{\"@id\":\"https:\/\/nitu.mx\/index.php\/2026\/03\/02\/michoacan-se-proyecta-al-turismo-internacional-en-la-vitrina-turistica-anato-en-colombia\/#primaryimage\"},\"image\":{\"@id\":\"https:\/\/nitu.mx\/index.php\/2026\/03\/02\/michoacan-se-proyecta-al-turismo-internacional-en-la-vitrina-turistica-anato-en-colombia\/#primaryimage\"},\"thumbnailUrl\":\"https:\/\/nitu.mx\/wp-content\/uploads\/2026\/03\/MIchoacan-en-Anato.jpg\",\"datePublished\":\"2026-03-03T02:42:40+00:00\",\"dateModified\":\"2026-03-03T02:42:41+00:00\",\"breadcrumb\":{\"@id\":\"https:\/\/nitu.mx\/index.php\/2026\/03\/02\/michoacan-se-proyecta-al-turismo-internacional-en-la-vitrina-turistica-anato-en-colombia\/#breadcrumb\"},\"inLanguage\":\"es-MX\",\"potentialAction\":[{\"@type\":\"ReadAction\",\"target\":[\"https:\/\/nitu.mx\/index.php\/2026\/03\/02\/michoacan-se-proyecta-al-turismo-internacional-en-la-vitrina-turistica-anato-en-colombia\/\"]}]},{\"@type\":\"ImageObject\",\"inLanguage\":\"es-MX\",\"@id\":\"https:\/\/nitu.mx\/index.php\/2026\/03\/02\/michoacan-se-proyecta-al-turismo-internacional-en-la-vitrina-turistica-anato-en-colombia\/#primaryimage\",\"url\":\"https:\/\/nitu.mx\/wp-content\/uploads\/2026\/03\/MIchoacan-en-Anato.jpg\",\"contentUrl\":\"https:\/\/nitu.mx\/wp-content\/uploads\/2026\/03\/MIchoacan-en-Anato.jpg\",\"width\":1200,\"height\":675,\"caption\":\"MIchoac\u00e1n en Anato\"},{\"@type\":\"BreadcrumbList\",\"@id\":\"https:\/\/nitu.mx\/index.php\/2026\/03\/02\/michoacan-se-proyecta-al-turismo-internacional-en-la-vitrina-turistica-anato-en-colombia\/#breadcrumb\",\"itemListElement\":[{\"@type\":\"ListItem\",\"position\":1,\"name\":\"Inicio\",\"item\":\"https:\/\/nitu.mx\/\"},{\"@type\":\"ListItem\",\"position\":2,\"name\":\"Michoac\u00e1n se proyecta al turismo internacional en la Vitrina Tur\u00edstica ANATO en Colombia\"}]},{\"@type\":\"WebSite\",\"@id\":\"https:\/\/nitu.mx\/#website\",\"url\":\"https:\/\/nitu.mx\/\",\"name\":\"Nitu - Noticias de la Industria Turistica\",\"description\":\"Noticias de la Industria Turistica\",\"publisher\":{\"@id\":\"https:\/\/nitu.mx\/#\/schema\/person\/ae7a53426417292d3dd07b45a33e01bc\"},\"alternateName\":\"Noticias de la Industria Turistica\",\"potentialAction\":[{\"@type\":\"SearchAction\",\"target\":{\"@type\":\"EntryPoint\",\"urlTemplate\":\"https:\/\/nitu.mx\/?s={search_term_string}\"},\"query-input\":\"required name=search_term_string\"}],\"inLanguage\":\"es-MX\"},{\"@type\":[\"Person\",\"Organization\"],\"@id\":\"https:\/\/nitu.mx\/#\/schema\/person\/ae7a53426417292d3dd07b45a33e01bc\",\"name\":\"Arturo Medina\",\"image\":{\"@type\":\"ImageObject\",\"inLanguage\":\"es-MX\",\"@id\":\"https:\/\/nitu.mx\/#\/schema\/person\/image\/\",\"url\":\"https:\/\/nitu.mx\/wp-content\/uploads\/2024\/04\/4A315622-1904-4D5C-B022-878CDC840E04-90x90-1.jpeg\",\"contentUrl\":\"https:\/\/nitu.mx\/wp-content\/uploads\/2024\/04\/4A315622-1904-4D5C-B022-878CDC840E04-90x90-1.jpeg\",\"width\":90,\"height\":90,\"caption\":\"Arturo Medina\"},\"logo\":{\"@id\":\"https:\/\/nitu.mx\/#\/schema\/person\/image\/\"},\"description\":\"Director NITU.mx, Egresado de la Escuela de Periodismo Carlos Septi\u00e9n Garc\u00eda. Periodista y analista especializado en turismo desde hace 35 a\u00f1os, radicado en Canc\u00fan Q.Roo. arturo@nitu.mx\",\"sameAs\":[\"https:\/\/nitu.mx\",\"https:\/\/www.facebook.com\/NITUmx\/\",\"medinacancun\",\"https:\/\/twitter.com\/@Arturo_Medina_G\"]},{\"@type\":\"Person\",\"@id\":\"https:\/\/nitu.mx\/#\/schema\/person\/4a28fe9bd65924f7c90623773daf1b0b\",\"name\":\"Redacci\u00f3n\",\"image\":{\"@type\":\"ImageObject\",\"inLanguage\":\"es-MX\",\"@id\":\"https:\/\/nitu.mx\/#\/schema\/person\/image\/\",\"url\":\"https:\/\/secure.gravatar.com\/avatar\/5dd011c8ccfc5cd7e4c81e42252aab38?s=96&d=mm&r=g\",\"contentUrl\":\"https:\/\/secure.gravatar.com\/avatar\/5dd011c8ccfc5cd7e4c81e42252aab38?s=96&d=mm&r=g\",\"caption\":\"Redacci\u00f3n\"},\"url\":\"https:\/\/nitu.mx\/index.php\/author\/redaccion\/\"}]}<\/script>\n<!-- \/ Yoast SEO plugin. -->","yoast_head_json":{"title":"Michoac\u00e1n se proyecta al turismo internacional en la Vitrina Tur\u00edstica ANATO en Colombia - Nitu - Noticias de la Industria Turistica","robots":{"index":"index","follow":"follow","max-snippet":"max-snippet:-1","max-image-preview":"max-image-preview:large","max-video-preview":"max-video-preview:-1"},"canonical":"https:\/\/nitu.mx\/index.php\/2026\/03\/02\/michoacan-se-proyecta-al-turismo-internacional-en-la-vitrina-turistica-anato-en-colombia\/","twitter_card":"summary_large_image","twitter_title":"Michoac\u00e1n se proyecta al turismo internacional en la Vitrina Tur\u00edstica ANATO en Colombia - Nitu - Noticias de la Industria Turistica","twitter_description":"El trabajo de promoci\u00f3n estrat\u00e9gica de Michoac\u00e1n ha dado resultados positivos en la 45 edici\u00f3n de la Vitrina Tur\u00edstica ANATO, que se desarroll\u00f3 del 25 al 27 de febrero en Bogot\u00e1, Colombia, y en donde se pact\u00f3 una difusi\u00f3n constante de los atractivos del estado con agencias de viajes internacionales, inform\u00f3 el titular de la [&hellip;]","twitter_image":"https:\/\/nitu.mx\/wp-content\/uploads\/2026\/03\/MIchoacan-en-Anato.jpg","twitter_creator":"@NITUmx","twitter_site":"@Arturo_Medina_G","twitter_misc":{"Escrito por":"Redacci\u00f3n","Tiempo de lectura":"2 minutos"},"schema":{"@context":"https:\/\/schema.org","@graph":[{"@type":"Article","@id":"https:\/\/nitu.mx\/index.php\/2026\/03\/02\/michoacan-se-proyecta-al-turismo-internacional-en-la-vitrina-turistica-anato-en-colombia\/#article","isPartOf":{"@id":"https:\/\/nitu.mx\/index.php\/2026\/03\/02\/michoacan-se-proyecta-al-turismo-internacional-en-la-vitrina-turistica-anato-en-colombia\/"},"author":{"name":"Redacci\u00f3n","@id":"https:\/\/nitu.mx\/#\/schema\/person\/4a28fe9bd65924f7c90623773daf1b0b"},"headline":"Michoac\u00e1n se proyecta al turismo internacional en la Vitrina Tur\u00edstica ANATO en Colombia","datePublished":"2026-03-03T02:42:40+00:00","dateModified":"2026-03-03T02:42:41+00:00","mainEntityOfPage":{"@id":"https:\/\/nitu.mx\/index.php\/2026\/03\/02\/michoacan-se-proyecta-al-turismo-internacional-en-la-vitrina-turistica-anato-en-colombia\/"},"wordCount":481,"publisher":{"@id":"https:\/\/nitu.mx\/#\/schema\/person\/ae7a53426417292d3dd07b45a33e01bc"},"image":{"@id":"https:\/\/nitu.mx\/index.php\/2026\/03\/02\/michoacan-se-proyecta-al-turismo-internacional-en-la-vitrina-turistica-anato-en-colombia\/#primaryimage"},"thumbnailUrl":"https:\/\/nitu.mx\/wp-content\/uploads\/2026\/03\/MIchoacan-en-Anato.jpg","keywords":["ANATO","Michoac\u00e1n","Roberto Monroy"],"articleSection":["Destinos"],"inLanguage":"es-MX"},{"@type":"WebPage","@id":"https:\/\/nitu.mx\/index.php\/2026\/03\/02\/michoacan-se-proyecta-al-turismo-internacional-en-la-vitrina-turistica-anato-en-colombia\/","url":"https:\/\/nitu.mx\/index.php\/2026\/03\/02\/michoacan-se-proyecta-al-turismo-internacional-en-la-vitrina-turistica-anato-en-colombia\/","name":"Michoac\u00e1n se proyecta al turismo internacional en la Vitrina Tur\u00edstica ANATO en Colombia - Nitu - Noticias de la Industria Turistica","isPartOf":{"@id":"https:\/\/nitu.mx\/#website"},"primaryImageOfPage":{"@id":"https:\/\/nitu.mx\/index.php\/2026\/03\/02\/michoacan-se-proyecta-al-turismo-internacional-en-la-vitrina-turistica-anato-en-colombia\/#primaryimage"},"image":{"@id":"https:\/\/nitu.mx\/index.php\/2026\/03\/02\/michoacan-se-proyecta-al-turismo-internacional-en-la-vitrina-turistica-anato-en-colombia\/#primaryimage"},"thumbnailUrl":"https:\/\/nitu.mx\/wp-content\/uploads\/2026\/03\/MIchoacan-en-Anato.jpg","datePublished":"2026-03-03T02:42:40+00:00","dateModified":"2026-03-03T02:42:41+00:00","breadcrumb":{"@id":"https:\/\/nitu.mx\/index.php\/2026\/03\/02\/michoacan-se-proyecta-al-turismo-internacional-en-la-vitrina-turistica-anato-en-colombia\/#breadcrumb"},"inLanguage":"es-MX","potentialAction":[{"@type":"ReadAction","target":["https:\/\/nitu.mx\/index.php\/2026\/03\/02\/michoacan-se-proyecta-al-turismo-internacional-en-la-vitrina-turistica-anato-en-colombia\/"]}]},{"@type":"ImageObject","inLanguage":"es-MX","@id":"https:\/\/nitu.mx\/index.php\/2026\/03\/02\/michoacan-se-proyecta-al-turismo-internacional-en-la-vitrina-turistica-anato-en-colombia\/#primaryimage","url":"https:\/\/nitu.mx\/wp-content\/uploads\/2026\/03\/MIchoacan-en-Anato.jpg","contentUrl":"https:\/\/nitu.mx\/wp-content\/uploads\/2026\/03\/MIchoacan-en-Anato.jpg","width":1200,"height":675,"caption":"MIchoac\u00e1n en Anato"},{"@type":"BreadcrumbList","@id":"https:\/\/nitu.mx\/index.php\/2026\/03\/02\/michoacan-se-proyecta-al-turismo-internacional-en-la-vitrina-turistica-anato-en-colombia\/#breadcrumb","itemListElement":[{"@type":"ListItem","position":1,"name":"Inicio","item":"https:\/\/nitu.mx\/"},{"@type":"ListItem","position":2,"name":"Michoac\u00e1n se proyecta al turismo internacional en la Vitrina Tur\u00edstica ANATO en Colombia"}]},{"@type":"WebSite","@id":"https:\/\/nitu.mx\/#website","url":"https:\/\/nitu.mx\/","name":"Nitu - Noticias de la Industria Turistica","description":"Noticias de la Industria Turistica","publisher":{"@id":"https:\/\/nitu.mx\/#\/schema\/person\/ae7a53426417292d3dd07b45a33e01bc"},"alternateName":"Noticias de la Industria Turistica","potentialAction":[{"@type":"SearchAction","target":{"@type":"EntryPoint","urlTemplate":"https:\/\/nitu.mx\/?s={search_term_string}"},"query-input":"required name=search_term_string"}],"inLanguage":"es-MX"},{"@type":["Person","Organization"],"@id":"https:\/\/nitu.mx\/#\/schema\/person\/ae7a53426417292d3dd07b45a33e01bc","name":"Arturo Medina","image":{"@type":"ImageObject","inLanguage":"es-MX","@id":"https:\/\/nitu.mx\/#\/schema\/person\/image\/","url":"https:\/\/nitu.mx\/wp-content\/uploads\/2024\/04\/4A315622-1904-4D5C-B022-878CDC840E04-90x90-1.jpeg","contentUrl":"https:\/\/nitu.mx\/wp-content\/uploads\/2024\/04\/4A315622-1904-4D5C-B022-878CDC840E04-90x90-1.jpeg","width":90,"height":90,"caption":"Arturo Medina"},"logo":{"@id":"https:\/\/nitu.mx\/#\/schema\/person\/image\/"},"description":"Director NITU.mx, Egresado de la Escuela de Periodismo Carlos Septi\u00e9n Garc\u00eda. Periodista y analista especializado en turismo desde hace 35 a\u00f1os, radicado en Canc\u00fan Q.Roo. arturo@nitu.mx","sameAs":["https:\/\/nitu.mx","https:\/\/www.facebook.com\/NITUmx\/","medinacancun","https:\/\/twitter.com\/@Arturo_Medina_G"]},{"@type":"Person","@id":"https:\/\/nitu.mx\/#\/schema\/person\/4a28fe9bd65924f7c90623773daf1b0b","name":"Redacci\u00f3n","image":{"@type":"ImageObject","inLanguage":"es-MX","@id":"https:\/\/nitu.mx\/#\/schema\/person\/image\/","url":"https:\/\/secure.gravatar.com\/avatar\/5dd011c8ccfc5cd7e4c81e42252aab38?s=96&d=mm&r=g","contentUrl":"https:\/\/secure.gravatar.com\/avatar\/5dd011c8ccfc5cd7e4c81e42252aab38?s=96&d=mm&r=g","caption":"Redacci\u00f3n"},"url":"https:\/\/nitu.mx\/index.php\/author\/redaccion\/"}]}},"views":264,"_links":{"self":[{"href":"https:\/\/nitu.mx\/index.php\/wp-json\/wp\/v2\/posts\/86368"}],"collection":[{"href":"https:\/\/nitu.mx\/index.php\/wp-json\/wp\/v2\/posts"}],"about":[{"href":"https:\/\/nitu.mx\/index.php\/wp-json\/wp\/v2\/types\/post"}],"author":[{"embeddable":true,"href":"https:\/\/nitu.mx\/index.php\/wp-json\/wp\/v2\/users\/17"}],"replies":[{"embeddable":true,"href":"https:\/\/nitu.mx\/index.php\/wp-json\/wp\/v2\/comments?post=86368"}],"version-history":[{"count":1,"href":"https:\/\/nitu.mx\/index.php\/wp-json\/wp\/v2\/posts\/86368\/revisions"}],"predecessor-version":[{"id":86370,"href":"https:\/\/nitu.mx\/index.php\/wp-json\/wp\/v2\/posts\/86368\/revisions\/86370"}],"wp:featuredmedia":[{"embeddable":true,"href":"https:\/\/nitu.mx\/index.php\/wp-json\/wp\/v2\/media\/86371"}],"wp:attachment":[{"href":"https:\/\/nitu.mx\/index.php\/wp-json\/wp\/v2\/media?parent=86368"}],"wp:term":[{"taxonomy":"category","embeddable":true,"href":"https:\/\/nitu.mx\/index.php\/wp-json\/wp\/v2\/categories?post=86368"},{"taxonomy":"post_tag","embeddable":true,"href":"https:\/\/nitu.mx\/index.php\/wp-json\/wp\/v2\/tags?post=86368"}],"curies":[{"name":"wp","href":"https:\/\/api.w.org\/{rel}","templated":true}]}}