{"id":85921,"date":"2026-01-29T21:56:27","date_gmt":"2026-01-30T03:56:27","guid":{"rendered":"https:\/\/nitu.mx\/?p=85921"},"modified":"2026-01-29T21:56:28","modified_gmt":"2026-01-30T03:56:28","slug":"mondrian-mexico-city-estrena-pop-up-y-guia-de-arte-para-la-artweek-2026-en-cdmx","status":"publish","type":"post","link":"https:\/\/nitu.mx\/index.php\/2026\/01\/29\/mondrian-mexico-city-estrena-pop-up-y-guia-de-arte-para-la-artweek-2026-en-cdmx\/","title":{"rendered":"Mondrian Mexico City estrena Pop-Up y Gu\u00eda de Arte para la ArtWeek 2026 en CDMX"},"content":{"rendered":"\n<p>Para celebrar la Semana del Arte, el evento anual m\u00e1s importante de la Ciudad de M\u00e9xico que gira en torno a Zona Maco (la feria de arte contempor\u00e1neo l\u00edder en Latinoam\u00e9rica), hotel Mondrian Mexico City Condesa anuncia una colaboraci\u00f3n exclusiva con Avante, un colectivo art\u00edstico multidisciplinario. Juntos presentar\u00e1n un pop-up de arte y cultura curado especialmente para el hotel del 5 al 7 de febrero de 2026.<\/p>\n\n\n\n<p>Adem\u00e1s, Mondrian Mexico City Condesa se ha asociado con la curadora de arte contempor\u00e1neo Natalie Pourdanay para crear una Gu\u00eda Exclusiva de la Semana del Arte para sus hu\u00e9spedes. Curada bajo la visi\u00f3n de una experta local, la gu\u00eda destacar\u00e1 las exposiciones imperdibles, fiestas y eventos culturales por toda la ciudad, asegurando que los hu\u00e9spedes vivan la Semana del Arte con acceso total, eficiencia y facilidad.<\/p>\n\n\n\n<p>La experiencia inmersiva de Avante se llevar\u00e1 a cabo en La Terraza, el patio central del hotel, transformando al Mondrian Mexico City Condesa en un vibrante epicentro de creatividad, dise\u00f1o y cultura, fusionando el arte y la hospitalidad bajo un mismo techo. El pop-up contar\u00e1 con una lista diversa de artistas especializados en cer\u00e1mica, textiles, escultura, moda y arte contempor\u00e1neo. El evento ofrecer\u00e1 a los visitantes la oportunidad de conocer e incluso adquirir piezas \u00fanicas en un ambiente \u00edntimo. Los hu\u00e9spedes del hotel contar\u00e1n con un descuento exclusivo del 10% en todas sus compras.<\/p>\n\n\n\n<p>Entre los artistas y marcas participantes se encuentran: Arkatha (moda vers\u00e1til); F. Muriel (slow fashion); Serenata (estilo inspirado en el occidente de M\u00e9xico); Talla (fusi\u00f3n de confecci\u00f3n mexicana y japonesa); Sophie Simon (joyer\u00eda artesanal); Agnes Workshop (estudio de textiles con tintes naturales); Taller de Obsidiana (escultura que redefine la obsidiana como medio art\u00edstico); M.A Estudio (cer\u00e1mica de dise\u00f1o mexicano tradicional); Studio Ayres (mobiliario y cer\u00e1mica); Ritual Home (decoraci\u00f3n sustentable en madera); Lupe Quesada (ceramista de formas org\u00e1nicas); adem\u00e1s de Roberto Tostado (artes visuales); Pablo Cobos (fotograf\u00eda); Chakceel Rah Blancas (dise\u00f1o visual y esculturas matem\u00e1ticas); Casilda Mut (moda); Denisse Kuri (prendas artesanales aut\u00e9nticas); y Teanuki (expertos en Matcha grado ceremonial), entre otros.<\/p>\n\n\n\n<p>El Pop-Up de Mondrian Mexico City Condesa x Avante estar\u00e1 acompa\u00f1ado de m\u00fasica, cocteles de autor y una atm\u00f3sfera llena de energ\u00eda que refleja la est\u00e9tica audaz del hotel. \u201cMondrian Mexico City Condesa est\u00e1 ubicado en un barrio vibrante, lleno de cultura, gastronom\u00eda y emoci\u00f3n\u201d, coment\u00f3 Claudia Di Gino, Gerente General del hotel. \u201cCon esto en mente, queremos que nuestros hu\u00e9spedes y la comunidad vivan el hotel como un centro de creatividad y expresi\u00f3n\u201d.<\/p>\n\n\n\n<p>Esta alianza con Avante refuerza el compromiso de Mondrian Mexico City Condesa de apoyar a la comunidad art\u00edstica local y los espacios creativos durante uno de los eventos m\u00e1s esperados del a\u00f1o. El pop-up estar\u00e1 abierto del 5 al 7 de febrero y todas las obras estar\u00e1n a la venta. (<a href=\"https:\/\/nitu.mx\/index.php\/2025\/10\/06\/mondrian-mexico-city-condesa-amplia-su-oferta-mice\/\">Mondrian Mexico City Condesa ampl\u00eda su oferta MICE<\/a>).<\/p>\n","protected":false},"excerpt":{"rendered":"<p>Para celebrar la Semana del Arte, el evento anual m\u00e1s importante de la Ciudad de M\u00e9xico que gira en torno a Zona Maco (la feria de arte contempor\u00e1neo l\u00edder en Latinoam\u00e9rica), hotel Mondrian Mexico City Condesa anuncia una colaboraci\u00f3n exclusiva con Avante, un colectivo art\u00edstico multidisciplinario. Juntos presentar\u00e1n un pop-up de arte y cultura curado [&hellip;]<\/p>\n","protected":false},"author":17,"featured_media":85924,"comment_status":"closed","ping_status":"closed","sticky":false,"template":"","format":"standard","meta":{"footnotes":""},"categories":[2],"tags":[587,26488,27954],"yoast_head":"<!-- This site is optimized with the Yoast SEO plugin v22.2 - https:\/\/yoast.com\/wordpress\/plugins\/seo\/ -->\n<title>Mondrian Mexico City estrena Pop-Up y Gu\u00eda de Arte para la ArtWeek 2026 en CDMX - Nitu - Noticias de la Industria Turistica<\/title>\n<meta name=\"robots\" content=\"index, follow, max-snippet:-1, max-image-preview:large, max-video-preview:-1\" \/>\n<link rel=\"canonical\" href=\"https:\/\/nitu.mx\/index.php\/2026\/01\/29\/mondrian-mexico-city-estrena-pop-up-y-guia-de-arte-para-la-artweek-2026-en-cdmx\/\" \/>\n<meta name=\"twitter:card\" content=\"summary_large_image\" \/>\n<meta name=\"twitter:title\" content=\"Mondrian Mexico City estrena Pop-Up y Gu\u00eda de Arte para la ArtWeek 2026 en CDMX - Nitu - Noticias de la Industria Turistica\" \/>\n<meta name=\"twitter:description\" content=\"Para celebrar la Semana del Arte, el evento anual m\u00e1s importante de la Ciudad de M\u00e9xico que gira en torno a Zona Maco (la feria de arte contempor\u00e1neo l\u00edder en Latinoam\u00e9rica), hotel Mondrian Mexico City Condesa anuncia una colaboraci\u00f3n exclusiva con Avante, un colectivo art\u00edstico multidisciplinario. Juntos presentar\u00e1n un pop-up de arte y cultura curado [&hellip;]\" \/>\n<meta name=\"twitter:image\" content=\"https:\/\/nitu.mx\/wp-content\/uploads\/2026\/01\/Mondrian-Mexico-City-ArtWeek-2026.jpg\" \/>\n<meta name=\"twitter:creator\" content=\"@NITUmx\" \/>\n<meta name=\"twitter:site\" content=\"@Arturo_Medina_G\" \/>\n<meta name=\"twitter:label1\" content=\"Escrito por\" \/>\n\t<meta name=\"twitter:data1\" content=\"Redacci\u00f3n\" \/>\n\t<meta name=\"twitter:label2\" content=\"Tiempo de lectura\" \/>\n\t<meta name=\"twitter:data2\" content=\"3 minutos\" \/>\n<script type=\"application\/ld+json\" class=\"yoast-schema-graph\">{\"@context\":\"https:\/\/schema.org\",\"@graph\":[{\"@type\":\"Article\",\"@id\":\"https:\/\/nitu.mx\/index.php\/2026\/01\/29\/mondrian-mexico-city-estrena-pop-up-y-guia-de-arte-para-la-artweek-2026-en-cdmx\/#article\",\"isPartOf\":{\"@id\":\"https:\/\/nitu.mx\/index.php\/2026\/01\/29\/mondrian-mexico-city-estrena-pop-up-y-guia-de-arte-para-la-artweek-2026-en-cdmx\/\"},\"author\":{\"name\":\"Redacci\u00f3n\",\"@id\":\"https:\/\/nitu.mx\/#\/schema\/person\/4a28fe9bd65924f7c90623773daf1b0b\"},\"headline\":\"Mondrian Mexico City estrena Pop-Up y Gu\u00eda de Arte para la ArtWeek 2026 en CDMX\",\"datePublished\":\"2026-01-30T03:56:27+00:00\",\"dateModified\":\"2026-01-30T03:56:28+00:00\",\"mainEntityOfPage\":{\"@id\":\"https:\/\/nitu.mx\/index.php\/2026\/01\/29\/mondrian-mexico-city-estrena-pop-up-y-guia-de-arte-para-la-artweek-2026-en-cdmx\/\"},\"wordCount\":530,\"publisher\":{\"@id\":\"https:\/\/nitu.mx\/#\/schema\/person\/ae7a53426417292d3dd07b45a33e01bc\"},\"image\":{\"@id\":\"https:\/\/nitu.mx\/index.php\/2026\/01\/29\/mondrian-mexico-city-estrena-pop-up-y-guia-de-arte-para-la-artweek-2026-en-cdmx\/#primaryimage\"},\"thumbnailUrl\":\"https:\/\/nitu.mx\/wp-content\/uploads\/2026\/01\/Mondrian-Mexico-City-ArtWeek-2026.jpg\",\"keywords\":[\"CDMX\",\"Mondrian Mexico City\",\"Semana del Arte\"],\"articleSection\":[\"Hoteles\"],\"inLanguage\":\"es-MX\"},{\"@type\":\"WebPage\",\"@id\":\"https:\/\/nitu.mx\/index.php\/2026\/01\/29\/mondrian-mexico-city-estrena-pop-up-y-guia-de-arte-para-la-artweek-2026-en-cdmx\/\",\"url\":\"https:\/\/nitu.mx\/index.php\/2026\/01\/29\/mondrian-mexico-city-estrena-pop-up-y-guia-de-arte-para-la-artweek-2026-en-cdmx\/\",\"name\":\"Mondrian Mexico City estrena Pop-Up y Gu\u00eda de Arte para la ArtWeek 2026 en CDMX - Nitu - Noticias de la Industria Turistica\",\"isPartOf\":{\"@id\":\"https:\/\/nitu.mx\/#website\"},\"primaryImageOfPage\":{\"@id\":\"https:\/\/nitu.mx\/index.php\/2026\/01\/29\/mondrian-mexico-city-estrena-pop-up-y-guia-de-arte-para-la-artweek-2026-en-cdmx\/#primaryimage\"},\"image\":{\"@id\":\"https:\/\/nitu.mx\/index.php\/2026\/01\/29\/mondrian-mexico-city-estrena-pop-up-y-guia-de-arte-para-la-artweek-2026-en-cdmx\/#primaryimage\"},\"thumbnailUrl\":\"https:\/\/nitu.mx\/wp-content\/uploads\/2026\/01\/Mondrian-Mexico-City-ArtWeek-2026.jpg\",\"datePublished\":\"2026-01-30T03:56:27+00:00\",\"dateModified\":\"2026-01-30T03:56:28+00:00\",\"breadcrumb\":{\"@id\":\"https:\/\/nitu.mx\/index.php\/2026\/01\/29\/mondrian-mexico-city-estrena-pop-up-y-guia-de-arte-para-la-artweek-2026-en-cdmx\/#breadcrumb\"},\"inLanguage\":\"es-MX\",\"potentialAction\":[{\"@type\":\"ReadAction\",\"target\":[\"https:\/\/nitu.mx\/index.php\/2026\/01\/29\/mondrian-mexico-city-estrena-pop-up-y-guia-de-arte-para-la-artweek-2026-en-cdmx\/\"]}]},{\"@type\":\"ImageObject\",\"inLanguage\":\"es-MX\",\"@id\":\"https:\/\/nitu.mx\/index.php\/2026\/01\/29\/mondrian-mexico-city-estrena-pop-up-y-guia-de-arte-para-la-artweek-2026-en-cdmx\/#primaryimage\",\"url\":\"https:\/\/nitu.mx\/wp-content\/uploads\/2026\/01\/Mondrian-Mexico-City-ArtWeek-2026.jpg\",\"contentUrl\":\"https:\/\/nitu.mx\/wp-content\/uploads\/2026\/01\/Mondrian-Mexico-City-ArtWeek-2026.jpg\",\"width\":1200,\"height\":675,\"caption\":\"Mondrian Mexico City ArtWeek 2026\"},{\"@type\":\"BreadcrumbList\",\"@id\":\"https:\/\/nitu.mx\/index.php\/2026\/01\/29\/mondrian-mexico-city-estrena-pop-up-y-guia-de-arte-para-la-artweek-2026-en-cdmx\/#breadcrumb\",\"itemListElement\":[{\"@type\":\"ListItem\",\"position\":1,\"name\":\"Inicio\",\"item\":\"https:\/\/nitu.mx\/\"},{\"@type\":\"ListItem\",\"position\":2,\"name\":\"Mondrian Mexico City estrena Pop-Up y Gu\u00eda de Arte para la ArtWeek 2026 en CDMX\"}]},{\"@type\":\"WebSite\",\"@id\":\"https:\/\/nitu.mx\/#website\",\"url\":\"https:\/\/nitu.mx\/\",\"name\":\"Nitu - Noticias de la Industria Turistica\",\"description\":\"Noticias de la Industria Turistica\",\"publisher\":{\"@id\":\"https:\/\/nitu.mx\/#\/schema\/person\/ae7a53426417292d3dd07b45a33e01bc\"},\"alternateName\":\"Noticias de la Industria Turistica\",\"potentialAction\":[{\"@type\":\"SearchAction\",\"target\":{\"@type\":\"EntryPoint\",\"urlTemplate\":\"https:\/\/nitu.mx\/?s={search_term_string}\"},\"query-input\":\"required name=search_term_string\"}],\"inLanguage\":\"es-MX\"},{\"@type\":[\"Person\",\"Organization\"],\"@id\":\"https:\/\/nitu.mx\/#\/schema\/person\/ae7a53426417292d3dd07b45a33e01bc\",\"name\":\"Arturo Medina\",\"image\":{\"@type\":\"ImageObject\",\"inLanguage\":\"es-MX\",\"@id\":\"https:\/\/nitu.mx\/#\/schema\/person\/image\/\",\"url\":\"https:\/\/nitu.mx\/wp-content\/uploads\/2024\/04\/4A315622-1904-4D5C-B022-878CDC840E04-90x90-1.jpeg\",\"contentUrl\":\"https:\/\/nitu.mx\/wp-content\/uploads\/2024\/04\/4A315622-1904-4D5C-B022-878CDC840E04-90x90-1.jpeg\",\"width\":90,\"height\":90,\"caption\":\"Arturo Medina\"},\"logo\":{\"@id\":\"https:\/\/nitu.mx\/#\/schema\/person\/image\/\"},\"description\":\"Director NITU.mx, Egresado de la Escuela de Periodismo Carlos Septi\u00e9n Garc\u00eda. Periodista y analista especializado en turismo desde hace 35 a\u00f1os, radicado en Canc\u00fan Q.Roo. arturo@nitu.mx\",\"sameAs\":[\"https:\/\/nitu.mx\",\"https:\/\/www.facebook.com\/NITUmx\/\",\"medinacancun\",\"https:\/\/twitter.com\/@Arturo_Medina_G\"]},{\"@type\":\"Person\",\"@id\":\"https:\/\/nitu.mx\/#\/schema\/person\/4a28fe9bd65924f7c90623773daf1b0b\",\"name\":\"Redacci\u00f3n\",\"image\":{\"@type\":\"ImageObject\",\"inLanguage\":\"es-MX\",\"@id\":\"https:\/\/nitu.mx\/#\/schema\/person\/image\/\",\"url\":\"https:\/\/secure.gravatar.com\/avatar\/5dd011c8ccfc5cd7e4c81e42252aab38?s=96&d=mm&r=g\",\"contentUrl\":\"https:\/\/secure.gravatar.com\/avatar\/5dd011c8ccfc5cd7e4c81e42252aab38?s=96&d=mm&r=g\",\"caption\":\"Redacci\u00f3n\"},\"url\":\"https:\/\/nitu.mx\/index.php\/author\/redaccion\/\"}]}<\/script>\n<!-- \/ Yoast SEO plugin. -->","yoast_head_json":{"title":"Mondrian Mexico City estrena Pop-Up y Gu\u00eda de Arte para la ArtWeek 2026 en CDMX - Nitu - Noticias de la Industria Turistica","robots":{"index":"index","follow":"follow","max-snippet":"max-snippet:-1","max-image-preview":"max-image-preview:large","max-video-preview":"max-video-preview:-1"},"canonical":"https:\/\/nitu.mx\/index.php\/2026\/01\/29\/mondrian-mexico-city-estrena-pop-up-y-guia-de-arte-para-la-artweek-2026-en-cdmx\/","twitter_card":"summary_large_image","twitter_title":"Mondrian Mexico City estrena Pop-Up y Gu\u00eda de Arte para la ArtWeek 2026 en CDMX - Nitu - Noticias de la Industria Turistica","twitter_description":"Para celebrar la Semana del Arte, el evento anual m\u00e1s importante de la Ciudad de M\u00e9xico que gira en torno a Zona Maco (la feria de arte contempor\u00e1neo l\u00edder en Latinoam\u00e9rica), hotel Mondrian Mexico City Condesa anuncia una colaboraci\u00f3n exclusiva con Avante, un colectivo art\u00edstico multidisciplinario. Juntos presentar\u00e1n un pop-up de arte y cultura curado [&hellip;]","twitter_image":"https:\/\/nitu.mx\/wp-content\/uploads\/2026\/01\/Mondrian-Mexico-City-ArtWeek-2026.jpg","twitter_creator":"@NITUmx","twitter_site":"@Arturo_Medina_G","twitter_misc":{"Escrito por":"Redacci\u00f3n","Tiempo de lectura":"3 minutos"},"schema":{"@context":"https:\/\/schema.org","@graph":[{"@type":"Article","@id":"https:\/\/nitu.mx\/index.php\/2026\/01\/29\/mondrian-mexico-city-estrena-pop-up-y-guia-de-arte-para-la-artweek-2026-en-cdmx\/#article","isPartOf":{"@id":"https:\/\/nitu.mx\/index.php\/2026\/01\/29\/mondrian-mexico-city-estrena-pop-up-y-guia-de-arte-para-la-artweek-2026-en-cdmx\/"},"author":{"name":"Redacci\u00f3n","@id":"https:\/\/nitu.mx\/#\/schema\/person\/4a28fe9bd65924f7c90623773daf1b0b"},"headline":"Mondrian Mexico City estrena Pop-Up y Gu\u00eda de Arte para la ArtWeek 2026 en CDMX","datePublished":"2026-01-30T03:56:27+00:00","dateModified":"2026-01-30T03:56:28+00:00","mainEntityOfPage":{"@id":"https:\/\/nitu.mx\/index.php\/2026\/01\/29\/mondrian-mexico-city-estrena-pop-up-y-guia-de-arte-para-la-artweek-2026-en-cdmx\/"},"wordCount":530,"publisher":{"@id":"https:\/\/nitu.mx\/#\/schema\/person\/ae7a53426417292d3dd07b45a33e01bc"},"image":{"@id":"https:\/\/nitu.mx\/index.php\/2026\/01\/29\/mondrian-mexico-city-estrena-pop-up-y-guia-de-arte-para-la-artweek-2026-en-cdmx\/#primaryimage"},"thumbnailUrl":"https:\/\/nitu.mx\/wp-content\/uploads\/2026\/01\/Mondrian-Mexico-City-ArtWeek-2026.jpg","keywords":["CDMX","Mondrian Mexico City","Semana del Arte"],"articleSection":["Hoteles"],"inLanguage":"es-MX"},{"@type":"WebPage","@id":"https:\/\/nitu.mx\/index.php\/2026\/01\/29\/mondrian-mexico-city-estrena-pop-up-y-guia-de-arte-para-la-artweek-2026-en-cdmx\/","url":"https:\/\/nitu.mx\/index.php\/2026\/01\/29\/mondrian-mexico-city-estrena-pop-up-y-guia-de-arte-para-la-artweek-2026-en-cdmx\/","name":"Mondrian Mexico City estrena Pop-Up y Gu\u00eda de Arte para la ArtWeek 2026 en CDMX - Nitu - Noticias de la Industria Turistica","isPartOf":{"@id":"https:\/\/nitu.mx\/#website"},"primaryImageOfPage":{"@id":"https:\/\/nitu.mx\/index.php\/2026\/01\/29\/mondrian-mexico-city-estrena-pop-up-y-guia-de-arte-para-la-artweek-2026-en-cdmx\/#primaryimage"},"image":{"@id":"https:\/\/nitu.mx\/index.php\/2026\/01\/29\/mondrian-mexico-city-estrena-pop-up-y-guia-de-arte-para-la-artweek-2026-en-cdmx\/#primaryimage"},"thumbnailUrl":"https:\/\/nitu.mx\/wp-content\/uploads\/2026\/01\/Mondrian-Mexico-City-ArtWeek-2026.jpg","datePublished":"2026-01-30T03:56:27+00:00","dateModified":"2026-01-30T03:56:28+00:00","breadcrumb":{"@id":"https:\/\/nitu.mx\/index.php\/2026\/01\/29\/mondrian-mexico-city-estrena-pop-up-y-guia-de-arte-para-la-artweek-2026-en-cdmx\/#breadcrumb"},"inLanguage":"es-MX","potentialAction":[{"@type":"ReadAction","target":["https:\/\/nitu.mx\/index.php\/2026\/01\/29\/mondrian-mexico-city-estrena-pop-up-y-guia-de-arte-para-la-artweek-2026-en-cdmx\/"]}]},{"@type":"ImageObject","inLanguage":"es-MX","@id":"https:\/\/nitu.mx\/index.php\/2026\/01\/29\/mondrian-mexico-city-estrena-pop-up-y-guia-de-arte-para-la-artweek-2026-en-cdmx\/#primaryimage","url":"https:\/\/nitu.mx\/wp-content\/uploads\/2026\/01\/Mondrian-Mexico-City-ArtWeek-2026.jpg","contentUrl":"https:\/\/nitu.mx\/wp-content\/uploads\/2026\/01\/Mondrian-Mexico-City-ArtWeek-2026.jpg","width":1200,"height":675,"caption":"Mondrian Mexico City ArtWeek 2026"},{"@type":"BreadcrumbList","@id":"https:\/\/nitu.mx\/index.php\/2026\/01\/29\/mondrian-mexico-city-estrena-pop-up-y-guia-de-arte-para-la-artweek-2026-en-cdmx\/#breadcrumb","itemListElement":[{"@type":"ListItem","position":1,"name":"Inicio","item":"https:\/\/nitu.mx\/"},{"@type":"ListItem","position":2,"name":"Mondrian Mexico City estrena Pop-Up y Gu\u00eda de Arte para la ArtWeek 2026 en CDMX"}]},{"@type":"WebSite","@id":"https:\/\/nitu.mx\/#website","url":"https:\/\/nitu.mx\/","name":"Nitu - Noticias de la Industria Turistica","description":"Noticias de la Industria Turistica","publisher":{"@id":"https:\/\/nitu.mx\/#\/schema\/person\/ae7a53426417292d3dd07b45a33e01bc"},"alternateName":"Noticias de la Industria Turistica","potentialAction":[{"@type":"SearchAction","target":{"@type":"EntryPoint","urlTemplate":"https:\/\/nitu.mx\/?s={search_term_string}"},"query-input":"required name=search_term_string"}],"inLanguage":"es-MX"},{"@type":["Person","Organization"],"@id":"https:\/\/nitu.mx\/#\/schema\/person\/ae7a53426417292d3dd07b45a33e01bc","name":"Arturo Medina","image":{"@type":"ImageObject","inLanguage":"es-MX","@id":"https:\/\/nitu.mx\/#\/schema\/person\/image\/","url":"https:\/\/nitu.mx\/wp-content\/uploads\/2024\/04\/4A315622-1904-4D5C-B022-878CDC840E04-90x90-1.jpeg","contentUrl":"https:\/\/nitu.mx\/wp-content\/uploads\/2024\/04\/4A315622-1904-4D5C-B022-878CDC840E04-90x90-1.jpeg","width":90,"height":90,"caption":"Arturo Medina"},"logo":{"@id":"https:\/\/nitu.mx\/#\/schema\/person\/image\/"},"description":"Director NITU.mx, Egresado de la Escuela de Periodismo Carlos Septi\u00e9n Garc\u00eda. Periodista y analista especializado en turismo desde hace 35 a\u00f1os, radicado en Canc\u00fan Q.Roo. arturo@nitu.mx","sameAs":["https:\/\/nitu.mx","https:\/\/www.facebook.com\/NITUmx\/","medinacancun","https:\/\/twitter.com\/@Arturo_Medina_G"]},{"@type":"Person","@id":"https:\/\/nitu.mx\/#\/schema\/person\/4a28fe9bd65924f7c90623773daf1b0b","name":"Redacci\u00f3n","image":{"@type":"ImageObject","inLanguage":"es-MX","@id":"https:\/\/nitu.mx\/#\/schema\/person\/image\/","url":"https:\/\/secure.gravatar.com\/avatar\/5dd011c8ccfc5cd7e4c81e42252aab38?s=96&d=mm&r=g","contentUrl":"https:\/\/secure.gravatar.com\/avatar\/5dd011c8ccfc5cd7e4c81e42252aab38?s=96&d=mm&r=g","caption":"Redacci\u00f3n"},"url":"https:\/\/nitu.mx\/index.php\/author\/redaccion\/"}]}},"views":480,"_links":{"self":[{"href":"https:\/\/nitu.mx\/index.php\/wp-json\/wp\/v2\/posts\/85921"}],"collection":[{"href":"https:\/\/nitu.mx\/index.php\/wp-json\/wp\/v2\/posts"}],"about":[{"href":"https:\/\/nitu.mx\/index.php\/wp-json\/wp\/v2\/types\/post"}],"author":[{"embeddable":true,"href":"https:\/\/nitu.mx\/index.php\/wp-json\/wp\/v2\/users\/17"}],"replies":[{"embeddable":true,"href":"https:\/\/nitu.mx\/index.php\/wp-json\/wp\/v2\/comments?post=85921"}],"version-history":[{"count":2,"href":"https:\/\/nitu.mx\/index.php\/wp-json\/wp\/v2\/posts\/85921\/revisions"}],"predecessor-version":[{"id":85925,"href":"https:\/\/nitu.mx\/index.php\/wp-json\/wp\/v2\/posts\/85921\/revisions\/85925"}],"wp:featuredmedia":[{"embeddable":true,"href":"https:\/\/nitu.mx\/index.php\/wp-json\/wp\/v2\/media\/85924"}],"wp:attachment":[{"href":"https:\/\/nitu.mx\/index.php\/wp-json\/wp\/v2\/media?parent=85921"}],"wp:term":[{"taxonomy":"category","embeddable":true,"href":"https:\/\/nitu.mx\/index.php\/wp-json\/wp\/v2\/categories?post=85921"},{"taxonomy":"post_tag","embeddable":true,"href":"https:\/\/nitu.mx\/index.php\/wp-json\/wp\/v2\/tags?post=85921"}],"curies":[{"name":"wp","href":"https:\/\/api.w.org\/{rel}","templated":true}]}}